{"id":10156,"date":"2021-12-18T20:05:36","date_gmt":"2021-12-18T19:05:36","guid":{"rendered":"https:\/\/www.vkpbratislava.sk\/?p=10156"},"modified":"2021-12-29T09:43:14","modified_gmt":"2021-12-29T08:43:14","slug":"vitazna-rozlucka-pred-vianocami","status":"publish","type":"post","link":"https:\/\/www.vkpbratislava.sk\/?p=10156","title":{"rendered":"V\u00ed\u0165azn\u00e1 rozl\u00fa\u010dka pred Vianocami"},"content":{"rendered":"<p><strong>Diev\u010dat\u00e1 sa naladili na bl\u00ed\u017eiace sa Vianoce v\u00ed\u0165azstvom v Nitre proti RD SVF.<\/strong><\/p>\n<p><strong>Projekt RD SVF \u2013 VKP Bratislava 1:3 (-17, 25, -17, -24)<\/strong><br \/>\nRozhodovali: Pivar\u010dek a Gerboc, bez div\u00e1kov.<\/p>\n<p><strong>VKP: <\/strong>Smie\u0161kov\u00e1 6, Koh\u00fatov\u00e1 6, Vajdov\u00e1 12, Boledovi\u010dov\u00e1 12, P\u00edse\u010dn\u00e1 19, V. Kov\u00e1\u010dov\u00e1 6, liberky Fartelov\u00e1 a Mattov\u00e1 (Ma\u0165a\u0161ov\u00e1 3, Snopkov\u00e1 1, Hur\u0161eck\u00e1 0, N\u00e1vratov\u00e1 3). Tr\u00e9ner: J. Han\u010d\u00e1k.<\/p>\n<p><strong>Hr\u00e1\u010dka z\u00e1pasu za VKP:<\/strong>\u00a0Nina Boledovi\u010dov\u00e1<\/p>\n<p><strong>Jaroslav Han\u010d\u00e1k, tr\u00e9ner VKP:<\/strong> <i>\u201eV\u00ed\u0165azstvo proti mlad\u00e9mu reprezenta\u010dn\u00e9mu dru\u017estvu sa nerodilo v\u010faka h\u00fa\u017eevnatosti s\u00fapera \u013eahko. Pokia\u013e sme hrali disciplinovane a\u00a0dr\u017eali sme sa taktick\u00fdch pokynov, tak sme mali v\u0161etko pod kontrolou. To sa t\u00fdkalo hry v\u00a0prvom a\u00a0tre\u0165om sete. V\u00a0\u010fal\u0161\u00edch dvoch setoch sme robili zbyto\u010dne ve\u013ea ch\u00fdb v\u00a0\u00fatoku, na podan\u00ed aj v\u00a0obrane v\u00a0poli a\u00a0s\u00faper to vyu\u017eil. Mus\u00edme sa z\u00a0toho pou\u010di\u0165. Mus\u00edme by\u0165 po\u010das cel\u00e9ho z\u00e1pasu koncentrovan\u00ed. Som r\u00e1d a\u00a0mus\u00edm pochv\u00e1li\u0165 diev\u010dat\u00e1 za v\u00fdkon vo \u0161tvrtom sete, kde sme prehr\u00e1vali aj o\u00a0\u0161es\u0165 bodov, ale nakoniec sme s\u00fapera dostali pod tlak, don\u00fatili ho robi\u0165 chyby a\u00a0oto\u010dili nielen set, ale ukon\u010dili aj z\u00e1pas.\u201c<\/i><\/p>\n","protected":false},"excerpt":{"rendered":"<p>Diev\u010dat\u00e1 sa naladili na bl\u00ed\u017eiace sa Vianoce v\u00ed\u0165azstvom v Nitre proti RD SVF.<\/p>\n","protected":false},"author":3,"featured_media":10001,"comment_status":"closed","ping_status":"closed","sticky":false,"template":"","format":"standard","meta":{"_monsterinsights_skip_tracking":false,"_monsterinsights_sitenote_active":false,"_monsterinsights_sitenote_note":"","_monsterinsights_sitenote_category":0,"footnotes":""},"categories":[48],"tags":[],"class_list":["post-10156","post","type-post","status-publish","format-standard","has-post-thumbnail","hentry","category-zeny"],"yoast_head":"<!-- This site is optimized with the Yoast SEO plugin v25.6 - https:\/\/yoast.com\/wordpress\/plugins\/seo\/ -->\n<title>V\u00ed\u0165azn\u00e1 rozl\u00fa\u010dka pred Vianocami - VK SLOVAN Bratislava<\/title>\n<meta name=\"description\" content=\"Diev\u010dat\u00e1 sa naladili na bl\u00ed\u017eiace sa Vianoce v\u00ed\u0165azstvom v Nitre proti RD SVF.\" \/>\n<meta name=\"robots\" content=\"index, follow, max-snippet:-1, max-image-preview:large, max-video-preview:-1\" \/>\n<link rel=\"canonical\" href=\"https:\/\/www.vkpbratislava.sk\/?p=10156\" \/>\n<meta property=\"og:locale\" content=\"sk_SK\" \/>\n<meta property=\"og:type\" content=\"article\" \/>\n<meta property=\"og:title\" content=\"V\u00ed\u0165azn\u00e1 rozl\u00fa\u010dka pred Vianocami - VK SLOVAN Bratislava\" \/>\n<meta property=\"og:description\" content=\"Diev\u010dat\u00e1 sa naladili na bl\u00ed\u017eiace sa Vianoce v\u00ed\u0165azstvom v Nitre proti RD SVF.\" \/>\n<meta property=\"og:url\" content=\"https:\/\/www.vkpbratislava.sk\/?p=10156\" \/>\n<meta property=\"og:site_name\" content=\"VK SLOVAN Bratislava\" \/>\n<meta property=\"article:published_time\" content=\"2021-12-18T19:05:36+00:00\" \/>\n<meta property=\"article:modified_time\" content=\"2021-12-29T08:43:14+00:00\" \/>\n<meta property=\"og:image\" content=\"https:\/\/www.vkpbratislava.sk\/wp-content\/uploads\/2021\/12\/20211211_IgorUrban_VKP-BA-Z-vs-Slavia_DSC00209-1280x854.jpg\" \/>\n\t<meta property=\"og:image:width\" content=\"1280\" \/>\n\t<meta property=\"og:image:height\" content=\"854\" \/>\n\t<meta property=\"og:image:type\" content=\"image\/jpeg\" \/>\n<meta name=\"author\" content=\"jenca\" \/>\n<meta name=\"twitter:card\" content=\"summary_large_image\" \/>\n<meta name=\"twitter:label1\" content=\"Autor\" \/>\n\t<meta name=\"twitter:data1\" content=\"jenca\" \/>\n\t<meta name=\"twitter:label2\" content=\"Predpokladan\u00fd \u010das \u010d\u00edtania\" \/>\n\t<meta name=\"twitter:data2\" content=\"1 min\u00fata\" \/>\n<script type=\"application\/ld+json\" class=\"yoast-schema-graph\">{\"@context\":\"https:\/\/schema.org\",\"@graph\":[{\"@type\":\"Article\",\"@id\":\"https:\/\/www.vkpbratislava.sk\/?p=10156#article\",\"isPartOf\":{\"@id\":\"https:\/\/www.vkpbratislava.sk\/?p=10156\"},\"author\":{\"name\":\"jenca\",\"@id\":\"https:\/\/www.vkpbratislava.sk\/#\/schema\/person\/7037e769f9515aa58493d1b5852c4c50\"},\"headline\":\"V\u00ed\u0165azn\u00e1 rozl\u00fa\u010dka pred Vianocami\",\"datePublished\":\"2021-12-18T19:05:36+00:00\",\"dateModified\":\"2021-12-29T08:43:14+00:00\",\"mainEntityOfPage\":{\"@id\":\"https:\/\/www.vkpbratislava.sk\/?p=10156\"},\"wordCount\":226,\"publisher\":{\"@id\":\"https:\/\/www.vkpbratislava.sk\/#organization\"},\"image\":{\"@id\":\"https:\/\/www.vkpbratislava.sk\/?p=10156#primaryimage\"},\"thumbnailUrl\":\"https:\/\/www.vkpbratislava.sk\/wp-content\/uploads\/2021\/12\/20211211_IgorUrban_VKP-BA-Z-vs-Slavia_DSC00209.jpg\",\"articleSection\":[\"\u017deny\"],\"inLanguage\":\"sk-SK\"},{\"@type\":\"WebPage\",\"@id\":\"https:\/\/www.vkpbratislava.sk\/?p=10156\",\"url\":\"https:\/\/www.vkpbratislava.sk\/?p=10156\",\"name\":\"V\u00ed\u0165azn\u00e1 rozl\u00fa\u010dka pred Vianocami - VK SLOVAN Bratislava\",\"isPartOf\":{\"@id\":\"https:\/\/www.vkpbratislava.sk\/#website\"},\"primaryImageOfPage\":{\"@id\":\"https:\/\/www.vkpbratislava.sk\/?p=10156#primaryimage\"},\"image\":{\"@id\":\"https:\/\/www.vkpbratislava.sk\/?p=10156#primaryimage\"},\"thumbnailUrl\":\"https:\/\/www.vkpbratislava.sk\/wp-content\/uploads\/2021\/12\/20211211_IgorUrban_VKP-BA-Z-vs-Slavia_DSC00209.jpg\",\"datePublished\":\"2021-12-18T19:05:36+00:00\",\"dateModified\":\"2021-12-29T08:43:14+00:00\",\"description\":\"Diev\u010dat\u00e1 sa naladili na bl\u00ed\u017eiace sa Vianoce v\u00ed\u0165azstvom v Nitre proti RD SVF.\",\"breadcrumb\":{\"@id\":\"https:\/\/www.vkpbratislava.sk\/?p=10156#breadcrumb\"},\"inLanguage\":\"sk-SK\",\"potentialAction\":[{\"@type\":\"ReadAction\",\"target\":[\"https:\/\/www.vkpbratislava.sk\/?p=10156\"]}]},{\"@type\":\"ImageObject\",\"inLanguage\":\"sk-SK\",\"@id\":\"https:\/\/www.vkpbratislava.sk\/?p=10156#primaryimage\",\"url\":\"https:\/\/www.vkpbratislava.sk\/wp-content\/uploads\/2021\/12\/20211211_IgorUrban_VKP-BA-Z-vs-Slavia_DSC00209.jpg\",\"contentUrl\":\"https:\/\/www.vkpbratislava.sk\/wp-content\/uploads\/2021\/12\/20211211_IgorUrban_VKP-BA-Z-vs-Slavia_DSC00209.jpg\",\"width\":2500,\"height\":1667,\"caption\":\"Photos during VKP BA Z vs Slavia at Bratislava, Slovak Republic onDecember-11-2021. Photo: iurban@iurban.sk\"},{\"@type\":\"BreadcrumbList\",\"@id\":\"https:\/\/www.vkpbratislava.sk\/?p=10156#breadcrumb\",\"itemListElement\":[{\"@type\":\"ListItem\",\"position\":1,\"name\":\"Domov\",\"item\":\"https:\/\/www.vkpbratislava.sk\/\"},{\"@type\":\"ListItem\",\"position\":2,\"name\":\"V\u00ed\u0165azn\u00e1 rozl\u00fa\u010dka pred Vianocami\"}]},{\"@type\":\"WebSite\",\"@id\":\"https:\/\/www.vkpbratislava.sk\/#website\",\"url\":\"https:\/\/www.vkpbratislava.sk\/\",\"name\":\"VK SLOVAN Bratislava\",\"description\":\"Volejbalov\u00fd klub\",\"publisher\":{\"@id\":\"https:\/\/www.vkpbratislava.sk\/#organization\"},\"potentialAction\":[{\"@type\":\"SearchAction\",\"target\":{\"@type\":\"EntryPoint\",\"urlTemplate\":\"https:\/\/www.vkpbratislava.sk\/?s={search_term_string}\"},\"query-input\":{\"@type\":\"PropertyValueSpecification\",\"valueRequired\":true,\"valueName\":\"search_term_string\"}}],\"inLanguage\":\"sk-SK\"},{\"@type\":\"Organization\",\"@id\":\"https:\/\/www.vkpbratislava.sk\/#organization\",\"name\":\"VKP Bratislava\",\"url\":\"https:\/\/www.vkpbratislava.sk\/\",\"logo\":{\"@type\":\"ImageObject\",\"inLanguage\":\"sk-SK\",\"@id\":\"https:\/\/www.vkpbratislava.sk\/#\/schema\/logo\/image\/\",\"url\":\"https:\/\/www.vkpbratislava.sk\/wp-content\/uploads\/2020\/10\/vkpBA.png\",\"contentUrl\":\"https:\/\/www.vkpbratislava.sk\/wp-content\/uploads\/2020\/10\/vkpBA.png\",\"width\":600,\"height\":600,\"caption\":\"VKP Bratislava\"},\"image\":{\"@id\":\"https:\/\/www.vkpbratislava.sk\/#\/schema\/logo\/image\/\"}},{\"@type\":\"Person\",\"@id\":\"https:\/\/www.vkpbratislava.sk\/#\/schema\/person\/7037e769f9515aa58493d1b5852c4c50\",\"name\":\"jenca\",\"image\":{\"@type\":\"ImageObject\",\"inLanguage\":\"sk-SK\",\"@id\":\"https:\/\/www.vkpbratislava.sk\/#\/schema\/person\/image\/\",\"url\":\"https:\/\/secure.gravatar.com\/avatar\/67aa89e9aab2911bbd0c6fbf0a891ea8d80c207c9b6a6e2c96e13fc2f16e536d?s=96&d=mm&r=g\",\"contentUrl\":\"https:\/\/secure.gravatar.com\/avatar\/67aa89e9aab2911bbd0c6fbf0a891ea8d80c207c9b6a6e2c96e13fc2f16e536d?s=96&d=mm&r=g\",\"caption\":\"jenca\"},\"url\":\"https:\/\/www.vkpbratislava.sk\/?author=3\"}]}<\/script>\n<!-- \/ Yoast SEO plugin. -->","yoast_head_json":{"title":"V\u00ed\u0165azn\u00e1 rozl\u00fa\u010dka pred Vianocami - VK SLOVAN Bratislava","description":"Diev\u010dat\u00e1 sa naladili na bl\u00ed\u017eiace sa Vianoce v\u00ed\u0165azstvom v Nitre proti RD SVF.","robots":{"index":"index","follow":"follow","max-snippet":"max-snippet:-1","max-image-preview":"max-image-preview:large","max-video-preview":"max-video-preview:-1"},"canonical":"https:\/\/www.vkpbratislava.sk\/?p=10156","og_locale":"sk_SK","og_type":"article","og_title":"V\u00ed\u0165azn\u00e1 rozl\u00fa\u010dka pred Vianocami - VK SLOVAN Bratislava","og_description":"Diev\u010dat\u00e1 sa naladili na bl\u00ed\u017eiace sa Vianoce v\u00ed\u0165azstvom v Nitre proti RD SVF.","og_url":"https:\/\/www.vkpbratislava.sk\/?p=10156","og_site_name":"VK SLOVAN Bratislava","article_published_time":"2021-12-18T19:05:36+00:00","article_modified_time":"2021-12-29T08:43:14+00:00","og_image":[{"width":1280,"height":854,"url":"https:\/\/www.vkpbratislava.sk\/wp-content\/uploads\/2021\/12\/20211211_IgorUrban_VKP-BA-Z-vs-Slavia_DSC00209-1280x854.jpg","type":"image\/jpeg"}],"author":"jenca","twitter_card":"summary_large_image","twitter_misc":{"Autor":"jenca","Predpokladan\u00fd \u010das \u010d\u00edtania":"1 min\u00fata"},"schema":{"@context":"https:\/\/schema.org","@graph":[{"@type":"Article","@id":"https:\/\/www.vkpbratislava.sk\/?p=10156#article","isPartOf":{"@id":"https:\/\/www.vkpbratislava.sk\/?p=10156"},"author":{"name":"jenca","@id":"https:\/\/www.vkpbratislava.sk\/#\/schema\/person\/7037e769f9515aa58493d1b5852c4c50"},"headline":"V\u00ed\u0165azn\u00e1 rozl\u00fa\u010dka pred Vianocami","datePublished":"2021-12-18T19:05:36+00:00","dateModified":"2021-12-29T08:43:14+00:00","mainEntityOfPage":{"@id":"https:\/\/www.vkpbratislava.sk\/?p=10156"},"wordCount":226,"publisher":{"@id":"https:\/\/www.vkpbratislava.sk\/#organization"},"image":{"@id":"https:\/\/www.vkpbratislava.sk\/?p=10156#primaryimage"},"thumbnailUrl":"https:\/\/www.vkpbratislava.sk\/wp-content\/uploads\/2021\/12\/20211211_IgorUrban_VKP-BA-Z-vs-Slavia_DSC00209.jpg","articleSection":["\u017deny"],"inLanguage":"sk-SK"},{"@type":"WebPage","@id":"https:\/\/www.vkpbratislava.sk\/?p=10156","url":"https:\/\/www.vkpbratislava.sk\/?p=10156","name":"V\u00ed\u0165azn\u00e1 rozl\u00fa\u010dka pred Vianocami - VK SLOVAN Bratislava","isPartOf":{"@id":"https:\/\/www.vkpbratislava.sk\/#website"},"primaryImageOfPage":{"@id":"https:\/\/www.vkpbratislava.sk\/?p=10156#primaryimage"},"image":{"@id":"https:\/\/www.vkpbratislava.sk\/?p=10156#primaryimage"},"thumbnailUrl":"https:\/\/www.vkpbratislava.sk\/wp-content\/uploads\/2021\/12\/20211211_IgorUrban_VKP-BA-Z-vs-Slavia_DSC00209.jpg","datePublished":"2021-12-18T19:05:36+00:00","dateModified":"2021-12-29T08:43:14+00:00","description":"Diev\u010dat\u00e1 sa naladili na bl\u00ed\u017eiace sa Vianoce v\u00ed\u0165azstvom v Nitre proti RD SVF.","breadcrumb":{"@id":"https:\/\/www.vkpbratislava.sk\/?p=10156#breadcrumb"},"inLanguage":"sk-SK","potentialAction":[{"@type":"ReadAction","target":["https:\/\/www.vkpbratislava.sk\/?p=10156"]}]},{"@type":"ImageObject","inLanguage":"sk-SK","@id":"https:\/\/www.vkpbratislava.sk\/?p=10156#primaryimage","url":"https:\/\/www.vkpbratislava.sk\/wp-content\/uploads\/2021\/12\/20211211_IgorUrban_VKP-BA-Z-vs-Slavia_DSC00209.jpg","contentUrl":"https:\/\/www.vkpbratislava.sk\/wp-content\/uploads\/2021\/12\/20211211_IgorUrban_VKP-BA-Z-vs-Slavia_DSC00209.jpg","width":2500,"height":1667,"caption":"Photos during VKP BA Z vs Slavia at Bratislava, Slovak Republic onDecember-11-2021. Photo: iurban@iurban.sk"},{"@type":"BreadcrumbList","@id":"https:\/\/www.vkpbratislava.sk\/?p=10156#breadcrumb","itemListElement":[{"@type":"ListItem","position":1,"name":"Domov","item":"https:\/\/www.vkpbratislava.sk\/"},{"@type":"ListItem","position":2,"name":"V\u00ed\u0165azn\u00e1 rozl\u00fa\u010dka pred Vianocami"}]},{"@type":"WebSite","@id":"https:\/\/www.vkpbratislava.sk\/#website","url":"https:\/\/www.vkpbratislava.sk\/","name":"VK SLOVAN Bratislava","description":"Volejbalov\u00fd klub","publisher":{"@id":"https:\/\/www.vkpbratislava.sk\/#organization"},"potentialAction":[{"@type":"SearchAction","target":{"@type":"EntryPoint","urlTemplate":"https:\/\/www.vkpbratislava.sk\/?s={search_term_string}"},"query-input":{"@type":"PropertyValueSpecification","valueRequired":true,"valueName":"search_term_string"}}],"inLanguage":"sk-SK"},{"@type":"Organization","@id":"https:\/\/www.vkpbratislava.sk\/#organization","name":"VKP Bratislava","url":"https:\/\/www.vkpbratislava.sk\/","logo":{"@type":"ImageObject","inLanguage":"sk-SK","@id":"https:\/\/www.vkpbratislava.sk\/#\/schema\/logo\/image\/","url":"https:\/\/www.vkpbratislava.sk\/wp-content\/uploads\/2020\/10\/vkpBA.png","contentUrl":"https:\/\/www.vkpbratislava.sk\/wp-content\/uploads\/2020\/10\/vkpBA.png","width":600,"height":600,"caption":"VKP Bratislava"},"image":{"@id":"https:\/\/www.vkpbratislava.sk\/#\/schema\/logo\/image\/"}},{"@type":"Person","@id":"https:\/\/www.vkpbratislava.sk\/#\/schema\/person\/7037e769f9515aa58493d1b5852c4c50","name":"jenca","image":{"@type":"ImageObject","inLanguage":"sk-SK","@id":"https:\/\/www.vkpbratislava.sk\/#\/schema\/person\/image\/","url":"https:\/\/secure.gravatar.com\/avatar\/67aa89e9aab2911bbd0c6fbf0a891ea8d80c207c9b6a6e2c96e13fc2f16e536d?s=96&d=mm&r=g","contentUrl":"https:\/\/secure.gravatar.com\/avatar\/67aa89e9aab2911bbd0c6fbf0a891ea8d80c207c9b6a6e2c96e13fc2f16e536d?s=96&d=mm&r=g","caption":"jenca"},"url":"https:\/\/www.vkpbratislava.sk\/?author=3"}]}},"_links":{"self":[{"href":"https:\/\/www.vkpbratislava.sk\/index.php?rest_route=\/wp\/v2\/posts\/10156","targetHints":{"allow":["GET"]}}],"collection":[{"href":"https:\/\/www.vkpbratislava.sk\/index.php?rest_route=\/wp\/v2\/posts"}],"about":[{"href":"https:\/\/www.vkpbratislava.sk\/index.php?rest_route=\/wp\/v2\/types\/post"}],"author":[{"embeddable":true,"href":"https:\/\/www.vkpbratislava.sk\/index.php?rest_route=\/wp\/v2\/users\/3"}],"replies":[{"embeddable":true,"href":"https:\/\/www.vkpbratislava.sk\/index.php?rest_route=%2Fwp%2Fv2%2Fcomments&post=10156"}],"version-history":[{"count":1,"href":"https:\/\/www.vkpbratislava.sk\/index.php?rest_route=\/wp\/v2\/posts\/10156\/revisions"}],"predecessor-version":[{"id":10157,"href":"https:\/\/www.vkpbratislava.sk\/index.php?rest_route=\/wp\/v2\/posts\/10156\/revisions\/10157"}],"wp:featuredmedia":[{"embeddable":true,"href":"https:\/\/www.vkpbratislava.sk\/index.php?rest_route=\/wp\/v2\/media\/10001"}],"wp:attachment":[{"href":"https:\/\/www.vkpbratislava.sk\/index.php?rest_route=%2Fwp%2Fv2%2Fmedia&parent=10156"}],"wp:term":[{"taxonomy":"category","embeddable":true,"href":"https:\/\/www.vkpbratislava.sk\/index.php?rest_route=%2Fwp%2Fv2%2Fcategories&post=10156"},{"taxonomy":"post_tag","embeddable":true,"href":"https:\/\/www.vkpbratislava.sk\/index.php?rest_route=%2Fwp%2Fv2%2Ftags&post=10156"}],"curies":[{"name":"wp","href":"https:\/\/api.w.org\/{rel}","templated":true}]}}