{"id":10167,"date":"2021-12-30T20:55:29","date_gmt":"2021-12-30T19:55:29","guid":{"rendered":"https:\/\/www.vkpbratislava.sk\/?p=10167"},"modified":"2021-12-30T20:56:03","modified_gmt":"2021-12-30T19:56:03","slug":"koniec-roka-sme-zakoncili-prehrou-s-waldviertelom","status":"publish","type":"post","link":"https:\/\/www.vkpbratislava.sk\/?p=10167","title":{"rendered":"Koniec roka sme zakon\u010dili prehrou s Waldviertelom"},"content":{"rendered":"<p><strong>De\u0148 pred Silvestrom nast\u00fapili mu\u017ei v Stredoeur\u00f3pskej lige MEVZA proti rak\u00faskemu Waldviertelu a po tesn\u00fdch koncovk\u00e1ch druh\u00e9ho a tretieho setu sme napokon prehrali 0:3 a ukon\u010dili rok 2021 prehrou.<\/strong><\/p>\n<p><strong>VKP Bratislava \u2013 Union Raiffeisen Waldviertel (Rak.)\u00a0 0:3 (-20, -23, -24)<\/strong><br \/>\nRozhodovali: Horv\u00e1th a\u00a0Mez\u00f6ffy (obaja Ma\u010f.), bez div\u00e1kov.<\/p>\n<p><strong>VKP:<\/strong> Truba\u010d 1, Tarabus 8, Kostol\u00e1ni 8, Yacoubou 14, Pre\u0161insk\u00fd, Banda, libero Jakub\u00edk (Billich 2, Jur\u00edk 1, Van\u010do 1, Malina 9). Tr\u00e9ner: M. Kaln\u00fd.<\/p>\n<p><strong>Mat\u00fa\u0161 Kaln\u00fd, tr\u00e9ner VKP: <\/strong><i>\u201e<\/i><i>Po prvom sete sme sa zobudili a\u00a0bojovali. V\u00a0druhom a\u00a0tre\u0165om sete sa rozhodovalo v\u00a0koncovk\u00e1ch. Nem\u00f4\u017eeme robi\u0165 tak\u00e9 chyby, \u017ee po dobrej prihr\u00e1vke zakon\u010d\u00edme \u00fatok do autu. S\u00a0tak\u00fdmito chybami sa v\u00ed\u0165azi\u0165 ned\u00e1 a\u00a0mus\u00edme na tom pracova\u0165<\/i><i>.\u201c<\/i><\/p>\n<p><b>Bartolomej Jakub\u00edk, libero VKP: <\/b><i>\u201eNa jednej strane sme smutn\u00ed, \u017ee sme prehrali. Na druhej strane sme radi, \u017ee sme nepodali a\u017e tak\u00fd zl\u00fd v\u00fdkon. U\u0161li n\u00e1m koncovky a\u00a0robili sme zbyto\u010dn\u00e9 chyby, na ktor\u00fdch mus\u00edme pracova\u0165. C\u00edtime zlep\u0161enie, ale mus\u00edme maka\u0165 e\u0161te viac a\u00a0za\u010da\u0165 vyhr\u00e1va\u0165!\u201c<\/i><\/p>\n","protected":false},"excerpt":{"rendered":"<p>De\u0148 pred Silvestrom nast\u00fapili mu\u017ei v Stredoeur\u00f3pskej lige MEVZA proti rak\u00faskemu Waldviertelu a po tesn\u00fdch koncovk\u00e1ch druh\u00e9ho a tretieho setu sme napokon prehrali 0:3 a ukon\u010dili rok 2021 prehrou.<\/p>\n","protected":false},"author":3,"featured_media":9670,"comment_status":"closed","ping_status":"closed","sticky":false,"template":"","format":"standard","meta":{"_monsterinsights_skip_tracking":false,"_monsterinsights_sitenote_active":false,"_monsterinsights_sitenote_note":"","_monsterinsights_sitenote_category":0,"footnotes":""},"categories":[47],"tags":[],"class_list":["post-10167","post","type-post","status-publish","format-standard","has-post-thumbnail","hentry","category-muzi"],"yoast_head":"<!-- This site is optimized with the Yoast SEO plugin v25.6 - https:\/\/yoast.com\/wordpress\/plugins\/seo\/ -->\n<title>Koniec roka sme zakon\u010dili prehrou s Waldviertelom - VK SLOVAN Bratislava<\/title>\n<meta name=\"description\" content=\"De\u0148 pred Silvestrom nast\u00fapili mu\u017ei v Stredoeur\u00f3pskej lige MEVZA proti rak\u00faskemu Waldviertelu a po tesn\u00fdch koncovk\u00e1ch druh\u00e9ho a tretieho setu sme napokon prehrali 0:3 a ukon\u010dili rok 2021 prehrou.\" \/>\n<meta name=\"robots\" content=\"index, follow, max-snippet:-1, max-image-preview:large, max-video-preview:-1\" \/>\n<link rel=\"canonical\" href=\"https:\/\/www.vkpbratislava.sk\/?p=10167\" \/>\n<meta property=\"og:locale\" content=\"sk_SK\" \/>\n<meta property=\"og:type\" content=\"article\" \/>\n<meta property=\"og:title\" content=\"Koniec roka sme zakon\u010dili prehrou s Waldviertelom - VK SLOVAN Bratislava\" \/>\n<meta property=\"og:description\" content=\"De\u0148 pred Silvestrom nast\u00fapili mu\u017ei v Stredoeur\u00f3pskej lige MEVZA proti rak\u00faskemu Waldviertelu a po tesn\u00fdch koncovk\u00e1ch druh\u00e9ho a tretieho setu sme napokon prehrali 0:3 a ukon\u010dili rok 2021 prehrou.\" \/>\n<meta property=\"og:url\" content=\"https:\/\/www.vkpbratislava.sk\/?p=10167\" \/>\n<meta property=\"og:site_name\" content=\"VK SLOVAN Bratislava\" \/>\n<meta property=\"article:published_time\" content=\"2021-12-30T19:55:29+00:00\" \/>\n<meta property=\"article:modified_time\" content=\"2021-12-30T19:56:03+00:00\" \/>\n<meta property=\"og:image\" content=\"https:\/\/www.vkpbratislava.sk\/wp-content\/uploads\/2021\/12\/DF1A3023.jpg\" \/>\n\t<meta property=\"og:image:width\" content=\"2048\" \/>\n\t<meta property=\"og:image:height\" content=\"1365\" \/>\n\t<meta property=\"og:image:type\" content=\"image\/jpeg\" \/>\n<meta name=\"author\" content=\"jenca\" \/>\n<meta name=\"twitter:card\" content=\"summary_large_image\" \/>\n<meta name=\"twitter:label1\" content=\"Autor\" \/>\n\t<meta name=\"twitter:data1\" content=\"jenca\" \/>\n\t<meta name=\"twitter:label2\" content=\"Predpokladan\u00fd \u010das \u010d\u00edtania\" \/>\n\t<meta name=\"twitter:data2\" content=\"1 min\u00fata\" \/>\n<script type=\"application\/ld+json\" class=\"yoast-schema-graph\">{\"@context\":\"https:\/\/schema.org\",\"@graph\":[{\"@type\":\"Article\",\"@id\":\"https:\/\/www.vkpbratislava.sk\/?p=10167#article\",\"isPartOf\":{\"@id\":\"https:\/\/www.vkpbratislava.sk\/?p=10167\"},\"author\":{\"name\":\"jenca\",\"@id\":\"https:\/\/www.vkpbratislava.sk\/#\/schema\/person\/7037e769f9515aa58493d1b5852c4c50\"},\"headline\":\"Koniec roka sme zakon\u010dili prehrou s Waldviertelom\",\"datePublished\":\"2021-12-30T19:55:29+00:00\",\"dateModified\":\"2021-12-30T19:56:03+00:00\",\"mainEntityOfPage\":{\"@id\":\"https:\/\/www.vkpbratislava.sk\/?p=10167\"},\"wordCount\":197,\"publisher\":{\"@id\":\"https:\/\/www.vkpbratislava.sk\/#organization\"},\"image\":{\"@id\":\"https:\/\/www.vkpbratislava.sk\/?p=10167#primaryimage\"},\"thumbnailUrl\":\"https:\/\/www.vkpbratislava.sk\/wp-content\/uploads\/2021\/12\/DF1A3023.jpg\",\"articleSection\":[\"Mu\u017ei\"],\"inLanguage\":\"sk-SK\"},{\"@type\":\"WebPage\",\"@id\":\"https:\/\/www.vkpbratislava.sk\/?p=10167\",\"url\":\"https:\/\/www.vkpbratislava.sk\/?p=10167\",\"name\":\"Koniec roka sme zakon\u010dili prehrou s Waldviertelom - VK SLOVAN Bratislava\",\"isPartOf\":{\"@id\":\"https:\/\/www.vkpbratislava.sk\/#website\"},\"primaryImageOfPage\":{\"@id\":\"https:\/\/www.vkpbratislava.sk\/?p=10167#primaryimage\"},\"image\":{\"@id\":\"https:\/\/www.vkpbratislava.sk\/?p=10167#primaryimage\"},\"thumbnailUrl\":\"https:\/\/www.vkpbratislava.sk\/wp-content\/uploads\/2021\/12\/DF1A3023.jpg\",\"datePublished\":\"2021-12-30T19:55:29+00:00\",\"dateModified\":\"2021-12-30T19:56:03+00:00\",\"description\":\"De\u0148 pred Silvestrom nast\u00fapili mu\u017ei v Stredoeur\u00f3pskej lige MEVZA proti rak\u00faskemu Waldviertelu a po tesn\u00fdch koncovk\u00e1ch druh\u00e9ho a tretieho setu sme napokon prehrali 0:3 a ukon\u010dili rok 2021 prehrou.\",\"breadcrumb\":{\"@id\":\"https:\/\/www.vkpbratislava.sk\/?p=10167#breadcrumb\"},\"inLanguage\":\"sk-SK\",\"potentialAction\":[{\"@type\":\"ReadAction\",\"target\":[\"https:\/\/www.vkpbratislava.sk\/?p=10167\"]}]},{\"@type\":\"ImageObject\",\"inLanguage\":\"sk-SK\",\"@id\":\"https:\/\/www.vkpbratislava.sk\/?p=10167#primaryimage\",\"url\":\"https:\/\/www.vkpbratislava.sk\/wp-content\/uploads\/2021\/12\/DF1A3023.jpg\",\"contentUrl\":\"https:\/\/www.vkpbratislava.sk\/wp-content\/uploads\/2021\/12\/DF1A3023.jpg\",\"width\":2048,\"height\":1365},{\"@type\":\"BreadcrumbList\",\"@id\":\"https:\/\/www.vkpbratislava.sk\/?p=10167#breadcrumb\",\"itemListElement\":[{\"@type\":\"ListItem\",\"position\":1,\"name\":\"Domov\",\"item\":\"https:\/\/www.vkpbratislava.sk\/\"},{\"@type\":\"ListItem\",\"position\":2,\"name\":\"Koniec roka sme zakon\u010dili prehrou s Waldviertelom\"}]},{\"@type\":\"WebSite\",\"@id\":\"https:\/\/www.vkpbratislava.sk\/#website\",\"url\":\"https:\/\/www.vkpbratislava.sk\/\",\"name\":\"VK SLOVAN Bratislava\",\"description\":\"Volejbalov\u00fd klub\",\"publisher\":{\"@id\":\"https:\/\/www.vkpbratislava.sk\/#organization\"},\"potentialAction\":[{\"@type\":\"SearchAction\",\"target\":{\"@type\":\"EntryPoint\",\"urlTemplate\":\"https:\/\/www.vkpbratislava.sk\/?s={search_term_string}\"},\"query-input\":{\"@type\":\"PropertyValueSpecification\",\"valueRequired\":true,\"valueName\":\"search_term_string\"}}],\"inLanguage\":\"sk-SK\"},{\"@type\":\"Organization\",\"@id\":\"https:\/\/www.vkpbratislava.sk\/#organization\",\"name\":\"VKP Bratislava\",\"url\":\"https:\/\/www.vkpbratislava.sk\/\",\"logo\":{\"@type\":\"ImageObject\",\"inLanguage\":\"sk-SK\",\"@id\":\"https:\/\/www.vkpbratislava.sk\/#\/schema\/logo\/image\/\",\"url\":\"https:\/\/www.vkpbratislava.sk\/wp-content\/uploads\/2020\/10\/vkpBA.png\",\"contentUrl\":\"https:\/\/www.vkpbratislava.sk\/wp-content\/uploads\/2020\/10\/vkpBA.png\",\"width\":600,\"height\":600,\"caption\":\"VKP Bratislava\"},\"image\":{\"@id\":\"https:\/\/www.vkpbratislava.sk\/#\/schema\/logo\/image\/\"}},{\"@type\":\"Person\",\"@id\":\"https:\/\/www.vkpbratislava.sk\/#\/schema\/person\/7037e769f9515aa58493d1b5852c4c50\",\"name\":\"jenca\",\"image\":{\"@type\":\"ImageObject\",\"inLanguage\":\"sk-SK\",\"@id\":\"https:\/\/www.vkpbratislava.sk\/#\/schema\/person\/image\/\",\"url\":\"https:\/\/secure.gravatar.com\/avatar\/67aa89e9aab2911bbd0c6fbf0a891ea8d80c207c9b6a6e2c96e13fc2f16e536d?s=96&d=mm&r=g\",\"contentUrl\":\"https:\/\/secure.gravatar.com\/avatar\/67aa89e9aab2911bbd0c6fbf0a891ea8d80c207c9b6a6e2c96e13fc2f16e536d?s=96&d=mm&r=g\",\"caption\":\"jenca\"},\"url\":\"https:\/\/www.vkpbratislava.sk\/?author=3\"}]}<\/script>\n<!-- \/ Yoast SEO plugin. -->","yoast_head_json":{"title":"Koniec roka sme zakon\u010dili prehrou s Waldviertelom - VK SLOVAN Bratislava","description":"De\u0148 pred Silvestrom nast\u00fapili mu\u017ei v Stredoeur\u00f3pskej lige MEVZA proti rak\u00faskemu Waldviertelu a po tesn\u00fdch koncovk\u00e1ch druh\u00e9ho a tretieho setu sme napokon prehrali 0:3 a ukon\u010dili rok 2021 prehrou.","robots":{"index":"index","follow":"follow","max-snippet":"max-snippet:-1","max-image-preview":"max-image-preview:large","max-video-preview":"max-video-preview:-1"},"canonical":"https:\/\/www.vkpbratislava.sk\/?p=10167","og_locale":"sk_SK","og_type":"article","og_title":"Koniec roka sme zakon\u010dili prehrou s Waldviertelom - VK SLOVAN Bratislava","og_description":"De\u0148 pred Silvestrom nast\u00fapili mu\u017ei v Stredoeur\u00f3pskej lige MEVZA proti rak\u00faskemu Waldviertelu a po tesn\u00fdch koncovk\u00e1ch druh\u00e9ho a tretieho setu sme napokon prehrali 0:3 a ukon\u010dili rok 2021 prehrou.","og_url":"https:\/\/www.vkpbratislava.sk\/?p=10167","og_site_name":"VK SLOVAN Bratislava","article_published_time":"2021-12-30T19:55:29+00:00","article_modified_time":"2021-12-30T19:56:03+00:00","og_image":[{"width":2048,"height":1365,"url":"https:\/\/www.vkpbratislava.sk\/wp-content\/uploads\/2021\/12\/DF1A3023.jpg","type":"image\/jpeg"}],"author":"jenca","twitter_card":"summary_large_image","twitter_misc":{"Autor":"jenca","Predpokladan\u00fd \u010das \u010d\u00edtania":"1 min\u00fata"},"schema":{"@context":"https:\/\/schema.org","@graph":[{"@type":"Article","@id":"https:\/\/www.vkpbratislava.sk\/?p=10167#article","isPartOf":{"@id":"https:\/\/www.vkpbratislava.sk\/?p=10167"},"author":{"name":"jenca","@id":"https:\/\/www.vkpbratislava.sk\/#\/schema\/person\/7037e769f9515aa58493d1b5852c4c50"},"headline":"Koniec roka sme zakon\u010dili prehrou s Waldviertelom","datePublished":"2021-12-30T19:55:29+00:00","dateModified":"2021-12-30T19:56:03+00:00","mainEntityOfPage":{"@id":"https:\/\/www.vkpbratislava.sk\/?p=10167"},"wordCount":197,"publisher":{"@id":"https:\/\/www.vkpbratislava.sk\/#organization"},"image":{"@id":"https:\/\/www.vkpbratislava.sk\/?p=10167#primaryimage"},"thumbnailUrl":"https:\/\/www.vkpbratislava.sk\/wp-content\/uploads\/2021\/12\/DF1A3023.jpg","articleSection":["Mu\u017ei"],"inLanguage":"sk-SK"},{"@type":"WebPage","@id":"https:\/\/www.vkpbratislava.sk\/?p=10167","url":"https:\/\/www.vkpbratislava.sk\/?p=10167","name":"Koniec roka sme zakon\u010dili prehrou s Waldviertelom - VK SLOVAN Bratislava","isPartOf":{"@id":"https:\/\/www.vkpbratislava.sk\/#website"},"primaryImageOfPage":{"@id":"https:\/\/www.vkpbratislava.sk\/?p=10167#primaryimage"},"image":{"@id":"https:\/\/www.vkpbratislava.sk\/?p=10167#primaryimage"},"thumbnailUrl":"https:\/\/www.vkpbratislava.sk\/wp-content\/uploads\/2021\/12\/DF1A3023.jpg","datePublished":"2021-12-30T19:55:29+00:00","dateModified":"2021-12-30T19:56:03+00:00","description":"De\u0148 pred Silvestrom nast\u00fapili mu\u017ei v Stredoeur\u00f3pskej lige MEVZA proti rak\u00faskemu Waldviertelu a po tesn\u00fdch koncovk\u00e1ch druh\u00e9ho a tretieho setu sme napokon prehrali 0:3 a ukon\u010dili rok 2021 prehrou.","breadcrumb":{"@id":"https:\/\/www.vkpbratislava.sk\/?p=10167#breadcrumb"},"inLanguage":"sk-SK","potentialAction":[{"@type":"ReadAction","target":["https:\/\/www.vkpbratislava.sk\/?p=10167"]}]},{"@type":"ImageObject","inLanguage":"sk-SK","@id":"https:\/\/www.vkpbratislava.sk\/?p=10167#primaryimage","url":"https:\/\/www.vkpbratislava.sk\/wp-content\/uploads\/2021\/12\/DF1A3023.jpg","contentUrl":"https:\/\/www.vkpbratislava.sk\/wp-content\/uploads\/2021\/12\/DF1A3023.jpg","width":2048,"height":1365},{"@type":"BreadcrumbList","@id":"https:\/\/www.vkpbratislava.sk\/?p=10167#breadcrumb","itemListElement":[{"@type":"ListItem","position":1,"name":"Domov","item":"https:\/\/www.vkpbratislava.sk\/"},{"@type":"ListItem","position":2,"name":"Koniec roka sme zakon\u010dili prehrou s Waldviertelom"}]},{"@type":"WebSite","@id":"https:\/\/www.vkpbratislava.sk\/#website","url":"https:\/\/www.vkpbratislava.sk\/","name":"VK SLOVAN Bratislava","description":"Volejbalov\u00fd klub","publisher":{"@id":"https:\/\/www.vkpbratislava.sk\/#organization"},"potentialAction":[{"@type":"SearchAction","target":{"@type":"EntryPoint","urlTemplate":"https:\/\/www.vkpbratislava.sk\/?s={search_term_string}"},"query-input":{"@type":"PropertyValueSpecification","valueRequired":true,"valueName":"search_term_string"}}],"inLanguage":"sk-SK"},{"@type":"Organization","@id":"https:\/\/www.vkpbratislava.sk\/#organization","name":"VKP Bratislava","url":"https:\/\/www.vkpbratislava.sk\/","logo":{"@type":"ImageObject","inLanguage":"sk-SK","@id":"https:\/\/www.vkpbratislava.sk\/#\/schema\/logo\/image\/","url":"https:\/\/www.vkpbratislava.sk\/wp-content\/uploads\/2020\/10\/vkpBA.png","contentUrl":"https:\/\/www.vkpbratislava.sk\/wp-content\/uploads\/2020\/10\/vkpBA.png","width":600,"height":600,"caption":"VKP Bratislava"},"image":{"@id":"https:\/\/www.vkpbratislava.sk\/#\/schema\/logo\/image\/"}},{"@type":"Person","@id":"https:\/\/www.vkpbratislava.sk\/#\/schema\/person\/7037e769f9515aa58493d1b5852c4c50","name":"jenca","image":{"@type":"ImageObject","inLanguage":"sk-SK","@id":"https:\/\/www.vkpbratislava.sk\/#\/schema\/person\/image\/","url":"https:\/\/secure.gravatar.com\/avatar\/67aa89e9aab2911bbd0c6fbf0a891ea8d80c207c9b6a6e2c96e13fc2f16e536d?s=96&d=mm&r=g","contentUrl":"https:\/\/secure.gravatar.com\/avatar\/67aa89e9aab2911bbd0c6fbf0a891ea8d80c207c9b6a6e2c96e13fc2f16e536d?s=96&d=mm&r=g","caption":"jenca"},"url":"https:\/\/www.vkpbratislava.sk\/?author=3"}]}},"_links":{"self":[{"href":"https:\/\/www.vkpbratislava.sk\/index.php?rest_route=\/wp\/v2\/posts\/10167","targetHints":{"allow":["GET"]}}],"collection":[{"href":"https:\/\/www.vkpbratislava.sk\/index.php?rest_route=\/wp\/v2\/posts"}],"about":[{"href":"https:\/\/www.vkpbratislava.sk\/index.php?rest_route=\/wp\/v2\/types\/post"}],"author":[{"embeddable":true,"href":"https:\/\/www.vkpbratislava.sk\/index.php?rest_route=\/wp\/v2\/users\/3"}],"replies":[{"embeddable":true,"href":"https:\/\/www.vkpbratislava.sk\/index.php?rest_route=%2Fwp%2Fv2%2Fcomments&post=10167"}],"version-history":[{"count":1,"href":"https:\/\/www.vkpbratislava.sk\/index.php?rest_route=\/wp\/v2\/posts\/10167\/revisions"}],"predecessor-version":[{"id":10168,"href":"https:\/\/www.vkpbratislava.sk\/index.php?rest_route=\/wp\/v2\/posts\/10167\/revisions\/10168"}],"wp:featuredmedia":[{"embeddable":true,"href":"https:\/\/www.vkpbratislava.sk\/index.php?rest_route=\/wp\/v2\/media\/9670"}],"wp:attachment":[{"href":"https:\/\/www.vkpbratislava.sk\/index.php?rest_route=%2Fwp%2Fv2%2Fmedia&parent=10167"}],"wp:term":[{"taxonomy":"category","embeddable":true,"href":"https:\/\/www.vkpbratislava.sk\/index.php?rest_route=%2Fwp%2Fv2%2Fcategories&post=10167"},{"taxonomy":"post_tag","embeddable":true,"href":"https:\/\/www.vkpbratislava.sk\/index.php?rest_route=%2Fwp%2Fv2%2Ftags&post=10167"}],"curies":[{"name":"wp","href":"https:\/\/api.w.org\/{rel}","templated":true}]}}