{"id":10179,"date":"2022-01-05T19:44:24","date_gmt":"2022-01-05T18:44:24","guid":{"rendered":"https:\/\/www.vkpbratislava.sk\/?p=10179"},"modified":"2022-01-05T20:12:53","modified_gmt":"2022-01-05T19:12:53","slug":"na-uvod-v-slovinsku-prehra-s-lublanou","status":"publish","type":"post","link":"https:\/\/www.vkpbratislava.sk\/?p=10179","title":{"rendered":"Na \u00favod v Slovinsku prehra s \u013dub\u013eanou"},"content":{"rendered":"<p><strong>V prvom tohtoro\u010dnom z\u00e1pase sa mu\u017ei VKP Bratislava predstavili v Stredoeur\u00f3pskej lige MEVZA na palubovke ACH Volley \u013dub\u013eana, v ktorom prehrali 3:0. U\u017e zajtra sa predstavia v \u010fal\u0161om stretnut\u00ed v Maribore (19.00 h).<\/strong><\/p>\n<p><span style=\"text-decoration: underline;\">Stredoeur\u00f3pska liga MEVZA<\/span><\/p>\n<p><strong>ACH Volley \u013dub\u013eana &#8211; VKP Bratislava 3:0 (14, 22, 17)<\/strong><\/p>\n<p><strong>Rozhodovali:<\/strong> Ovuka a Kuzmanovi\u010d (obaja Bosna a Hercegovina), <strong>30<\/strong> div\u00e1kov.<\/p>\n<p><strong>VKP BRATISLAVA:<\/strong> Billich 4, Van\u010do 4, Tarabus 4, Kostol\u00e1ni 8, Banda 2, libero Kurej (Pre\u0161insk\u00fd 1, Truba\u010d 2). Tr\u00e9ner: M. Kaln\u00fd.<\/p>\n<p><strong>Mat\u00fa\u0161 Kaln\u00fd, tr\u00e9ner VKP:<\/strong> &#8222;Po hor\u0161om za\u010diatku sme sa dostali do z\u00e1pasu. Trochu n\u00e1s tr\u00e1pila prihr\u00e1vka a podanie, ktor\u00fdm sme mali viac ubl\u00ed\u017ei\u0165. Cel\u00fd tento trip n\u00e1m sl\u00fa\u017ei ako pr\u00edprava na na\u0161u ligu.&#8220;<\/p>\n","protected":false},"excerpt":{"rendered":"<p>V prvom tohtoro\u010dnom z\u00e1pase sa mu\u017ei VKP Bratislava predstavili v Stredoeur\u00f3pskej lige MEVZA na palubovke ACH Volley \u013dub\u013eana, v ktorom prehrali 3:0.<\/p>\n","protected":false},"author":3,"featured_media":10192,"comment_status":"closed","ping_status":"closed","sticky":false,"template":"","format":"standard","meta":{"_monsterinsights_skip_tracking":false,"_monsterinsights_sitenote_active":false,"_monsterinsights_sitenote_note":"","_monsterinsights_sitenote_category":0,"footnotes":""},"categories":[47],"tags":[],"class_list":["post-10179","post","type-post","status-publish","format-standard","has-post-thumbnail","hentry","category-muzi"],"yoast_head":"<!-- This site is optimized with the Yoast SEO plugin v25.6 - https:\/\/yoast.com\/wordpress\/plugins\/seo\/ -->\n<title>Na \u00favod v Slovinsku prehra s \u013dub\u013eanou - VK SLOVAN Bratislava<\/title>\n<meta name=\"description\" content=\"V prvom tohtoro\u010dnom z\u00e1pase sa mu\u017ei VKP Bratislava predstavili v Stredoeur\u00f3pskej lige MEVZA na palubovke ACH Volley \u013dub\u013eana, v ktorom prehrali 3:0.\" \/>\n<meta name=\"robots\" content=\"index, follow, max-snippet:-1, max-image-preview:large, max-video-preview:-1\" \/>\n<link rel=\"canonical\" href=\"https:\/\/www.vkpbratislava.sk\/?p=10179\" \/>\n<meta property=\"og:locale\" content=\"sk_SK\" \/>\n<meta property=\"og:type\" content=\"article\" \/>\n<meta property=\"og:title\" content=\"Na \u00favod v Slovinsku prehra s \u013dub\u013eanou - VK SLOVAN Bratislava\" \/>\n<meta property=\"og:description\" content=\"V prvom tohtoro\u010dnom z\u00e1pase sa mu\u017ei VKP Bratislava predstavili v Stredoeur\u00f3pskej lige MEVZA na palubovke ACH Volley \u013dub\u013eana, v ktorom prehrali 3:0.\" \/>\n<meta property=\"og:url\" content=\"https:\/\/www.vkpbratislava.sk\/?p=10179\" \/>\n<meta property=\"og:site_name\" content=\"VK SLOVAN Bratislava\" \/>\n<meta property=\"article:published_time\" content=\"2022-01-05T18:44:24+00:00\" \/>\n<meta property=\"article:modified_time\" content=\"2022-01-05T19:12:53+00:00\" \/>\n<meta property=\"og:image\" content=\"https:\/\/www.vkpbratislava.sk\/wp-content\/uploads\/2022\/01\/DF1A6483.jpg\" \/>\n\t<meta property=\"og:image:width\" content=\"2048\" \/>\n\t<meta property=\"og:image:height\" content=\"1365\" \/>\n\t<meta property=\"og:image:type\" content=\"image\/jpeg\" \/>\n<meta name=\"author\" content=\"jenca\" \/>\n<meta name=\"twitter:card\" content=\"summary_large_image\" \/>\n<meta name=\"twitter:label1\" content=\"Autor\" \/>\n\t<meta name=\"twitter:data1\" content=\"jenca\" \/>\n\t<meta name=\"twitter:label2\" content=\"Predpokladan\u00fd \u010das \u010d\u00edtania\" \/>\n\t<meta name=\"twitter:data2\" content=\"1 min\u00fata\" \/>\n<script type=\"application\/ld+json\" class=\"yoast-schema-graph\">{\"@context\":\"https:\/\/schema.org\",\"@graph\":[{\"@type\":\"Article\",\"@id\":\"https:\/\/www.vkpbratislava.sk\/?p=10179#article\",\"isPartOf\":{\"@id\":\"https:\/\/www.vkpbratislava.sk\/?p=10179\"},\"author\":{\"name\":\"jenca\",\"@id\":\"https:\/\/www.vkpbratislava.sk\/#\/schema\/person\/7037e769f9515aa58493d1b5852c4c50\"},\"headline\":\"Na \u00favod v Slovinsku prehra s \u013dub\u013eanou\",\"datePublished\":\"2022-01-05T18:44:24+00:00\",\"dateModified\":\"2022-01-05T19:12:53+00:00\",\"mainEntityOfPage\":{\"@id\":\"https:\/\/www.vkpbratislava.sk\/?p=10179\"},\"wordCount\":130,\"publisher\":{\"@id\":\"https:\/\/www.vkpbratislava.sk\/#organization\"},\"image\":{\"@id\":\"https:\/\/www.vkpbratislava.sk\/?p=10179#primaryimage\"},\"thumbnailUrl\":\"https:\/\/www.vkpbratislava.sk\/wp-content\/uploads\/2022\/01\/DF1A6483.jpg\",\"articleSection\":[\"Mu\u017ei\"],\"inLanguage\":\"sk-SK\"},{\"@type\":\"WebPage\",\"@id\":\"https:\/\/www.vkpbratislava.sk\/?p=10179\",\"url\":\"https:\/\/www.vkpbratislava.sk\/?p=10179\",\"name\":\"Na \u00favod v Slovinsku prehra s \u013dub\u013eanou - VK SLOVAN Bratislava\",\"isPartOf\":{\"@id\":\"https:\/\/www.vkpbratislava.sk\/#website\"},\"primaryImageOfPage\":{\"@id\":\"https:\/\/www.vkpbratislava.sk\/?p=10179#primaryimage\"},\"image\":{\"@id\":\"https:\/\/www.vkpbratislava.sk\/?p=10179#primaryimage\"},\"thumbnailUrl\":\"https:\/\/www.vkpbratislava.sk\/wp-content\/uploads\/2022\/01\/DF1A6483.jpg\",\"datePublished\":\"2022-01-05T18:44:24+00:00\",\"dateModified\":\"2022-01-05T19:12:53+00:00\",\"description\":\"V prvom tohtoro\u010dnom z\u00e1pase sa mu\u017ei VKP Bratislava predstavili v Stredoeur\u00f3pskej lige MEVZA na palubovke ACH Volley \u013dub\u013eana, v ktorom prehrali 3:0.\",\"breadcrumb\":{\"@id\":\"https:\/\/www.vkpbratislava.sk\/?p=10179#breadcrumb\"},\"inLanguage\":\"sk-SK\",\"potentialAction\":[{\"@type\":\"ReadAction\",\"target\":[\"https:\/\/www.vkpbratislava.sk\/?p=10179\"]}]},{\"@type\":\"ImageObject\",\"inLanguage\":\"sk-SK\",\"@id\":\"https:\/\/www.vkpbratislava.sk\/?p=10179#primaryimage\",\"url\":\"https:\/\/www.vkpbratislava.sk\/wp-content\/uploads\/2022\/01\/DF1A6483.jpg\",\"contentUrl\":\"https:\/\/www.vkpbratislava.sk\/wp-content\/uploads\/2022\/01\/DF1A6483.jpg\",\"width\":2048,\"height\":1365},{\"@type\":\"BreadcrumbList\",\"@id\":\"https:\/\/www.vkpbratislava.sk\/?p=10179#breadcrumb\",\"itemListElement\":[{\"@type\":\"ListItem\",\"position\":1,\"name\":\"Domov\",\"item\":\"https:\/\/www.vkpbratislava.sk\/\"},{\"@type\":\"ListItem\",\"position\":2,\"name\":\"Na \u00favod v Slovinsku prehra s \u013dub\u013eanou\"}]},{\"@type\":\"WebSite\",\"@id\":\"https:\/\/www.vkpbratislava.sk\/#website\",\"url\":\"https:\/\/www.vkpbratislava.sk\/\",\"name\":\"VK SLOVAN Bratislava\",\"description\":\"Volejbalov\u00fd klub\",\"publisher\":{\"@id\":\"https:\/\/www.vkpbratislava.sk\/#organization\"},\"potentialAction\":[{\"@type\":\"SearchAction\",\"target\":{\"@type\":\"EntryPoint\",\"urlTemplate\":\"https:\/\/www.vkpbratislava.sk\/?s={search_term_string}\"},\"query-input\":{\"@type\":\"PropertyValueSpecification\",\"valueRequired\":true,\"valueName\":\"search_term_string\"}}],\"inLanguage\":\"sk-SK\"},{\"@type\":\"Organization\",\"@id\":\"https:\/\/www.vkpbratislava.sk\/#organization\",\"name\":\"VKP Bratislava\",\"url\":\"https:\/\/www.vkpbratislava.sk\/\",\"logo\":{\"@type\":\"ImageObject\",\"inLanguage\":\"sk-SK\",\"@id\":\"https:\/\/www.vkpbratislava.sk\/#\/schema\/logo\/image\/\",\"url\":\"https:\/\/www.vkpbratislava.sk\/wp-content\/uploads\/2020\/10\/vkpBA.png\",\"contentUrl\":\"https:\/\/www.vkpbratislava.sk\/wp-content\/uploads\/2020\/10\/vkpBA.png\",\"width\":600,\"height\":600,\"caption\":\"VKP Bratislava\"},\"image\":{\"@id\":\"https:\/\/www.vkpbratislava.sk\/#\/schema\/logo\/image\/\"}},{\"@type\":\"Person\",\"@id\":\"https:\/\/www.vkpbratislava.sk\/#\/schema\/person\/7037e769f9515aa58493d1b5852c4c50\",\"name\":\"jenca\",\"image\":{\"@type\":\"ImageObject\",\"inLanguage\":\"sk-SK\",\"@id\":\"https:\/\/www.vkpbratislava.sk\/#\/schema\/person\/image\/\",\"url\":\"https:\/\/secure.gravatar.com\/avatar\/67aa89e9aab2911bbd0c6fbf0a891ea8d80c207c9b6a6e2c96e13fc2f16e536d?s=96&d=mm&r=g\",\"contentUrl\":\"https:\/\/secure.gravatar.com\/avatar\/67aa89e9aab2911bbd0c6fbf0a891ea8d80c207c9b6a6e2c96e13fc2f16e536d?s=96&d=mm&r=g\",\"caption\":\"jenca\"},\"url\":\"https:\/\/www.vkpbratislava.sk\/?author=3\"}]}<\/script>\n<!-- \/ Yoast SEO plugin. -->","yoast_head_json":{"title":"Na \u00favod v Slovinsku prehra s \u013dub\u013eanou - VK SLOVAN Bratislava","description":"V prvom tohtoro\u010dnom z\u00e1pase sa mu\u017ei VKP Bratislava predstavili v Stredoeur\u00f3pskej lige MEVZA na palubovke ACH Volley \u013dub\u013eana, v ktorom prehrali 3:0.","robots":{"index":"index","follow":"follow","max-snippet":"max-snippet:-1","max-image-preview":"max-image-preview:large","max-video-preview":"max-video-preview:-1"},"canonical":"https:\/\/www.vkpbratislava.sk\/?p=10179","og_locale":"sk_SK","og_type":"article","og_title":"Na \u00favod v Slovinsku prehra s \u013dub\u013eanou - VK SLOVAN Bratislava","og_description":"V prvom tohtoro\u010dnom z\u00e1pase sa mu\u017ei VKP Bratislava predstavili v Stredoeur\u00f3pskej lige MEVZA na palubovke ACH Volley \u013dub\u013eana, v ktorom prehrali 3:0.","og_url":"https:\/\/www.vkpbratislava.sk\/?p=10179","og_site_name":"VK SLOVAN Bratislava","article_published_time":"2022-01-05T18:44:24+00:00","article_modified_time":"2022-01-05T19:12:53+00:00","og_image":[{"width":2048,"height":1365,"url":"https:\/\/www.vkpbratislava.sk\/wp-content\/uploads\/2022\/01\/DF1A6483.jpg","type":"image\/jpeg"}],"author":"jenca","twitter_card":"summary_large_image","twitter_misc":{"Autor":"jenca","Predpokladan\u00fd \u010das \u010d\u00edtania":"1 min\u00fata"},"schema":{"@context":"https:\/\/schema.org","@graph":[{"@type":"Article","@id":"https:\/\/www.vkpbratislava.sk\/?p=10179#article","isPartOf":{"@id":"https:\/\/www.vkpbratislava.sk\/?p=10179"},"author":{"name":"jenca","@id":"https:\/\/www.vkpbratislava.sk\/#\/schema\/person\/7037e769f9515aa58493d1b5852c4c50"},"headline":"Na \u00favod v Slovinsku prehra s \u013dub\u013eanou","datePublished":"2022-01-05T18:44:24+00:00","dateModified":"2022-01-05T19:12:53+00:00","mainEntityOfPage":{"@id":"https:\/\/www.vkpbratislava.sk\/?p=10179"},"wordCount":130,"publisher":{"@id":"https:\/\/www.vkpbratislava.sk\/#organization"},"image":{"@id":"https:\/\/www.vkpbratislava.sk\/?p=10179#primaryimage"},"thumbnailUrl":"https:\/\/www.vkpbratislava.sk\/wp-content\/uploads\/2022\/01\/DF1A6483.jpg","articleSection":["Mu\u017ei"],"inLanguage":"sk-SK"},{"@type":"WebPage","@id":"https:\/\/www.vkpbratislava.sk\/?p=10179","url":"https:\/\/www.vkpbratislava.sk\/?p=10179","name":"Na \u00favod v Slovinsku prehra s \u013dub\u013eanou - VK SLOVAN Bratislava","isPartOf":{"@id":"https:\/\/www.vkpbratislava.sk\/#website"},"primaryImageOfPage":{"@id":"https:\/\/www.vkpbratislava.sk\/?p=10179#primaryimage"},"image":{"@id":"https:\/\/www.vkpbratislava.sk\/?p=10179#primaryimage"},"thumbnailUrl":"https:\/\/www.vkpbratislava.sk\/wp-content\/uploads\/2022\/01\/DF1A6483.jpg","datePublished":"2022-01-05T18:44:24+00:00","dateModified":"2022-01-05T19:12:53+00:00","description":"V prvom tohtoro\u010dnom z\u00e1pase sa mu\u017ei VKP Bratislava predstavili v Stredoeur\u00f3pskej lige MEVZA na palubovke ACH Volley \u013dub\u013eana, v ktorom prehrali 3:0.","breadcrumb":{"@id":"https:\/\/www.vkpbratislava.sk\/?p=10179#breadcrumb"},"inLanguage":"sk-SK","potentialAction":[{"@type":"ReadAction","target":["https:\/\/www.vkpbratislava.sk\/?p=10179"]}]},{"@type":"ImageObject","inLanguage":"sk-SK","@id":"https:\/\/www.vkpbratislava.sk\/?p=10179#primaryimage","url":"https:\/\/www.vkpbratislava.sk\/wp-content\/uploads\/2022\/01\/DF1A6483.jpg","contentUrl":"https:\/\/www.vkpbratislava.sk\/wp-content\/uploads\/2022\/01\/DF1A6483.jpg","width":2048,"height":1365},{"@type":"BreadcrumbList","@id":"https:\/\/www.vkpbratislava.sk\/?p=10179#breadcrumb","itemListElement":[{"@type":"ListItem","position":1,"name":"Domov","item":"https:\/\/www.vkpbratislava.sk\/"},{"@type":"ListItem","position":2,"name":"Na \u00favod v Slovinsku prehra s \u013dub\u013eanou"}]},{"@type":"WebSite","@id":"https:\/\/www.vkpbratislava.sk\/#website","url":"https:\/\/www.vkpbratislava.sk\/","name":"VK SLOVAN Bratislava","description":"Volejbalov\u00fd klub","publisher":{"@id":"https:\/\/www.vkpbratislava.sk\/#organization"},"potentialAction":[{"@type":"SearchAction","target":{"@type":"EntryPoint","urlTemplate":"https:\/\/www.vkpbratislava.sk\/?s={search_term_string}"},"query-input":{"@type":"PropertyValueSpecification","valueRequired":true,"valueName":"search_term_string"}}],"inLanguage":"sk-SK"},{"@type":"Organization","@id":"https:\/\/www.vkpbratislava.sk\/#organization","name":"VKP Bratislava","url":"https:\/\/www.vkpbratislava.sk\/","logo":{"@type":"ImageObject","inLanguage":"sk-SK","@id":"https:\/\/www.vkpbratislava.sk\/#\/schema\/logo\/image\/","url":"https:\/\/www.vkpbratislava.sk\/wp-content\/uploads\/2020\/10\/vkpBA.png","contentUrl":"https:\/\/www.vkpbratislava.sk\/wp-content\/uploads\/2020\/10\/vkpBA.png","width":600,"height":600,"caption":"VKP Bratislava"},"image":{"@id":"https:\/\/www.vkpbratislava.sk\/#\/schema\/logo\/image\/"}},{"@type":"Person","@id":"https:\/\/www.vkpbratislava.sk\/#\/schema\/person\/7037e769f9515aa58493d1b5852c4c50","name":"jenca","image":{"@type":"ImageObject","inLanguage":"sk-SK","@id":"https:\/\/www.vkpbratislava.sk\/#\/schema\/person\/image\/","url":"https:\/\/secure.gravatar.com\/avatar\/67aa89e9aab2911bbd0c6fbf0a891ea8d80c207c9b6a6e2c96e13fc2f16e536d?s=96&d=mm&r=g","contentUrl":"https:\/\/secure.gravatar.com\/avatar\/67aa89e9aab2911bbd0c6fbf0a891ea8d80c207c9b6a6e2c96e13fc2f16e536d?s=96&d=mm&r=g","caption":"jenca"},"url":"https:\/\/www.vkpbratislava.sk\/?author=3"}]}},"_links":{"self":[{"href":"https:\/\/www.vkpbratislava.sk\/index.php?rest_route=\/wp\/v2\/posts\/10179","targetHints":{"allow":["GET"]}}],"collection":[{"href":"https:\/\/www.vkpbratislava.sk\/index.php?rest_route=\/wp\/v2\/posts"}],"about":[{"href":"https:\/\/www.vkpbratislava.sk\/index.php?rest_route=\/wp\/v2\/types\/post"}],"author":[{"embeddable":true,"href":"https:\/\/www.vkpbratislava.sk\/index.php?rest_route=\/wp\/v2\/users\/3"}],"replies":[{"embeddable":true,"href":"https:\/\/www.vkpbratislava.sk\/index.php?rest_route=%2Fwp%2Fv2%2Fcomments&post=10179"}],"version-history":[{"count":3,"href":"https:\/\/www.vkpbratislava.sk\/index.php?rest_route=\/wp\/v2\/posts\/10179\/revisions"}],"predecessor-version":[{"id":10198,"href":"https:\/\/www.vkpbratislava.sk\/index.php?rest_route=\/wp\/v2\/posts\/10179\/revisions\/10198"}],"wp:featuredmedia":[{"embeddable":true,"href":"https:\/\/www.vkpbratislava.sk\/index.php?rest_route=\/wp\/v2\/media\/10192"}],"wp:attachment":[{"href":"https:\/\/www.vkpbratislava.sk\/index.php?rest_route=%2Fwp%2Fv2%2Fmedia&parent=10179"}],"wp:term":[{"taxonomy":"category","embeddable":true,"href":"https:\/\/www.vkpbratislava.sk\/index.php?rest_route=%2Fwp%2Fv2%2Fcategories&post=10179"},{"taxonomy":"post_tag","embeddable":true,"href":"https:\/\/www.vkpbratislava.sk\/index.php?rest_route=%2Fwp%2Fv2%2Ftags&post=10179"}],"curies":[{"name":"wp","href":"https:\/\/api.w.org\/{rel}","templated":true}]}}