{"id":10709,"date":"2022-01-21T10:43:32","date_gmt":"2022-01-21T09:43:32","guid":{"rendered":"https:\/\/www.vkpbratislava.sk\/?p=10709"},"modified":"2022-01-21T10:43:32","modified_gmt":"2022-01-21T09:43:32","slug":"hladky-triumf-nad-vyberom-svf","status":"publish","type":"post","link":"https:\/\/www.vkpbratislava.sk\/?p=10709","title":{"rendered":"Hladk\u00fd triumf nad v\u00fdberom SVF"},"content":{"rendered":"<p><strong>V 3. kole nadstavbovej \u010dasti dok\u00e1zali \u017eeny VKP Bratislava zv\u00ed\u0165azi\u0165 na palubovke Projektu RD SVF a prip\u00edsali si aj v druhom stretnut\u00ed hladk\u00fd triumf 3:0.<\/strong><\/p>\n<p><strong>Projekt RD SVF &#8211; VKP Bratislava 0:3 (-8, -21, -21)<\/strong><br \/>\n<strong>Rozhodovali:<\/strong> \u0160t\u011bp\u00e1nek a\u00a0Tir\u0161el.<\/p>\n<p><strong>VKP: <\/strong>Vajdov\u00e1 16, P\u00edse\u010dn\u00e1 13, Spev\u00e1r 9,\u00a0Boledovi\u010dov\u00e1 8, Koh\u00fatov\u00e1 5, Kov\u00e1\u010dov\u00e1 2, liberka Mattov\u00e1 (Tam. Hru\u0161eck\u00e1 2, Sahin 1). Tr\u00e9ner: J. Han\u010d\u00e1k.<br \/>\n<strong>Hr\u00e1\u010dka z\u00e1pasu za VKP:<\/strong>\u00a0Michaela Mattov\u00e1<\/p>\n<p><strong>Jaroslav Han\u010d\u00e1k, tr\u00e9ner VKP:<\/strong> <i>\u201ePo\u010das cel\u00e9ho stretnutia sme hrali disciplinovane a koncentrovane. Mali sme zop\u00e1r men\u0161\u00edch v\u00fdpadkov, najm\u00e4 na za\u010diatku, ale inak hodnot\u00edm duel pozit\u00edvne. V prvom sete urobil s\u00faper ve\u013ea ch\u00fdb a na\u0161ou zodpovednou hrou sme ho bez probl\u00e9mov zvl\u00e1dli. Na zop\u00e1r v\u00fdnimiek sme mali aj zvy\u0161ok z\u00e1pasu pod kontrolou a zasl\u00fa\u017eene sme vyhrali. Gratulujem diev\u010dat\u00e1m k v\u00ed\u0165azstvu.\u201c<\/i><\/p>\n<p><b>Alexandra Vajdov\u00e1, najviac boduj\u00faca hr\u00e1\u010dka v\u00a0z\u00e1pase: <\/b><i>\u201eZ\u00e1pas bol pod na\u0161ou kontrolou v podstate cel\u00fd \u010das. Dr\u017eali sme razantn\u00fd servis a hlavne sme nekazili. Zo strany RD pri\u0161lo ve\u013emi ve\u013ea ch\u00fdb. Chyby s\u00fa nie\u010do s \u010d\u00edm sa dlh\u0161ie tr\u00e1pime, tak\u017ee je ve\u013emi pozit\u00edvne, \u017ee sme ich dok\u00e1zali urobi\u0165 menej. D\u00fafam, \u017ee budeme v podobnom nasaden\u00ed pokra\u010dova\u0165 \u010falej a e\u0161te vylep\u0161ova\u0165 na\u0161u hru.\u201c<\/i><\/p>\n","protected":false},"excerpt":{"rendered":"<p>V 3. kole nadstavbovej \u010dasti dok\u00e1zali \u017eeny VKP Bratislava zv\u00ed\u0165azi\u0165 na palubovke Projektu RD SVF a prip\u00edsali si aj v druhom stretnut\u00ed hladk\u00fd triumf 3:0.<\/p>\n","protected":false},"author":3,"featured_media":10629,"comment_status":"closed","ping_status":"closed","sticky":false,"template":"","format":"standard","meta":{"_monsterinsights_skip_tracking":false,"_monsterinsights_sitenote_active":false,"_monsterinsights_sitenote_note":"","_monsterinsights_sitenote_category":0,"footnotes":""},"categories":[48],"tags":[],"class_list":["post-10709","post","type-post","status-publish","format-standard","has-post-thumbnail","hentry","category-zeny"],"yoast_head":"<!-- This site is optimized with the Yoast SEO plugin v25.6 - https:\/\/yoast.com\/wordpress\/plugins\/seo\/ -->\n<title>Hladk\u00fd triumf nad v\u00fdberom SVF - VK SLOVAN Bratislava<\/title>\n<meta name=\"description\" content=\"V 3. kole nadstavbovej \u010dasti dok\u00e1zali \u017eeny VKP Bratislava zv\u00ed\u0165azi\u0165 na palubovke Projektu RD SVF a prip\u00edsali si aj v druhom stretnut\u00ed hladk\u00fd triumf 3:0.\" \/>\n<meta name=\"robots\" content=\"index, follow, max-snippet:-1, max-image-preview:large, max-video-preview:-1\" \/>\n<link rel=\"canonical\" href=\"https:\/\/www.vkpbratislava.sk\/?p=10709\" \/>\n<meta property=\"og:locale\" content=\"sk_SK\" \/>\n<meta property=\"og:type\" content=\"article\" \/>\n<meta property=\"og:title\" content=\"Hladk\u00fd triumf nad v\u00fdberom SVF - VK SLOVAN Bratislava\" \/>\n<meta property=\"og:description\" content=\"V 3. kole nadstavbovej \u010dasti dok\u00e1zali \u017eeny VKP Bratislava zv\u00ed\u0165azi\u0165 na palubovke Projektu RD SVF a prip\u00edsali si aj v druhom stretnut\u00ed hladk\u00fd triumf 3:0.\" \/>\n<meta property=\"og:url\" content=\"https:\/\/www.vkpbratislava.sk\/?p=10709\" \/>\n<meta property=\"og:site_name\" content=\"VK SLOVAN Bratislava\" \/>\n<meta property=\"article:published_time\" content=\"2022-01-21T09:43:32+00:00\" \/>\n<meta property=\"og:image\" content=\"https:\/\/www.vkpbratislava.sk\/wp-content\/uploads\/2022\/01\/20220116_iurban79_VKP-BA-Z-vs-Presov_DSC00673-1280x854.jpg\" \/>\n\t<meta property=\"og:image:width\" content=\"1280\" \/>\n\t<meta property=\"og:image:height\" content=\"854\" \/>\n\t<meta property=\"og:image:type\" content=\"image\/jpeg\" \/>\n<meta name=\"author\" content=\"jenca\" \/>\n<meta name=\"twitter:card\" content=\"summary_large_image\" \/>\n<meta name=\"twitter:label1\" content=\"Autor\" \/>\n\t<meta name=\"twitter:data1\" content=\"jenca\" \/>\n\t<meta name=\"twitter:label2\" content=\"Predpokladan\u00fd \u010das \u010d\u00edtania\" \/>\n\t<meta name=\"twitter:data2\" content=\"1 min\u00fata\" \/>\n<script type=\"application\/ld+json\" class=\"yoast-schema-graph\">{\"@context\":\"https:\/\/schema.org\",\"@graph\":[{\"@type\":\"Article\",\"@id\":\"https:\/\/www.vkpbratislava.sk\/?p=10709#article\",\"isPartOf\":{\"@id\":\"https:\/\/www.vkpbratislava.sk\/?p=10709\"},\"author\":{\"name\":\"jenca\",\"@id\":\"https:\/\/www.vkpbratislava.sk\/#\/schema\/person\/7037e769f9515aa58493d1b5852c4c50\"},\"headline\":\"Hladk\u00fd triumf nad v\u00fdberom SVF\",\"datePublished\":\"2022-01-21T09:43:32+00:00\",\"mainEntityOfPage\":{\"@id\":\"https:\/\/www.vkpbratislava.sk\/?p=10709\"},\"wordCount\":247,\"publisher\":{\"@id\":\"https:\/\/www.vkpbratislava.sk\/#organization\"},\"image\":{\"@id\":\"https:\/\/www.vkpbratislava.sk\/?p=10709#primaryimage\"},\"thumbnailUrl\":\"https:\/\/www.vkpbratislava.sk\/wp-content\/uploads\/2022\/01\/20220116_iurban79_VKP-BA-Z-vs-Presov_DSC00673.jpg\",\"articleSection\":[\"\u017deny\"],\"inLanguage\":\"sk-SK\"},{\"@type\":\"WebPage\",\"@id\":\"https:\/\/www.vkpbratislava.sk\/?p=10709\",\"url\":\"https:\/\/www.vkpbratislava.sk\/?p=10709\",\"name\":\"Hladk\u00fd triumf nad v\u00fdberom SVF - VK SLOVAN Bratislava\",\"isPartOf\":{\"@id\":\"https:\/\/www.vkpbratislava.sk\/#website\"},\"primaryImageOfPage\":{\"@id\":\"https:\/\/www.vkpbratislava.sk\/?p=10709#primaryimage\"},\"image\":{\"@id\":\"https:\/\/www.vkpbratislava.sk\/?p=10709#primaryimage\"},\"thumbnailUrl\":\"https:\/\/www.vkpbratislava.sk\/wp-content\/uploads\/2022\/01\/20220116_iurban79_VKP-BA-Z-vs-Presov_DSC00673.jpg\",\"datePublished\":\"2022-01-21T09:43:32+00:00\",\"description\":\"V 3. kole nadstavbovej \u010dasti dok\u00e1zali \u017eeny VKP Bratislava zv\u00ed\u0165azi\u0165 na palubovke Projektu RD SVF a prip\u00edsali si aj v druhom stretnut\u00ed hladk\u00fd triumf 3:0.\",\"breadcrumb\":{\"@id\":\"https:\/\/www.vkpbratislava.sk\/?p=10709#breadcrumb\"},\"inLanguage\":\"sk-SK\",\"potentialAction\":[{\"@type\":\"ReadAction\",\"target\":[\"https:\/\/www.vkpbratislava.sk\/?p=10709\"]}]},{\"@type\":\"ImageObject\",\"inLanguage\":\"sk-SK\",\"@id\":\"https:\/\/www.vkpbratislava.sk\/?p=10709#primaryimage\",\"url\":\"https:\/\/www.vkpbratislava.sk\/wp-content\/uploads\/2022\/01\/20220116_iurban79_VKP-BA-Z-vs-Presov_DSC00673.jpg\",\"contentUrl\":\"https:\/\/www.vkpbratislava.sk\/wp-content\/uploads\/2022\/01\/20220116_iurban79_VKP-BA-Z-vs-Presov_DSC00673.jpg\",\"width\":2500,\"height\":1667},{\"@type\":\"BreadcrumbList\",\"@id\":\"https:\/\/www.vkpbratislava.sk\/?p=10709#breadcrumb\",\"itemListElement\":[{\"@type\":\"ListItem\",\"position\":1,\"name\":\"Domov\",\"item\":\"https:\/\/www.vkpbratislava.sk\/\"},{\"@type\":\"ListItem\",\"position\":2,\"name\":\"Hladk\u00fd triumf nad v\u00fdberom SVF\"}]},{\"@type\":\"WebSite\",\"@id\":\"https:\/\/www.vkpbratislava.sk\/#website\",\"url\":\"https:\/\/www.vkpbratislava.sk\/\",\"name\":\"VK SLOVAN Bratislava\",\"description\":\"Volejbalov\u00fd klub\",\"publisher\":{\"@id\":\"https:\/\/www.vkpbratislava.sk\/#organization\"},\"potentialAction\":[{\"@type\":\"SearchAction\",\"target\":{\"@type\":\"EntryPoint\",\"urlTemplate\":\"https:\/\/www.vkpbratislava.sk\/?s={search_term_string}\"},\"query-input\":{\"@type\":\"PropertyValueSpecification\",\"valueRequired\":true,\"valueName\":\"search_term_string\"}}],\"inLanguage\":\"sk-SK\"},{\"@type\":\"Organization\",\"@id\":\"https:\/\/www.vkpbratislava.sk\/#organization\",\"name\":\"VKP Bratislava\",\"url\":\"https:\/\/www.vkpbratislava.sk\/\",\"logo\":{\"@type\":\"ImageObject\",\"inLanguage\":\"sk-SK\",\"@id\":\"https:\/\/www.vkpbratislava.sk\/#\/schema\/logo\/image\/\",\"url\":\"https:\/\/www.vkpbratislava.sk\/wp-content\/uploads\/2020\/10\/vkpBA.png\",\"contentUrl\":\"https:\/\/www.vkpbratislava.sk\/wp-content\/uploads\/2020\/10\/vkpBA.png\",\"width\":600,\"height\":600,\"caption\":\"VKP Bratislava\"},\"image\":{\"@id\":\"https:\/\/www.vkpbratislava.sk\/#\/schema\/logo\/image\/\"}},{\"@type\":\"Person\",\"@id\":\"https:\/\/www.vkpbratislava.sk\/#\/schema\/person\/7037e769f9515aa58493d1b5852c4c50\",\"name\":\"jenca\",\"image\":{\"@type\":\"ImageObject\",\"inLanguage\":\"sk-SK\",\"@id\":\"https:\/\/www.vkpbratislava.sk\/#\/schema\/person\/image\/\",\"url\":\"https:\/\/secure.gravatar.com\/avatar\/67aa89e9aab2911bbd0c6fbf0a891ea8d80c207c9b6a6e2c96e13fc2f16e536d?s=96&d=mm&r=g\",\"contentUrl\":\"https:\/\/secure.gravatar.com\/avatar\/67aa89e9aab2911bbd0c6fbf0a891ea8d80c207c9b6a6e2c96e13fc2f16e536d?s=96&d=mm&r=g\",\"caption\":\"jenca\"},\"url\":\"https:\/\/www.vkpbratislava.sk\/?author=3\"}]}<\/script>\n<!-- \/ Yoast SEO plugin. -->","yoast_head_json":{"title":"Hladk\u00fd triumf nad v\u00fdberom SVF - VK SLOVAN Bratislava","description":"V 3. kole nadstavbovej \u010dasti dok\u00e1zali \u017eeny VKP Bratislava zv\u00ed\u0165azi\u0165 na palubovke Projektu RD SVF a prip\u00edsali si aj v druhom stretnut\u00ed hladk\u00fd triumf 3:0.","robots":{"index":"index","follow":"follow","max-snippet":"max-snippet:-1","max-image-preview":"max-image-preview:large","max-video-preview":"max-video-preview:-1"},"canonical":"https:\/\/www.vkpbratislava.sk\/?p=10709","og_locale":"sk_SK","og_type":"article","og_title":"Hladk\u00fd triumf nad v\u00fdberom SVF - VK SLOVAN Bratislava","og_description":"V 3. kole nadstavbovej \u010dasti dok\u00e1zali \u017eeny VKP Bratislava zv\u00ed\u0165azi\u0165 na palubovke Projektu RD SVF a prip\u00edsali si aj v druhom stretnut\u00ed hladk\u00fd triumf 3:0.","og_url":"https:\/\/www.vkpbratislava.sk\/?p=10709","og_site_name":"VK SLOVAN Bratislava","article_published_time":"2022-01-21T09:43:32+00:00","og_image":[{"width":1280,"height":854,"url":"https:\/\/www.vkpbratislava.sk\/wp-content\/uploads\/2022\/01\/20220116_iurban79_VKP-BA-Z-vs-Presov_DSC00673-1280x854.jpg","type":"image\/jpeg"}],"author":"jenca","twitter_card":"summary_large_image","twitter_misc":{"Autor":"jenca","Predpokladan\u00fd \u010das \u010d\u00edtania":"1 min\u00fata"},"schema":{"@context":"https:\/\/schema.org","@graph":[{"@type":"Article","@id":"https:\/\/www.vkpbratislava.sk\/?p=10709#article","isPartOf":{"@id":"https:\/\/www.vkpbratislava.sk\/?p=10709"},"author":{"name":"jenca","@id":"https:\/\/www.vkpbratislava.sk\/#\/schema\/person\/7037e769f9515aa58493d1b5852c4c50"},"headline":"Hladk\u00fd triumf nad v\u00fdberom SVF","datePublished":"2022-01-21T09:43:32+00:00","mainEntityOfPage":{"@id":"https:\/\/www.vkpbratislava.sk\/?p=10709"},"wordCount":247,"publisher":{"@id":"https:\/\/www.vkpbratislava.sk\/#organization"},"image":{"@id":"https:\/\/www.vkpbratislava.sk\/?p=10709#primaryimage"},"thumbnailUrl":"https:\/\/www.vkpbratislava.sk\/wp-content\/uploads\/2022\/01\/20220116_iurban79_VKP-BA-Z-vs-Presov_DSC00673.jpg","articleSection":["\u017deny"],"inLanguage":"sk-SK"},{"@type":"WebPage","@id":"https:\/\/www.vkpbratislava.sk\/?p=10709","url":"https:\/\/www.vkpbratislava.sk\/?p=10709","name":"Hladk\u00fd triumf nad v\u00fdberom SVF - VK SLOVAN Bratislava","isPartOf":{"@id":"https:\/\/www.vkpbratislava.sk\/#website"},"primaryImageOfPage":{"@id":"https:\/\/www.vkpbratislava.sk\/?p=10709#primaryimage"},"image":{"@id":"https:\/\/www.vkpbratislava.sk\/?p=10709#primaryimage"},"thumbnailUrl":"https:\/\/www.vkpbratislava.sk\/wp-content\/uploads\/2022\/01\/20220116_iurban79_VKP-BA-Z-vs-Presov_DSC00673.jpg","datePublished":"2022-01-21T09:43:32+00:00","description":"V 3. kole nadstavbovej \u010dasti dok\u00e1zali \u017eeny VKP Bratislava zv\u00ed\u0165azi\u0165 na palubovke Projektu RD SVF a prip\u00edsali si aj v druhom stretnut\u00ed hladk\u00fd triumf 3:0.","breadcrumb":{"@id":"https:\/\/www.vkpbratislava.sk\/?p=10709#breadcrumb"},"inLanguage":"sk-SK","potentialAction":[{"@type":"ReadAction","target":["https:\/\/www.vkpbratislava.sk\/?p=10709"]}]},{"@type":"ImageObject","inLanguage":"sk-SK","@id":"https:\/\/www.vkpbratislava.sk\/?p=10709#primaryimage","url":"https:\/\/www.vkpbratislava.sk\/wp-content\/uploads\/2022\/01\/20220116_iurban79_VKP-BA-Z-vs-Presov_DSC00673.jpg","contentUrl":"https:\/\/www.vkpbratislava.sk\/wp-content\/uploads\/2022\/01\/20220116_iurban79_VKP-BA-Z-vs-Presov_DSC00673.jpg","width":2500,"height":1667},{"@type":"BreadcrumbList","@id":"https:\/\/www.vkpbratislava.sk\/?p=10709#breadcrumb","itemListElement":[{"@type":"ListItem","position":1,"name":"Domov","item":"https:\/\/www.vkpbratislava.sk\/"},{"@type":"ListItem","position":2,"name":"Hladk\u00fd triumf nad v\u00fdberom SVF"}]},{"@type":"WebSite","@id":"https:\/\/www.vkpbratislava.sk\/#website","url":"https:\/\/www.vkpbratislava.sk\/","name":"VK SLOVAN Bratislava","description":"Volejbalov\u00fd klub","publisher":{"@id":"https:\/\/www.vkpbratislava.sk\/#organization"},"potentialAction":[{"@type":"SearchAction","target":{"@type":"EntryPoint","urlTemplate":"https:\/\/www.vkpbratislava.sk\/?s={search_term_string}"},"query-input":{"@type":"PropertyValueSpecification","valueRequired":true,"valueName":"search_term_string"}}],"inLanguage":"sk-SK"},{"@type":"Organization","@id":"https:\/\/www.vkpbratislava.sk\/#organization","name":"VKP Bratislava","url":"https:\/\/www.vkpbratislava.sk\/","logo":{"@type":"ImageObject","inLanguage":"sk-SK","@id":"https:\/\/www.vkpbratislava.sk\/#\/schema\/logo\/image\/","url":"https:\/\/www.vkpbratislava.sk\/wp-content\/uploads\/2020\/10\/vkpBA.png","contentUrl":"https:\/\/www.vkpbratislava.sk\/wp-content\/uploads\/2020\/10\/vkpBA.png","width":600,"height":600,"caption":"VKP Bratislava"},"image":{"@id":"https:\/\/www.vkpbratislava.sk\/#\/schema\/logo\/image\/"}},{"@type":"Person","@id":"https:\/\/www.vkpbratislava.sk\/#\/schema\/person\/7037e769f9515aa58493d1b5852c4c50","name":"jenca","image":{"@type":"ImageObject","inLanguage":"sk-SK","@id":"https:\/\/www.vkpbratislava.sk\/#\/schema\/person\/image\/","url":"https:\/\/secure.gravatar.com\/avatar\/67aa89e9aab2911bbd0c6fbf0a891ea8d80c207c9b6a6e2c96e13fc2f16e536d?s=96&d=mm&r=g","contentUrl":"https:\/\/secure.gravatar.com\/avatar\/67aa89e9aab2911bbd0c6fbf0a891ea8d80c207c9b6a6e2c96e13fc2f16e536d?s=96&d=mm&r=g","caption":"jenca"},"url":"https:\/\/www.vkpbratislava.sk\/?author=3"}]}},"_links":{"self":[{"href":"https:\/\/www.vkpbratislava.sk\/index.php?rest_route=\/wp\/v2\/posts\/10709","targetHints":{"allow":["GET"]}}],"collection":[{"href":"https:\/\/www.vkpbratislava.sk\/index.php?rest_route=\/wp\/v2\/posts"}],"about":[{"href":"https:\/\/www.vkpbratislava.sk\/index.php?rest_route=\/wp\/v2\/types\/post"}],"author":[{"embeddable":true,"href":"https:\/\/www.vkpbratislava.sk\/index.php?rest_route=\/wp\/v2\/users\/3"}],"replies":[{"embeddable":true,"href":"https:\/\/www.vkpbratislava.sk\/index.php?rest_route=%2Fwp%2Fv2%2Fcomments&post=10709"}],"version-history":[{"count":1,"href":"https:\/\/www.vkpbratislava.sk\/index.php?rest_route=\/wp\/v2\/posts\/10709\/revisions"}],"predecessor-version":[{"id":10710,"href":"https:\/\/www.vkpbratislava.sk\/index.php?rest_route=\/wp\/v2\/posts\/10709\/revisions\/10710"}],"wp:featuredmedia":[{"embeddable":true,"href":"https:\/\/www.vkpbratislava.sk\/index.php?rest_route=\/wp\/v2\/media\/10629"}],"wp:attachment":[{"href":"https:\/\/www.vkpbratislava.sk\/index.php?rest_route=%2Fwp%2Fv2%2Fmedia&parent=10709"}],"wp:term":[{"taxonomy":"category","embeddable":true,"href":"https:\/\/www.vkpbratislava.sk\/index.php?rest_route=%2Fwp%2Fv2%2Fcategories&post=10709"},{"taxonomy":"post_tag","embeddable":true,"href":"https:\/\/www.vkpbratislava.sk\/index.php?rest_route=%2Fwp%2Fv2%2Ftags&post=10709"}],"curies":[{"name":"wp","href":"https:\/\/api.w.org\/{rel}","templated":true}]}}