{"id":10811,"date":"2022-01-23T10:54:48","date_gmt":"2022-01-23T09:54:48","guid":{"rendered":"https:\/\/www.vkpbratislava.sk\/?p=10811"},"modified":"2022-01-23T10:54:48","modified_gmt":"2022-01-23T09:54:48","slug":"v-okliestenej-zostave-senzacny-triumf-nad-myjavou","status":"publish","type":"post","link":"https:\/\/www.vkpbratislava.sk\/?p=10811","title":{"rendered":"V oklie\u0161tenej zostave senza\u010dn\u00fd triumf nad Myjavou"},"content":{"rendered":"<p><strong>V sobot\u0148aj\u0161om z\u00e1pase extraligy zv\u00ed\u0165azili volejbalisti VKP Bratislava nad Spartakom Myjava 3:1.<\/strong><\/p>\n<p><span style=\"text-decoration: underline;\">Zauj\u00edmavosti<\/span><\/p>\n<ul>\n<li>trojica tr\u00e9nerov Mat\u00fa\u0161 Kaln\u00fd, Peter Kaln\u00fd a Juraj Ti\u0148o vypadli z t\u00edmu pre zdravotn\u00e9 probl\u00e9my, a tak z\u00e1pas viedol ml\u00e1de\u017en\u00edcky kou\u010d Jakub Hronsk\u00fd a hne\u010f si prip\u00edsal v\u00ed\u0165azstvo<\/li>\n<li>na poste libera pri absencii Pavla Kureja a Bartolomeja Jakub\u00edka zaskakoval mlad\u00fd \u0160imon \u010cerven\u00e1k a hne\u010f z\u00edskal titul najlep\u0161ieho hr\u00e1\u010da z\u00e1pasu<\/li>\n<li>s\u00faboj vynechali aj chor\u00ed Michal Truba\u010d a Andrej Billich<\/li>\n<\/ul>\n<p><strong>VKP Bratislava \u2013 TJ Spartak Myjava 3:1 (-22, 17, 25, 20)<\/strong><br \/>\nRozhodovali: Sarka a Kr\u00e1lovi\u010d, 60 div\u00e1kov<\/p>\n<p><strong>VKP: <\/strong>Kostol\u00e1ni 25, Yacoubou 16, Malina 13, Tarabus 11, Banda 5, Pre\u0161insk\u00fd 4, libero \u010cerve\u0148\u00e1k (Van\u010do 1, Jur\u00edk, Pavli\u010dko). Tr\u00e9ner: J. Hronsk\u00fd.<\/p>\n<p><strong>Hr\u00e1\u010d z\u00e1pasu za VKP:<\/strong> \u0160imon \u010cerve\u0148\u00e1k<\/p>\n<p><strong>Jakub Hronsk\u00fd, zastupuj\u00faci tr\u00e9ner VKP:<\/strong> \u201eTo, \u017ee povediem mu\u017estvo, som sa dozvedel hne\u010f, ke\u010f dohrali moje \u017eia\u010dky. V\u00a0priebehu soboty m\u00e1m na konte tri z\u00e1pasy a tri v\u00fdhry, tak\u017ee super. Cen\u00edm si v\u00ed\u0165azstvo i d\u00f4veru vo m\u0148a, preto\u017ee VKP je moja srdcovka. Som s n\u00edm spojen\u00fd odmali\u010dka. Bojovali sme, mali sme v\u00fdborn\u00fd servis, vybrali sme si jednu stranu a do nej sme i\u0161li. Zmenili sme vari\u00e1cie nahr\u00e1vky a zafungovalo to. Pomohli aj striedaj\u00faci hr\u00e1\u010di. Hviezdou z\u00e1pasu bol mlad\u00fd \u0160imon \u010cerven\u00e1k. Mal ostr\u00fa premi\u00e9ru na libere, ostrej\u0161iu ako ja, preto\u017ee ja som nemal ve\u013emi \u010do pokazi\u0165. Po tomto triumfe je dos\u0165 mo\u017en\u00e9, \u017ee si v pondelok vezmem dovolenku v pr\u00e1ci.\u201c<\/p>\n<p><strong>\u0160imon \u010cerven\u00e1k, najlep\u0161\u00ed hr\u00e1\u010d VKP:<\/strong> \u201eC\u00edtim sa ve\u013emi dobre, som \u0161\u0165astn\u00ed, \u017ee sme vyhrali. Bojovali sme aj za t\u00fdch, ktor\u00ed museli zosta\u0165 doma s\u00a0chorobou. Som r\u00e1d, \u017ee sme sa zomkli a\u00a0zv\u00ed\u0165azili. Na poste libera som hr\u00e1val v\u00a0ml\u00e1de\u017en\u00edckych kateg\u00f3ri\u00e1ch, tak\u017ee to pre m\u0148a nebola novinka. Te\u0161\u00ed ma, \u017ee som pomohol t\u00edmu k\u00a0trom bodom.\u201c<\/p>\n","protected":false},"excerpt":{"rendered":"<p>V sobot\u0148aj\u0161om z\u00e1pase extraligy zv\u00ed\u0165azili volejbalisti VKP Bratislava nad Spartakom Myjava 3:1.<\/p>\n","protected":false},"author":3,"featured_media":10762,"comment_status":"closed","ping_status":"closed","sticky":false,"template":"","format":"standard","meta":{"_monsterinsights_skip_tracking":false,"_monsterinsights_sitenote_active":false,"_monsterinsights_sitenote_note":"","_monsterinsights_sitenote_category":0,"footnotes":""},"categories":[47],"tags":[],"class_list":["post-10811","post","type-post","status-publish","format-standard","has-post-thumbnail","hentry","category-muzi"],"yoast_head":"<!-- This site is optimized with the Yoast SEO plugin v25.6 - https:\/\/yoast.com\/wordpress\/plugins\/seo\/ -->\n<title>V oklie\u0161tenej zostave senza\u010dn\u00fd triumf nad Myjavou - VK SLOVAN Bratislava<\/title>\n<meta name=\"description\" content=\"V sobot\u0148aj\u0161om z\u00e1pase extraligy zv\u00ed\u0165azili volejbalisti VKP Bratislava nad Spartakom Myjava 3:1.\" \/>\n<meta name=\"robots\" content=\"index, follow, max-snippet:-1, max-image-preview:large, max-video-preview:-1\" \/>\n<link rel=\"canonical\" href=\"https:\/\/www.vkpbratislava.sk\/?p=10811\" \/>\n<meta property=\"og:locale\" content=\"sk_SK\" \/>\n<meta property=\"og:type\" content=\"article\" \/>\n<meta property=\"og:title\" content=\"V oklie\u0161tenej zostave senza\u010dn\u00fd triumf nad Myjavou - VK SLOVAN Bratislava\" \/>\n<meta property=\"og:description\" content=\"V sobot\u0148aj\u0161om z\u00e1pase extraligy zv\u00ed\u0165azili volejbalisti VKP Bratislava nad Spartakom Myjava 3:1.\" \/>\n<meta property=\"og:url\" content=\"https:\/\/www.vkpbratislava.sk\/?p=10811\" \/>\n<meta property=\"og:site_name\" content=\"VK SLOVAN Bratislava\" \/>\n<meta property=\"article:published_time\" content=\"2022-01-23T09:54:48+00:00\" \/>\n<meta property=\"og:image\" content=\"https:\/\/www.vkpbratislava.sk\/wp-content\/uploads\/2022\/01\/DF1A8217.jpg\" \/>\n\t<meta property=\"og:image:width\" content=\"2048\" \/>\n\t<meta property=\"og:image:height\" content=\"1365\" \/>\n\t<meta property=\"og:image:type\" content=\"image\/jpeg\" \/>\n<meta name=\"author\" content=\"jenca\" \/>\n<meta name=\"twitter:card\" content=\"summary_large_image\" \/>\n<meta name=\"twitter:label1\" content=\"Autor\" \/>\n\t<meta name=\"twitter:data1\" content=\"jenca\" \/>\n\t<meta name=\"twitter:label2\" content=\"Predpokladan\u00fd \u010das \u010d\u00edtania\" \/>\n\t<meta name=\"twitter:data2\" content=\"2 min\u00faty\" \/>\n<script type=\"application\/ld+json\" class=\"yoast-schema-graph\">{\"@context\":\"https:\/\/schema.org\",\"@graph\":[{\"@type\":\"Article\",\"@id\":\"https:\/\/www.vkpbratislava.sk\/?p=10811#article\",\"isPartOf\":{\"@id\":\"https:\/\/www.vkpbratislava.sk\/?p=10811\"},\"author\":{\"name\":\"jenca\",\"@id\":\"https:\/\/www.vkpbratislava.sk\/#\/schema\/person\/7037e769f9515aa58493d1b5852c4c50\"},\"headline\":\"V oklie\u0161tenej zostave senza\u010dn\u00fd triumf nad Myjavou\",\"datePublished\":\"2022-01-23T09:54:48+00:00\",\"mainEntityOfPage\":{\"@id\":\"https:\/\/www.vkpbratislava.sk\/?p=10811\"},\"wordCount\":353,\"publisher\":{\"@id\":\"https:\/\/www.vkpbratislava.sk\/#organization\"},\"image\":{\"@id\":\"https:\/\/www.vkpbratislava.sk\/?p=10811#primaryimage\"},\"thumbnailUrl\":\"https:\/\/www.vkpbratislava.sk\/wp-content\/uploads\/2022\/01\/DF1A8217.jpg\",\"articleSection\":[\"Mu\u017ei\"],\"inLanguage\":\"sk-SK\"},{\"@type\":\"WebPage\",\"@id\":\"https:\/\/www.vkpbratislava.sk\/?p=10811\",\"url\":\"https:\/\/www.vkpbratislava.sk\/?p=10811\",\"name\":\"V oklie\u0161tenej zostave senza\u010dn\u00fd triumf nad Myjavou - VK SLOVAN Bratislava\",\"isPartOf\":{\"@id\":\"https:\/\/www.vkpbratislava.sk\/#website\"},\"primaryImageOfPage\":{\"@id\":\"https:\/\/www.vkpbratislava.sk\/?p=10811#primaryimage\"},\"image\":{\"@id\":\"https:\/\/www.vkpbratislava.sk\/?p=10811#primaryimage\"},\"thumbnailUrl\":\"https:\/\/www.vkpbratislava.sk\/wp-content\/uploads\/2022\/01\/DF1A8217.jpg\",\"datePublished\":\"2022-01-23T09:54:48+00:00\",\"description\":\"V sobot\u0148aj\u0161om z\u00e1pase extraligy zv\u00ed\u0165azili volejbalisti VKP Bratislava nad Spartakom Myjava 3:1.\",\"breadcrumb\":{\"@id\":\"https:\/\/www.vkpbratislava.sk\/?p=10811#breadcrumb\"},\"inLanguage\":\"sk-SK\",\"potentialAction\":[{\"@type\":\"ReadAction\",\"target\":[\"https:\/\/www.vkpbratislava.sk\/?p=10811\"]}]},{\"@type\":\"ImageObject\",\"inLanguage\":\"sk-SK\",\"@id\":\"https:\/\/www.vkpbratislava.sk\/?p=10811#primaryimage\",\"url\":\"https:\/\/www.vkpbratislava.sk\/wp-content\/uploads\/2022\/01\/DF1A8217.jpg\",\"contentUrl\":\"https:\/\/www.vkpbratislava.sk\/wp-content\/uploads\/2022\/01\/DF1A8217.jpg\",\"width\":2048,\"height\":1365},{\"@type\":\"BreadcrumbList\",\"@id\":\"https:\/\/www.vkpbratislava.sk\/?p=10811#breadcrumb\",\"itemListElement\":[{\"@type\":\"ListItem\",\"position\":1,\"name\":\"Domov\",\"item\":\"https:\/\/www.vkpbratislava.sk\/\"},{\"@type\":\"ListItem\",\"position\":2,\"name\":\"V oklie\u0161tenej zostave senza\u010dn\u00fd triumf nad Myjavou\"}]},{\"@type\":\"WebSite\",\"@id\":\"https:\/\/www.vkpbratislava.sk\/#website\",\"url\":\"https:\/\/www.vkpbratislava.sk\/\",\"name\":\"VK SLOVAN Bratislava\",\"description\":\"Volejbalov\u00fd klub\",\"publisher\":{\"@id\":\"https:\/\/www.vkpbratislava.sk\/#organization\"},\"potentialAction\":[{\"@type\":\"SearchAction\",\"target\":{\"@type\":\"EntryPoint\",\"urlTemplate\":\"https:\/\/www.vkpbratislava.sk\/?s={search_term_string}\"},\"query-input\":{\"@type\":\"PropertyValueSpecification\",\"valueRequired\":true,\"valueName\":\"search_term_string\"}}],\"inLanguage\":\"sk-SK\"},{\"@type\":\"Organization\",\"@id\":\"https:\/\/www.vkpbratislava.sk\/#organization\",\"name\":\"VKP Bratislava\",\"url\":\"https:\/\/www.vkpbratislava.sk\/\",\"logo\":{\"@type\":\"ImageObject\",\"inLanguage\":\"sk-SK\",\"@id\":\"https:\/\/www.vkpbratislava.sk\/#\/schema\/logo\/image\/\",\"url\":\"https:\/\/www.vkpbratislava.sk\/wp-content\/uploads\/2020\/10\/vkpBA.png\",\"contentUrl\":\"https:\/\/www.vkpbratislava.sk\/wp-content\/uploads\/2020\/10\/vkpBA.png\",\"width\":600,\"height\":600,\"caption\":\"VKP Bratislava\"},\"image\":{\"@id\":\"https:\/\/www.vkpbratislava.sk\/#\/schema\/logo\/image\/\"}},{\"@type\":\"Person\",\"@id\":\"https:\/\/www.vkpbratislava.sk\/#\/schema\/person\/7037e769f9515aa58493d1b5852c4c50\",\"name\":\"jenca\",\"image\":{\"@type\":\"ImageObject\",\"inLanguage\":\"sk-SK\",\"@id\":\"https:\/\/www.vkpbratislava.sk\/#\/schema\/person\/image\/\",\"url\":\"https:\/\/secure.gravatar.com\/avatar\/67aa89e9aab2911bbd0c6fbf0a891ea8d80c207c9b6a6e2c96e13fc2f16e536d?s=96&d=mm&r=g\",\"contentUrl\":\"https:\/\/secure.gravatar.com\/avatar\/67aa89e9aab2911bbd0c6fbf0a891ea8d80c207c9b6a6e2c96e13fc2f16e536d?s=96&d=mm&r=g\",\"caption\":\"jenca\"},\"url\":\"https:\/\/www.vkpbratislava.sk\/?author=3\"}]}<\/script>\n<!-- \/ Yoast SEO plugin. -->","yoast_head_json":{"title":"V oklie\u0161tenej zostave senza\u010dn\u00fd triumf nad Myjavou - VK SLOVAN Bratislava","description":"V sobot\u0148aj\u0161om z\u00e1pase extraligy zv\u00ed\u0165azili volejbalisti VKP Bratislava nad Spartakom Myjava 3:1.","robots":{"index":"index","follow":"follow","max-snippet":"max-snippet:-1","max-image-preview":"max-image-preview:large","max-video-preview":"max-video-preview:-1"},"canonical":"https:\/\/www.vkpbratislava.sk\/?p=10811","og_locale":"sk_SK","og_type":"article","og_title":"V oklie\u0161tenej zostave senza\u010dn\u00fd triumf nad Myjavou - VK SLOVAN Bratislava","og_description":"V sobot\u0148aj\u0161om z\u00e1pase extraligy zv\u00ed\u0165azili volejbalisti VKP Bratislava nad Spartakom Myjava 3:1.","og_url":"https:\/\/www.vkpbratislava.sk\/?p=10811","og_site_name":"VK SLOVAN Bratislava","article_published_time":"2022-01-23T09:54:48+00:00","og_image":[{"width":2048,"height":1365,"url":"https:\/\/www.vkpbratislava.sk\/wp-content\/uploads\/2022\/01\/DF1A8217.jpg","type":"image\/jpeg"}],"author":"jenca","twitter_card":"summary_large_image","twitter_misc":{"Autor":"jenca","Predpokladan\u00fd \u010das \u010d\u00edtania":"2 min\u00faty"},"schema":{"@context":"https:\/\/schema.org","@graph":[{"@type":"Article","@id":"https:\/\/www.vkpbratislava.sk\/?p=10811#article","isPartOf":{"@id":"https:\/\/www.vkpbratislava.sk\/?p=10811"},"author":{"name":"jenca","@id":"https:\/\/www.vkpbratislava.sk\/#\/schema\/person\/7037e769f9515aa58493d1b5852c4c50"},"headline":"V oklie\u0161tenej zostave senza\u010dn\u00fd triumf nad Myjavou","datePublished":"2022-01-23T09:54:48+00:00","mainEntityOfPage":{"@id":"https:\/\/www.vkpbratislava.sk\/?p=10811"},"wordCount":353,"publisher":{"@id":"https:\/\/www.vkpbratislava.sk\/#organization"},"image":{"@id":"https:\/\/www.vkpbratislava.sk\/?p=10811#primaryimage"},"thumbnailUrl":"https:\/\/www.vkpbratislava.sk\/wp-content\/uploads\/2022\/01\/DF1A8217.jpg","articleSection":["Mu\u017ei"],"inLanguage":"sk-SK"},{"@type":"WebPage","@id":"https:\/\/www.vkpbratislava.sk\/?p=10811","url":"https:\/\/www.vkpbratislava.sk\/?p=10811","name":"V oklie\u0161tenej zostave senza\u010dn\u00fd triumf nad Myjavou - VK SLOVAN Bratislava","isPartOf":{"@id":"https:\/\/www.vkpbratislava.sk\/#website"},"primaryImageOfPage":{"@id":"https:\/\/www.vkpbratislava.sk\/?p=10811#primaryimage"},"image":{"@id":"https:\/\/www.vkpbratislava.sk\/?p=10811#primaryimage"},"thumbnailUrl":"https:\/\/www.vkpbratislava.sk\/wp-content\/uploads\/2022\/01\/DF1A8217.jpg","datePublished":"2022-01-23T09:54:48+00:00","description":"V sobot\u0148aj\u0161om z\u00e1pase extraligy zv\u00ed\u0165azili volejbalisti VKP Bratislava nad Spartakom Myjava 3:1.","breadcrumb":{"@id":"https:\/\/www.vkpbratislava.sk\/?p=10811#breadcrumb"},"inLanguage":"sk-SK","potentialAction":[{"@type":"ReadAction","target":["https:\/\/www.vkpbratislava.sk\/?p=10811"]}]},{"@type":"ImageObject","inLanguage":"sk-SK","@id":"https:\/\/www.vkpbratislava.sk\/?p=10811#primaryimage","url":"https:\/\/www.vkpbratislava.sk\/wp-content\/uploads\/2022\/01\/DF1A8217.jpg","contentUrl":"https:\/\/www.vkpbratislava.sk\/wp-content\/uploads\/2022\/01\/DF1A8217.jpg","width":2048,"height":1365},{"@type":"BreadcrumbList","@id":"https:\/\/www.vkpbratislava.sk\/?p=10811#breadcrumb","itemListElement":[{"@type":"ListItem","position":1,"name":"Domov","item":"https:\/\/www.vkpbratislava.sk\/"},{"@type":"ListItem","position":2,"name":"V oklie\u0161tenej zostave senza\u010dn\u00fd triumf nad Myjavou"}]},{"@type":"WebSite","@id":"https:\/\/www.vkpbratislava.sk\/#website","url":"https:\/\/www.vkpbratislava.sk\/","name":"VK SLOVAN Bratislava","description":"Volejbalov\u00fd klub","publisher":{"@id":"https:\/\/www.vkpbratislava.sk\/#organization"},"potentialAction":[{"@type":"SearchAction","target":{"@type":"EntryPoint","urlTemplate":"https:\/\/www.vkpbratislava.sk\/?s={search_term_string}"},"query-input":{"@type":"PropertyValueSpecification","valueRequired":true,"valueName":"search_term_string"}}],"inLanguage":"sk-SK"},{"@type":"Organization","@id":"https:\/\/www.vkpbratislava.sk\/#organization","name":"VKP Bratislava","url":"https:\/\/www.vkpbratislava.sk\/","logo":{"@type":"ImageObject","inLanguage":"sk-SK","@id":"https:\/\/www.vkpbratislava.sk\/#\/schema\/logo\/image\/","url":"https:\/\/www.vkpbratislava.sk\/wp-content\/uploads\/2020\/10\/vkpBA.png","contentUrl":"https:\/\/www.vkpbratislava.sk\/wp-content\/uploads\/2020\/10\/vkpBA.png","width":600,"height":600,"caption":"VKP Bratislava"},"image":{"@id":"https:\/\/www.vkpbratislava.sk\/#\/schema\/logo\/image\/"}},{"@type":"Person","@id":"https:\/\/www.vkpbratislava.sk\/#\/schema\/person\/7037e769f9515aa58493d1b5852c4c50","name":"jenca","image":{"@type":"ImageObject","inLanguage":"sk-SK","@id":"https:\/\/www.vkpbratislava.sk\/#\/schema\/person\/image\/","url":"https:\/\/secure.gravatar.com\/avatar\/67aa89e9aab2911bbd0c6fbf0a891ea8d80c207c9b6a6e2c96e13fc2f16e536d?s=96&d=mm&r=g","contentUrl":"https:\/\/secure.gravatar.com\/avatar\/67aa89e9aab2911bbd0c6fbf0a891ea8d80c207c9b6a6e2c96e13fc2f16e536d?s=96&d=mm&r=g","caption":"jenca"},"url":"https:\/\/www.vkpbratislava.sk\/?author=3"}]}},"_links":{"self":[{"href":"https:\/\/www.vkpbratislava.sk\/index.php?rest_route=\/wp\/v2\/posts\/10811","targetHints":{"allow":["GET"]}}],"collection":[{"href":"https:\/\/www.vkpbratislava.sk\/index.php?rest_route=\/wp\/v2\/posts"}],"about":[{"href":"https:\/\/www.vkpbratislava.sk\/index.php?rest_route=\/wp\/v2\/types\/post"}],"author":[{"embeddable":true,"href":"https:\/\/www.vkpbratislava.sk\/index.php?rest_route=\/wp\/v2\/users\/3"}],"replies":[{"embeddable":true,"href":"https:\/\/www.vkpbratislava.sk\/index.php?rest_route=%2Fwp%2Fv2%2Fcomments&post=10811"}],"version-history":[{"count":1,"href":"https:\/\/www.vkpbratislava.sk\/index.php?rest_route=\/wp\/v2\/posts\/10811\/revisions"}],"predecessor-version":[{"id":10812,"href":"https:\/\/www.vkpbratislava.sk\/index.php?rest_route=\/wp\/v2\/posts\/10811\/revisions\/10812"}],"wp:featuredmedia":[{"embeddable":true,"href":"https:\/\/www.vkpbratislava.sk\/index.php?rest_route=\/wp\/v2\/media\/10762"}],"wp:attachment":[{"href":"https:\/\/www.vkpbratislava.sk\/index.php?rest_route=%2Fwp%2Fv2%2Fmedia&parent=10811"}],"wp:term":[{"taxonomy":"category","embeddable":true,"href":"https:\/\/www.vkpbratislava.sk\/index.php?rest_route=%2Fwp%2Fv2%2Fcategories&post=10811"},{"taxonomy":"post_tag","embeddable":true,"href":"https:\/\/www.vkpbratislava.sk\/index.php?rest_route=%2Fwp%2Fv2%2Ftags&post=10811"}],"curies":[{"name":"wp","href":"https:\/\/api.w.org\/{rel}","templated":true}]}}