{"id":10827,"date":"2022-01-29T22:14:37","date_gmt":"2022-01-29T21:14:37","guid":{"rendered":"https:\/\/www.vkpbratislava.sk\/?p=10827"},"modified":"2022-01-29T22:14:37","modified_gmt":"2022-01-29T21:14:37","slug":"zapas-sa-lamal-v-koncovkach-lepsie-ich-zvladol-aich-dob","status":"publish","type":"post","link":"https:\/\/www.vkpbratislava.sk\/?p=10827","title":{"rendered":"Z\u00e1pas sa l\u00e1mal v koncovk\u00e1ch, lep\u0161ie ich zvl\u00e1dol Aich\/Dob"},"content":{"rendered":"<p><strong>Volejbalisti VKP Bratislava napriek pretrv\u00e1vaj\u00facej mar\u00f3dke niektor\u00fdch hr\u00e1\u010dov a \u010dlenov realiza\u010dn\u00e9ho t\u00edmu nast\u00fapili na s\u00faboj Stredoeur\u00f3pskej ligy MEVZA proti rak\u00faskemu SK Zadruga Aich\/Dob a napriek vyrovnan\u00e9mu priebehu prehrali 1:3.<\/strong><\/p>\n<p><strong>VKP Bratislava SK &#8211; Zadruga Aich\/Dob (Rak.) 1:3 (-21, 18, -23, -23)<\/strong><br \/>\nRozhodovali: Buchar a Hladi\u0161ov\u00e1 (obaja \u010cesko.), 82 div\u00e1kov.<\/p>\n<p><strong>VKP:<\/strong> Kostol\u00e1ni 21, Yacoubou 18, Tarabus 11, Billich 7, Malina 6<strong>, <\/strong>Banda, libero Kurej (Van\u010do, Pavli\u010dko 2). Tr\u00e9ner: M. Kaln\u00fd.<\/p>\n<p><strong>Mat\u00fa\u0161 Kaln\u00fd, tr\u00e9ner VKP:<\/strong> \u201eMali sme hor\u0161\u00ed za\u010diatok, ale druh\u00fd set bol v\u00a0na\u0161ej r\u00e9\u017eii. \u0160koda koncoviek v\u00a0tre\u0165om a\u00a0\u0161tvrtom sete, ktor\u00e9 sme prehrali na 23 bodov. Tento z\u00e1pase sme mohli a\u00a0mali vyhra\u0165.\u201c<\/p>\n","protected":false},"excerpt":{"rendered":"<p>Volejbalisti VKP Bratislava napriek pretrv\u00e1vaj\u00facej mar\u00f3dke niektor\u00fdch hr\u00e1\u010dov a \u010dlenov realiza\u010dn\u00e9ho t\u00edmu nast\u00fapili na s\u00faboj Stredoeur\u00f3pskej ligy MEVZA proti rak\u00faskemu SK Zadruga Aich\/Dob a napriek vyrovnan\u00e9mu priebehu prehrali 1:3.<\/p>\n","protected":false},"author":3,"featured_media":10829,"comment_status":"closed","ping_status":"closed","sticky":false,"template":"","format":"standard","meta":{"_monsterinsights_skip_tracking":false,"_monsterinsights_sitenote_active":false,"_monsterinsights_sitenote_note":"","_monsterinsights_sitenote_category":0,"footnotes":""},"categories":[47],"tags":[],"class_list":["post-10827","post","type-post","status-publish","format-standard","has-post-thumbnail","hentry","category-muzi"],"yoast_head":"<!-- This site is optimized with the Yoast SEO plugin v25.6 - https:\/\/yoast.com\/wordpress\/plugins\/seo\/ -->\n<title>Z\u00e1pas sa l\u00e1mal v koncovk\u00e1ch, lep\u0161ie ich zvl\u00e1dol Aich\/Dob - VK SLOVAN Bratislava<\/title>\n<meta name=\"description\" content=\"Volejbalisti VKP Bratislava napriek pretrv\u00e1vaj\u00facej mar\u00f3dke niektor\u00fdch hr\u00e1\u010dov a \u010dlenov realiza\u010dn\u00e9ho t\u00edmu nast\u00fapili na s\u00faboj Stredoeur\u00f3pskej ligy MEVZA proti rak\u00faskemu SK Zadruga Aich\/Dob a napriek vyrovnan\u00e9mu priebehu prehrali 1:3.\" \/>\n<meta name=\"robots\" content=\"index, follow, max-snippet:-1, max-image-preview:large, max-video-preview:-1\" \/>\n<link rel=\"canonical\" href=\"https:\/\/www.vkpbratislava.sk\/?p=10827\" \/>\n<meta property=\"og:locale\" content=\"sk_SK\" \/>\n<meta property=\"og:type\" content=\"article\" \/>\n<meta property=\"og:title\" content=\"Z\u00e1pas sa l\u00e1mal v koncovk\u00e1ch, lep\u0161ie ich zvl\u00e1dol Aich\/Dob - VK SLOVAN Bratislava\" \/>\n<meta property=\"og:description\" content=\"Volejbalisti VKP Bratislava napriek pretrv\u00e1vaj\u00facej mar\u00f3dke niektor\u00fdch hr\u00e1\u010dov a \u010dlenov realiza\u010dn\u00e9ho t\u00edmu nast\u00fapili na s\u00faboj Stredoeur\u00f3pskej ligy MEVZA proti rak\u00faskemu SK Zadruga Aich\/Dob a napriek vyrovnan\u00e9mu priebehu prehrali 1:3.\" \/>\n<meta property=\"og:url\" content=\"https:\/\/www.vkpbratislava.sk\/?p=10827\" \/>\n<meta property=\"og:site_name\" content=\"VK SLOVAN Bratislava\" \/>\n<meta property=\"article:published_time\" content=\"2022-01-29T21:14:37+00:00\" \/>\n<meta property=\"og:image\" content=\"https:\/\/www.vkpbratislava.sk\/wp-content\/uploads\/2022\/01\/DF1A8615.jpg\" \/>\n\t<meta property=\"og:image:width\" content=\"2048\" \/>\n\t<meta property=\"og:image:height\" content=\"1365\" \/>\n\t<meta property=\"og:image:type\" content=\"image\/jpeg\" \/>\n<meta name=\"author\" content=\"jenca\" \/>\n<meta name=\"twitter:card\" content=\"summary_large_image\" \/>\n<meta name=\"twitter:label1\" content=\"Autor\" \/>\n\t<meta name=\"twitter:data1\" content=\"jenca\" \/>\n\t<meta name=\"twitter:label2\" content=\"Predpokladan\u00fd \u010das \u010d\u00edtania\" \/>\n\t<meta name=\"twitter:data2\" content=\"1 min\u00fata\" \/>\n<script type=\"application\/ld+json\" class=\"yoast-schema-graph\">{\"@context\":\"https:\/\/schema.org\",\"@graph\":[{\"@type\":\"Article\",\"@id\":\"https:\/\/www.vkpbratislava.sk\/?p=10827#article\",\"isPartOf\":{\"@id\":\"https:\/\/www.vkpbratislava.sk\/?p=10827\"},\"author\":{\"name\":\"jenca\",\"@id\":\"https:\/\/www.vkpbratislava.sk\/#\/schema\/person\/7037e769f9515aa58493d1b5852c4c50\"},\"headline\":\"Z\u00e1pas sa l\u00e1mal v koncovk\u00e1ch, lep\u0161ie ich zvl\u00e1dol Aich\/Dob\",\"datePublished\":\"2022-01-29T21:14:37+00:00\",\"mainEntityOfPage\":{\"@id\":\"https:\/\/www.vkpbratislava.sk\/?p=10827\"},\"wordCount\":135,\"publisher\":{\"@id\":\"https:\/\/www.vkpbratislava.sk\/#organization\"},\"image\":{\"@id\":\"https:\/\/www.vkpbratislava.sk\/?p=10827#primaryimage\"},\"thumbnailUrl\":\"https:\/\/www.vkpbratislava.sk\/wp-content\/uploads\/2022\/01\/DF1A8615.jpg\",\"articleSection\":[\"Mu\u017ei\"],\"inLanguage\":\"sk-SK\"},{\"@type\":\"WebPage\",\"@id\":\"https:\/\/www.vkpbratislava.sk\/?p=10827\",\"url\":\"https:\/\/www.vkpbratislava.sk\/?p=10827\",\"name\":\"Z\u00e1pas sa l\u00e1mal v koncovk\u00e1ch, lep\u0161ie ich zvl\u00e1dol Aich\/Dob - VK SLOVAN Bratislava\",\"isPartOf\":{\"@id\":\"https:\/\/www.vkpbratislava.sk\/#website\"},\"primaryImageOfPage\":{\"@id\":\"https:\/\/www.vkpbratislava.sk\/?p=10827#primaryimage\"},\"image\":{\"@id\":\"https:\/\/www.vkpbratislava.sk\/?p=10827#primaryimage\"},\"thumbnailUrl\":\"https:\/\/www.vkpbratislava.sk\/wp-content\/uploads\/2022\/01\/DF1A8615.jpg\",\"datePublished\":\"2022-01-29T21:14:37+00:00\",\"description\":\"Volejbalisti VKP Bratislava napriek pretrv\u00e1vaj\u00facej mar\u00f3dke niektor\u00fdch hr\u00e1\u010dov a \u010dlenov realiza\u010dn\u00e9ho t\u00edmu nast\u00fapili na s\u00faboj Stredoeur\u00f3pskej ligy MEVZA proti rak\u00faskemu SK Zadruga Aich\/Dob a napriek vyrovnan\u00e9mu priebehu prehrali 1:3.\",\"breadcrumb\":{\"@id\":\"https:\/\/www.vkpbratislava.sk\/?p=10827#breadcrumb\"},\"inLanguage\":\"sk-SK\",\"potentialAction\":[{\"@type\":\"ReadAction\",\"target\":[\"https:\/\/www.vkpbratislava.sk\/?p=10827\"]}]},{\"@type\":\"ImageObject\",\"inLanguage\":\"sk-SK\",\"@id\":\"https:\/\/www.vkpbratislava.sk\/?p=10827#primaryimage\",\"url\":\"https:\/\/www.vkpbratislava.sk\/wp-content\/uploads\/2022\/01\/DF1A8615.jpg\",\"contentUrl\":\"https:\/\/www.vkpbratislava.sk\/wp-content\/uploads\/2022\/01\/DF1A8615.jpg\",\"width\":2048,\"height\":1365},{\"@type\":\"BreadcrumbList\",\"@id\":\"https:\/\/www.vkpbratislava.sk\/?p=10827#breadcrumb\",\"itemListElement\":[{\"@type\":\"ListItem\",\"position\":1,\"name\":\"Domov\",\"item\":\"https:\/\/www.vkpbratislava.sk\/\"},{\"@type\":\"ListItem\",\"position\":2,\"name\":\"Z\u00e1pas sa l\u00e1mal v koncovk\u00e1ch, lep\u0161ie ich zvl\u00e1dol Aich\/Dob\"}]},{\"@type\":\"WebSite\",\"@id\":\"https:\/\/www.vkpbratislava.sk\/#website\",\"url\":\"https:\/\/www.vkpbratislava.sk\/\",\"name\":\"VK SLOVAN Bratislava\",\"description\":\"Volejbalov\u00fd klub\",\"publisher\":{\"@id\":\"https:\/\/www.vkpbratislava.sk\/#organization\"},\"potentialAction\":[{\"@type\":\"SearchAction\",\"target\":{\"@type\":\"EntryPoint\",\"urlTemplate\":\"https:\/\/www.vkpbratislava.sk\/?s={search_term_string}\"},\"query-input\":{\"@type\":\"PropertyValueSpecification\",\"valueRequired\":true,\"valueName\":\"search_term_string\"}}],\"inLanguage\":\"sk-SK\"},{\"@type\":\"Organization\",\"@id\":\"https:\/\/www.vkpbratislava.sk\/#organization\",\"name\":\"VKP Bratislava\",\"url\":\"https:\/\/www.vkpbratislava.sk\/\",\"logo\":{\"@type\":\"ImageObject\",\"inLanguage\":\"sk-SK\",\"@id\":\"https:\/\/www.vkpbratislava.sk\/#\/schema\/logo\/image\/\",\"url\":\"https:\/\/www.vkpbratislava.sk\/wp-content\/uploads\/2020\/10\/vkpBA.png\",\"contentUrl\":\"https:\/\/www.vkpbratislava.sk\/wp-content\/uploads\/2020\/10\/vkpBA.png\",\"width\":600,\"height\":600,\"caption\":\"VKP Bratislava\"},\"image\":{\"@id\":\"https:\/\/www.vkpbratislava.sk\/#\/schema\/logo\/image\/\"}},{\"@type\":\"Person\",\"@id\":\"https:\/\/www.vkpbratislava.sk\/#\/schema\/person\/7037e769f9515aa58493d1b5852c4c50\",\"name\":\"jenca\",\"image\":{\"@type\":\"ImageObject\",\"inLanguage\":\"sk-SK\",\"@id\":\"https:\/\/www.vkpbratislava.sk\/#\/schema\/person\/image\/\",\"url\":\"https:\/\/secure.gravatar.com\/avatar\/67aa89e9aab2911bbd0c6fbf0a891ea8d80c207c9b6a6e2c96e13fc2f16e536d?s=96&d=mm&r=g\",\"contentUrl\":\"https:\/\/secure.gravatar.com\/avatar\/67aa89e9aab2911bbd0c6fbf0a891ea8d80c207c9b6a6e2c96e13fc2f16e536d?s=96&d=mm&r=g\",\"caption\":\"jenca\"},\"url\":\"https:\/\/www.vkpbratislava.sk\/?author=3\"}]}<\/script>\n<!-- \/ Yoast SEO plugin. -->","yoast_head_json":{"title":"Z\u00e1pas sa l\u00e1mal v koncovk\u00e1ch, lep\u0161ie ich zvl\u00e1dol Aich\/Dob - VK SLOVAN Bratislava","description":"Volejbalisti VKP Bratislava napriek pretrv\u00e1vaj\u00facej mar\u00f3dke niektor\u00fdch hr\u00e1\u010dov a \u010dlenov realiza\u010dn\u00e9ho t\u00edmu nast\u00fapili na s\u00faboj Stredoeur\u00f3pskej ligy MEVZA proti rak\u00faskemu SK Zadruga Aich\/Dob a napriek vyrovnan\u00e9mu priebehu prehrali 1:3.","robots":{"index":"index","follow":"follow","max-snippet":"max-snippet:-1","max-image-preview":"max-image-preview:large","max-video-preview":"max-video-preview:-1"},"canonical":"https:\/\/www.vkpbratislava.sk\/?p=10827","og_locale":"sk_SK","og_type":"article","og_title":"Z\u00e1pas sa l\u00e1mal v koncovk\u00e1ch, lep\u0161ie ich zvl\u00e1dol Aich\/Dob - VK SLOVAN Bratislava","og_description":"Volejbalisti VKP Bratislava napriek pretrv\u00e1vaj\u00facej mar\u00f3dke niektor\u00fdch hr\u00e1\u010dov a \u010dlenov realiza\u010dn\u00e9ho t\u00edmu nast\u00fapili na s\u00faboj Stredoeur\u00f3pskej ligy MEVZA proti rak\u00faskemu SK Zadruga Aich\/Dob a napriek vyrovnan\u00e9mu priebehu prehrali 1:3.","og_url":"https:\/\/www.vkpbratislava.sk\/?p=10827","og_site_name":"VK SLOVAN Bratislava","article_published_time":"2022-01-29T21:14:37+00:00","og_image":[{"width":2048,"height":1365,"url":"https:\/\/www.vkpbratislava.sk\/wp-content\/uploads\/2022\/01\/DF1A8615.jpg","type":"image\/jpeg"}],"author":"jenca","twitter_card":"summary_large_image","twitter_misc":{"Autor":"jenca","Predpokladan\u00fd \u010das \u010d\u00edtania":"1 min\u00fata"},"schema":{"@context":"https:\/\/schema.org","@graph":[{"@type":"Article","@id":"https:\/\/www.vkpbratislava.sk\/?p=10827#article","isPartOf":{"@id":"https:\/\/www.vkpbratislava.sk\/?p=10827"},"author":{"name":"jenca","@id":"https:\/\/www.vkpbratislava.sk\/#\/schema\/person\/7037e769f9515aa58493d1b5852c4c50"},"headline":"Z\u00e1pas sa l\u00e1mal v koncovk\u00e1ch, lep\u0161ie ich zvl\u00e1dol Aich\/Dob","datePublished":"2022-01-29T21:14:37+00:00","mainEntityOfPage":{"@id":"https:\/\/www.vkpbratislava.sk\/?p=10827"},"wordCount":135,"publisher":{"@id":"https:\/\/www.vkpbratislava.sk\/#organization"},"image":{"@id":"https:\/\/www.vkpbratislava.sk\/?p=10827#primaryimage"},"thumbnailUrl":"https:\/\/www.vkpbratislava.sk\/wp-content\/uploads\/2022\/01\/DF1A8615.jpg","articleSection":["Mu\u017ei"],"inLanguage":"sk-SK"},{"@type":"WebPage","@id":"https:\/\/www.vkpbratislava.sk\/?p=10827","url":"https:\/\/www.vkpbratislava.sk\/?p=10827","name":"Z\u00e1pas sa l\u00e1mal v koncovk\u00e1ch, lep\u0161ie ich zvl\u00e1dol Aich\/Dob - VK SLOVAN Bratislava","isPartOf":{"@id":"https:\/\/www.vkpbratislava.sk\/#website"},"primaryImageOfPage":{"@id":"https:\/\/www.vkpbratislava.sk\/?p=10827#primaryimage"},"image":{"@id":"https:\/\/www.vkpbratislava.sk\/?p=10827#primaryimage"},"thumbnailUrl":"https:\/\/www.vkpbratislava.sk\/wp-content\/uploads\/2022\/01\/DF1A8615.jpg","datePublished":"2022-01-29T21:14:37+00:00","description":"Volejbalisti VKP Bratislava napriek pretrv\u00e1vaj\u00facej mar\u00f3dke niektor\u00fdch hr\u00e1\u010dov a \u010dlenov realiza\u010dn\u00e9ho t\u00edmu nast\u00fapili na s\u00faboj Stredoeur\u00f3pskej ligy MEVZA proti rak\u00faskemu SK Zadruga Aich\/Dob a napriek vyrovnan\u00e9mu priebehu prehrali 1:3.","breadcrumb":{"@id":"https:\/\/www.vkpbratislava.sk\/?p=10827#breadcrumb"},"inLanguage":"sk-SK","potentialAction":[{"@type":"ReadAction","target":["https:\/\/www.vkpbratislava.sk\/?p=10827"]}]},{"@type":"ImageObject","inLanguage":"sk-SK","@id":"https:\/\/www.vkpbratislava.sk\/?p=10827#primaryimage","url":"https:\/\/www.vkpbratislava.sk\/wp-content\/uploads\/2022\/01\/DF1A8615.jpg","contentUrl":"https:\/\/www.vkpbratislava.sk\/wp-content\/uploads\/2022\/01\/DF1A8615.jpg","width":2048,"height":1365},{"@type":"BreadcrumbList","@id":"https:\/\/www.vkpbratislava.sk\/?p=10827#breadcrumb","itemListElement":[{"@type":"ListItem","position":1,"name":"Domov","item":"https:\/\/www.vkpbratislava.sk\/"},{"@type":"ListItem","position":2,"name":"Z\u00e1pas sa l\u00e1mal v koncovk\u00e1ch, lep\u0161ie ich zvl\u00e1dol Aich\/Dob"}]},{"@type":"WebSite","@id":"https:\/\/www.vkpbratislava.sk\/#website","url":"https:\/\/www.vkpbratislava.sk\/","name":"VK SLOVAN Bratislava","description":"Volejbalov\u00fd klub","publisher":{"@id":"https:\/\/www.vkpbratislava.sk\/#organization"},"potentialAction":[{"@type":"SearchAction","target":{"@type":"EntryPoint","urlTemplate":"https:\/\/www.vkpbratislava.sk\/?s={search_term_string}"},"query-input":{"@type":"PropertyValueSpecification","valueRequired":true,"valueName":"search_term_string"}}],"inLanguage":"sk-SK"},{"@type":"Organization","@id":"https:\/\/www.vkpbratislava.sk\/#organization","name":"VKP Bratislava","url":"https:\/\/www.vkpbratislava.sk\/","logo":{"@type":"ImageObject","inLanguage":"sk-SK","@id":"https:\/\/www.vkpbratislava.sk\/#\/schema\/logo\/image\/","url":"https:\/\/www.vkpbratislava.sk\/wp-content\/uploads\/2020\/10\/vkpBA.png","contentUrl":"https:\/\/www.vkpbratislava.sk\/wp-content\/uploads\/2020\/10\/vkpBA.png","width":600,"height":600,"caption":"VKP Bratislava"},"image":{"@id":"https:\/\/www.vkpbratislava.sk\/#\/schema\/logo\/image\/"}},{"@type":"Person","@id":"https:\/\/www.vkpbratislava.sk\/#\/schema\/person\/7037e769f9515aa58493d1b5852c4c50","name":"jenca","image":{"@type":"ImageObject","inLanguage":"sk-SK","@id":"https:\/\/www.vkpbratislava.sk\/#\/schema\/person\/image\/","url":"https:\/\/secure.gravatar.com\/avatar\/67aa89e9aab2911bbd0c6fbf0a891ea8d80c207c9b6a6e2c96e13fc2f16e536d?s=96&d=mm&r=g","contentUrl":"https:\/\/secure.gravatar.com\/avatar\/67aa89e9aab2911bbd0c6fbf0a891ea8d80c207c9b6a6e2c96e13fc2f16e536d?s=96&d=mm&r=g","caption":"jenca"},"url":"https:\/\/www.vkpbratislava.sk\/?author=3"}]}},"_links":{"self":[{"href":"https:\/\/www.vkpbratislava.sk\/index.php?rest_route=\/wp\/v2\/posts\/10827","targetHints":{"allow":["GET"]}}],"collection":[{"href":"https:\/\/www.vkpbratislava.sk\/index.php?rest_route=\/wp\/v2\/posts"}],"about":[{"href":"https:\/\/www.vkpbratislava.sk\/index.php?rest_route=\/wp\/v2\/types\/post"}],"author":[{"embeddable":true,"href":"https:\/\/www.vkpbratislava.sk\/index.php?rest_route=\/wp\/v2\/users\/3"}],"replies":[{"embeddable":true,"href":"https:\/\/www.vkpbratislava.sk\/index.php?rest_route=%2Fwp%2Fv2%2Fcomments&post=10827"}],"version-history":[{"count":1,"href":"https:\/\/www.vkpbratislava.sk\/index.php?rest_route=\/wp\/v2\/posts\/10827\/revisions"}],"predecessor-version":[{"id":10831,"href":"https:\/\/www.vkpbratislava.sk\/index.php?rest_route=\/wp\/v2\/posts\/10827\/revisions\/10831"}],"wp:featuredmedia":[{"embeddable":true,"href":"https:\/\/www.vkpbratislava.sk\/index.php?rest_route=\/wp\/v2\/media\/10829"}],"wp:attachment":[{"href":"https:\/\/www.vkpbratislava.sk\/index.php?rest_route=%2Fwp%2Fv2%2Fmedia&parent=10827"}],"wp:term":[{"taxonomy":"category","embeddable":true,"href":"https:\/\/www.vkpbratislava.sk\/index.php?rest_route=%2Fwp%2Fv2%2Fcategories&post=10827"},{"taxonomy":"post_tag","embeddable":true,"href":"https:\/\/www.vkpbratislava.sk\/index.php?rest_route=%2Fwp%2Fv2%2Ftags&post=10827"}],"curies":[{"name":"wp","href":"https:\/\/api.w.org\/{rel}","templated":true}]}}