{"id":10972,"date":"2022-02-02T13:00:50","date_gmt":"2022-02-02T12:00:50","guid":{"rendered":"https:\/\/www.vkpbratislava.sk\/?p=10972"},"modified":"2022-02-02T13:27:57","modified_gmt":"2022-02-02T12:27:57","slug":"v-klube-koncia-treneri-kalni-muzov-povedie-juraj-tino","status":"publish","type":"post","link":"https:\/\/www.vkpbratislava.sk\/?p=10972","title":{"rendered":"V\u00a0klube kon\u010dia tr\u00e9neri Kaln\u00ed, mu\u017eov povedie Juraj Ti\u0148o"},"content":{"rendered":"<p><strong>Vedenie volejbalov\u00e9ho klubu VKP Bratislava sa rozhodlo pre zmeny v\u00a0realiza\u010dnom t\u00edme mu\u017eov. V\u00a0klube kon\u010d\u00ed hlavn\u00fd tr\u00e9ner Mat\u00fa\u0161 Kaln\u00fd i\u00a0\u0161portov\u00fd riadite\u013e Peter Kaln\u00fd, ktor\u00fd zast\u00e1val aj poz\u00edciu asistenta tr\u00e9nera.<\/strong><\/p>\n<p>Obaja pri\u0161li do t\u00edmu pred aktu\u00e1lnou sez\u00f3nou. V\u00a013-tich z\u00e1pasoch Nik\u00e9 extraligy z\u00edskali 17 bodov a\u00a0v\u00a012-tich z\u00e1pasoch Stredoeur\u00f3pskej ligy MEVZA vyhrali jeden s\u00faboj, \u010do viedlo funkcion\u00e1rov klubu urobi\u0165 z\u00e1sadn\u00e9 rozhodnutie. \u201eNebolo to jednoduch\u00e9. Mat\u00fa\u0161 Kaln\u00fd i\u00a0Peter Kaln\u00fd odviedli skvel\u00fa robotu v\u00a0tr\u00e9ningovom procese. V\u00a0 z\u00e1pasoch extraligy sme v\u0161ak o\u010dak\u00e1vali vy\u0161\u0161\u00ed bodov\u00fd zisk a\u00a0po dlhej \u00favahe sme dospeli k\u00a0tomu, \u017ee mus\u00ed pr\u00eds\u0165 k\u00a0zmen\u00e1m v\u00a0realiza\u010dnom t\u00edme. Chcel by som obidvom tr\u00e9nerom po\u010fakova\u0165 za pr\u00e1cu vo VKP a\u00a0za\u017eela\u0165 im ve\u013ea \u00faspechov v ich \u010fal\u0161ej \u0161portovej kari\u00e9re i\u00a0s\u00fakromnom \u017eivote,\u201c povedal viceprezident VKP Eduard Hronsk\u00fd.<\/p>\n<p><img loading=\"lazy\" decoding=\"async\" class=\"alignnone wp-image-10973\" src=\"https:\/\/www.vkpbratislava.sk\/wp-content\/uploads\/2022\/02\/dak-p-kalny-640x640.jpg\" alt=\"\" width=\"282\" height=\"282\" srcset=\"https:\/\/www.vkpbratislava.sk\/wp-content\/uploads\/2022\/02\/dak-p-kalny-640x640.jpg 640w, https:\/\/www.vkpbratislava.sk\/wp-content\/uploads\/2022\/02\/dak-p-kalny-160x160.jpg 160w, https:\/\/www.vkpbratislava.sk\/wp-content\/uploads\/2022\/02\/dak-p-kalny-768x768.jpg 768w, https:\/\/www.vkpbratislava.sk\/wp-content\/uploads\/2022\/02\/dak-p-kalny-320x320.jpg 320w, https:\/\/www.vkpbratislava.sk\/wp-content\/uploads\/2022\/02\/dak-p-kalny-600x600.jpg 600w, https:\/\/www.vkpbratislava.sk\/wp-content\/uploads\/2022\/02\/dak-p-kalny-100x100.jpg 100w, https:\/\/www.vkpbratislava.sk\/wp-content\/uploads\/2022\/02\/dak-p-kalny.jpg 800w\" sizes=\"auto, (max-width: 282px) 100vw, 282px\" \/> <img loading=\"lazy\" decoding=\"async\" class=\"alignnone wp-image-10974\" src=\"https:\/\/www.vkpbratislava.sk\/wp-content\/uploads\/2022\/02\/dak-p-kalny2-640x640.jpg\" alt=\"\" width=\"282\" height=\"282\" srcset=\"https:\/\/www.vkpbratislava.sk\/wp-content\/uploads\/2022\/02\/dak-p-kalny2-640x640.jpg 640w, https:\/\/www.vkpbratislava.sk\/wp-content\/uploads\/2022\/02\/dak-p-kalny2-160x160.jpg 160w, https:\/\/www.vkpbratislava.sk\/wp-content\/uploads\/2022\/02\/dak-p-kalny2-768x768.jpg 768w, https:\/\/www.vkpbratislava.sk\/wp-content\/uploads\/2022\/02\/dak-p-kalny2-320x320.jpg 320w, https:\/\/www.vkpbratislava.sk\/wp-content\/uploads\/2022\/02\/dak-p-kalny2-600x600.jpg 600w, https:\/\/www.vkpbratislava.sk\/wp-content\/uploads\/2022\/02\/dak-p-kalny2-100x100.jpg 100w, https:\/\/www.vkpbratislava.sk\/wp-content\/uploads\/2022\/02\/dak-p-kalny2.jpg 800w\" sizes=\"auto, (max-width: 282px) 100vw, 282px\" \/><\/p>\n<p>Do konca sez\u00f3ny povedie mu\u017estvo druh\u00fd asistent a\u00a0ml\u00e1de\u017en\u00edcky tr\u00e9ner Juraj Ti\u0148o. \u201eDohodli sme sa, \u017ee prevezme mu\u017estvo do konca aktu\u00e1lnej sez\u00f3ny. V tejto chv\u00edli sme nechceli h\u013eada\u0165 tr\u00e9nera, ktor\u00fd by si musel zvyka\u0165 na nov\u00e9 prostredie a\u00a0oboznamova\u0165 sa s\u00a0hr\u00e1\u010dmi, preto\u017ee n\u00e1s \u010dak\u00e1 vrchol sez\u00f3ny. Juraj Ti\u0148o detailne pozn\u00e1 hr\u00e1\u010dov, bol pri t\u00edme, s\u00a0niektor\u00fdmi pracoval pri ml\u00e1de\u017ei a\u00a0m\u00f4\u017ee kontinu\u00e1lne nadviaza\u0165 na pr\u00e1cu Mat\u00fa\u0161a Kaln\u00e9ho,\u201c doplnil Eduard Hronsk\u00fd.<\/p>\n<p>\u201e\u010eakujem klubu za d\u00f4veru a\u00a0pr\u00edle\u017eitos\u0165. VKP je moja srdcovka, tu som volejbalovo vyr\u00e1stol a sprav\u00edm maximum pre to, aby sme naplnili ciele, ktor\u00e9 sme si stanovili pred sez\u00f3nou. Som presved\u010den\u00fd, \u017ee s\u00fa\u010dasn\u00fd k\u00e1der m\u00e1 silu na to, aby sa to podarilo,\u201c povedal novovymenovan\u00fd kormideln\u00edk Juraj Ti\u0148o, ktor\u00fd u\u017e povedie aj dne\u0161n\u00fd z\u00e1pas Stredoeur\u00f3pskej ligy MEVZA proti HAOK Mladost Z\u00e1hreb (16.00 h).<\/p>\n<p><img loading=\"lazy\" decoding=\"async\" class=\"alignnone size-medium wp-image-10852\" src=\"https:\/\/www.vkpbratislava.sk\/wp-content\/uploads\/2022\/01\/DF1A8366-640x427.jpg\" alt=\"\" width=\"640\" height=\"427\" srcset=\"https:\/\/www.vkpbratislava.sk\/wp-content\/uploads\/2022\/01\/DF1A8366-640x427.jpg 640w, https:\/\/www.vkpbratislava.sk\/wp-content\/uploads\/2022\/01\/DF1A8366-1280x853.jpg 1280w, https:\/\/www.vkpbratislava.sk\/wp-content\/uploads\/2022\/01\/DF1A8366-768x512.jpg 768w, https:\/\/www.vkpbratislava.sk\/wp-content\/uploads\/2022\/01\/DF1A8366-1536x1024.jpg 1536w, https:\/\/www.vkpbratislava.sk\/wp-content\/uploads\/2022\/01\/DF1A8366-320x213.jpg 320w, https:\/\/www.vkpbratislava.sk\/wp-content\/uploads\/2022\/01\/DF1A8366-600x400.jpg 600w, https:\/\/www.vkpbratislava.sk\/wp-content\/uploads\/2022\/01\/DF1A8366.jpg 2048w\" sizes=\"auto, (max-width: 640px) 100vw, 640px\" \/><\/p>\n","protected":false},"excerpt":{"rendered":"<p>V\u00a0klube VKP Bratislava kon\u010d\u00ed hlavn\u00fd tr\u00e9ner Mat\u00fa\u0161 Kaln\u00fd i\u00a0\u0161portov\u00fd riadite\u013e Peter Kaln\u00fd, ktor\u00fd zast\u00e1val aj poz\u00edciu asistenta tr\u00e9nera. Mu\u017estvo do konca sez\u00f3ny povedie Juraj Ti\u0148o.<\/p>\n","protected":false},"author":3,"featured_media":10966,"comment_status":"closed","ping_status":"closed","sticky":false,"template":"","format":"standard","meta":{"_monsterinsights_skip_tracking":false,"_monsterinsights_sitenote_active":false,"_monsterinsights_sitenote_note":"","_monsterinsights_sitenote_category":0,"footnotes":""},"categories":[47],"tags":[],"class_list":["post-10972","post","type-post","status-publish","format-standard","has-post-thumbnail","hentry","category-muzi"],"yoast_head":"<!-- This site is optimized with the Yoast SEO plugin v25.6 - https:\/\/yoast.com\/wordpress\/plugins\/seo\/ -->\n<title>V\u00a0klube kon\u010dia tr\u00e9neri Kaln\u00ed, mu\u017eov povedie Juraj Ti\u0148o - VK SLOVAN Bratislava<\/title>\n<meta name=\"description\" content=\"V\u00a0klube VKP Bratislava kon\u010d\u00ed hlavn\u00fd tr\u00e9ner Mat\u00fa\u0161 Kaln\u00fd i\u00a0\u0161portov\u00fd riadite\u013e Peter Kaln\u00fd, ktor\u00fd zast\u00e1val aj poz\u00edciu asistenta tr\u00e9nera.\" \/>\n<meta name=\"robots\" content=\"index, follow, max-snippet:-1, max-image-preview:large, max-video-preview:-1\" \/>\n<link rel=\"canonical\" href=\"https:\/\/www.vkpbratislava.sk\/?p=10972\" \/>\n<meta property=\"og:locale\" content=\"sk_SK\" \/>\n<meta property=\"og:type\" content=\"article\" \/>\n<meta property=\"og:title\" content=\"V\u00a0klube kon\u010dia tr\u00e9neri Kaln\u00ed, mu\u017eov povedie Juraj Ti\u0148o - VK SLOVAN Bratislava\" \/>\n<meta property=\"og:description\" content=\"V\u00a0klube VKP Bratislava kon\u010d\u00ed hlavn\u00fd tr\u00e9ner Mat\u00fa\u0161 Kaln\u00fd i\u00a0\u0161portov\u00fd riadite\u013e Peter Kaln\u00fd, ktor\u00fd zast\u00e1val aj poz\u00edciu asistenta tr\u00e9nera.\" \/>\n<meta property=\"og:url\" content=\"https:\/\/www.vkpbratislava.sk\/?p=10972\" \/>\n<meta property=\"og:site_name\" content=\"VK SLOVAN Bratislava\" \/>\n<meta property=\"article:published_time\" content=\"2022-02-02T12:00:50+00:00\" \/>\n<meta property=\"article:modified_time\" content=\"2022-02-02T12:27:57+00:00\" \/>\n<meta property=\"og:image\" content=\"https:\/\/www.vkpbratislava.sk\/wp-content\/uploads\/2022\/02\/DF1A0711.jpg\" \/>\n\t<meta property=\"og:image:width\" content=\"2048\" \/>\n\t<meta property=\"og:image:height\" content=\"1365\" \/>\n\t<meta property=\"og:image:type\" content=\"image\/jpeg\" \/>\n<meta name=\"author\" content=\"jenca\" \/>\n<meta name=\"twitter:card\" content=\"summary_large_image\" \/>\n<meta name=\"twitter:label1\" content=\"Autor\" \/>\n\t<meta name=\"twitter:data1\" content=\"jenca\" \/>\n\t<meta name=\"twitter:label2\" content=\"Predpokladan\u00fd \u010das \u010d\u00edtania\" \/>\n\t<meta name=\"twitter:data2\" content=\"3 min\u00faty\" \/>\n<script type=\"application\/ld+json\" class=\"yoast-schema-graph\">{\"@context\":\"https:\/\/schema.org\",\"@graph\":[{\"@type\":\"Article\",\"@id\":\"https:\/\/www.vkpbratislava.sk\/?p=10972#article\",\"isPartOf\":{\"@id\":\"https:\/\/www.vkpbratislava.sk\/?p=10972\"},\"author\":{\"name\":\"jenca\",\"@id\":\"https:\/\/www.vkpbratislava.sk\/#\/schema\/person\/7037e769f9515aa58493d1b5852c4c50\"},\"headline\":\"V\u00a0klube kon\u010dia tr\u00e9neri Kaln\u00ed, mu\u017eov povedie Juraj Ti\u0148o\",\"datePublished\":\"2022-02-02T12:00:50+00:00\",\"dateModified\":\"2022-02-02T12:27:57+00:00\",\"mainEntityOfPage\":{\"@id\":\"https:\/\/www.vkpbratislava.sk\/?p=10972\"},\"wordCount\":353,\"publisher\":{\"@id\":\"https:\/\/www.vkpbratislava.sk\/#organization\"},\"image\":{\"@id\":\"https:\/\/www.vkpbratislava.sk\/?p=10972#primaryimage\"},\"thumbnailUrl\":\"https:\/\/www.vkpbratislava.sk\/wp-content\/uploads\/2022\/02\/DF1A0711.jpg\",\"articleSection\":[\"Mu\u017ei\"],\"inLanguage\":\"sk-SK\"},{\"@type\":\"WebPage\",\"@id\":\"https:\/\/www.vkpbratislava.sk\/?p=10972\",\"url\":\"https:\/\/www.vkpbratislava.sk\/?p=10972\",\"name\":\"V\u00a0klube kon\u010dia tr\u00e9neri Kaln\u00ed, mu\u017eov povedie Juraj Ti\u0148o - VK SLOVAN Bratislava\",\"isPartOf\":{\"@id\":\"https:\/\/www.vkpbratislava.sk\/#website\"},\"primaryImageOfPage\":{\"@id\":\"https:\/\/www.vkpbratislava.sk\/?p=10972#primaryimage\"},\"image\":{\"@id\":\"https:\/\/www.vkpbratislava.sk\/?p=10972#primaryimage\"},\"thumbnailUrl\":\"https:\/\/www.vkpbratislava.sk\/wp-content\/uploads\/2022\/02\/DF1A0711.jpg\",\"datePublished\":\"2022-02-02T12:00:50+00:00\",\"dateModified\":\"2022-02-02T12:27:57+00:00\",\"description\":\"V\u00a0klube VKP Bratislava kon\u010d\u00ed hlavn\u00fd tr\u00e9ner Mat\u00fa\u0161 Kaln\u00fd i\u00a0\u0161portov\u00fd riadite\u013e Peter Kaln\u00fd, ktor\u00fd zast\u00e1val aj poz\u00edciu asistenta tr\u00e9nera.\",\"breadcrumb\":{\"@id\":\"https:\/\/www.vkpbratislava.sk\/?p=10972#breadcrumb\"},\"inLanguage\":\"sk-SK\",\"potentialAction\":[{\"@type\":\"ReadAction\",\"target\":[\"https:\/\/www.vkpbratislava.sk\/?p=10972\"]}]},{\"@type\":\"ImageObject\",\"inLanguage\":\"sk-SK\",\"@id\":\"https:\/\/www.vkpbratislava.sk\/?p=10972#primaryimage\",\"url\":\"https:\/\/www.vkpbratislava.sk\/wp-content\/uploads\/2022\/02\/DF1A0711.jpg\",\"contentUrl\":\"https:\/\/www.vkpbratislava.sk\/wp-content\/uploads\/2022\/02\/DF1A0711.jpg\",\"width\":2048,\"height\":1365},{\"@type\":\"BreadcrumbList\",\"@id\":\"https:\/\/www.vkpbratislava.sk\/?p=10972#breadcrumb\",\"itemListElement\":[{\"@type\":\"ListItem\",\"position\":1,\"name\":\"Domov\",\"item\":\"https:\/\/www.vkpbratislava.sk\/\"},{\"@type\":\"ListItem\",\"position\":2,\"name\":\"V\u00a0klube kon\u010dia tr\u00e9neri Kaln\u00ed, mu\u017eov povedie Juraj Ti\u0148o\"}]},{\"@type\":\"WebSite\",\"@id\":\"https:\/\/www.vkpbratislava.sk\/#website\",\"url\":\"https:\/\/www.vkpbratislava.sk\/\",\"name\":\"VK SLOVAN Bratislava\",\"description\":\"Volejbalov\u00fd klub\",\"publisher\":{\"@id\":\"https:\/\/www.vkpbratislava.sk\/#organization\"},\"potentialAction\":[{\"@type\":\"SearchAction\",\"target\":{\"@type\":\"EntryPoint\",\"urlTemplate\":\"https:\/\/www.vkpbratislava.sk\/?s={search_term_string}\"},\"query-input\":{\"@type\":\"PropertyValueSpecification\",\"valueRequired\":true,\"valueName\":\"search_term_string\"}}],\"inLanguage\":\"sk-SK\"},{\"@type\":\"Organization\",\"@id\":\"https:\/\/www.vkpbratislava.sk\/#organization\",\"name\":\"VKP Bratislava\",\"url\":\"https:\/\/www.vkpbratislava.sk\/\",\"logo\":{\"@type\":\"ImageObject\",\"inLanguage\":\"sk-SK\",\"@id\":\"https:\/\/www.vkpbratislava.sk\/#\/schema\/logo\/image\/\",\"url\":\"https:\/\/www.vkpbratislava.sk\/wp-content\/uploads\/2020\/10\/vkpBA.png\",\"contentUrl\":\"https:\/\/www.vkpbratislava.sk\/wp-content\/uploads\/2020\/10\/vkpBA.png\",\"width\":600,\"height\":600,\"caption\":\"VKP Bratislava\"},\"image\":{\"@id\":\"https:\/\/www.vkpbratislava.sk\/#\/schema\/logo\/image\/\"}},{\"@type\":\"Person\",\"@id\":\"https:\/\/www.vkpbratislava.sk\/#\/schema\/person\/7037e769f9515aa58493d1b5852c4c50\",\"name\":\"jenca\",\"image\":{\"@type\":\"ImageObject\",\"inLanguage\":\"sk-SK\",\"@id\":\"https:\/\/www.vkpbratislava.sk\/#\/schema\/person\/image\/\",\"url\":\"https:\/\/secure.gravatar.com\/avatar\/67aa89e9aab2911bbd0c6fbf0a891ea8d80c207c9b6a6e2c96e13fc2f16e536d?s=96&d=mm&r=g\",\"contentUrl\":\"https:\/\/secure.gravatar.com\/avatar\/67aa89e9aab2911bbd0c6fbf0a891ea8d80c207c9b6a6e2c96e13fc2f16e536d?s=96&d=mm&r=g\",\"caption\":\"jenca\"},\"url\":\"https:\/\/www.vkpbratislava.sk\/?author=3\"}]}<\/script>\n<!-- \/ Yoast SEO plugin. -->","yoast_head_json":{"title":"V\u00a0klube kon\u010dia tr\u00e9neri Kaln\u00ed, mu\u017eov povedie Juraj Ti\u0148o - VK SLOVAN Bratislava","description":"V\u00a0klube VKP Bratislava kon\u010d\u00ed hlavn\u00fd tr\u00e9ner Mat\u00fa\u0161 Kaln\u00fd i\u00a0\u0161portov\u00fd riadite\u013e Peter Kaln\u00fd, ktor\u00fd zast\u00e1val aj poz\u00edciu asistenta tr\u00e9nera.","robots":{"index":"index","follow":"follow","max-snippet":"max-snippet:-1","max-image-preview":"max-image-preview:large","max-video-preview":"max-video-preview:-1"},"canonical":"https:\/\/www.vkpbratislava.sk\/?p=10972","og_locale":"sk_SK","og_type":"article","og_title":"V\u00a0klube kon\u010dia tr\u00e9neri Kaln\u00ed, mu\u017eov povedie Juraj Ti\u0148o - VK SLOVAN Bratislava","og_description":"V\u00a0klube VKP Bratislava kon\u010d\u00ed hlavn\u00fd tr\u00e9ner Mat\u00fa\u0161 Kaln\u00fd i\u00a0\u0161portov\u00fd riadite\u013e Peter Kaln\u00fd, ktor\u00fd zast\u00e1val aj poz\u00edciu asistenta tr\u00e9nera.","og_url":"https:\/\/www.vkpbratislava.sk\/?p=10972","og_site_name":"VK SLOVAN Bratislava","article_published_time":"2022-02-02T12:00:50+00:00","article_modified_time":"2022-02-02T12:27:57+00:00","og_image":[{"width":2048,"height":1365,"url":"https:\/\/www.vkpbratislava.sk\/wp-content\/uploads\/2022\/02\/DF1A0711.jpg","type":"image\/jpeg"}],"author":"jenca","twitter_card":"summary_large_image","twitter_misc":{"Autor":"jenca","Predpokladan\u00fd \u010das \u010d\u00edtania":"3 min\u00faty"},"schema":{"@context":"https:\/\/schema.org","@graph":[{"@type":"Article","@id":"https:\/\/www.vkpbratislava.sk\/?p=10972#article","isPartOf":{"@id":"https:\/\/www.vkpbratislava.sk\/?p=10972"},"author":{"name":"jenca","@id":"https:\/\/www.vkpbratislava.sk\/#\/schema\/person\/7037e769f9515aa58493d1b5852c4c50"},"headline":"V\u00a0klube kon\u010dia tr\u00e9neri Kaln\u00ed, mu\u017eov povedie Juraj Ti\u0148o","datePublished":"2022-02-02T12:00:50+00:00","dateModified":"2022-02-02T12:27:57+00:00","mainEntityOfPage":{"@id":"https:\/\/www.vkpbratislava.sk\/?p=10972"},"wordCount":353,"publisher":{"@id":"https:\/\/www.vkpbratislava.sk\/#organization"},"image":{"@id":"https:\/\/www.vkpbratislava.sk\/?p=10972#primaryimage"},"thumbnailUrl":"https:\/\/www.vkpbratislava.sk\/wp-content\/uploads\/2022\/02\/DF1A0711.jpg","articleSection":["Mu\u017ei"],"inLanguage":"sk-SK"},{"@type":"WebPage","@id":"https:\/\/www.vkpbratislava.sk\/?p=10972","url":"https:\/\/www.vkpbratislava.sk\/?p=10972","name":"V\u00a0klube kon\u010dia tr\u00e9neri Kaln\u00ed, mu\u017eov povedie Juraj Ti\u0148o - VK SLOVAN Bratislava","isPartOf":{"@id":"https:\/\/www.vkpbratislava.sk\/#website"},"primaryImageOfPage":{"@id":"https:\/\/www.vkpbratislava.sk\/?p=10972#primaryimage"},"image":{"@id":"https:\/\/www.vkpbratislava.sk\/?p=10972#primaryimage"},"thumbnailUrl":"https:\/\/www.vkpbratislava.sk\/wp-content\/uploads\/2022\/02\/DF1A0711.jpg","datePublished":"2022-02-02T12:00:50+00:00","dateModified":"2022-02-02T12:27:57+00:00","description":"V\u00a0klube VKP Bratislava kon\u010d\u00ed hlavn\u00fd tr\u00e9ner Mat\u00fa\u0161 Kaln\u00fd i\u00a0\u0161portov\u00fd riadite\u013e Peter Kaln\u00fd, ktor\u00fd zast\u00e1val aj poz\u00edciu asistenta tr\u00e9nera.","breadcrumb":{"@id":"https:\/\/www.vkpbratislava.sk\/?p=10972#breadcrumb"},"inLanguage":"sk-SK","potentialAction":[{"@type":"ReadAction","target":["https:\/\/www.vkpbratislava.sk\/?p=10972"]}]},{"@type":"ImageObject","inLanguage":"sk-SK","@id":"https:\/\/www.vkpbratislava.sk\/?p=10972#primaryimage","url":"https:\/\/www.vkpbratislava.sk\/wp-content\/uploads\/2022\/02\/DF1A0711.jpg","contentUrl":"https:\/\/www.vkpbratislava.sk\/wp-content\/uploads\/2022\/02\/DF1A0711.jpg","width":2048,"height":1365},{"@type":"BreadcrumbList","@id":"https:\/\/www.vkpbratislava.sk\/?p=10972#breadcrumb","itemListElement":[{"@type":"ListItem","position":1,"name":"Domov","item":"https:\/\/www.vkpbratislava.sk\/"},{"@type":"ListItem","position":2,"name":"V\u00a0klube kon\u010dia tr\u00e9neri Kaln\u00ed, mu\u017eov povedie Juraj Ti\u0148o"}]},{"@type":"WebSite","@id":"https:\/\/www.vkpbratislava.sk\/#website","url":"https:\/\/www.vkpbratislava.sk\/","name":"VK SLOVAN Bratislava","description":"Volejbalov\u00fd klub","publisher":{"@id":"https:\/\/www.vkpbratislava.sk\/#organization"},"potentialAction":[{"@type":"SearchAction","target":{"@type":"EntryPoint","urlTemplate":"https:\/\/www.vkpbratislava.sk\/?s={search_term_string}"},"query-input":{"@type":"PropertyValueSpecification","valueRequired":true,"valueName":"search_term_string"}}],"inLanguage":"sk-SK"},{"@type":"Organization","@id":"https:\/\/www.vkpbratislava.sk\/#organization","name":"VKP Bratislava","url":"https:\/\/www.vkpbratislava.sk\/","logo":{"@type":"ImageObject","inLanguage":"sk-SK","@id":"https:\/\/www.vkpbratislava.sk\/#\/schema\/logo\/image\/","url":"https:\/\/www.vkpbratislava.sk\/wp-content\/uploads\/2020\/10\/vkpBA.png","contentUrl":"https:\/\/www.vkpbratislava.sk\/wp-content\/uploads\/2020\/10\/vkpBA.png","width":600,"height":600,"caption":"VKP Bratislava"},"image":{"@id":"https:\/\/www.vkpbratislava.sk\/#\/schema\/logo\/image\/"}},{"@type":"Person","@id":"https:\/\/www.vkpbratislava.sk\/#\/schema\/person\/7037e769f9515aa58493d1b5852c4c50","name":"jenca","image":{"@type":"ImageObject","inLanguage":"sk-SK","@id":"https:\/\/www.vkpbratislava.sk\/#\/schema\/person\/image\/","url":"https:\/\/secure.gravatar.com\/avatar\/67aa89e9aab2911bbd0c6fbf0a891ea8d80c207c9b6a6e2c96e13fc2f16e536d?s=96&d=mm&r=g","contentUrl":"https:\/\/secure.gravatar.com\/avatar\/67aa89e9aab2911bbd0c6fbf0a891ea8d80c207c9b6a6e2c96e13fc2f16e536d?s=96&d=mm&r=g","caption":"jenca"},"url":"https:\/\/www.vkpbratislava.sk\/?author=3"}]}},"_links":{"self":[{"href":"https:\/\/www.vkpbratislava.sk\/index.php?rest_route=\/wp\/v2\/posts\/10972","targetHints":{"allow":["GET"]}}],"collection":[{"href":"https:\/\/www.vkpbratislava.sk\/index.php?rest_route=\/wp\/v2\/posts"}],"about":[{"href":"https:\/\/www.vkpbratislava.sk\/index.php?rest_route=\/wp\/v2\/types\/post"}],"author":[{"embeddable":true,"href":"https:\/\/www.vkpbratislava.sk\/index.php?rest_route=\/wp\/v2\/users\/3"}],"replies":[{"embeddable":true,"href":"https:\/\/www.vkpbratislava.sk\/index.php?rest_route=%2Fwp%2Fv2%2Fcomments&post=10972"}],"version-history":[{"count":2,"href":"https:\/\/www.vkpbratislava.sk\/index.php?rest_route=\/wp\/v2\/posts\/10972\/revisions"}],"predecessor-version":[{"id":10976,"href":"https:\/\/www.vkpbratislava.sk\/index.php?rest_route=\/wp\/v2\/posts\/10972\/revisions\/10976"}],"wp:featuredmedia":[{"embeddable":true,"href":"https:\/\/www.vkpbratislava.sk\/index.php?rest_route=\/wp\/v2\/media\/10966"}],"wp:attachment":[{"href":"https:\/\/www.vkpbratislava.sk\/index.php?rest_route=%2Fwp%2Fv2%2Fmedia&parent=10972"}],"wp:term":[{"taxonomy":"category","embeddable":true,"href":"https:\/\/www.vkpbratislava.sk\/index.php?rest_route=%2Fwp%2Fv2%2Fcategories&post=10972"},{"taxonomy":"post_tag","embeddable":true,"href":"https:\/\/www.vkpbratislava.sk\/index.php?rest_route=%2Fwp%2Fv2%2Ftags&post=10972"}],"curies":[{"name":"wp","href":"https:\/\/api.w.org\/{rel}","templated":true}]}}