{"id":12811,"date":"2022-02-27T17:13:37","date_gmt":"2022-02-27T16:13:37","guid":{"rendered":"https:\/\/www.vkpbratislava.sk\/?p=12811"},"modified":"2022-02-27T17:13:37","modified_gmt":"2022-02-27T16:13:37","slug":"zeny-sa-na-play-off-nabudili-vitazstvom","status":"publish","type":"post","link":"https:\/\/www.vkpbratislava.sk\/?p=12811","title":{"rendered":"\u017deny sa na play-off nabudili v\u00ed\u0165azstvom"},"content":{"rendered":"<p><strong>V poslednom z\u00e1pase nadstavbovej \u010dasti Nik\u00e9 extraligy \u017eien zv\u00ed\u0165azil VKP v Trnave hladko 3:0 a v play-off sa diev\u010dat\u00e1 predstavi proti Brusnu (hr\u00e1 sa na dva v\u00ed\u0165azn\u00e9 z\u00e1pasy). S\u00e9ria \u0161tartuje v sobotu 5. marca v Brusne.<\/strong><\/p>\n<p><strong>Hit UCM Trnava \u2013 VKP Bratislava 0:3 (-23, -19, -20)<\/strong><br \/>\n<strong>Rozhodovali:<\/strong> Sarka a\u00a0Gerboc.<\/p>\n<p><strong>VKP: <\/strong>Smie\u0161kov\u00e1 10, Koh\u00fatov\u00e1 3, A. Vajdov\u00e1 9, Boledovi\u010dov\u00e1 10, Z. P\u00edse\u010dn\u00e1 10, Fartelov\u00e1 2, liberky Mattov\u00e1 a\u00a0M. Vajdov\u00e1 (Ma\u0165a\u0161ov\u00e1 3, Sahin 0, Snopkov\u00e1 1, N\u00e1vratov\u00e1 1). Tr\u00e9ner: J. Han\u010d\u00e1k.<\/p>\n<p><strong>Hr\u00e1\u010dka z\u00e1pasu za VKP:<\/strong> Ema Smie\u0161kov\u00e1<i><br \/>\n<\/i><br \/>\n<strong>Jaroslav Han\u010d\u00e1k, tr\u00e9ner VKP:<\/strong> <i>\u201eNebol to n\u00e1\u0161 najlep\u0161\u00ed v\u00fdkon, ale ani najhor\u0161\u00ed. Takmer sme zav\u00e1hali\u00a0 koncovke prv\u00e9ho setu, ale zvl\u00e1dli sme ho a\u00a0zvy\u0161ok z\u00e1pasu sme mali pod kontrolou. Te\u0161\u00ed ma v\u00ed\u0165azstvo bez straty setu. Teraz m\u00e1me t\u00fd\u017ede\u0148 na to, aby sme sa pripravili do play-off na Brusno.\u201c<\/i><\/p>\n","protected":false},"excerpt":{"rendered":"<p>V poslednom z\u00e1pase nadstavbovej \u010dasti Nik\u00e9 extraligy \u017eien zv\u00ed\u0165azil VKP v Trnave hladko 3:0 a v play-off sa diev\u010dat\u00e1 predstavi proti Brusnu (hr\u00e1 sa na dva v\u00ed\u0165azn\u00e9 z\u00e1pasy).<\/p>\n","protected":false},"author":3,"featured_media":12554,"comment_status":"closed","ping_status":"closed","sticky":false,"template":"","format":"standard","meta":{"_monsterinsights_skip_tracking":false,"_monsterinsights_sitenote_active":false,"_monsterinsights_sitenote_note":"","_monsterinsights_sitenote_category":0,"footnotes":""},"categories":[48],"tags":[],"class_list":["post-12811","post","type-post","status-publish","format-standard","has-post-thumbnail","hentry","category-zeny"],"yoast_head":"<!-- This site is optimized with the Yoast SEO plugin v25.6 - https:\/\/yoast.com\/wordpress\/plugins\/seo\/ -->\n<title>\u017deny sa na play-off nabudili v\u00ed\u0165azstvom - VK SLOVAN Bratislava<\/title>\n<meta name=\"description\" content=\"V poslednom z\u00e1pase nadstavbovej \u010dasti Nik\u00e9 extraligy \u017eien zv\u00ed\u0165azil VKP v Trnave hladko 3:0 a v play-off sa diev\u010dat\u00e1 predstavi proti Brusnu (hr\u00e1 sa na dva v\u00ed\u0165azn\u00e9 z\u00e1pasy).\" \/>\n<meta name=\"robots\" content=\"index, follow, max-snippet:-1, max-image-preview:large, max-video-preview:-1\" \/>\n<link rel=\"canonical\" href=\"https:\/\/www.vkpbratislava.sk\/?p=12811\" \/>\n<meta property=\"og:locale\" content=\"sk_SK\" \/>\n<meta property=\"og:type\" content=\"article\" \/>\n<meta property=\"og:title\" content=\"\u017deny sa na play-off nabudili v\u00ed\u0165azstvom - VK SLOVAN Bratislava\" \/>\n<meta property=\"og:description\" content=\"V poslednom z\u00e1pase nadstavbovej \u010dasti Nik\u00e9 extraligy \u017eien zv\u00ed\u0165azil VKP v Trnave hladko 3:0 a v play-off sa diev\u010dat\u00e1 predstavi proti Brusnu (hr\u00e1 sa na dva v\u00ed\u0165azn\u00e9 z\u00e1pasy).\" \/>\n<meta property=\"og:url\" content=\"https:\/\/www.vkpbratislava.sk\/?p=12811\" \/>\n<meta property=\"og:site_name\" content=\"VK SLOVAN Bratislava\" \/>\n<meta property=\"article:published_time\" content=\"2022-02-27T16:13:37+00:00\" \/>\n<meta property=\"og:image\" content=\"https:\/\/www.vkpbratislava.sk\/wp-content\/uploads\/2022\/02\/20220220_iurban79_Pezinok-vs-VKP-BA-Z_DSC00807-1280x854.jpg\" \/>\n\t<meta property=\"og:image:width\" content=\"1280\" \/>\n\t<meta property=\"og:image:height\" content=\"854\" \/>\n\t<meta property=\"og:image:type\" content=\"image\/jpeg\" \/>\n<meta name=\"author\" content=\"jenca\" \/>\n<meta name=\"twitter:card\" content=\"summary_large_image\" \/>\n<meta name=\"twitter:label1\" content=\"Autor\" \/>\n\t<meta name=\"twitter:data1\" content=\"jenca\" \/>\n\t<meta name=\"twitter:label2\" content=\"Predpokladan\u00fd \u010das \u010d\u00edtania\" \/>\n\t<meta name=\"twitter:data2\" content=\"1 min\u00fata\" \/>\n<script type=\"application\/ld+json\" class=\"yoast-schema-graph\">{\"@context\":\"https:\/\/schema.org\",\"@graph\":[{\"@type\":\"Article\",\"@id\":\"https:\/\/www.vkpbratislava.sk\/?p=12811#article\",\"isPartOf\":{\"@id\":\"https:\/\/www.vkpbratislava.sk\/?p=12811\"},\"author\":{\"name\":\"jenca\",\"@id\":\"https:\/\/www.vkpbratislava.sk\/#\/schema\/person\/7037e769f9515aa58493d1b5852c4c50\"},\"headline\":\"\u017deny sa na play-off nabudili v\u00ed\u0165azstvom\",\"datePublished\":\"2022-02-27T16:13:37+00:00\",\"mainEntityOfPage\":{\"@id\":\"https:\/\/www.vkpbratislava.sk\/?p=12811\"},\"wordCount\":158,\"publisher\":{\"@id\":\"https:\/\/www.vkpbratislava.sk\/#organization\"},\"image\":{\"@id\":\"https:\/\/www.vkpbratislava.sk\/?p=12811#primaryimage\"},\"thumbnailUrl\":\"https:\/\/www.vkpbratislava.sk\/wp-content\/uploads\/2022\/02\/20220220_iurban79_Pezinok-vs-VKP-BA-Z_DSC00807.jpg\",\"articleSection\":[\"\u017deny\"],\"inLanguage\":\"sk-SK\"},{\"@type\":\"WebPage\",\"@id\":\"https:\/\/www.vkpbratislava.sk\/?p=12811\",\"url\":\"https:\/\/www.vkpbratislava.sk\/?p=12811\",\"name\":\"\u017deny sa na play-off nabudili v\u00ed\u0165azstvom - VK SLOVAN Bratislava\",\"isPartOf\":{\"@id\":\"https:\/\/www.vkpbratislava.sk\/#website\"},\"primaryImageOfPage\":{\"@id\":\"https:\/\/www.vkpbratislava.sk\/?p=12811#primaryimage\"},\"image\":{\"@id\":\"https:\/\/www.vkpbratislava.sk\/?p=12811#primaryimage\"},\"thumbnailUrl\":\"https:\/\/www.vkpbratislava.sk\/wp-content\/uploads\/2022\/02\/20220220_iurban79_Pezinok-vs-VKP-BA-Z_DSC00807.jpg\",\"datePublished\":\"2022-02-27T16:13:37+00:00\",\"description\":\"V poslednom z\u00e1pase nadstavbovej \u010dasti Nik\u00e9 extraligy \u017eien zv\u00ed\u0165azil VKP v Trnave hladko 3:0 a v play-off sa diev\u010dat\u00e1 predstavi proti Brusnu (hr\u00e1 sa na dva v\u00ed\u0165azn\u00e9 z\u00e1pasy).\",\"breadcrumb\":{\"@id\":\"https:\/\/www.vkpbratislava.sk\/?p=12811#breadcrumb\"},\"inLanguage\":\"sk-SK\",\"potentialAction\":[{\"@type\":\"ReadAction\",\"target\":[\"https:\/\/www.vkpbratislava.sk\/?p=12811\"]}]},{\"@type\":\"ImageObject\",\"inLanguage\":\"sk-SK\",\"@id\":\"https:\/\/www.vkpbratislava.sk\/?p=12811#primaryimage\",\"url\":\"https:\/\/www.vkpbratislava.sk\/wp-content\/uploads\/2022\/02\/20220220_iurban79_Pezinok-vs-VKP-BA-Z_DSC00807.jpg\",\"contentUrl\":\"https:\/\/www.vkpbratislava.sk\/wp-content\/uploads\/2022\/02\/20220220_iurban79_Pezinok-vs-VKP-BA-Z_DSC00807.jpg\",\"width\":2500,\"height\":1667},{\"@type\":\"BreadcrumbList\",\"@id\":\"https:\/\/www.vkpbratislava.sk\/?p=12811#breadcrumb\",\"itemListElement\":[{\"@type\":\"ListItem\",\"position\":1,\"name\":\"Domov\",\"item\":\"https:\/\/www.vkpbratislava.sk\/\"},{\"@type\":\"ListItem\",\"position\":2,\"name\":\"\u017deny sa na play-off nabudili v\u00ed\u0165azstvom\"}]},{\"@type\":\"WebSite\",\"@id\":\"https:\/\/www.vkpbratislava.sk\/#website\",\"url\":\"https:\/\/www.vkpbratislava.sk\/\",\"name\":\"VK SLOVAN Bratislava\",\"description\":\"Volejbalov\u00fd klub\",\"publisher\":{\"@id\":\"https:\/\/www.vkpbratislava.sk\/#organization\"},\"potentialAction\":[{\"@type\":\"SearchAction\",\"target\":{\"@type\":\"EntryPoint\",\"urlTemplate\":\"https:\/\/www.vkpbratislava.sk\/?s={search_term_string}\"},\"query-input\":{\"@type\":\"PropertyValueSpecification\",\"valueRequired\":true,\"valueName\":\"search_term_string\"}}],\"inLanguage\":\"sk-SK\"},{\"@type\":\"Organization\",\"@id\":\"https:\/\/www.vkpbratislava.sk\/#organization\",\"name\":\"VKP Bratislava\",\"url\":\"https:\/\/www.vkpbratislava.sk\/\",\"logo\":{\"@type\":\"ImageObject\",\"inLanguage\":\"sk-SK\",\"@id\":\"https:\/\/www.vkpbratislava.sk\/#\/schema\/logo\/image\/\",\"url\":\"https:\/\/www.vkpbratislava.sk\/wp-content\/uploads\/2020\/10\/vkpBA.png\",\"contentUrl\":\"https:\/\/www.vkpbratislava.sk\/wp-content\/uploads\/2020\/10\/vkpBA.png\",\"width\":600,\"height\":600,\"caption\":\"VKP Bratislava\"},\"image\":{\"@id\":\"https:\/\/www.vkpbratislava.sk\/#\/schema\/logo\/image\/\"}},{\"@type\":\"Person\",\"@id\":\"https:\/\/www.vkpbratislava.sk\/#\/schema\/person\/7037e769f9515aa58493d1b5852c4c50\",\"name\":\"jenca\",\"image\":{\"@type\":\"ImageObject\",\"inLanguage\":\"sk-SK\",\"@id\":\"https:\/\/www.vkpbratislava.sk\/#\/schema\/person\/image\/\",\"url\":\"https:\/\/secure.gravatar.com\/avatar\/67aa89e9aab2911bbd0c6fbf0a891ea8d80c207c9b6a6e2c96e13fc2f16e536d?s=96&d=mm&r=g\",\"contentUrl\":\"https:\/\/secure.gravatar.com\/avatar\/67aa89e9aab2911bbd0c6fbf0a891ea8d80c207c9b6a6e2c96e13fc2f16e536d?s=96&d=mm&r=g\",\"caption\":\"jenca\"},\"url\":\"https:\/\/www.vkpbratislava.sk\/?author=3\"}]}<\/script>\n<!-- \/ Yoast SEO plugin. -->","yoast_head_json":{"title":"\u017deny sa na play-off nabudili v\u00ed\u0165azstvom - VK SLOVAN Bratislava","description":"V poslednom z\u00e1pase nadstavbovej \u010dasti Nik\u00e9 extraligy \u017eien zv\u00ed\u0165azil VKP v Trnave hladko 3:0 a v play-off sa diev\u010dat\u00e1 predstavi proti Brusnu (hr\u00e1 sa na dva v\u00ed\u0165azn\u00e9 z\u00e1pasy).","robots":{"index":"index","follow":"follow","max-snippet":"max-snippet:-1","max-image-preview":"max-image-preview:large","max-video-preview":"max-video-preview:-1"},"canonical":"https:\/\/www.vkpbratislava.sk\/?p=12811","og_locale":"sk_SK","og_type":"article","og_title":"\u017deny sa na play-off nabudili v\u00ed\u0165azstvom - VK SLOVAN Bratislava","og_description":"V poslednom z\u00e1pase nadstavbovej \u010dasti Nik\u00e9 extraligy \u017eien zv\u00ed\u0165azil VKP v Trnave hladko 3:0 a v play-off sa diev\u010dat\u00e1 predstavi proti Brusnu (hr\u00e1 sa na dva v\u00ed\u0165azn\u00e9 z\u00e1pasy).","og_url":"https:\/\/www.vkpbratislava.sk\/?p=12811","og_site_name":"VK SLOVAN Bratislava","article_published_time":"2022-02-27T16:13:37+00:00","og_image":[{"width":1280,"height":854,"url":"https:\/\/www.vkpbratislava.sk\/wp-content\/uploads\/2022\/02\/20220220_iurban79_Pezinok-vs-VKP-BA-Z_DSC00807-1280x854.jpg","type":"image\/jpeg"}],"author":"jenca","twitter_card":"summary_large_image","twitter_misc":{"Autor":"jenca","Predpokladan\u00fd \u010das \u010d\u00edtania":"1 min\u00fata"},"schema":{"@context":"https:\/\/schema.org","@graph":[{"@type":"Article","@id":"https:\/\/www.vkpbratislava.sk\/?p=12811#article","isPartOf":{"@id":"https:\/\/www.vkpbratislava.sk\/?p=12811"},"author":{"name":"jenca","@id":"https:\/\/www.vkpbratislava.sk\/#\/schema\/person\/7037e769f9515aa58493d1b5852c4c50"},"headline":"\u017deny sa na play-off nabudili v\u00ed\u0165azstvom","datePublished":"2022-02-27T16:13:37+00:00","mainEntityOfPage":{"@id":"https:\/\/www.vkpbratislava.sk\/?p=12811"},"wordCount":158,"publisher":{"@id":"https:\/\/www.vkpbratislava.sk\/#organization"},"image":{"@id":"https:\/\/www.vkpbratislava.sk\/?p=12811#primaryimage"},"thumbnailUrl":"https:\/\/www.vkpbratislava.sk\/wp-content\/uploads\/2022\/02\/20220220_iurban79_Pezinok-vs-VKP-BA-Z_DSC00807.jpg","articleSection":["\u017deny"],"inLanguage":"sk-SK"},{"@type":"WebPage","@id":"https:\/\/www.vkpbratislava.sk\/?p=12811","url":"https:\/\/www.vkpbratislava.sk\/?p=12811","name":"\u017deny sa na play-off nabudili v\u00ed\u0165azstvom - VK SLOVAN Bratislava","isPartOf":{"@id":"https:\/\/www.vkpbratislava.sk\/#website"},"primaryImageOfPage":{"@id":"https:\/\/www.vkpbratislava.sk\/?p=12811#primaryimage"},"image":{"@id":"https:\/\/www.vkpbratislava.sk\/?p=12811#primaryimage"},"thumbnailUrl":"https:\/\/www.vkpbratislava.sk\/wp-content\/uploads\/2022\/02\/20220220_iurban79_Pezinok-vs-VKP-BA-Z_DSC00807.jpg","datePublished":"2022-02-27T16:13:37+00:00","description":"V poslednom z\u00e1pase nadstavbovej \u010dasti Nik\u00e9 extraligy \u017eien zv\u00ed\u0165azil VKP v Trnave hladko 3:0 a v play-off sa diev\u010dat\u00e1 predstavi proti Brusnu (hr\u00e1 sa na dva v\u00ed\u0165azn\u00e9 z\u00e1pasy).","breadcrumb":{"@id":"https:\/\/www.vkpbratislava.sk\/?p=12811#breadcrumb"},"inLanguage":"sk-SK","potentialAction":[{"@type":"ReadAction","target":["https:\/\/www.vkpbratislava.sk\/?p=12811"]}]},{"@type":"ImageObject","inLanguage":"sk-SK","@id":"https:\/\/www.vkpbratislava.sk\/?p=12811#primaryimage","url":"https:\/\/www.vkpbratislava.sk\/wp-content\/uploads\/2022\/02\/20220220_iurban79_Pezinok-vs-VKP-BA-Z_DSC00807.jpg","contentUrl":"https:\/\/www.vkpbratislava.sk\/wp-content\/uploads\/2022\/02\/20220220_iurban79_Pezinok-vs-VKP-BA-Z_DSC00807.jpg","width":2500,"height":1667},{"@type":"BreadcrumbList","@id":"https:\/\/www.vkpbratislava.sk\/?p=12811#breadcrumb","itemListElement":[{"@type":"ListItem","position":1,"name":"Domov","item":"https:\/\/www.vkpbratislava.sk\/"},{"@type":"ListItem","position":2,"name":"\u017deny sa na play-off nabudili v\u00ed\u0165azstvom"}]},{"@type":"WebSite","@id":"https:\/\/www.vkpbratislava.sk\/#website","url":"https:\/\/www.vkpbratislava.sk\/","name":"VK SLOVAN Bratislava","description":"Volejbalov\u00fd klub","publisher":{"@id":"https:\/\/www.vkpbratislava.sk\/#organization"},"potentialAction":[{"@type":"SearchAction","target":{"@type":"EntryPoint","urlTemplate":"https:\/\/www.vkpbratislava.sk\/?s={search_term_string}"},"query-input":{"@type":"PropertyValueSpecification","valueRequired":true,"valueName":"search_term_string"}}],"inLanguage":"sk-SK"},{"@type":"Organization","@id":"https:\/\/www.vkpbratislava.sk\/#organization","name":"VKP Bratislava","url":"https:\/\/www.vkpbratislava.sk\/","logo":{"@type":"ImageObject","inLanguage":"sk-SK","@id":"https:\/\/www.vkpbratislava.sk\/#\/schema\/logo\/image\/","url":"https:\/\/www.vkpbratislava.sk\/wp-content\/uploads\/2020\/10\/vkpBA.png","contentUrl":"https:\/\/www.vkpbratislava.sk\/wp-content\/uploads\/2020\/10\/vkpBA.png","width":600,"height":600,"caption":"VKP Bratislava"},"image":{"@id":"https:\/\/www.vkpbratislava.sk\/#\/schema\/logo\/image\/"}},{"@type":"Person","@id":"https:\/\/www.vkpbratislava.sk\/#\/schema\/person\/7037e769f9515aa58493d1b5852c4c50","name":"jenca","image":{"@type":"ImageObject","inLanguage":"sk-SK","@id":"https:\/\/www.vkpbratislava.sk\/#\/schema\/person\/image\/","url":"https:\/\/secure.gravatar.com\/avatar\/67aa89e9aab2911bbd0c6fbf0a891ea8d80c207c9b6a6e2c96e13fc2f16e536d?s=96&d=mm&r=g","contentUrl":"https:\/\/secure.gravatar.com\/avatar\/67aa89e9aab2911bbd0c6fbf0a891ea8d80c207c9b6a6e2c96e13fc2f16e536d?s=96&d=mm&r=g","caption":"jenca"},"url":"https:\/\/www.vkpbratislava.sk\/?author=3"}]}},"_links":{"self":[{"href":"https:\/\/www.vkpbratislava.sk\/index.php?rest_route=\/wp\/v2\/posts\/12811","targetHints":{"allow":["GET"]}}],"collection":[{"href":"https:\/\/www.vkpbratislava.sk\/index.php?rest_route=\/wp\/v2\/posts"}],"about":[{"href":"https:\/\/www.vkpbratislava.sk\/index.php?rest_route=\/wp\/v2\/types\/post"}],"author":[{"embeddable":true,"href":"https:\/\/www.vkpbratislava.sk\/index.php?rest_route=\/wp\/v2\/users\/3"}],"replies":[{"embeddable":true,"href":"https:\/\/www.vkpbratislava.sk\/index.php?rest_route=%2Fwp%2Fv2%2Fcomments&post=12811"}],"version-history":[{"count":1,"href":"https:\/\/www.vkpbratislava.sk\/index.php?rest_route=\/wp\/v2\/posts\/12811\/revisions"}],"predecessor-version":[{"id":12812,"href":"https:\/\/www.vkpbratislava.sk\/index.php?rest_route=\/wp\/v2\/posts\/12811\/revisions\/12812"}],"wp:featuredmedia":[{"embeddable":true,"href":"https:\/\/www.vkpbratislava.sk\/index.php?rest_route=\/wp\/v2\/media\/12554"}],"wp:attachment":[{"href":"https:\/\/www.vkpbratislava.sk\/index.php?rest_route=%2Fwp%2Fv2%2Fmedia&parent=12811"}],"wp:term":[{"taxonomy":"category","embeddable":true,"href":"https:\/\/www.vkpbratislava.sk\/index.php?rest_route=%2Fwp%2Fv2%2Fcategories&post=12811"},{"taxonomy":"post_tag","embeddable":true,"href":"https:\/\/www.vkpbratislava.sk\/index.php?rest_route=%2Fwp%2Fv2%2Ftags&post=12811"}],"curies":[{"name":"wp","href":"https:\/\/api.w.org\/{rel}","templated":true}]}}