{"id":12814,"date":"2022-03-01T23:37:42","date_gmt":"2022-03-01T22:37:42","guid":{"rendered":"https:\/\/www.vkpbratislava.sk\/?p=12814"},"modified":"2022-03-01T23:39:00","modified_gmt":"2022-03-01T22:39:00","slug":"juraj-tino-mozeme-byt-ciernym-konom-sutaze","status":"publish","type":"post","link":"https:\/\/www.vkpbratislava.sk\/?p=12814","title":{"rendered":"Juraj Ti\u0148o: M\u00f4\u017eeme by\u0165 \u010diernym ko\u0148om sez\u00f3ny"},"content":{"rendered":"<p><em><strong>Za\u017e\u00edva pr\u00edbeh ako z\u00a0rozpr\u00e1vky. K &#8222;policajtom&#8220; pri\u0161iel ako hr\u00e1\u010d, no po zranen\u00ed zaostril tr\u00e9nersk\u00fd chleb\u00edk. U\u010dil sa od ve\u013ek\u00fdch mien a\u00a0moment\u00e1lne kormidluje lo\u010f VKP z\u00a0poz\u00edcie hlavn\u00e9ho tr\u00e9nera. Pred \u0161tartom play-off sme sa zhov\u00e1rali s\u00a0Jurajom Ti\u0148om.<\/strong><\/em><\/p>\n<p><em><strong>Vhupli ste do extraligov\u00e9ho koloto\u010da v\u00a0poz\u00edcii hlavn\u00e9ho tr\u00e9nera zo d\u0148a na de\u0148 a\u00a0je z\u00a0toho s\u00e9ria piatich v\u00ed\u0165azstiev v\u00a0rade. Ako to vn\u00edmate?<\/strong><\/em><\/p>\n<p><em>&#8211; V\u00f4bec to nebola \u013eahk\u00e1 vec. Prebral som mu\u017estvo, v\u00a0ktorom je ve\u013ea sk\u00fasenej\u0161\u00edch, star\u0161\u00edch hr\u00e1\u010dov ako ja. Mojou prvou ot\u00e1zkou v\u00a0kab\u00edne bola moja akcept\u00e1cia. S\u00a0t\u00fdm o\u010dividne nebol probl\u00e9m. Vz\u0165ahy s\u00fa korektn\u00e9, dodr\u017eiavaj\u00fa sa a\u017e nad r\u00e1mec dohodnut\u00fdch z\u00e1le\u017eitost\u00ed. Chlapci vidia, \u017ee tento t\u00edm m\u00e1 potenci\u00e1l a\u00a0m\u00f4\u017ee \u00eds\u0165 \u010faleko. Mali sme spolo\u010dn\u00e9 aj individu\u00e1lne debaty a\u00a0n\u00e1lada je v\u00fdborn\u00e1.<\/em><\/p>\n<p><em><strong>Predsalen, mali ste pred vhupnut\u00edm na lavi\u010dku aj bezsenn\u00e9 noci?<\/strong><\/em><\/p>\n<p><em>&#8211; Poviem rovno, nespal som nieko\u013eko dn\u00ed. To rozhodnutie sa nerobilo \u013eahko a\u00a0bolo konzultovan\u00e9 z\u00a0viacer\u00fdch str\u00e1n.<\/em><\/p>\n<p><em><strong>Videli sme v\u0161ak kvalitn\u00e9 z\u00e1pasy v\u00a0Stredoeur\u00f3pskej lige MEVZA. Potom pri\u0161iel aj skalp majstrovsk\u00e9ho Kom\u00e1rna, n\u00e1sledne v\u00fdhra vo Svidn\u00edku i\u00a0Pre\u0161ove a\u00a0v\u00a0z\u00e1vere povinn\u00e9 jazdy v\u00a0Tren\u010d\u00edne a\u00a0s\u00a0Prievidzou. Predstavovali ste si takto \u00faspe\u0161ne \u0161tart na lavi\u010dke?<\/strong><\/em><\/p>\n<p><em>&#8211; MEVZA n\u00e1m uk\u00e1zala, \u017ee sa to m\u00f4\u017ee h\u00fdba\u0165 spr\u00e1vnym smerom. Z\u00e1pasy som v\u017edy hodnotil pomer doma a vonku, z\u00e1pas predt\u00fdm a\u00a0teraz. Vy\u0161li sme aj v\u00a0setoch pozit\u00edvne, ne\u0161li sme s\u00a0ko\u017eou lacno na trh. Odohrali sme ve\u013emi dobr\u00e9 stretnutia v\u00a0relat\u00edvne mladej zostave, ktor\u00e1 sa to\u010dila aj pod\u013ea zdravotn\u00fdch probl\u00e9mov. Hr\u00e1\u010di boli psychicky i\u00a0fyzicky unaven\u00ed. Potrebovali sme to u\u0165a\u0165 a\u00a0za\u010da\u0165.<\/em><\/p>\n<p><img loading=\"lazy\" decoding=\"async\" class=\"alignnone wp-image-12809\" src=\"https:\/\/www.vkpbratislava.sk\/wp-content\/uploads\/2022\/02\/DF1A4876-640x427.jpg\" alt=\"\" width=\"493\" height=\"329\" srcset=\"https:\/\/www.vkpbratislava.sk\/wp-content\/uploads\/2022\/02\/DF1A4876-640x427.jpg 640w, https:\/\/www.vkpbratislava.sk\/wp-content\/uploads\/2022\/02\/DF1A4876-1280x853.jpg 1280w, https:\/\/www.vkpbratislava.sk\/wp-content\/uploads\/2022\/02\/DF1A4876-768x512.jpg 768w, https:\/\/www.vkpbratislava.sk\/wp-content\/uploads\/2022\/02\/DF1A4876-1536x1024.jpg 1536w, https:\/\/www.vkpbratislava.sk\/wp-content\/uploads\/2022\/02\/DF1A4876-320x213.jpg 320w, https:\/\/www.vkpbratislava.sk\/wp-content\/uploads\/2022\/02\/DF1A4876-600x400.jpg 600w, https:\/\/www.vkpbratislava.sk\/wp-content\/uploads\/2022\/02\/DF1A4876.jpg 2048w\" sizes=\"auto, (max-width: 493px) 100vw, 493px\" \/><\/p>\n<p><em><strong>A\u00a0ak\u00e9 boli kroky?<\/strong><\/em><\/p>\n<p><em>&#8211; Mal som dve mo\u017enosti. Bu\u010f sa dobre pripravi\u0165 na play-off a\u00a0na\u010derpa\u0165 sily, da\u0165 do pr\u00edpravy viac posil\u0148ovne alebo pusti\u0165 st\u00edha\u010dku po \u0161tvrtom mieste, ktor\u00e1 bu\u010f vyjde alebo nie. Pred v\u00edkendom na v\u00fdchode som povedal, \u017ee v\u0161etko bude z\u00e1visie\u0165 od sobot\u0148aj\u0161ieho z\u00e1pasu vo Svidn\u00edku. Dobre sme tr\u00e9novali, robili sme anal\u00fdzy a\u00a0videl som, \u017ee v\u00a0dru\u017estve za\u010d\u00edna by\u0165 \u010doraz v\u00e4\u010d\u0161ia pohoda, k\u013eud a\u00a0obrovsk\u00e1 chu\u0165. Pre\u0161ov bol len vyvrcholen\u00edm. A ke\u010f\u017ee hrali bez oboch nahr\u00e1va\u010dov, o to viac mali ve\u013ek\u00fa motiv\u00e1ciu vyhra\u0165, nebol to jednoduch\u00fd z\u00e1pas. My sme potrebovali ust\u00e1\u0165 tlak, ktor\u00fd na n\u00e1s Pre\u0161ov\u010dania vyv\u00edjali. Potom to \u0161lo u\u017e relat\u00edvne dobre.<\/em><\/p>\n<p><em><strong>Po\u010d\u00edtali ste s\u00a0t\u00fdm, \u017ee v\u00a027 rokoch sa stanete najmlad\u0161\u00edm hlavn\u00fdm tr\u00e9nerom v\u00a0hist\u00f3rii extraligy?<\/strong><\/em><\/p>\n<p><em>&#8211; V\u00f4bec. Za \u017eiadnych okolnost\u00ed. Sedem rokov pracujem s\u00a0ml\u00e1de\u017eou, ktor\u00fa som vybudoval a\u00a0prekopal od z\u00e1kladov. Tam som doma a\u00a0ne\u010dakal som, \u017ee prevezmem A-mu\u017estvo v\u00a0tejto chv\u00edli. Pl\u00e1ny do bud\u00facna k\u00a0tomu smerovali, ale aktu\u00e1lne to nebola t\u00e9ma \u010d\u00edslo jeden.<\/em><\/p>\n<p><em><strong>\u0164a\u017eko sa l\u00fa\u010dilo s\u00a0ml\u00e1de\u017eou?<\/strong><\/em><\/p>\n<p><em>&#8211; Nikdy som z\u00a0nej neodi\u0161iel a\u00a0ani nem\u00f4\u017eem od\u00eds\u0165. Ml\u00e1de\u017e bola tak vysoko personalizovan\u00e1 na mne, \u017ee sa to ned\u00e1 len tak necha\u0165. Nejde z\u00a0t\u00fd\u017ed\u0148a na t\u00fd\u017ede\u0148 a\u00a0dokonca ani z\u00a0mesiaca na mesiac do toho vlo\u017ei\u0165 dvoch-troch nov\u00fdch \u013eud\u00ed, ktor\u00ed pokryj\u00fa cel\u00fa agendu, a\u00a0tak som si z\u00a0toho nie\u010do nechal. Podarilo sa n\u00e1m domov prinies\u0165 Robina P\u011bluchu, ktor\u00fd n\u00e1m ve\u013emi pom\u00f4\u017ee s\u00a0juniormi a\u00a01. ligou. Jaro Nosek m\u00e1 na starosti jedno dru\u017estvo \u017eiakov a\u00a0kadetov a\u00a0zabrala aj kolegy\u0148a Belasov\u00e1, ktor\u00e1 si k\u00a0pr\u00edpravke zobrala aj nejak\u00e9 tr\u00e9ningy druh\u00e9ho dru\u017estva \u017eiakov. V\u0161etci vedia, \u017ee to nie je jednoduch\u00e1 situ\u00e1cia, najm\u00e4 \u010dasovo, ale\u00a0pustili sa do toho naplno. Bad\u00e1m len mierny bordel (smiech).<\/em><\/p>\n<p><em><strong>Pr\u00e1ve Robin P\u011blucha v\u00e1m vypom\u00e1ha aj v\u00a0\u00e1\u010dku. Ako ste si sadli?<\/strong><\/em><\/p>\n<p><em>&#8211; Pozn\u00e1me sa dlho, e\u0161te z\u00a0\u010dias VKP Kom\u00e1rno. Vtedy som ako mlad\u00fd hr\u00e1\u010d s\u00a0nimi tr\u00e9noval. Bol som na nejak\u00fdch akci\u00e1ch, turnajoch, dokonca sme v\u00a0Kom\u00e1rne spali spolu v\u00a0jednej posteli (smiech). Ke\u010f som zistil, \u017ee Robin sa trochu tr\u00e1pi a\u00a0m\u00e1 u\u017e dos\u0165 cestovania do Kom\u00e1rna, tak som to v\u00a0klube hne\u010f prebral s \u010fal\u0161\u00edmi \u013eu\u010fmi a\u00a0okam\u017eite ho oslovili. Je to \u201ev\u00e9kap\u00e1k\u201c, pozn\u00e1 prostredie. S\u00a0t\u00edmom sa zozn\u00e1mi a\u00a0ur\u010dite bude pr\u00ednosom pre cel\u00fd klub. Je to ve\u013ek\u00e1 osobnos\u0165 slovensk\u00e9ho volejbalu a\u00a0\u0161portu.<\/em><\/p>\n<p><img loading=\"lazy\" decoding=\"async\" class=\"alignnone wp-image-11538\" src=\"https:\/\/www.vkpbratislava.sk\/wp-content\/uploads\/2022\/02\/DF1A2438-640x427.jpg\" alt=\"\" width=\"488\" height=\"325\" \/><\/p>\n<p><em><strong>U\u017e ste to nazna\u010dili. V\u00a0k\u00e1dri s\u00fa \u0161tyria hr\u00e1\u010di star\u0161\u00ed ako vy. Pom\u00e1haj\u00fa aj oni v\u00a0kab\u00edne?<\/strong><\/em><\/p>\n<p><em>&#8211; Ka\u017ed\u00fd v\u00a0\u0161atni prinesie svoje poznatky, svoje know-how do dru\u017estva. S\u00fa hr\u00e1\u010di, ja som teraz v\u00a0poz\u00edcii tr\u00e9nera a\u00a0fin\u00e1lna verzia ako to bude vyzera\u0165 je v\u017edy na mne. E\u0161te sa n\u00e1m nestalo, \u017eeby sme sa dostali do nejak\u00e9ho sporu. Predstavil som im v\u00edziu mojej hry a\u00a0o\u010dividne ich bav\u00ed.<\/em><\/p>\n<p><em><strong>Viackr\u00e1t ste povedali, \u017ee kvalitou k\u00e1dra m\u00e1 VKP na najvy\u0161\u0161ie prie\u010dky. Potvrdilo sa to v\u00a0z\u00e1vere z\u00e1kladnej \u010dasti?<\/strong><\/em><\/p>\n<p><em>&#8211; Toto dru\u017estvo m\u00e1 na to, aby bojovalo o\u00a0tie najvy\u0161\u0161ie prie\u010dky a\u00a0bolo ak\u00fdmsi \u010diernym ko\u0148om tejto sez\u00f3ny. Chalani to potrebovali len poc\u00edti\u0165 a\u00a0dosta\u0165 nasp\u00e4\u0165 do tempa.<\/em><\/p>\n<p><em><strong>Kde sa m\u00f4\u017ee VKP teda zastavi\u0165?<\/strong><\/em><\/p>\n<p><em>&#8211; Ke\u010f som pri\u0161iel ako hlavn\u00fd tr\u00e9ner, v\u00a0kab\u00edne som hr\u00e1\u010dom povedal, \u017ee to m\u00f4\u017ee ma\u0165 dva scen\u00e1re. Bu\u010f nepresko\u010d\u00edme svoj tie\u0148 a\u00a0skon\u010d\u00ed to nesl\u00e1vne v\u00a01. kole play-off alebo p\u00f4jdeme \u010faleko. V\u0161etko sa uk\u00e1\u017ee v\u00a0najbli\u017e\u0161\u00edch dvoch t\u00fd\u017ed\u0148och.<\/em><\/p>\n<p><img loading=\"lazy\" decoding=\"async\" class=\"alignnone wp-image-11564\" src=\"https:\/\/www.vkpbratislava.sk\/wp-content\/uploads\/2022\/02\/DF1A2249-640x427.jpg\" alt=\"\" width=\"472\" height=\"315\" \/><\/p>\n<p><em><strong>Po\u010fme k\u00a0va\u0161\u00edm tr\u00e9nersk\u00fdm za\u010diatkom. Kedy ste sa rozhodli, \u017ee va\u0161a kari\u00e9ra bude na lavi\u010dke a\u00a0nie na ihrisku?<\/strong><\/em><\/p>\n<p><em>&#8211; Ako hr\u00e1\u010d som skon\u010dil pre zranenie. E\u0161te dnes nie som \u00faplne vyrovnan\u00fd s\u00a0t\u00fdm, \u017ee som st\u00e1le mohol hra\u0165 a\u00a0\u010do v\u0161etko bolo predo mnou. Volejbal milujem a\u00a0chcel som pri \u0148om nejak osta\u0165 a\u00a0e\u0161te aj bez tr\u00e9nersk\u00e9ho vzdelania ma Ivan Hus\u00e1r oslovil \u010di nechcem \u00eds\u0165 pom\u00f4c\u0165 na majstrovstv\u00e1 Slovenska kadetov ro\u010dn\u00edk 1998 v\u00a0Ko\u0161iciach. \u0160iel som s\u00a0nimi a\u00a0poctivo som za na\u0161ou lavi\u010dkou na trib\u00fane robil \u010diarky. Potom som zistil, \u017ee to je celkom zauj\u00edmav\u00e9. A\u00a0ke\u010f som pochopil, \u017ee sa t\u00fdm d\u00e1 aj \u017eivi\u0165, tak to bolo pre m\u0148a nie\u010do neuverite\u013en\u00e9. Cel\u00fa l\u00e1sku k\u00a0tomuto \u0161portu som mohol pretavi\u0165 v\u00a0povolanie. \u010co m\u00f4\u017ee \u010dlovek v\u00a0\u017eivote chcie\u0165 viac, ako robi\u0165 to, \u010do ho bav\u00ed?<\/em><\/p>\n<p><em><strong>M\u00e1te tr\u00e9nersk\u00e9 vzory?<\/strong><\/em><\/p>\n<p><em>&#8211; Mojim najv\u00e4\u010d\u0161\u00edm u\u010dite\u013eom a\u00a0tr\u00e9nerom, od ktor\u00e9ho som si asi najviac zobral bol pr\u00e1ve Ivan Hus\u00e1r. Mnoh\u00fdmi mo\u017eno nen\u00e1viden\u00fd, ale pre m\u0148a volejbalov\u00fd g\u00e9nius. Ale ja som empirik. V\u00a0r\u00e1mci svojho vzdel\u00e1vania som pre\u0161iel rukami Petra a\u00a0Mat\u00fa\u0161a Kaln\u00fdch, bol som asistentom Ri\u0161a Vlkol\u00ednskeho, kr\u00e1tky \u010das som pracoval s\u00a0Marekom Kardo\u0161om, pozn\u00e1m pr\u00e1cu Mi\u0161a Matu\u0161ova v\u00a0Sl\u00e1vii, m\u00e1m na\u0161tudovan\u00e9 veci od argent\u00ednskych i\u00a0talianskych tr\u00e9nerov. Sna\u017e\u00edm sa, aby som sa v\u017edy nie\u010d\u00edm obohatil a\u00a0aby som si vybr\u00fasil m\u00f4j \u0161t\u00fdl. Nem\u00e1m vyslovene nejak\u00fd vzor, ale ka\u017ed\u00fd vo mne \u010dosi zanechal a\u00a0najv\u00fdraznej\u0161iu stopu Ivan Hus\u00e1r.<\/em><\/p>\n<p><em>mib, foto: VKP\/Michal \u0160p\u00e1nik<\/em><\/p>\n<p>&nbsp;<\/p>\n<p>&nbsp;<\/p>\n","protected":false},"excerpt":{"rendered":"<p>Pred \u0161tartom play-off sme sa zhov\u00e1rali s hlavn\u00fdm tr\u00e9nerom mu\u017eov\u00a0Jurajom Ti\u0148om.<\/p>\n","protected":false},"author":3,"featured_media":12788,"comment_status":"closed","ping_status":"closed","sticky":false,"template":"","format":"standard","meta":{"_monsterinsights_skip_tracking":false,"_monsterinsights_sitenote_active":false,"_monsterinsights_sitenote_note":"","_monsterinsights_sitenote_category":0,"footnotes":""},"categories":[47],"tags":[],"class_list":["post-12814","post","type-post","status-publish","format-standard","has-post-thumbnail","hentry","category-muzi"],"yoast_head":"<!-- This site is optimized with the Yoast SEO plugin v25.6 - https:\/\/yoast.com\/wordpress\/plugins\/seo\/ -->\n<title>Juraj Ti\u0148o: M\u00f4\u017eeme by\u0165 \u010diernym ko\u0148om sez\u00f3ny - VK SLOVAN Bratislava<\/title>\n<meta name=\"description\" content=\"Pred \u0161tartom play-off sme sa zhov\u00e1rali s hlavn\u00fdm tr\u00e9nerom mu\u017eov\u00a0Jurajom Ti\u0148om.\" \/>\n<meta name=\"robots\" content=\"index, follow, max-snippet:-1, max-image-preview:large, max-video-preview:-1\" \/>\n<link rel=\"canonical\" href=\"https:\/\/www.vkpbratislava.sk\/?p=12814\" \/>\n<meta property=\"og:locale\" content=\"sk_SK\" \/>\n<meta property=\"og:type\" content=\"article\" \/>\n<meta property=\"og:title\" content=\"Juraj Ti\u0148o: M\u00f4\u017eeme by\u0165 \u010diernym ko\u0148om sez\u00f3ny - VK SLOVAN Bratislava\" \/>\n<meta property=\"og:description\" content=\"Pred \u0161tartom play-off sme sa zhov\u00e1rali s hlavn\u00fdm tr\u00e9nerom mu\u017eov\u00a0Jurajom Ti\u0148om.\" \/>\n<meta property=\"og:url\" content=\"https:\/\/www.vkpbratislava.sk\/?p=12814\" \/>\n<meta property=\"og:site_name\" content=\"VK SLOVAN Bratislava\" \/>\n<meta property=\"article:published_time\" content=\"2022-03-01T22:37:42+00:00\" \/>\n<meta property=\"article:modified_time\" content=\"2022-03-01T22:39:00+00:00\" \/>\n<meta property=\"og:image\" content=\"https:\/\/www.vkpbratislava.sk\/wp-content\/uploads\/2022\/02\/DF1A4866.jpg\" \/>\n\t<meta property=\"og:image:width\" content=\"2048\" \/>\n\t<meta property=\"og:image:height\" content=\"1365\" \/>\n\t<meta property=\"og:image:type\" content=\"image\/jpeg\" \/>\n<meta name=\"author\" content=\"jenca\" \/>\n<meta name=\"twitter:card\" content=\"summary_large_image\" \/>\n<meta name=\"twitter:label1\" content=\"Autor\" \/>\n\t<meta name=\"twitter:data1\" content=\"jenca\" \/>\n\t<meta name=\"twitter:label2\" content=\"Predpokladan\u00fd \u010das \u010d\u00edtania\" \/>\n\t<meta name=\"twitter:data2\" content=\"7 min\u00fat\" \/>\n<script type=\"application\/ld+json\" class=\"yoast-schema-graph\">{\"@context\":\"https:\/\/schema.org\",\"@graph\":[{\"@type\":\"Article\",\"@id\":\"https:\/\/www.vkpbratislava.sk\/?p=12814#article\",\"isPartOf\":{\"@id\":\"https:\/\/www.vkpbratislava.sk\/?p=12814\"},\"author\":{\"name\":\"jenca\",\"@id\":\"https:\/\/www.vkpbratislava.sk\/#\/schema\/person\/7037e769f9515aa58493d1b5852c4c50\"},\"headline\":\"Juraj Ti\u0148o: M\u00f4\u017eeme by\u0165 \u010diernym ko\u0148om sez\u00f3ny\",\"datePublished\":\"2022-03-01T22:37:42+00:00\",\"dateModified\":\"2022-03-01T22:39:00+00:00\",\"mainEntityOfPage\":{\"@id\":\"https:\/\/www.vkpbratislava.sk\/?p=12814\"},\"wordCount\":1367,\"publisher\":{\"@id\":\"https:\/\/www.vkpbratislava.sk\/#organization\"},\"image\":{\"@id\":\"https:\/\/www.vkpbratislava.sk\/?p=12814#primaryimage\"},\"thumbnailUrl\":\"https:\/\/www.vkpbratislava.sk\/wp-content\/uploads\/2022\/02\/DF1A4866.jpg\",\"articleSection\":[\"Mu\u017ei\"],\"inLanguage\":\"sk-SK\"},{\"@type\":\"WebPage\",\"@id\":\"https:\/\/www.vkpbratislava.sk\/?p=12814\",\"url\":\"https:\/\/www.vkpbratislava.sk\/?p=12814\",\"name\":\"Juraj Ti\u0148o: M\u00f4\u017eeme by\u0165 \u010diernym ko\u0148om sez\u00f3ny - VK SLOVAN Bratislava\",\"isPartOf\":{\"@id\":\"https:\/\/www.vkpbratislava.sk\/#website\"},\"primaryImageOfPage\":{\"@id\":\"https:\/\/www.vkpbratislava.sk\/?p=12814#primaryimage\"},\"image\":{\"@id\":\"https:\/\/www.vkpbratislava.sk\/?p=12814#primaryimage\"},\"thumbnailUrl\":\"https:\/\/www.vkpbratislava.sk\/wp-content\/uploads\/2022\/02\/DF1A4866.jpg\",\"datePublished\":\"2022-03-01T22:37:42+00:00\",\"dateModified\":\"2022-03-01T22:39:00+00:00\",\"description\":\"Pred \u0161tartom play-off sme sa zhov\u00e1rali s hlavn\u00fdm tr\u00e9nerom mu\u017eov\u00a0Jurajom Ti\u0148om.\",\"breadcrumb\":{\"@id\":\"https:\/\/www.vkpbratislava.sk\/?p=12814#breadcrumb\"},\"inLanguage\":\"sk-SK\",\"potentialAction\":[{\"@type\":\"ReadAction\",\"target\":[\"https:\/\/www.vkpbratislava.sk\/?p=12814\"]}]},{\"@type\":\"ImageObject\",\"inLanguage\":\"sk-SK\",\"@id\":\"https:\/\/www.vkpbratislava.sk\/?p=12814#primaryimage\",\"url\":\"https:\/\/www.vkpbratislava.sk\/wp-content\/uploads\/2022\/02\/DF1A4866.jpg\",\"contentUrl\":\"https:\/\/www.vkpbratislava.sk\/wp-content\/uploads\/2022\/02\/DF1A4866.jpg\",\"width\":2048,\"height\":1365},{\"@type\":\"BreadcrumbList\",\"@id\":\"https:\/\/www.vkpbratislava.sk\/?p=12814#breadcrumb\",\"itemListElement\":[{\"@type\":\"ListItem\",\"position\":1,\"name\":\"Domov\",\"item\":\"https:\/\/www.vkpbratislava.sk\/\"},{\"@type\":\"ListItem\",\"position\":2,\"name\":\"Juraj Ti\u0148o: M\u00f4\u017eeme by\u0165 \u010diernym ko\u0148om sez\u00f3ny\"}]},{\"@type\":\"WebSite\",\"@id\":\"https:\/\/www.vkpbratislava.sk\/#website\",\"url\":\"https:\/\/www.vkpbratislava.sk\/\",\"name\":\"VK SLOVAN Bratislava\",\"description\":\"Volejbalov\u00fd klub\",\"publisher\":{\"@id\":\"https:\/\/www.vkpbratislava.sk\/#organization\"},\"potentialAction\":[{\"@type\":\"SearchAction\",\"target\":{\"@type\":\"EntryPoint\",\"urlTemplate\":\"https:\/\/www.vkpbratislava.sk\/?s={search_term_string}\"},\"query-input\":{\"@type\":\"PropertyValueSpecification\",\"valueRequired\":true,\"valueName\":\"search_term_string\"}}],\"inLanguage\":\"sk-SK\"},{\"@type\":\"Organization\",\"@id\":\"https:\/\/www.vkpbratislava.sk\/#organization\",\"name\":\"VKP Bratislava\",\"url\":\"https:\/\/www.vkpbratislava.sk\/\",\"logo\":{\"@type\":\"ImageObject\",\"inLanguage\":\"sk-SK\",\"@id\":\"https:\/\/www.vkpbratislava.sk\/#\/schema\/logo\/image\/\",\"url\":\"https:\/\/www.vkpbratislava.sk\/wp-content\/uploads\/2020\/10\/vkpBA.png\",\"contentUrl\":\"https:\/\/www.vkpbratislava.sk\/wp-content\/uploads\/2020\/10\/vkpBA.png\",\"width\":600,\"height\":600,\"caption\":\"VKP Bratislava\"},\"image\":{\"@id\":\"https:\/\/www.vkpbratislava.sk\/#\/schema\/logo\/image\/\"}},{\"@type\":\"Person\",\"@id\":\"https:\/\/www.vkpbratislava.sk\/#\/schema\/person\/7037e769f9515aa58493d1b5852c4c50\",\"name\":\"jenca\",\"image\":{\"@type\":\"ImageObject\",\"inLanguage\":\"sk-SK\",\"@id\":\"https:\/\/www.vkpbratislava.sk\/#\/schema\/person\/image\/\",\"url\":\"https:\/\/secure.gravatar.com\/avatar\/67aa89e9aab2911bbd0c6fbf0a891ea8d80c207c9b6a6e2c96e13fc2f16e536d?s=96&d=mm&r=g\",\"contentUrl\":\"https:\/\/secure.gravatar.com\/avatar\/67aa89e9aab2911bbd0c6fbf0a891ea8d80c207c9b6a6e2c96e13fc2f16e536d?s=96&d=mm&r=g\",\"caption\":\"jenca\"},\"url\":\"https:\/\/www.vkpbratislava.sk\/?author=3\"}]}<\/script>\n<!-- \/ Yoast SEO plugin. -->","yoast_head_json":{"title":"Juraj Ti\u0148o: M\u00f4\u017eeme by\u0165 \u010diernym ko\u0148om sez\u00f3ny - VK SLOVAN Bratislava","description":"Pred \u0161tartom play-off sme sa zhov\u00e1rali s hlavn\u00fdm tr\u00e9nerom mu\u017eov\u00a0Jurajom Ti\u0148om.","robots":{"index":"index","follow":"follow","max-snippet":"max-snippet:-1","max-image-preview":"max-image-preview:large","max-video-preview":"max-video-preview:-1"},"canonical":"https:\/\/www.vkpbratislava.sk\/?p=12814","og_locale":"sk_SK","og_type":"article","og_title":"Juraj Ti\u0148o: M\u00f4\u017eeme by\u0165 \u010diernym ko\u0148om sez\u00f3ny - VK SLOVAN Bratislava","og_description":"Pred \u0161tartom play-off sme sa zhov\u00e1rali s hlavn\u00fdm tr\u00e9nerom mu\u017eov\u00a0Jurajom Ti\u0148om.","og_url":"https:\/\/www.vkpbratislava.sk\/?p=12814","og_site_name":"VK SLOVAN Bratislava","article_published_time":"2022-03-01T22:37:42+00:00","article_modified_time":"2022-03-01T22:39:00+00:00","og_image":[{"width":2048,"height":1365,"url":"https:\/\/www.vkpbratislava.sk\/wp-content\/uploads\/2022\/02\/DF1A4866.jpg","type":"image\/jpeg"}],"author":"jenca","twitter_card":"summary_large_image","twitter_misc":{"Autor":"jenca","Predpokladan\u00fd \u010das \u010d\u00edtania":"7 min\u00fat"},"schema":{"@context":"https:\/\/schema.org","@graph":[{"@type":"Article","@id":"https:\/\/www.vkpbratislava.sk\/?p=12814#article","isPartOf":{"@id":"https:\/\/www.vkpbratislava.sk\/?p=12814"},"author":{"name":"jenca","@id":"https:\/\/www.vkpbratislava.sk\/#\/schema\/person\/7037e769f9515aa58493d1b5852c4c50"},"headline":"Juraj Ti\u0148o: M\u00f4\u017eeme by\u0165 \u010diernym ko\u0148om sez\u00f3ny","datePublished":"2022-03-01T22:37:42+00:00","dateModified":"2022-03-01T22:39:00+00:00","mainEntityOfPage":{"@id":"https:\/\/www.vkpbratislava.sk\/?p=12814"},"wordCount":1367,"publisher":{"@id":"https:\/\/www.vkpbratislava.sk\/#organization"},"image":{"@id":"https:\/\/www.vkpbratislava.sk\/?p=12814#primaryimage"},"thumbnailUrl":"https:\/\/www.vkpbratislava.sk\/wp-content\/uploads\/2022\/02\/DF1A4866.jpg","articleSection":["Mu\u017ei"],"inLanguage":"sk-SK"},{"@type":"WebPage","@id":"https:\/\/www.vkpbratislava.sk\/?p=12814","url":"https:\/\/www.vkpbratislava.sk\/?p=12814","name":"Juraj Ti\u0148o: M\u00f4\u017eeme by\u0165 \u010diernym ko\u0148om sez\u00f3ny - VK SLOVAN Bratislava","isPartOf":{"@id":"https:\/\/www.vkpbratislava.sk\/#website"},"primaryImageOfPage":{"@id":"https:\/\/www.vkpbratislava.sk\/?p=12814#primaryimage"},"image":{"@id":"https:\/\/www.vkpbratislava.sk\/?p=12814#primaryimage"},"thumbnailUrl":"https:\/\/www.vkpbratislava.sk\/wp-content\/uploads\/2022\/02\/DF1A4866.jpg","datePublished":"2022-03-01T22:37:42+00:00","dateModified":"2022-03-01T22:39:00+00:00","description":"Pred \u0161tartom play-off sme sa zhov\u00e1rali s hlavn\u00fdm tr\u00e9nerom mu\u017eov\u00a0Jurajom Ti\u0148om.","breadcrumb":{"@id":"https:\/\/www.vkpbratislava.sk\/?p=12814#breadcrumb"},"inLanguage":"sk-SK","potentialAction":[{"@type":"ReadAction","target":["https:\/\/www.vkpbratislava.sk\/?p=12814"]}]},{"@type":"ImageObject","inLanguage":"sk-SK","@id":"https:\/\/www.vkpbratislava.sk\/?p=12814#primaryimage","url":"https:\/\/www.vkpbratislava.sk\/wp-content\/uploads\/2022\/02\/DF1A4866.jpg","contentUrl":"https:\/\/www.vkpbratislava.sk\/wp-content\/uploads\/2022\/02\/DF1A4866.jpg","width":2048,"height":1365},{"@type":"BreadcrumbList","@id":"https:\/\/www.vkpbratislava.sk\/?p=12814#breadcrumb","itemListElement":[{"@type":"ListItem","position":1,"name":"Domov","item":"https:\/\/www.vkpbratislava.sk\/"},{"@type":"ListItem","position":2,"name":"Juraj Ti\u0148o: M\u00f4\u017eeme by\u0165 \u010diernym ko\u0148om sez\u00f3ny"}]},{"@type":"WebSite","@id":"https:\/\/www.vkpbratislava.sk\/#website","url":"https:\/\/www.vkpbratislava.sk\/","name":"VK SLOVAN Bratislava","description":"Volejbalov\u00fd klub","publisher":{"@id":"https:\/\/www.vkpbratislava.sk\/#organization"},"potentialAction":[{"@type":"SearchAction","target":{"@type":"EntryPoint","urlTemplate":"https:\/\/www.vkpbratislava.sk\/?s={search_term_string}"},"query-input":{"@type":"PropertyValueSpecification","valueRequired":true,"valueName":"search_term_string"}}],"inLanguage":"sk-SK"},{"@type":"Organization","@id":"https:\/\/www.vkpbratislava.sk\/#organization","name":"VKP Bratislava","url":"https:\/\/www.vkpbratislava.sk\/","logo":{"@type":"ImageObject","inLanguage":"sk-SK","@id":"https:\/\/www.vkpbratislava.sk\/#\/schema\/logo\/image\/","url":"https:\/\/www.vkpbratislava.sk\/wp-content\/uploads\/2020\/10\/vkpBA.png","contentUrl":"https:\/\/www.vkpbratislava.sk\/wp-content\/uploads\/2020\/10\/vkpBA.png","width":600,"height":600,"caption":"VKP Bratislava"},"image":{"@id":"https:\/\/www.vkpbratislava.sk\/#\/schema\/logo\/image\/"}},{"@type":"Person","@id":"https:\/\/www.vkpbratislava.sk\/#\/schema\/person\/7037e769f9515aa58493d1b5852c4c50","name":"jenca","image":{"@type":"ImageObject","inLanguage":"sk-SK","@id":"https:\/\/www.vkpbratislava.sk\/#\/schema\/person\/image\/","url":"https:\/\/secure.gravatar.com\/avatar\/67aa89e9aab2911bbd0c6fbf0a891ea8d80c207c9b6a6e2c96e13fc2f16e536d?s=96&d=mm&r=g","contentUrl":"https:\/\/secure.gravatar.com\/avatar\/67aa89e9aab2911bbd0c6fbf0a891ea8d80c207c9b6a6e2c96e13fc2f16e536d?s=96&d=mm&r=g","caption":"jenca"},"url":"https:\/\/www.vkpbratislava.sk\/?author=3"}]}},"_links":{"self":[{"href":"https:\/\/www.vkpbratislava.sk\/index.php?rest_route=\/wp\/v2\/posts\/12814","targetHints":{"allow":["GET"]}}],"collection":[{"href":"https:\/\/www.vkpbratislava.sk\/index.php?rest_route=\/wp\/v2\/posts"}],"about":[{"href":"https:\/\/www.vkpbratislava.sk\/index.php?rest_route=\/wp\/v2\/types\/post"}],"author":[{"embeddable":true,"href":"https:\/\/www.vkpbratislava.sk\/index.php?rest_route=\/wp\/v2\/users\/3"}],"replies":[{"embeddable":true,"href":"https:\/\/www.vkpbratislava.sk\/index.php?rest_route=%2Fwp%2Fv2%2Fcomments&post=12814"}],"version-history":[{"count":4,"href":"https:\/\/www.vkpbratislava.sk\/index.php?rest_route=\/wp\/v2\/posts\/12814\/revisions"}],"predecessor-version":[{"id":12818,"href":"https:\/\/www.vkpbratislava.sk\/index.php?rest_route=\/wp\/v2\/posts\/12814\/revisions\/12818"}],"wp:featuredmedia":[{"embeddable":true,"href":"https:\/\/www.vkpbratislava.sk\/index.php?rest_route=\/wp\/v2\/media\/12788"}],"wp:attachment":[{"href":"https:\/\/www.vkpbratislava.sk\/index.php?rest_route=%2Fwp%2Fv2%2Fmedia&parent=12814"}],"wp:term":[{"taxonomy":"category","embeddable":true,"href":"https:\/\/www.vkpbratislava.sk\/index.php?rest_route=%2Fwp%2Fv2%2Fcategories&post=12814"},{"taxonomy":"post_tag","embeddable":true,"href":"https:\/\/www.vkpbratislava.sk\/index.php?rest_route=%2Fwp%2Fv2%2Ftags&post=12814"}],"curies":[{"name":"wp","href":"https:\/\/api.w.org\/{rel}","templated":true}]}}