{"id":12825,"date":"2022-03-04T21:02:13","date_gmt":"2022-03-04T20:02:13","guid":{"rendered":"https:\/\/www.vkpbratislava.sk\/?p=12825"},"modified":"2022-03-04T21:02:13","modified_gmt":"2022-03-04T20:02:13","slug":"v-play-off-sa-pocitaju-len-vitazstva-hovori-trener-zien-hancak","status":"publish","type":"post","link":"https:\/\/www.vkpbratislava.sk\/?p=12825","title":{"rendered":"V play-off sa po\u010d\u00edtaj\u00fa len v\u00ed\u0165azstv\u00e1, hovor\u00ed tr\u00e9ner \u017eien Han\u010d\u00e1k"},"content":{"rendered":"<p><strong>Je to tu! V\u00a0play-off sa v\u00a0prv\u00fdkr\u00e1t vo farb\u00e1ch VKP Bratislava predstav\u00ed aj \u017eensk\u00e9 dru\u017estvo, ktor\u00e9 vo \u0161tvr\u0165fin\u00e1le naraz\u00ed na VK Pirane Brusno.<\/strong><\/p>\n<p>Prv\u00fd z\u00e1pas odohraj\u00fa \u201epolicajtky\u201c v\u00a0sobotu o\u00a017.00 hod. na Horehron\u00ed. \u201eV podstate sme sa u\u017e dva t\u00fd\u017edne pripravovali na play-off, hoci sme nevedeli, ktor\u00fd t\u00edm bude na\u0161\u00edm s\u00faperom. St\u00e1le sme neboli v\u00a0kompletnom zlo\u017een\u00ed, tak\u017ee sme rie\u0161ili vlastn\u00e9 veci a\u00a0nepozerali sa na protivn\u00edka,\u201c uviedol tr\u00e9ner \u017eien Jaroslav Han\u010d\u00e1k.<\/p>\n<p>Jeho zverenkyne sa pobij\u00fa o\u00a0postup s\u00a0Brusnom, s\u00a0ktor\u00fdm sme v\u00a0z\u00e1kladnej \u010dasti odohrali vyrovnan\u00e9 stretnutia. V\u00a08. kole sme na Horehron\u00ed prehrali a\u017e v\u00a0tajbrejku 3:2, v\u00a017. kole sme im to vr\u00e1tili a\u00a0zv\u00ed\u0165azili doma 3:2. \u201eSom r\u00e1d, \u017ee m\u00e1me s\u00a0nimi vyrovnan\u00fa bilanciu 1:1, ale Brusno je nepr\u00edjemn\u00fd s\u00faper. S\u00e1m som zvedav\u00fd, ako bude cel\u00e1 s\u00e9ria prebieha\u0165. V\u00a0play-off ide u\u017e len o\u00a0v\u00ed\u0165azstv\u00e1 a\u00a0v\u00a0Brusne sa pok\u00fasime o\u00a0to prv\u00e9,\u201c doplnil.<\/p>\n<p>V\u00a0z\u00e1kladnej \u010dasti diev\u010dat\u00e1 potr\u00e1pili viacer\u00e9 t\u00edmy z\u00a0prvej \u0161tvorky. \u201eIndividu\u00e1lne sme na tom ve\u013emi dobre. Nemali sme ve\u013ea \u010dasu tr\u00e9nova\u0165 pohromade, v\u017edy n\u00e1m niektor\u00e1 hr\u00e1\u010dka ch\u00fdbala. Osobne vn\u00edmam silu n\u00e1\u0161ho dru\u017estva ve\u013emi vysoko. Ve\u013ea bude z\u00e1visie\u0165 od toho, ako sa budeme zlep\u0161ova\u0165 od z\u00e1pasu k\u00a0z\u00e1pasu,\u201c pokra\u010doval Han\u010d\u00e1k.<\/p>\n<p>Bolo v\u00fdhodou \u010di nev\u00fdhodou hra\u0165 v\u00a0spodnej \u010dasti tabu\u013eky v\u00a0nadstavbovej \u010dasti, kde boli papierovo slab\u0161ie t\u00edmy? \u201eUr\u010dite nev\u00fdhodou, ale vzh\u013eadom k\u00a0na\u0161ej situ\u00e1cii, kde sme mali ve\u013ea zdravotn\u00fdch probl\u00e9mov, tak bolo pre n\u00e1s lep\u0161ie hra\u0165 v\u00a0dolnej \u010dasti. Dali sme pr\u00edle\u017eitos\u0165 aj ostatn\u00fdm bab\u00e1m, tro\u0161ku sa vyhrali pred play-off a\u00a0lavi\u010dku budeme ma\u0165 ur\u010dite v\u00fdborne pripraven\u00fa na to, aby striedali a\u00a0pomohli t\u00edmu,\u201c odpovedal kou\u010d VKP.<\/p>\n<p>Na z\u00e1pasoch \u017eien VKP viackr\u00e1t panovala skvel\u00e1 atmosf\u00e9ra, div\u00e1ci povzbudzovali diev\u010dat\u00e1 nielen na dom\u00e1cich z\u00e1pasoch, ale aj v\u00a0semifin\u00e1le poh\u00e1ra v\u00a0Kom\u00e1rne. \u201eBol by som r\u00e1d, keby pri\u0161li v\u0161etci fan\u00fa\u0161ikovia volejbalu a\u00a0hlavne VKP. Ver\u00edm, \u017ee n\u00e1s v\u00a0dom\u00e1com prostred\u00ed pr\u00eddu povzbudi\u0165. Chceme ur\u010dite post\u00fapi\u0165 \u010falej. Nebude to jednoduch\u00e9, ale ka\u017ed\u00fd jeden div\u00e1k n\u00e1m k\u00a0tomu m\u00f4\u017ee pom\u00f4c\u0165,\u201c uzavrel Han\u010d\u00e1k.<\/p>\n","protected":false},"excerpt":{"rendered":"<p>Je to tu! V play-off sa v prv\u00fdkr\u00e1t vo farb\u00e1ch VKP Bratislava predstav\u00ed aj \u017eensk\u00e9 dru\u017estvo, ktor\u00e9 vo \u0161tvr\u0165fin\u00e1le naraz\u00ed na VK Pirane Brusno.<\/p>\n","protected":false},"author":3,"featured_media":0,"comment_status":"closed","ping_status":"closed","sticky":false,"template":"","format":"standard","meta":{"_monsterinsights_skip_tracking":false,"_monsterinsights_sitenote_active":false,"_monsterinsights_sitenote_note":"","_monsterinsights_sitenote_category":0,"footnotes":""},"categories":[1],"tags":[],"class_list":["post-12825","post","type-post","status-publish","format-standard","hentry","category-nezaradene"],"yoast_head":"<!-- This site is optimized with the Yoast SEO plugin v25.6 - https:\/\/yoast.com\/wordpress\/plugins\/seo\/ -->\n<title>V play-off sa po\u010d\u00edtaj\u00fa len v\u00ed\u0165azstv\u00e1, hovor\u00ed tr\u00e9ner \u017eien Han\u010d\u00e1k - VK SLOVAN Bratislava<\/title>\n<meta name=\"description\" content=\"Je to tu! V play-off sa v prv\u00fdkr\u00e1t vo farb\u00e1ch VKP Bratislava predstav\u00ed aj \u017eensk\u00e9 dru\u017estvo, ktor\u00e9 vo \u0161tvr\u0165fin\u00e1le naraz\u00ed na VK Pirane Brusno.\" \/>\n<meta name=\"robots\" content=\"index, follow, max-snippet:-1, max-image-preview:large, max-video-preview:-1\" \/>\n<link rel=\"canonical\" href=\"https:\/\/www.vkpbratislava.sk\/?p=12825\" \/>\n<meta property=\"og:locale\" content=\"sk_SK\" \/>\n<meta property=\"og:type\" content=\"article\" \/>\n<meta property=\"og:title\" content=\"V play-off sa po\u010d\u00edtaj\u00fa len v\u00ed\u0165azstv\u00e1, hovor\u00ed tr\u00e9ner \u017eien Han\u010d\u00e1k - VK SLOVAN Bratislava\" \/>\n<meta property=\"og:description\" content=\"Je to tu! V play-off sa v prv\u00fdkr\u00e1t vo farb\u00e1ch VKP Bratislava predstav\u00ed aj \u017eensk\u00e9 dru\u017estvo, ktor\u00e9 vo \u0161tvr\u0165fin\u00e1le naraz\u00ed na VK Pirane Brusno.\" \/>\n<meta property=\"og:url\" content=\"https:\/\/www.vkpbratislava.sk\/?p=12825\" \/>\n<meta property=\"og:site_name\" content=\"VK SLOVAN Bratislava\" \/>\n<meta property=\"article:published_time\" content=\"2022-03-04T20:02:13+00:00\" \/>\n<meta property=\"og:image\" content=\"https:\/\/www.vkpbratislava.sk\/wp-content\/uploads\/2022\/02\/20220216_iurban79_VKP-BA-Z-vs-Trnava_DSC00332-1280x854.jpg\" \/>\n\t<meta property=\"og:image:width\" content=\"1280\" \/>\n\t<meta property=\"og:image:height\" content=\"854\" \/>\n\t<meta property=\"og:image:type\" content=\"image\/jpeg\" \/>\n<meta name=\"author\" content=\"jenca\" \/>\n<meta name=\"twitter:card\" content=\"summary_large_image\" \/>\n<meta name=\"twitter:label1\" content=\"Autor\" \/>\n\t<meta name=\"twitter:data1\" content=\"jenca\" \/>\n\t<meta name=\"twitter:label2\" content=\"Predpokladan\u00fd \u010das \u010d\u00edtania\" \/>\n\t<meta name=\"twitter:data2\" content=\"2 min\u00faty\" \/>\n<script type=\"application\/ld+json\" class=\"yoast-schema-graph\">{\"@context\":\"https:\/\/schema.org\",\"@graph\":[{\"@type\":\"Article\",\"@id\":\"https:\/\/www.vkpbratislava.sk\/?p=12825#article\",\"isPartOf\":{\"@id\":\"https:\/\/www.vkpbratislava.sk\/?p=12825\"},\"author\":{\"name\":\"jenca\",\"@id\":\"https:\/\/www.vkpbratislava.sk\/#\/schema\/person\/7037e769f9515aa58493d1b5852c4c50\"},\"headline\":\"V play-off sa po\u010d\u00edtaj\u00fa len v\u00ed\u0165azstv\u00e1, hovor\u00ed tr\u00e9ner \u017eien Han\u010d\u00e1k\",\"datePublished\":\"2022-03-04T20:02:13+00:00\",\"mainEntityOfPage\":{\"@id\":\"https:\/\/www.vkpbratislava.sk\/?p=12825\"},\"wordCount\":438,\"publisher\":{\"@id\":\"https:\/\/www.vkpbratislava.sk\/#organization\"},\"inLanguage\":\"sk-SK\"},{\"@type\":\"WebPage\",\"@id\":\"https:\/\/www.vkpbratislava.sk\/?p=12825\",\"url\":\"https:\/\/www.vkpbratislava.sk\/?p=12825\",\"name\":\"V play-off sa po\u010d\u00edtaj\u00fa len v\u00ed\u0165azstv\u00e1, hovor\u00ed tr\u00e9ner \u017eien Han\u010d\u00e1k - VK SLOVAN Bratislava\",\"isPartOf\":{\"@id\":\"https:\/\/www.vkpbratislava.sk\/#website\"},\"datePublished\":\"2022-03-04T20:02:13+00:00\",\"description\":\"Je to tu! V play-off sa v prv\u00fdkr\u00e1t vo farb\u00e1ch VKP Bratislava predstav\u00ed aj \u017eensk\u00e9 dru\u017estvo, ktor\u00e9 vo \u0161tvr\u0165fin\u00e1le naraz\u00ed na VK Pirane Brusno.\",\"breadcrumb\":{\"@id\":\"https:\/\/www.vkpbratislava.sk\/?p=12825#breadcrumb\"},\"inLanguage\":\"sk-SK\",\"potentialAction\":[{\"@type\":\"ReadAction\",\"target\":[\"https:\/\/www.vkpbratislava.sk\/?p=12825\"]}]},{\"@type\":\"BreadcrumbList\",\"@id\":\"https:\/\/www.vkpbratislava.sk\/?p=12825#breadcrumb\",\"itemListElement\":[{\"@type\":\"ListItem\",\"position\":1,\"name\":\"Domov\",\"item\":\"https:\/\/www.vkpbratislava.sk\/\"},{\"@type\":\"ListItem\",\"position\":2,\"name\":\"V play-off sa po\u010d\u00edtaj\u00fa len v\u00ed\u0165azstv\u00e1, hovor\u00ed tr\u00e9ner \u017eien Han\u010d\u00e1k\"}]},{\"@type\":\"WebSite\",\"@id\":\"https:\/\/www.vkpbratislava.sk\/#website\",\"url\":\"https:\/\/www.vkpbratislava.sk\/\",\"name\":\"VK SLOVAN Bratislava\",\"description\":\"Volejbalov\u00fd klub\",\"publisher\":{\"@id\":\"https:\/\/www.vkpbratislava.sk\/#organization\"},\"potentialAction\":[{\"@type\":\"SearchAction\",\"target\":{\"@type\":\"EntryPoint\",\"urlTemplate\":\"https:\/\/www.vkpbratislava.sk\/?s={search_term_string}\"},\"query-input\":{\"@type\":\"PropertyValueSpecification\",\"valueRequired\":true,\"valueName\":\"search_term_string\"}}],\"inLanguage\":\"sk-SK\"},{\"@type\":\"Organization\",\"@id\":\"https:\/\/www.vkpbratislava.sk\/#organization\",\"name\":\"VKP Bratislava\",\"url\":\"https:\/\/www.vkpbratislava.sk\/\",\"logo\":{\"@type\":\"ImageObject\",\"inLanguage\":\"sk-SK\",\"@id\":\"https:\/\/www.vkpbratislava.sk\/#\/schema\/logo\/image\/\",\"url\":\"https:\/\/www.vkpbratislava.sk\/wp-content\/uploads\/2020\/10\/vkpBA.png\",\"contentUrl\":\"https:\/\/www.vkpbratislava.sk\/wp-content\/uploads\/2020\/10\/vkpBA.png\",\"width\":600,\"height\":600,\"caption\":\"VKP Bratislava\"},\"image\":{\"@id\":\"https:\/\/www.vkpbratislava.sk\/#\/schema\/logo\/image\/\"}},{\"@type\":\"Person\",\"@id\":\"https:\/\/www.vkpbratislava.sk\/#\/schema\/person\/7037e769f9515aa58493d1b5852c4c50\",\"name\":\"jenca\",\"image\":{\"@type\":\"ImageObject\",\"inLanguage\":\"sk-SK\",\"@id\":\"https:\/\/www.vkpbratislava.sk\/#\/schema\/person\/image\/\",\"url\":\"https:\/\/secure.gravatar.com\/avatar\/67aa89e9aab2911bbd0c6fbf0a891ea8d80c207c9b6a6e2c96e13fc2f16e536d?s=96&d=mm&r=g\",\"contentUrl\":\"https:\/\/secure.gravatar.com\/avatar\/67aa89e9aab2911bbd0c6fbf0a891ea8d80c207c9b6a6e2c96e13fc2f16e536d?s=96&d=mm&r=g\",\"caption\":\"jenca\"},\"url\":\"https:\/\/www.vkpbratislava.sk\/?author=3\"}]}<\/script>\n<!-- \/ Yoast SEO plugin. -->","yoast_head_json":{"title":"V play-off sa po\u010d\u00edtaj\u00fa len v\u00ed\u0165azstv\u00e1, hovor\u00ed tr\u00e9ner \u017eien Han\u010d\u00e1k - VK SLOVAN Bratislava","description":"Je to tu! V play-off sa v prv\u00fdkr\u00e1t vo farb\u00e1ch VKP Bratislava predstav\u00ed aj \u017eensk\u00e9 dru\u017estvo, ktor\u00e9 vo \u0161tvr\u0165fin\u00e1le naraz\u00ed na VK Pirane Brusno.","robots":{"index":"index","follow":"follow","max-snippet":"max-snippet:-1","max-image-preview":"max-image-preview:large","max-video-preview":"max-video-preview:-1"},"canonical":"https:\/\/www.vkpbratislava.sk\/?p=12825","og_locale":"sk_SK","og_type":"article","og_title":"V play-off sa po\u010d\u00edtaj\u00fa len v\u00ed\u0165azstv\u00e1, hovor\u00ed tr\u00e9ner \u017eien Han\u010d\u00e1k - VK SLOVAN Bratislava","og_description":"Je to tu! V play-off sa v prv\u00fdkr\u00e1t vo farb\u00e1ch VKP Bratislava predstav\u00ed aj \u017eensk\u00e9 dru\u017estvo, ktor\u00e9 vo \u0161tvr\u0165fin\u00e1le naraz\u00ed na VK Pirane Brusno.","og_url":"https:\/\/www.vkpbratislava.sk\/?p=12825","og_site_name":"VK SLOVAN Bratislava","article_published_time":"2022-03-04T20:02:13+00:00","og_image":[{"width":1280,"height":854,"url":"https:\/\/www.vkpbratislava.sk\/wp-content\/uploads\/2022\/02\/20220216_iurban79_VKP-BA-Z-vs-Trnava_DSC00332-1280x854.jpg","type":"image\/jpeg"}],"author":"jenca","twitter_card":"summary_large_image","twitter_misc":{"Autor":"jenca","Predpokladan\u00fd \u010das \u010d\u00edtania":"2 min\u00faty"},"schema":{"@context":"https:\/\/schema.org","@graph":[{"@type":"Article","@id":"https:\/\/www.vkpbratislava.sk\/?p=12825#article","isPartOf":{"@id":"https:\/\/www.vkpbratislava.sk\/?p=12825"},"author":{"name":"jenca","@id":"https:\/\/www.vkpbratislava.sk\/#\/schema\/person\/7037e769f9515aa58493d1b5852c4c50"},"headline":"V play-off sa po\u010d\u00edtaj\u00fa len v\u00ed\u0165azstv\u00e1, hovor\u00ed tr\u00e9ner \u017eien Han\u010d\u00e1k","datePublished":"2022-03-04T20:02:13+00:00","mainEntityOfPage":{"@id":"https:\/\/www.vkpbratislava.sk\/?p=12825"},"wordCount":438,"publisher":{"@id":"https:\/\/www.vkpbratislava.sk\/#organization"},"inLanguage":"sk-SK"},{"@type":"WebPage","@id":"https:\/\/www.vkpbratislava.sk\/?p=12825","url":"https:\/\/www.vkpbratislava.sk\/?p=12825","name":"V play-off sa po\u010d\u00edtaj\u00fa len v\u00ed\u0165azstv\u00e1, hovor\u00ed tr\u00e9ner \u017eien Han\u010d\u00e1k - VK SLOVAN Bratislava","isPartOf":{"@id":"https:\/\/www.vkpbratislava.sk\/#website"},"datePublished":"2022-03-04T20:02:13+00:00","description":"Je to tu! V play-off sa v prv\u00fdkr\u00e1t vo farb\u00e1ch VKP Bratislava predstav\u00ed aj \u017eensk\u00e9 dru\u017estvo, ktor\u00e9 vo \u0161tvr\u0165fin\u00e1le naraz\u00ed na VK Pirane Brusno.","breadcrumb":{"@id":"https:\/\/www.vkpbratislava.sk\/?p=12825#breadcrumb"},"inLanguage":"sk-SK","potentialAction":[{"@type":"ReadAction","target":["https:\/\/www.vkpbratislava.sk\/?p=12825"]}]},{"@type":"BreadcrumbList","@id":"https:\/\/www.vkpbratislava.sk\/?p=12825#breadcrumb","itemListElement":[{"@type":"ListItem","position":1,"name":"Domov","item":"https:\/\/www.vkpbratislava.sk\/"},{"@type":"ListItem","position":2,"name":"V play-off sa po\u010d\u00edtaj\u00fa len v\u00ed\u0165azstv\u00e1, hovor\u00ed tr\u00e9ner \u017eien Han\u010d\u00e1k"}]},{"@type":"WebSite","@id":"https:\/\/www.vkpbratislava.sk\/#website","url":"https:\/\/www.vkpbratislava.sk\/","name":"VK SLOVAN Bratislava","description":"Volejbalov\u00fd klub","publisher":{"@id":"https:\/\/www.vkpbratislava.sk\/#organization"},"potentialAction":[{"@type":"SearchAction","target":{"@type":"EntryPoint","urlTemplate":"https:\/\/www.vkpbratislava.sk\/?s={search_term_string}"},"query-input":{"@type":"PropertyValueSpecification","valueRequired":true,"valueName":"search_term_string"}}],"inLanguage":"sk-SK"},{"@type":"Organization","@id":"https:\/\/www.vkpbratislava.sk\/#organization","name":"VKP Bratislava","url":"https:\/\/www.vkpbratislava.sk\/","logo":{"@type":"ImageObject","inLanguage":"sk-SK","@id":"https:\/\/www.vkpbratislava.sk\/#\/schema\/logo\/image\/","url":"https:\/\/www.vkpbratislava.sk\/wp-content\/uploads\/2020\/10\/vkpBA.png","contentUrl":"https:\/\/www.vkpbratislava.sk\/wp-content\/uploads\/2020\/10\/vkpBA.png","width":600,"height":600,"caption":"VKP Bratislava"},"image":{"@id":"https:\/\/www.vkpbratislava.sk\/#\/schema\/logo\/image\/"}},{"@type":"Person","@id":"https:\/\/www.vkpbratislava.sk\/#\/schema\/person\/7037e769f9515aa58493d1b5852c4c50","name":"jenca","image":{"@type":"ImageObject","inLanguage":"sk-SK","@id":"https:\/\/www.vkpbratislava.sk\/#\/schema\/person\/image\/","url":"https:\/\/secure.gravatar.com\/avatar\/67aa89e9aab2911bbd0c6fbf0a891ea8d80c207c9b6a6e2c96e13fc2f16e536d?s=96&d=mm&r=g","contentUrl":"https:\/\/secure.gravatar.com\/avatar\/67aa89e9aab2911bbd0c6fbf0a891ea8d80c207c9b6a6e2c96e13fc2f16e536d?s=96&d=mm&r=g","caption":"jenca"},"url":"https:\/\/www.vkpbratislava.sk\/?author=3"}]}},"_links":{"self":[{"href":"https:\/\/www.vkpbratislava.sk\/index.php?rest_route=\/wp\/v2\/posts\/12825","targetHints":{"allow":["GET"]}}],"collection":[{"href":"https:\/\/www.vkpbratislava.sk\/index.php?rest_route=\/wp\/v2\/posts"}],"about":[{"href":"https:\/\/www.vkpbratislava.sk\/index.php?rest_route=\/wp\/v2\/types\/post"}],"author":[{"embeddable":true,"href":"https:\/\/www.vkpbratislava.sk\/index.php?rest_route=\/wp\/v2\/users\/3"}],"replies":[{"embeddable":true,"href":"https:\/\/www.vkpbratislava.sk\/index.php?rest_route=%2Fwp%2Fv2%2Fcomments&post=12825"}],"version-history":[{"count":1,"href":"https:\/\/www.vkpbratislava.sk\/index.php?rest_route=\/wp\/v2\/posts\/12825\/revisions"}],"predecessor-version":[{"id":12826,"href":"https:\/\/www.vkpbratislava.sk\/index.php?rest_route=\/wp\/v2\/posts\/12825\/revisions\/12826"}],"wp:attachment":[{"href":"https:\/\/www.vkpbratislava.sk\/index.php?rest_route=%2Fwp%2Fv2%2Fmedia&parent=12825"}],"wp:term":[{"taxonomy":"category","embeddable":true,"href":"https:\/\/www.vkpbratislava.sk\/index.php?rest_route=%2Fwp%2Fv2%2Fcategories&post=12825"},{"taxonomy":"post_tag","embeddable":true,"href":"https:\/\/www.vkpbratislava.sk\/index.php?rest_route=%2Fwp%2Fv2%2Ftags&post=12825"}],"curies":[{"name":"wp","href":"https:\/\/api.w.org\/{rel}","templated":true}]}}