{"id":13105,"date":"2022-03-06T00:14:11","date_gmt":"2022-03-05T23:14:11","guid":{"rendered":"https:\/\/www.vkpbratislava.sk\/?p=13105"},"modified":"2022-03-06T00:14:11","modified_gmt":"2022-03-05T23:14:11","slug":"v-drame-stasttnejsie-hracky-brusna","status":"publish","type":"post","link":"https:\/\/www.vkpbratislava.sk\/?p=13105","title":{"rendered":"V dr\u00e1me \u0161\u0165ast\u0165nej\u0161ie hr\u00e1\u010dky Brusna"},"content":{"rendered":"<p><strong>V prvom z\u00e1pase \u0161tvr\u0165fin\u00e1le play-off extraligy \u017eien prehrali volejbalistky VKP Bratislava na palubovke Brusna v dramatickej koncovke 3:2.<\/strong><\/p>\n<p><strong>VK Pirane Brusno \u2013 VKP Bratislava 3:2 (-19, 23, 18, -21, 11)<\/strong> <strong>\u2013 stav s\u00e9rie 1:0<\/strong><\/p>\n<p><strong>Rozhodovali:<\/strong> Mokr\u00fd a\u00a0Porvazn\u00edk.<\/p>\n<p><strong>VK Pirane: <\/strong>Kvasnov\u00e1, K\u00e1nov\u00e1, Niki\u0107, Montero, Belisario, Podhradsk\u00e1, liberka Sujov\u00e1 (T. Dlho\u0161ov\u00e1). Tr\u00e9ner: K. Michailov.<\/p>\n<p><strong>VKP: <\/strong>Koh\u00fatov\u00e1, A. Vajdov\u00e1, Boledovi\u010dov\u00e1, Z. P\u00edse\u010dn\u00e1, Fartelov\u00e1, Smie\u0161kov\u00e1, liberka Mattov\u00e1 (Snopkov\u00e1, V. Kov\u00e1\u010dov\u00e1, N\u00e1vratov\u00e1). Tr\u00e9ner: J. Han\u010d\u00e1k. <b><\/b><\/p>\n<p><strong>Hr\u00e1\u010dky z\u00e1pasu:<\/strong> Belisario (VK Pirane Brusno) \u2013 Anna Koh\u00fatov\u00e1 (VKP Bratislava)<\/p>\n<p><strong>Kristian Michailov, tr\u00e9ner VK Pirane:<\/strong> <i>\u201eBol to v\u00fdborn\u00fd z\u00e1pas pre ka\u017ed\u00e9ho, kto sa tohto duelu z\u00fa\u010dastnil. Za\u010dali sme zle, ale na\u0161li sme k\u013e\u00fa\u010d k\u00a0na\u0161ej hre. St\u00e1le m\u00e1me v\u00fdpadky a\u00a0potvrdilo sa to aj v\u00a0niektor\u00fdch setoch v\u00a0tomto stretnut\u00ed. Budeme na tom tvrdo pracova\u0165. Potrebovali sme toto v\u00ed\u0165azstvo a\u00a0te\u0161\u00edme sa na \u010fal\u0161\u00ed duel, ktor\u00fd n\u00e1s \u010dak\u00e1 v\u00a0stredu v\u00a0Bratislave.\u201c<\/i><\/p>\n<p><strong>Jaroslav Han\u010d\u00e1k, tr\u00e9ner VKP:<\/strong> <i>\u201eGratulujem s\u00faperovi k prv\u00e9mu \u00faspe\u0161n\u00e9mu kroku. S\u00e9ria sa nekon\u010d\u00ed, sme na rade a ak chceme post\u00fapi\u0165, mus\u00edme urobi\u0165 \u010fal\u0161ie dva kroky my. K\u00fdm sme hrali disciplinovane a\u00a0koncentrovane, hrali sme dobre, ale bohu\u017eia\u013e, nedok\u00e1zali sme to udr\u017ea\u0165 cel\u00fd z\u00e1pas. Urobili sme na m\u00f4j vkus ve\u013ea zbyto\u010dn\u00fdch ch\u00fdb na servise a\u00a0\u00fatoku. Bu\u010f vo v\u00fdhodn\u00fdch situ\u00e1ci\u00e1ch pre n\u00e1s, alebo v situ\u00e1ci\u00e1ch kedy sta\u010dilo lopty len uhra\u0165. Nevzd\u00e1vame sa a ideme doma s\u00e9riu vyrovna\u0165.\u201c<\/i><\/p>\n","protected":false},"excerpt":{"rendered":"<p>V prvom z\u00e1pase \u0161tvr\u0165fin\u00e1le play-off extraligy \u017eien prehrali volejbalistky VKP Bratislava na palubovke Brusna v dramatickej koncovke 3:2.<\/p>\n","protected":false},"author":3,"featured_media":12999,"comment_status":"closed","ping_status":"closed","sticky":false,"template":"","format":"standard","meta":{"_monsterinsights_skip_tracking":false,"_monsterinsights_sitenote_active":false,"_monsterinsights_sitenote_note":"","_monsterinsights_sitenote_category":0,"footnotes":""},"categories":[48],"tags":[],"class_list":["post-13105","post","type-post","status-publish","format-standard","has-post-thumbnail","hentry","category-zeny"],"yoast_head":"<!-- This site is optimized with the Yoast SEO plugin v25.6 - https:\/\/yoast.com\/wordpress\/plugins\/seo\/ -->\n<title>V dr\u00e1me \u0161\u0165ast\u0165nej\u0161ie hr\u00e1\u010dky Brusna - VK SLOVAN Bratislava<\/title>\n<meta name=\"description\" content=\"V prvom z\u00e1pase \u0161tvr\u0165fin\u00e1le play-off extraligy \u017eien prehrali volejbalistky VKP Bratislava na palubovke Brusna v dramatickej koncovke 3:2.\" \/>\n<meta name=\"robots\" content=\"index, follow, max-snippet:-1, max-image-preview:large, max-video-preview:-1\" \/>\n<link rel=\"canonical\" href=\"https:\/\/www.vkpbratislava.sk\/?p=13105\" \/>\n<meta property=\"og:locale\" content=\"sk_SK\" \/>\n<meta property=\"og:type\" content=\"article\" \/>\n<meta property=\"og:title\" content=\"V dr\u00e1me \u0161\u0165ast\u0165nej\u0161ie hr\u00e1\u010dky Brusna - VK SLOVAN Bratislava\" \/>\n<meta property=\"og:description\" content=\"V prvom z\u00e1pase \u0161tvr\u0165fin\u00e1le play-off extraligy \u017eien prehrali volejbalistky VKP Bratislava na palubovke Brusna v dramatickej koncovke 3:2.\" \/>\n<meta property=\"og:url\" content=\"https:\/\/www.vkpbratislava.sk\/?p=13105\" \/>\n<meta property=\"og:site_name\" content=\"VK SLOVAN Bratislava\" \/>\n<meta property=\"article:published_time\" content=\"2022-03-05T23:14:11+00:00\" \/>\n<meta property=\"og:image\" content=\"https:\/\/www.vkpbratislava.sk\/wp-content\/uploads\/2022\/03\/20220305_iurban79_Brusno-vs-VKP-BA-Z_DSC00609-1280x854.jpg\" \/>\n\t<meta property=\"og:image:width\" content=\"1280\" \/>\n\t<meta property=\"og:image:height\" content=\"854\" \/>\n\t<meta property=\"og:image:type\" content=\"image\/jpeg\" \/>\n<meta name=\"author\" content=\"jenca\" \/>\n<meta name=\"twitter:card\" content=\"summary_large_image\" \/>\n<meta name=\"twitter:label1\" content=\"Autor\" \/>\n\t<meta name=\"twitter:data1\" content=\"jenca\" \/>\n\t<meta name=\"twitter:label2\" content=\"Predpokladan\u00fd \u010das \u010d\u00edtania\" \/>\n\t<meta name=\"twitter:data2\" content=\"2 min\u00faty\" \/>\n<script type=\"application\/ld+json\" class=\"yoast-schema-graph\">{\"@context\":\"https:\/\/schema.org\",\"@graph\":[{\"@type\":\"Article\",\"@id\":\"https:\/\/www.vkpbratislava.sk\/?p=13105#article\",\"isPartOf\":{\"@id\":\"https:\/\/www.vkpbratislava.sk\/?p=13105\"},\"author\":{\"name\":\"jenca\",\"@id\":\"https:\/\/www.vkpbratislava.sk\/#\/schema\/person\/7037e769f9515aa58493d1b5852c4c50\"},\"headline\":\"V dr\u00e1me \u0161\u0165ast\u0165nej\u0161ie hr\u00e1\u010dky Brusna\",\"datePublished\":\"2022-03-05T23:14:11+00:00\",\"mainEntityOfPage\":{\"@id\":\"https:\/\/www.vkpbratislava.sk\/?p=13105\"},\"wordCount\":286,\"publisher\":{\"@id\":\"https:\/\/www.vkpbratislava.sk\/#organization\"},\"image\":{\"@id\":\"https:\/\/www.vkpbratislava.sk\/?p=13105#primaryimage\"},\"thumbnailUrl\":\"https:\/\/www.vkpbratislava.sk\/wp-content\/uploads\/2022\/03\/20220305_iurban79_Brusno-vs-VKP-BA-Z_DSC00609.jpg\",\"articleSection\":[\"\u017deny\"],\"inLanguage\":\"sk-SK\"},{\"@type\":\"WebPage\",\"@id\":\"https:\/\/www.vkpbratislava.sk\/?p=13105\",\"url\":\"https:\/\/www.vkpbratislava.sk\/?p=13105\",\"name\":\"V dr\u00e1me \u0161\u0165ast\u0165nej\u0161ie hr\u00e1\u010dky Brusna - VK SLOVAN Bratislava\",\"isPartOf\":{\"@id\":\"https:\/\/www.vkpbratislava.sk\/#website\"},\"primaryImageOfPage\":{\"@id\":\"https:\/\/www.vkpbratislava.sk\/?p=13105#primaryimage\"},\"image\":{\"@id\":\"https:\/\/www.vkpbratislava.sk\/?p=13105#primaryimage\"},\"thumbnailUrl\":\"https:\/\/www.vkpbratislava.sk\/wp-content\/uploads\/2022\/03\/20220305_iurban79_Brusno-vs-VKP-BA-Z_DSC00609.jpg\",\"datePublished\":\"2022-03-05T23:14:11+00:00\",\"description\":\"V prvom z\u00e1pase \u0161tvr\u0165fin\u00e1le play-off extraligy \u017eien prehrali volejbalistky VKP Bratislava na palubovke Brusna v dramatickej koncovke 3:2.\",\"breadcrumb\":{\"@id\":\"https:\/\/www.vkpbratislava.sk\/?p=13105#breadcrumb\"},\"inLanguage\":\"sk-SK\",\"potentialAction\":[{\"@type\":\"ReadAction\",\"target\":[\"https:\/\/www.vkpbratislava.sk\/?p=13105\"]}]},{\"@type\":\"ImageObject\",\"inLanguage\":\"sk-SK\",\"@id\":\"https:\/\/www.vkpbratislava.sk\/?p=13105#primaryimage\",\"url\":\"https:\/\/www.vkpbratislava.sk\/wp-content\/uploads\/2022\/03\/20220305_iurban79_Brusno-vs-VKP-BA-Z_DSC00609.jpg\",\"contentUrl\":\"https:\/\/www.vkpbratislava.sk\/wp-content\/uploads\/2022\/03\/20220305_iurban79_Brusno-vs-VKP-BA-Z_DSC00609.jpg\",\"width\":2500,\"height\":1667},{\"@type\":\"BreadcrumbList\",\"@id\":\"https:\/\/www.vkpbratislava.sk\/?p=13105#breadcrumb\",\"itemListElement\":[{\"@type\":\"ListItem\",\"position\":1,\"name\":\"Domov\",\"item\":\"https:\/\/www.vkpbratislava.sk\/\"},{\"@type\":\"ListItem\",\"position\":2,\"name\":\"V dr\u00e1me \u0161\u0165ast\u0165nej\u0161ie hr\u00e1\u010dky Brusna\"}]},{\"@type\":\"WebSite\",\"@id\":\"https:\/\/www.vkpbratislava.sk\/#website\",\"url\":\"https:\/\/www.vkpbratislava.sk\/\",\"name\":\"VK SLOVAN Bratislava\",\"description\":\"Volejbalov\u00fd klub\",\"publisher\":{\"@id\":\"https:\/\/www.vkpbratislava.sk\/#organization\"},\"potentialAction\":[{\"@type\":\"SearchAction\",\"target\":{\"@type\":\"EntryPoint\",\"urlTemplate\":\"https:\/\/www.vkpbratislava.sk\/?s={search_term_string}\"},\"query-input\":{\"@type\":\"PropertyValueSpecification\",\"valueRequired\":true,\"valueName\":\"search_term_string\"}}],\"inLanguage\":\"sk-SK\"},{\"@type\":\"Organization\",\"@id\":\"https:\/\/www.vkpbratislava.sk\/#organization\",\"name\":\"VKP Bratislava\",\"url\":\"https:\/\/www.vkpbratislava.sk\/\",\"logo\":{\"@type\":\"ImageObject\",\"inLanguage\":\"sk-SK\",\"@id\":\"https:\/\/www.vkpbratislava.sk\/#\/schema\/logo\/image\/\",\"url\":\"https:\/\/www.vkpbratislava.sk\/wp-content\/uploads\/2020\/10\/vkpBA.png\",\"contentUrl\":\"https:\/\/www.vkpbratislava.sk\/wp-content\/uploads\/2020\/10\/vkpBA.png\",\"width\":600,\"height\":600,\"caption\":\"VKP Bratislava\"},\"image\":{\"@id\":\"https:\/\/www.vkpbratislava.sk\/#\/schema\/logo\/image\/\"}},{\"@type\":\"Person\",\"@id\":\"https:\/\/www.vkpbratislava.sk\/#\/schema\/person\/7037e769f9515aa58493d1b5852c4c50\",\"name\":\"jenca\",\"image\":{\"@type\":\"ImageObject\",\"inLanguage\":\"sk-SK\",\"@id\":\"https:\/\/www.vkpbratislava.sk\/#\/schema\/person\/image\/\",\"url\":\"https:\/\/secure.gravatar.com\/avatar\/67aa89e9aab2911bbd0c6fbf0a891ea8d80c207c9b6a6e2c96e13fc2f16e536d?s=96&d=mm&r=g\",\"contentUrl\":\"https:\/\/secure.gravatar.com\/avatar\/67aa89e9aab2911bbd0c6fbf0a891ea8d80c207c9b6a6e2c96e13fc2f16e536d?s=96&d=mm&r=g\",\"caption\":\"jenca\"},\"url\":\"https:\/\/www.vkpbratislava.sk\/?author=3\"}]}<\/script>\n<!-- \/ Yoast SEO plugin. -->","yoast_head_json":{"title":"V dr\u00e1me \u0161\u0165ast\u0165nej\u0161ie hr\u00e1\u010dky Brusna - VK SLOVAN Bratislava","description":"V prvom z\u00e1pase \u0161tvr\u0165fin\u00e1le play-off extraligy \u017eien prehrali volejbalistky VKP Bratislava na palubovke Brusna v dramatickej koncovke 3:2.","robots":{"index":"index","follow":"follow","max-snippet":"max-snippet:-1","max-image-preview":"max-image-preview:large","max-video-preview":"max-video-preview:-1"},"canonical":"https:\/\/www.vkpbratislava.sk\/?p=13105","og_locale":"sk_SK","og_type":"article","og_title":"V dr\u00e1me \u0161\u0165ast\u0165nej\u0161ie hr\u00e1\u010dky Brusna - VK SLOVAN Bratislava","og_description":"V prvom z\u00e1pase \u0161tvr\u0165fin\u00e1le play-off extraligy \u017eien prehrali volejbalistky VKP Bratislava na palubovke Brusna v dramatickej koncovke 3:2.","og_url":"https:\/\/www.vkpbratislava.sk\/?p=13105","og_site_name":"VK SLOVAN Bratislava","article_published_time":"2022-03-05T23:14:11+00:00","og_image":[{"width":1280,"height":854,"url":"https:\/\/www.vkpbratislava.sk\/wp-content\/uploads\/2022\/03\/20220305_iurban79_Brusno-vs-VKP-BA-Z_DSC00609-1280x854.jpg","type":"image\/jpeg"}],"author":"jenca","twitter_card":"summary_large_image","twitter_misc":{"Autor":"jenca","Predpokladan\u00fd \u010das \u010d\u00edtania":"2 min\u00faty"},"schema":{"@context":"https:\/\/schema.org","@graph":[{"@type":"Article","@id":"https:\/\/www.vkpbratislava.sk\/?p=13105#article","isPartOf":{"@id":"https:\/\/www.vkpbratislava.sk\/?p=13105"},"author":{"name":"jenca","@id":"https:\/\/www.vkpbratislava.sk\/#\/schema\/person\/7037e769f9515aa58493d1b5852c4c50"},"headline":"V dr\u00e1me \u0161\u0165ast\u0165nej\u0161ie hr\u00e1\u010dky Brusna","datePublished":"2022-03-05T23:14:11+00:00","mainEntityOfPage":{"@id":"https:\/\/www.vkpbratislava.sk\/?p=13105"},"wordCount":286,"publisher":{"@id":"https:\/\/www.vkpbratislava.sk\/#organization"},"image":{"@id":"https:\/\/www.vkpbratislava.sk\/?p=13105#primaryimage"},"thumbnailUrl":"https:\/\/www.vkpbratislava.sk\/wp-content\/uploads\/2022\/03\/20220305_iurban79_Brusno-vs-VKP-BA-Z_DSC00609.jpg","articleSection":["\u017deny"],"inLanguage":"sk-SK"},{"@type":"WebPage","@id":"https:\/\/www.vkpbratislava.sk\/?p=13105","url":"https:\/\/www.vkpbratislava.sk\/?p=13105","name":"V dr\u00e1me \u0161\u0165ast\u0165nej\u0161ie hr\u00e1\u010dky Brusna - VK SLOVAN Bratislava","isPartOf":{"@id":"https:\/\/www.vkpbratislava.sk\/#website"},"primaryImageOfPage":{"@id":"https:\/\/www.vkpbratislava.sk\/?p=13105#primaryimage"},"image":{"@id":"https:\/\/www.vkpbratislava.sk\/?p=13105#primaryimage"},"thumbnailUrl":"https:\/\/www.vkpbratislava.sk\/wp-content\/uploads\/2022\/03\/20220305_iurban79_Brusno-vs-VKP-BA-Z_DSC00609.jpg","datePublished":"2022-03-05T23:14:11+00:00","description":"V prvom z\u00e1pase \u0161tvr\u0165fin\u00e1le play-off extraligy \u017eien prehrali volejbalistky VKP Bratislava na palubovke Brusna v dramatickej koncovke 3:2.","breadcrumb":{"@id":"https:\/\/www.vkpbratislava.sk\/?p=13105#breadcrumb"},"inLanguage":"sk-SK","potentialAction":[{"@type":"ReadAction","target":["https:\/\/www.vkpbratislava.sk\/?p=13105"]}]},{"@type":"ImageObject","inLanguage":"sk-SK","@id":"https:\/\/www.vkpbratislava.sk\/?p=13105#primaryimage","url":"https:\/\/www.vkpbratislava.sk\/wp-content\/uploads\/2022\/03\/20220305_iurban79_Brusno-vs-VKP-BA-Z_DSC00609.jpg","contentUrl":"https:\/\/www.vkpbratislava.sk\/wp-content\/uploads\/2022\/03\/20220305_iurban79_Brusno-vs-VKP-BA-Z_DSC00609.jpg","width":2500,"height":1667},{"@type":"BreadcrumbList","@id":"https:\/\/www.vkpbratislava.sk\/?p=13105#breadcrumb","itemListElement":[{"@type":"ListItem","position":1,"name":"Domov","item":"https:\/\/www.vkpbratislava.sk\/"},{"@type":"ListItem","position":2,"name":"V dr\u00e1me \u0161\u0165ast\u0165nej\u0161ie hr\u00e1\u010dky Brusna"}]},{"@type":"WebSite","@id":"https:\/\/www.vkpbratislava.sk\/#website","url":"https:\/\/www.vkpbratislava.sk\/","name":"VK SLOVAN Bratislava","description":"Volejbalov\u00fd klub","publisher":{"@id":"https:\/\/www.vkpbratislava.sk\/#organization"},"potentialAction":[{"@type":"SearchAction","target":{"@type":"EntryPoint","urlTemplate":"https:\/\/www.vkpbratislava.sk\/?s={search_term_string}"},"query-input":{"@type":"PropertyValueSpecification","valueRequired":true,"valueName":"search_term_string"}}],"inLanguage":"sk-SK"},{"@type":"Organization","@id":"https:\/\/www.vkpbratislava.sk\/#organization","name":"VKP Bratislava","url":"https:\/\/www.vkpbratislava.sk\/","logo":{"@type":"ImageObject","inLanguage":"sk-SK","@id":"https:\/\/www.vkpbratislava.sk\/#\/schema\/logo\/image\/","url":"https:\/\/www.vkpbratislava.sk\/wp-content\/uploads\/2020\/10\/vkpBA.png","contentUrl":"https:\/\/www.vkpbratislava.sk\/wp-content\/uploads\/2020\/10\/vkpBA.png","width":600,"height":600,"caption":"VKP Bratislava"},"image":{"@id":"https:\/\/www.vkpbratislava.sk\/#\/schema\/logo\/image\/"}},{"@type":"Person","@id":"https:\/\/www.vkpbratislava.sk\/#\/schema\/person\/7037e769f9515aa58493d1b5852c4c50","name":"jenca","image":{"@type":"ImageObject","inLanguage":"sk-SK","@id":"https:\/\/www.vkpbratislava.sk\/#\/schema\/person\/image\/","url":"https:\/\/secure.gravatar.com\/avatar\/67aa89e9aab2911bbd0c6fbf0a891ea8d80c207c9b6a6e2c96e13fc2f16e536d?s=96&d=mm&r=g","contentUrl":"https:\/\/secure.gravatar.com\/avatar\/67aa89e9aab2911bbd0c6fbf0a891ea8d80c207c9b6a6e2c96e13fc2f16e536d?s=96&d=mm&r=g","caption":"jenca"},"url":"https:\/\/www.vkpbratislava.sk\/?author=3"}]}},"_links":{"self":[{"href":"https:\/\/www.vkpbratislava.sk\/index.php?rest_route=\/wp\/v2\/posts\/13105","targetHints":{"allow":["GET"]}}],"collection":[{"href":"https:\/\/www.vkpbratislava.sk\/index.php?rest_route=\/wp\/v2\/posts"}],"about":[{"href":"https:\/\/www.vkpbratislava.sk\/index.php?rest_route=\/wp\/v2\/types\/post"}],"author":[{"embeddable":true,"href":"https:\/\/www.vkpbratislava.sk\/index.php?rest_route=\/wp\/v2\/users\/3"}],"replies":[{"embeddable":true,"href":"https:\/\/www.vkpbratislava.sk\/index.php?rest_route=%2Fwp%2Fv2%2Fcomments&post=13105"}],"version-history":[{"count":1,"href":"https:\/\/www.vkpbratislava.sk\/index.php?rest_route=\/wp\/v2\/posts\/13105\/revisions"}],"predecessor-version":[{"id":13106,"href":"https:\/\/www.vkpbratislava.sk\/index.php?rest_route=\/wp\/v2\/posts\/13105\/revisions\/13106"}],"wp:featuredmedia":[{"embeddable":true,"href":"https:\/\/www.vkpbratislava.sk\/index.php?rest_route=\/wp\/v2\/media\/12999"}],"wp:attachment":[{"href":"https:\/\/www.vkpbratislava.sk\/index.php?rest_route=%2Fwp%2Fv2%2Fmedia&parent=13105"}],"wp:term":[{"taxonomy":"category","embeddable":true,"href":"https:\/\/www.vkpbratislava.sk\/index.php?rest_route=%2Fwp%2Fv2%2Fcategories&post=13105"},{"taxonomy":"post_tag","embeddable":true,"href":"https:\/\/www.vkpbratislava.sk\/index.php?rest_route=%2Fwp%2Fv2%2Ftags&post=13105"}],"curies":[{"name":"wp","href":"https:\/\/api.w.org\/{rel}","templated":true}]}}