{"id":13107,"date":"2022-03-06T00:16:41","date_gmt":"2022-03-05T23:16:41","guid":{"rendered":"https:\/\/www.vkpbratislava.sk\/?p=13107"},"modified":"2022-03-06T00:16:41","modified_gmt":"2022-03-05T23:16:41","slug":"muzi-nezvladli-prvy-krok-proti-svidniku","status":"publish","type":"post","link":"https:\/\/www.vkpbratislava.sk\/?p=13107","title":{"rendered":"Mu\u017ei nezvl\u00e1dli prv\u00fd krok proti Svidn\u00edku"},"content":{"rendered":"<div>\n<p><strong>Mu\u017ei VKP Bratislava nezvl\u00e1dli svoj prv\u00fd z\u00e1pas \u0161tvr\u0165fin\u00e1le play-off proti Svidn\u00edku a v\u00fdchodniarom na dom\u00e1cej palubovke pod\u013eahli 1:3.<\/strong><\/p>\n<p><strong>VKP Bratislava \u2013 TJ Sl\u00e1via Svidn\u00edk 1:3 (-22, -22, 20, -19) \u2013 stav s\u00e9rie 0:1<\/strong><\/p>\n<\/div>\n<div>\n<p><strong>Rozhodovali:<\/strong><span class=\"apple-converted-space\">\u00a0<\/span>Sarka a\u00a0Jur\u00e1\u010dek, 350 div\u00e1kov.<\/p>\n<\/div>\n<div>\n<p><strong>VKP:<\/strong><span class=\"apple-converted-space\"><b>\u00a0<\/b><\/span>Truba\u010d 20, Kostol\u00e1ni 15, Yacoubou 15, Tarabus 11, Pre\u0161insk\u00fd 2, Banda, liberovia Kurej a Jakub\u00edk (Jur\u00edk 1, Pavli\u010dko 1, Malina). Tr\u00e9ner: J. Ti\u0148o.<span class=\"apple-converted-space\">\u00a0<\/span><\/p>\n<\/div>\n<div>\n<p><strong>TJ Sl\u00e1via:<\/strong><span class=\"apple-converted-space\">\u00a0<\/span>Gul\u00e1k 21, Marjov 12, \u0160ellong 12, \u00a0M. Sopko ml. 11, B. Skasko 10, R. Vitko 2, libero M. Vitko (Gula, Macko). Tr\u00e9ner: R. Pa\u0148ko.<span class=\"apple-converted-space\">\u00a0<\/span><\/p>\n<\/div>\n<div>\n<p><strong>Hr\u00e1\u010di z\u00e1pasu:<\/strong><span class=\"apple-converted-space\">\u00a0<\/span>J\u00e1n Tarabus (VKP Bratislava) \u2013 Erik Gul\u00e1k (TJ Sl\u00e1via Svidn\u00edk)<span class=\"apple-converted-space\">\u00a0<\/span><\/p>\n<\/div>\n<div>\n<p><strong>Juraj Ti\u0148o, tr\u00e9ner VKP:<\/strong><span class=\"apple-converted-space\">\u00a0<\/span><i>\u201eTak\u00e9to je play-off. Na\u0161a v\u00ed\u0165azn\u00e1 s\u00e9ria sa skon\u010dila t\u00fdmto z\u00e1pasom a\u00a0ver\u00edm, \u017ee v\u00a0stredu vo Svidn\u00edku za\u010dneme nov\u00fa. Nehrali sme v\u00f4bec dobre. S\u00a0chlapcami si tento z\u00e1pas rozoberieme a\u00a0odhodlane p\u00f4jdeme do Svidn\u00edka.\u201c<span class=\"apple-converted-space\">\u00a0<\/span><\/i><\/p>\n<\/div>\n<div>\n<p><strong>Rastislav Pa\u0148ko, tr\u00e9ner TJ Sl\u00e1via:<\/strong><span class=\"apple-converted-space\">\u00a0<\/span><i>\u201eBol to typick\u00fd z\u00e1pas play-off, ktor\u00fd bol pln\u00fd bojovnosti a\u00a0em\u00f3ci\u00ed s\u00a0lep\u0161\u00edm koncom pre n\u00e1s. Duel sme vyhrali, ale s\u00e9ria sa e\u0161te nekon\u010d\u00ed a\u00a0na\u0161ou \u00falohou je potvrdi\u0165 tento v\u00fdkon aj doma a\u00a0budeme sa sna\u017ei\u0165 zo v\u0161etk\u00fdch s\u00edl, aby sme s\u00e9riu ukon\u010dili na dom\u00e1cej palubovke. Ve\u013emi by som sa chcel po\u010fakova\u0165 n\u00e1\u0161mu fanklubu, ktor\u00fd n\u00e1s v\u00a0Bratislave povzbudzoval, v\u00e1\u017eime si to a\u00a0tak\u00fdto fan\u00fa\u0161ikovia s\u00fa pre n\u00e1s ve\u013emi d\u00f4le\u017eit\u00ed!\u201c<\/i><\/p>\n<\/div>\n","protected":false},"excerpt":{"rendered":"<p>Mu\u017ei VKP Bratislava nezvl\u00e1dli svoj prv\u00fd z\u00e1pas \u0161tvr\u0165fin\u00e1le play-off proti Svidn\u00edku a v\u00fdchodniarom na dom\u00e1cej palubovke pod\u013eahli 1:3.<\/p>\n","protected":false},"author":3,"featured_media":13103,"comment_status":"closed","ping_status":"closed","sticky":false,"template":"","format":"standard","meta":{"_monsterinsights_skip_tracking":false,"_monsterinsights_sitenote_active":false,"_monsterinsights_sitenote_note":"","_monsterinsights_sitenote_category":0,"footnotes":""},"categories":[47],"tags":[],"class_list":["post-13107","post","type-post","status-publish","format-standard","has-post-thumbnail","hentry","category-muzi"],"yoast_head":"<!-- This site is optimized with the Yoast SEO plugin v25.6 - https:\/\/yoast.com\/wordpress\/plugins\/seo\/ -->\n<title>Mu\u017ei nezvl\u00e1dli prv\u00fd krok proti Svidn\u00edku - VK SLOVAN Bratislava<\/title>\n<meta name=\"description\" content=\"Mu\u017ei VKP Bratislava nezvl\u00e1dli svoj prv\u00fd z\u00e1pas \u0161tvr\u0165fin\u00e1le play-off proti Svidn\u00edku a v\u00fdchodniarom na dom\u00e1cej palubovke pod\u013eahli 1:3.\" \/>\n<meta name=\"robots\" content=\"index, follow, max-snippet:-1, max-image-preview:large, max-video-preview:-1\" \/>\n<link rel=\"canonical\" href=\"https:\/\/www.vkpbratislava.sk\/?p=13107\" \/>\n<meta property=\"og:locale\" content=\"sk_SK\" \/>\n<meta property=\"og:type\" content=\"article\" \/>\n<meta property=\"og:title\" content=\"Mu\u017ei nezvl\u00e1dli prv\u00fd krok proti Svidn\u00edku - VK SLOVAN Bratislava\" \/>\n<meta property=\"og:description\" content=\"Mu\u017ei VKP Bratislava nezvl\u00e1dli svoj prv\u00fd z\u00e1pas \u0161tvr\u0165fin\u00e1le play-off proti Svidn\u00edku a v\u00fdchodniarom na dom\u00e1cej palubovke pod\u013eahli 1:3.\" \/>\n<meta property=\"og:url\" content=\"https:\/\/www.vkpbratislava.sk\/?p=13107\" \/>\n<meta property=\"og:site_name\" content=\"VK SLOVAN Bratislava\" \/>\n<meta property=\"article:published_time\" content=\"2022-03-05T23:16:41+00:00\" \/>\n<meta property=\"og:image\" content=\"https:\/\/www.vkpbratislava.sk\/wp-content\/uploads\/2022\/03\/DF1A6247.jpg\" \/>\n\t<meta property=\"og:image:width\" content=\"2048\" \/>\n\t<meta property=\"og:image:height\" content=\"1365\" \/>\n\t<meta property=\"og:image:type\" content=\"image\/jpeg\" \/>\n<meta name=\"author\" content=\"jenca\" \/>\n<meta name=\"twitter:card\" content=\"summary_large_image\" \/>\n<meta name=\"twitter:label1\" content=\"Autor\" \/>\n\t<meta name=\"twitter:data1\" content=\"jenca\" \/>\n\t<meta name=\"twitter:label2\" content=\"Predpokladan\u00fd \u010das \u010d\u00edtania\" \/>\n\t<meta name=\"twitter:data2\" content=\"2 min\u00faty\" \/>\n<script type=\"application\/ld+json\" class=\"yoast-schema-graph\">{\"@context\":\"https:\/\/schema.org\",\"@graph\":[{\"@type\":\"Article\",\"@id\":\"https:\/\/www.vkpbratislava.sk\/?p=13107#article\",\"isPartOf\":{\"@id\":\"https:\/\/www.vkpbratislava.sk\/?p=13107\"},\"author\":{\"name\":\"jenca\",\"@id\":\"https:\/\/www.vkpbratislava.sk\/#\/schema\/person\/7037e769f9515aa58493d1b5852c4c50\"},\"headline\":\"Mu\u017ei nezvl\u00e1dli prv\u00fd krok proti Svidn\u00edku\",\"datePublished\":\"2022-03-05T23:16:41+00:00\",\"mainEntityOfPage\":{\"@id\":\"https:\/\/www.vkpbratislava.sk\/?p=13107\"},\"wordCount\":279,\"publisher\":{\"@id\":\"https:\/\/www.vkpbratislava.sk\/#organization\"},\"image\":{\"@id\":\"https:\/\/www.vkpbratislava.sk\/?p=13107#primaryimage\"},\"thumbnailUrl\":\"https:\/\/www.vkpbratislava.sk\/wp-content\/uploads\/2022\/03\/DF1A6247.jpg\",\"articleSection\":[\"Mu\u017ei\"],\"inLanguage\":\"sk-SK\"},{\"@type\":\"WebPage\",\"@id\":\"https:\/\/www.vkpbratislava.sk\/?p=13107\",\"url\":\"https:\/\/www.vkpbratislava.sk\/?p=13107\",\"name\":\"Mu\u017ei nezvl\u00e1dli prv\u00fd krok proti Svidn\u00edku - VK SLOVAN Bratislava\",\"isPartOf\":{\"@id\":\"https:\/\/www.vkpbratislava.sk\/#website\"},\"primaryImageOfPage\":{\"@id\":\"https:\/\/www.vkpbratislava.sk\/?p=13107#primaryimage\"},\"image\":{\"@id\":\"https:\/\/www.vkpbratislava.sk\/?p=13107#primaryimage\"},\"thumbnailUrl\":\"https:\/\/www.vkpbratislava.sk\/wp-content\/uploads\/2022\/03\/DF1A6247.jpg\",\"datePublished\":\"2022-03-05T23:16:41+00:00\",\"description\":\"Mu\u017ei VKP Bratislava nezvl\u00e1dli svoj prv\u00fd z\u00e1pas \u0161tvr\u0165fin\u00e1le play-off proti Svidn\u00edku a v\u00fdchodniarom na dom\u00e1cej palubovke pod\u013eahli 1:3.\",\"breadcrumb\":{\"@id\":\"https:\/\/www.vkpbratislava.sk\/?p=13107#breadcrumb\"},\"inLanguage\":\"sk-SK\",\"potentialAction\":[{\"@type\":\"ReadAction\",\"target\":[\"https:\/\/www.vkpbratislava.sk\/?p=13107\"]}]},{\"@type\":\"ImageObject\",\"inLanguage\":\"sk-SK\",\"@id\":\"https:\/\/www.vkpbratislava.sk\/?p=13107#primaryimage\",\"url\":\"https:\/\/www.vkpbratislava.sk\/wp-content\/uploads\/2022\/03\/DF1A6247.jpg\",\"contentUrl\":\"https:\/\/www.vkpbratislava.sk\/wp-content\/uploads\/2022\/03\/DF1A6247.jpg\",\"width\":2048,\"height\":1365},{\"@type\":\"BreadcrumbList\",\"@id\":\"https:\/\/www.vkpbratislava.sk\/?p=13107#breadcrumb\",\"itemListElement\":[{\"@type\":\"ListItem\",\"position\":1,\"name\":\"Domov\",\"item\":\"https:\/\/www.vkpbratislava.sk\/\"},{\"@type\":\"ListItem\",\"position\":2,\"name\":\"Mu\u017ei nezvl\u00e1dli prv\u00fd krok proti Svidn\u00edku\"}]},{\"@type\":\"WebSite\",\"@id\":\"https:\/\/www.vkpbratislava.sk\/#website\",\"url\":\"https:\/\/www.vkpbratislava.sk\/\",\"name\":\"VK SLOVAN Bratislava\",\"description\":\"Volejbalov\u00fd klub\",\"publisher\":{\"@id\":\"https:\/\/www.vkpbratislava.sk\/#organization\"},\"potentialAction\":[{\"@type\":\"SearchAction\",\"target\":{\"@type\":\"EntryPoint\",\"urlTemplate\":\"https:\/\/www.vkpbratislava.sk\/?s={search_term_string}\"},\"query-input\":{\"@type\":\"PropertyValueSpecification\",\"valueRequired\":true,\"valueName\":\"search_term_string\"}}],\"inLanguage\":\"sk-SK\"},{\"@type\":\"Organization\",\"@id\":\"https:\/\/www.vkpbratislava.sk\/#organization\",\"name\":\"VKP Bratislava\",\"url\":\"https:\/\/www.vkpbratislava.sk\/\",\"logo\":{\"@type\":\"ImageObject\",\"inLanguage\":\"sk-SK\",\"@id\":\"https:\/\/www.vkpbratislava.sk\/#\/schema\/logo\/image\/\",\"url\":\"https:\/\/www.vkpbratislava.sk\/wp-content\/uploads\/2020\/10\/vkpBA.png\",\"contentUrl\":\"https:\/\/www.vkpbratislava.sk\/wp-content\/uploads\/2020\/10\/vkpBA.png\",\"width\":600,\"height\":600,\"caption\":\"VKP Bratislava\"},\"image\":{\"@id\":\"https:\/\/www.vkpbratislava.sk\/#\/schema\/logo\/image\/\"}},{\"@type\":\"Person\",\"@id\":\"https:\/\/www.vkpbratislava.sk\/#\/schema\/person\/7037e769f9515aa58493d1b5852c4c50\",\"name\":\"jenca\",\"image\":{\"@type\":\"ImageObject\",\"inLanguage\":\"sk-SK\",\"@id\":\"https:\/\/www.vkpbratislava.sk\/#\/schema\/person\/image\/\",\"url\":\"https:\/\/secure.gravatar.com\/avatar\/67aa89e9aab2911bbd0c6fbf0a891ea8d80c207c9b6a6e2c96e13fc2f16e536d?s=96&d=mm&r=g\",\"contentUrl\":\"https:\/\/secure.gravatar.com\/avatar\/67aa89e9aab2911bbd0c6fbf0a891ea8d80c207c9b6a6e2c96e13fc2f16e536d?s=96&d=mm&r=g\",\"caption\":\"jenca\"},\"url\":\"https:\/\/www.vkpbratislava.sk\/?author=3\"}]}<\/script>\n<!-- \/ Yoast SEO plugin. -->","yoast_head_json":{"title":"Mu\u017ei nezvl\u00e1dli prv\u00fd krok proti Svidn\u00edku - VK SLOVAN Bratislava","description":"Mu\u017ei VKP Bratislava nezvl\u00e1dli svoj prv\u00fd z\u00e1pas \u0161tvr\u0165fin\u00e1le play-off proti Svidn\u00edku a v\u00fdchodniarom na dom\u00e1cej palubovke pod\u013eahli 1:3.","robots":{"index":"index","follow":"follow","max-snippet":"max-snippet:-1","max-image-preview":"max-image-preview:large","max-video-preview":"max-video-preview:-1"},"canonical":"https:\/\/www.vkpbratislava.sk\/?p=13107","og_locale":"sk_SK","og_type":"article","og_title":"Mu\u017ei nezvl\u00e1dli prv\u00fd krok proti Svidn\u00edku - VK SLOVAN Bratislava","og_description":"Mu\u017ei VKP Bratislava nezvl\u00e1dli svoj prv\u00fd z\u00e1pas \u0161tvr\u0165fin\u00e1le play-off proti Svidn\u00edku a v\u00fdchodniarom na dom\u00e1cej palubovke pod\u013eahli 1:3.","og_url":"https:\/\/www.vkpbratislava.sk\/?p=13107","og_site_name":"VK SLOVAN Bratislava","article_published_time":"2022-03-05T23:16:41+00:00","og_image":[{"width":2048,"height":1365,"url":"https:\/\/www.vkpbratislava.sk\/wp-content\/uploads\/2022\/03\/DF1A6247.jpg","type":"image\/jpeg"}],"author":"jenca","twitter_card":"summary_large_image","twitter_misc":{"Autor":"jenca","Predpokladan\u00fd \u010das \u010d\u00edtania":"2 min\u00faty"},"schema":{"@context":"https:\/\/schema.org","@graph":[{"@type":"Article","@id":"https:\/\/www.vkpbratislava.sk\/?p=13107#article","isPartOf":{"@id":"https:\/\/www.vkpbratislava.sk\/?p=13107"},"author":{"name":"jenca","@id":"https:\/\/www.vkpbratislava.sk\/#\/schema\/person\/7037e769f9515aa58493d1b5852c4c50"},"headline":"Mu\u017ei nezvl\u00e1dli prv\u00fd krok proti Svidn\u00edku","datePublished":"2022-03-05T23:16:41+00:00","mainEntityOfPage":{"@id":"https:\/\/www.vkpbratislava.sk\/?p=13107"},"wordCount":279,"publisher":{"@id":"https:\/\/www.vkpbratislava.sk\/#organization"},"image":{"@id":"https:\/\/www.vkpbratislava.sk\/?p=13107#primaryimage"},"thumbnailUrl":"https:\/\/www.vkpbratislava.sk\/wp-content\/uploads\/2022\/03\/DF1A6247.jpg","articleSection":["Mu\u017ei"],"inLanguage":"sk-SK"},{"@type":"WebPage","@id":"https:\/\/www.vkpbratislava.sk\/?p=13107","url":"https:\/\/www.vkpbratislava.sk\/?p=13107","name":"Mu\u017ei nezvl\u00e1dli prv\u00fd krok proti Svidn\u00edku - VK SLOVAN Bratislava","isPartOf":{"@id":"https:\/\/www.vkpbratislava.sk\/#website"},"primaryImageOfPage":{"@id":"https:\/\/www.vkpbratislava.sk\/?p=13107#primaryimage"},"image":{"@id":"https:\/\/www.vkpbratislava.sk\/?p=13107#primaryimage"},"thumbnailUrl":"https:\/\/www.vkpbratislava.sk\/wp-content\/uploads\/2022\/03\/DF1A6247.jpg","datePublished":"2022-03-05T23:16:41+00:00","description":"Mu\u017ei VKP Bratislava nezvl\u00e1dli svoj prv\u00fd z\u00e1pas \u0161tvr\u0165fin\u00e1le play-off proti Svidn\u00edku a v\u00fdchodniarom na dom\u00e1cej palubovke pod\u013eahli 1:3.","breadcrumb":{"@id":"https:\/\/www.vkpbratislava.sk\/?p=13107#breadcrumb"},"inLanguage":"sk-SK","potentialAction":[{"@type":"ReadAction","target":["https:\/\/www.vkpbratislava.sk\/?p=13107"]}]},{"@type":"ImageObject","inLanguage":"sk-SK","@id":"https:\/\/www.vkpbratislava.sk\/?p=13107#primaryimage","url":"https:\/\/www.vkpbratislava.sk\/wp-content\/uploads\/2022\/03\/DF1A6247.jpg","contentUrl":"https:\/\/www.vkpbratislava.sk\/wp-content\/uploads\/2022\/03\/DF1A6247.jpg","width":2048,"height":1365},{"@type":"BreadcrumbList","@id":"https:\/\/www.vkpbratislava.sk\/?p=13107#breadcrumb","itemListElement":[{"@type":"ListItem","position":1,"name":"Domov","item":"https:\/\/www.vkpbratislava.sk\/"},{"@type":"ListItem","position":2,"name":"Mu\u017ei nezvl\u00e1dli prv\u00fd krok proti Svidn\u00edku"}]},{"@type":"WebSite","@id":"https:\/\/www.vkpbratislava.sk\/#website","url":"https:\/\/www.vkpbratislava.sk\/","name":"VK SLOVAN Bratislava","description":"Volejbalov\u00fd klub","publisher":{"@id":"https:\/\/www.vkpbratislava.sk\/#organization"},"potentialAction":[{"@type":"SearchAction","target":{"@type":"EntryPoint","urlTemplate":"https:\/\/www.vkpbratislava.sk\/?s={search_term_string}"},"query-input":{"@type":"PropertyValueSpecification","valueRequired":true,"valueName":"search_term_string"}}],"inLanguage":"sk-SK"},{"@type":"Organization","@id":"https:\/\/www.vkpbratislava.sk\/#organization","name":"VKP Bratislava","url":"https:\/\/www.vkpbratislava.sk\/","logo":{"@type":"ImageObject","inLanguage":"sk-SK","@id":"https:\/\/www.vkpbratislava.sk\/#\/schema\/logo\/image\/","url":"https:\/\/www.vkpbratislava.sk\/wp-content\/uploads\/2020\/10\/vkpBA.png","contentUrl":"https:\/\/www.vkpbratislava.sk\/wp-content\/uploads\/2020\/10\/vkpBA.png","width":600,"height":600,"caption":"VKP Bratislava"},"image":{"@id":"https:\/\/www.vkpbratislava.sk\/#\/schema\/logo\/image\/"}},{"@type":"Person","@id":"https:\/\/www.vkpbratislava.sk\/#\/schema\/person\/7037e769f9515aa58493d1b5852c4c50","name":"jenca","image":{"@type":"ImageObject","inLanguage":"sk-SK","@id":"https:\/\/www.vkpbratislava.sk\/#\/schema\/person\/image\/","url":"https:\/\/secure.gravatar.com\/avatar\/67aa89e9aab2911bbd0c6fbf0a891ea8d80c207c9b6a6e2c96e13fc2f16e536d?s=96&d=mm&r=g","contentUrl":"https:\/\/secure.gravatar.com\/avatar\/67aa89e9aab2911bbd0c6fbf0a891ea8d80c207c9b6a6e2c96e13fc2f16e536d?s=96&d=mm&r=g","caption":"jenca"},"url":"https:\/\/www.vkpbratislava.sk\/?author=3"}]}},"_links":{"self":[{"href":"https:\/\/www.vkpbratislava.sk\/index.php?rest_route=\/wp\/v2\/posts\/13107","targetHints":{"allow":["GET"]}}],"collection":[{"href":"https:\/\/www.vkpbratislava.sk\/index.php?rest_route=\/wp\/v2\/posts"}],"about":[{"href":"https:\/\/www.vkpbratislava.sk\/index.php?rest_route=\/wp\/v2\/types\/post"}],"author":[{"embeddable":true,"href":"https:\/\/www.vkpbratislava.sk\/index.php?rest_route=\/wp\/v2\/users\/3"}],"replies":[{"embeddable":true,"href":"https:\/\/www.vkpbratislava.sk\/index.php?rest_route=%2Fwp%2Fv2%2Fcomments&post=13107"}],"version-history":[{"count":1,"href":"https:\/\/www.vkpbratislava.sk\/index.php?rest_route=\/wp\/v2\/posts\/13107\/revisions"}],"predecessor-version":[{"id":13108,"href":"https:\/\/www.vkpbratislava.sk\/index.php?rest_route=\/wp\/v2\/posts\/13107\/revisions\/13108"}],"wp:featuredmedia":[{"embeddable":true,"href":"https:\/\/www.vkpbratislava.sk\/index.php?rest_route=\/wp\/v2\/media\/13103"}],"wp:attachment":[{"href":"https:\/\/www.vkpbratislava.sk\/index.php?rest_route=%2Fwp%2Fv2%2Fmedia&parent=13107"}],"wp:term":[{"taxonomy":"category","embeddable":true,"href":"https:\/\/www.vkpbratislava.sk\/index.php?rest_route=%2Fwp%2Fv2%2Fcategories&post=13107"},{"taxonomy":"post_tag","embeddable":true,"href":"https:\/\/www.vkpbratislava.sk\/index.php?rest_route=%2Fwp%2Fv2%2Ftags&post=13107"}],"curies":[{"name":"wp","href":"https:\/\/api.w.org\/{rel}","templated":true}]}}