{"id":13297,"date":"2022-03-10T00:28:52","date_gmt":"2022-03-09T23:28:52","guid":{"rendered":"https:\/\/www.vkpbratislava.sk\/?p=13297"},"modified":"2022-03-10T00:28:52","modified_gmt":"2022-03-09T23:28:52","slug":"stopka-v-bojoch-o-medaily","status":"publish","type":"post","link":"https:\/\/www.vkpbratislava.sk\/?p=13297","title":{"rendered":"Stopka v bojoch o medaily"},"content":{"rendered":"<p><strong>Volejbalisti VKP Bratislava sa aj po druhej prehre so Svidn\u00edkom l\u00fa\u010dia s bojom o najvy\u0161\u0161ie prie\u010dky a zahraj\u00fa si len v s\u00fa oji o 5. miesto s Prievidzou.<\/strong><\/p>\n<p><strong>TJ Sl\u00e1via Svidn\u00edk &#8211; VKP Bratislava 3:1 (20, -23, 21, 19) \u2013 kone\u010dn\u00fd stav s\u00e9rie 2:0<\/strong><\/p>\n<p><strong>Rozhodovali:<\/strong> P. Ti\u0148o a\u00a0H\u00f6ger, <strong>150<\/strong> div\u00e1kov.<\/p>\n<p><strong>Sl\u00e1via: <\/strong>R. Vitko, M. Sopko ml., Marjov, Gul\u00e1k, B. Skasko, \u0160ellong, libero M. Vitko (\u013d. Macko, Gu\u013ea). Tr\u00e9ner: R. Pa\u0148ko.<\/p>\n<p><strong>VKP: <\/strong>Tarabus, Banda, Truba\u010d, Pre\u0161insk\u00fd, Van\u010do, Yacoubou, libero Kurej (Pavli\u010dko, Malina, Billich, Kostol\u00e1ni). Tr\u00e9ner: J. Ti\u0148o.<\/p>\n<p><strong>Hr\u00e1\u010di z\u00e1pasu:<\/strong> Erik Gul\u00e1k (TJ Sl\u00e1via Svidn\u00edk) \u2013 \u013dubo\u0161 Kostol\u00e1ni (VKP Bratislava)<\/p>\n<p><strong>Rastislav Pa\u0148ko, tr\u00e9ner TJ Sl\u00e1via:<\/strong> <i>\u201eS\u00faper dobre pod\u00e1val a\u00a0na servise n\u00e1s zatla\u010dil. Mali sme to \u0165a\u017ek\u00e9, ale ust\u00e1li sme to. Z\u00e1pas bol dos\u0165 nerv\u00f3zny, \u010do je pre play-off pr\u00edzna\u010dn\u00e9. Z\u00a0na\u0161ej strany to bolo o\u00a0bojovnosti, ale zvl\u00e1dli sme to. Chlapcom gratulujem k\u00a0postupu a\u00a0poklonu mus\u00edm zlo\u017ei\u0165 na\u0161im div\u00e1kom, ktor\u00ed boli fantastick\u00ed a\u00a0boli na\u0161im \u010fal\u0161\u00edm hr\u00e1\u010dom na ihrisku<\/i><i>.<\/i><i>\u201c<\/i><b><\/b><\/p>\n<p><strong>Juraj Ti\u0148o, tr\u00e9ner VKP:<\/strong> <i>\u201eGratulujem Svidn\u00edku!\u201c<\/i><\/p>\n","protected":false},"excerpt":{"rendered":"<p>Volejbalisti VKP Bratislava sa aj po druhej prehre so Svidn\u00edkom l\u00fa\u010dia s bojom o najvy\u0161\u0161ie prie\u010dky a zahraj\u00fa si len v s\u00fa oji o 5. miesto s Prievidzou.<\/p>\n","protected":false},"author":3,"featured_media":13181,"comment_status":"closed","ping_status":"closed","sticky":false,"template":"","format":"standard","meta":{"_monsterinsights_skip_tracking":false,"_monsterinsights_sitenote_active":false,"_monsterinsights_sitenote_note":"","_monsterinsights_sitenote_category":0,"footnotes":""},"categories":[47],"tags":[],"class_list":["post-13297","post","type-post","status-publish","format-standard","has-post-thumbnail","hentry","category-muzi"],"yoast_head":"<!-- This site is optimized with the Yoast SEO plugin v25.6 - https:\/\/yoast.com\/wordpress\/plugins\/seo\/ -->\n<title>Stopka v bojoch o medaily - VK SLOVAN Bratislava<\/title>\n<meta name=\"description\" content=\"Volejbalisti VKP Bratislava sa aj po druhej prehre so Svidn\u00edkom l\u00fa\u010dia s bojom o najvy\u0161\u0161ie prie\u010dky a zahraj\u00fa si len v s\u00fa oji o 5. miesto s Prievidzou.\" \/>\n<meta name=\"robots\" content=\"index, follow, max-snippet:-1, max-image-preview:large, max-video-preview:-1\" \/>\n<link rel=\"canonical\" href=\"https:\/\/www.vkpbratislava.sk\/?p=13297\" \/>\n<meta property=\"og:locale\" content=\"sk_SK\" \/>\n<meta property=\"og:type\" content=\"article\" \/>\n<meta property=\"og:title\" content=\"Stopka v bojoch o medaily - VK SLOVAN Bratislava\" \/>\n<meta property=\"og:description\" content=\"Volejbalisti VKP Bratislava sa aj po druhej prehre so Svidn\u00edkom l\u00fa\u010dia s bojom o najvy\u0161\u0161ie prie\u010dky a zahraj\u00fa si len v s\u00fa oji o 5. miesto s Prievidzou.\" \/>\n<meta property=\"og:url\" content=\"https:\/\/www.vkpbratislava.sk\/?p=13297\" \/>\n<meta property=\"og:site_name\" content=\"VK SLOVAN Bratislava\" \/>\n<meta property=\"article:published_time\" content=\"2022-03-09T23:28:52+00:00\" \/>\n<meta property=\"og:image\" content=\"https:\/\/www.vkpbratislava.sk\/wp-content\/uploads\/2022\/03\/20220309_iurban79_VKP-BA-Z-vs-Brusno_DSC00991-1280x854.jpg\" \/>\n\t<meta property=\"og:image:width\" content=\"1280\" \/>\n\t<meta property=\"og:image:height\" content=\"854\" \/>\n\t<meta property=\"og:image:type\" content=\"image\/jpeg\" \/>\n<meta name=\"author\" content=\"jenca\" \/>\n<meta name=\"twitter:card\" content=\"summary_large_image\" \/>\n<meta name=\"twitter:label1\" content=\"Autor\" \/>\n\t<meta name=\"twitter:data1\" content=\"jenca\" \/>\n\t<meta name=\"twitter:label2\" content=\"Predpokladan\u00fd \u010das \u010d\u00edtania\" \/>\n\t<meta name=\"twitter:data2\" content=\"1 min\u00fata\" \/>\n<script type=\"application\/ld+json\" class=\"yoast-schema-graph\">{\"@context\":\"https:\/\/schema.org\",\"@graph\":[{\"@type\":\"Article\",\"@id\":\"https:\/\/www.vkpbratislava.sk\/?p=13297#article\",\"isPartOf\":{\"@id\":\"https:\/\/www.vkpbratislava.sk\/?p=13297\"},\"author\":{\"name\":\"jenca\",\"@id\":\"https:\/\/www.vkpbratislava.sk\/#\/schema\/person\/7037e769f9515aa58493d1b5852c4c50\"},\"headline\":\"Stopka v bojoch o medaily\",\"datePublished\":\"2022-03-09T23:28:52+00:00\",\"mainEntityOfPage\":{\"@id\":\"https:\/\/www.vkpbratislava.sk\/?p=13297\"},\"wordCount\":214,\"publisher\":{\"@id\":\"https:\/\/www.vkpbratislava.sk\/#organization\"},\"image\":{\"@id\":\"https:\/\/www.vkpbratislava.sk\/?p=13297#primaryimage\"},\"thumbnailUrl\":\"https:\/\/www.vkpbratislava.sk\/wp-content\/uploads\/2022\/03\/20220309_iurban79_VKP-BA-Z-vs-Brusno_DSC00991.jpg\",\"articleSection\":[\"Mu\u017ei\"],\"inLanguage\":\"sk-SK\"},{\"@type\":\"WebPage\",\"@id\":\"https:\/\/www.vkpbratislava.sk\/?p=13297\",\"url\":\"https:\/\/www.vkpbratislava.sk\/?p=13297\",\"name\":\"Stopka v bojoch o medaily - VK SLOVAN Bratislava\",\"isPartOf\":{\"@id\":\"https:\/\/www.vkpbratislava.sk\/#website\"},\"primaryImageOfPage\":{\"@id\":\"https:\/\/www.vkpbratislava.sk\/?p=13297#primaryimage\"},\"image\":{\"@id\":\"https:\/\/www.vkpbratislava.sk\/?p=13297#primaryimage\"},\"thumbnailUrl\":\"https:\/\/www.vkpbratislava.sk\/wp-content\/uploads\/2022\/03\/20220309_iurban79_VKP-BA-Z-vs-Brusno_DSC00991.jpg\",\"datePublished\":\"2022-03-09T23:28:52+00:00\",\"description\":\"Volejbalisti VKP Bratislava sa aj po druhej prehre so Svidn\u00edkom l\u00fa\u010dia s bojom o najvy\u0161\u0161ie prie\u010dky a zahraj\u00fa si len v s\u00fa oji o 5. miesto s Prievidzou.\",\"breadcrumb\":{\"@id\":\"https:\/\/www.vkpbratislava.sk\/?p=13297#breadcrumb\"},\"inLanguage\":\"sk-SK\",\"potentialAction\":[{\"@type\":\"ReadAction\",\"target\":[\"https:\/\/www.vkpbratislava.sk\/?p=13297\"]}]},{\"@type\":\"ImageObject\",\"inLanguage\":\"sk-SK\",\"@id\":\"https:\/\/www.vkpbratislava.sk\/?p=13297#primaryimage\",\"url\":\"https:\/\/www.vkpbratislava.sk\/wp-content\/uploads\/2022\/03\/20220309_iurban79_VKP-BA-Z-vs-Brusno_DSC00991.jpg\",\"contentUrl\":\"https:\/\/www.vkpbratislava.sk\/wp-content\/uploads\/2022\/03\/20220309_iurban79_VKP-BA-Z-vs-Brusno_DSC00991.jpg\",\"width\":2500,\"height\":1667},{\"@type\":\"BreadcrumbList\",\"@id\":\"https:\/\/www.vkpbratislava.sk\/?p=13297#breadcrumb\",\"itemListElement\":[{\"@type\":\"ListItem\",\"position\":1,\"name\":\"Domov\",\"item\":\"https:\/\/www.vkpbratislava.sk\/\"},{\"@type\":\"ListItem\",\"position\":2,\"name\":\"Stopka v bojoch o medaily\"}]},{\"@type\":\"WebSite\",\"@id\":\"https:\/\/www.vkpbratislava.sk\/#website\",\"url\":\"https:\/\/www.vkpbratislava.sk\/\",\"name\":\"VK SLOVAN Bratislava\",\"description\":\"Volejbalov\u00fd klub\",\"publisher\":{\"@id\":\"https:\/\/www.vkpbratislava.sk\/#organization\"},\"potentialAction\":[{\"@type\":\"SearchAction\",\"target\":{\"@type\":\"EntryPoint\",\"urlTemplate\":\"https:\/\/www.vkpbratislava.sk\/?s={search_term_string}\"},\"query-input\":{\"@type\":\"PropertyValueSpecification\",\"valueRequired\":true,\"valueName\":\"search_term_string\"}}],\"inLanguage\":\"sk-SK\"},{\"@type\":\"Organization\",\"@id\":\"https:\/\/www.vkpbratislava.sk\/#organization\",\"name\":\"VKP Bratislava\",\"url\":\"https:\/\/www.vkpbratislava.sk\/\",\"logo\":{\"@type\":\"ImageObject\",\"inLanguage\":\"sk-SK\",\"@id\":\"https:\/\/www.vkpbratislava.sk\/#\/schema\/logo\/image\/\",\"url\":\"https:\/\/www.vkpbratislava.sk\/wp-content\/uploads\/2020\/10\/vkpBA.png\",\"contentUrl\":\"https:\/\/www.vkpbratislava.sk\/wp-content\/uploads\/2020\/10\/vkpBA.png\",\"width\":600,\"height\":600,\"caption\":\"VKP Bratislava\"},\"image\":{\"@id\":\"https:\/\/www.vkpbratislava.sk\/#\/schema\/logo\/image\/\"}},{\"@type\":\"Person\",\"@id\":\"https:\/\/www.vkpbratislava.sk\/#\/schema\/person\/7037e769f9515aa58493d1b5852c4c50\",\"name\":\"jenca\",\"image\":{\"@type\":\"ImageObject\",\"inLanguage\":\"sk-SK\",\"@id\":\"https:\/\/www.vkpbratislava.sk\/#\/schema\/person\/image\/\",\"url\":\"https:\/\/secure.gravatar.com\/avatar\/67aa89e9aab2911bbd0c6fbf0a891ea8d80c207c9b6a6e2c96e13fc2f16e536d?s=96&d=mm&r=g\",\"contentUrl\":\"https:\/\/secure.gravatar.com\/avatar\/67aa89e9aab2911bbd0c6fbf0a891ea8d80c207c9b6a6e2c96e13fc2f16e536d?s=96&d=mm&r=g\",\"caption\":\"jenca\"},\"url\":\"https:\/\/www.vkpbratislava.sk\/?author=3\"}]}<\/script>\n<!-- \/ Yoast SEO plugin. -->","yoast_head_json":{"title":"Stopka v bojoch o medaily - VK SLOVAN Bratislava","description":"Volejbalisti VKP Bratislava sa aj po druhej prehre so Svidn\u00edkom l\u00fa\u010dia s bojom o najvy\u0161\u0161ie prie\u010dky a zahraj\u00fa si len v s\u00fa oji o 5. miesto s Prievidzou.","robots":{"index":"index","follow":"follow","max-snippet":"max-snippet:-1","max-image-preview":"max-image-preview:large","max-video-preview":"max-video-preview:-1"},"canonical":"https:\/\/www.vkpbratislava.sk\/?p=13297","og_locale":"sk_SK","og_type":"article","og_title":"Stopka v bojoch o medaily - VK SLOVAN Bratislava","og_description":"Volejbalisti VKP Bratislava sa aj po druhej prehre so Svidn\u00edkom l\u00fa\u010dia s bojom o najvy\u0161\u0161ie prie\u010dky a zahraj\u00fa si len v s\u00fa oji o 5. miesto s Prievidzou.","og_url":"https:\/\/www.vkpbratislava.sk\/?p=13297","og_site_name":"VK SLOVAN Bratislava","article_published_time":"2022-03-09T23:28:52+00:00","og_image":[{"width":1280,"height":854,"url":"https:\/\/www.vkpbratislava.sk\/wp-content\/uploads\/2022\/03\/20220309_iurban79_VKP-BA-Z-vs-Brusno_DSC00991-1280x854.jpg","type":"image\/jpeg"}],"author":"jenca","twitter_card":"summary_large_image","twitter_misc":{"Autor":"jenca","Predpokladan\u00fd \u010das \u010d\u00edtania":"1 min\u00fata"},"schema":{"@context":"https:\/\/schema.org","@graph":[{"@type":"Article","@id":"https:\/\/www.vkpbratislava.sk\/?p=13297#article","isPartOf":{"@id":"https:\/\/www.vkpbratislava.sk\/?p=13297"},"author":{"name":"jenca","@id":"https:\/\/www.vkpbratislava.sk\/#\/schema\/person\/7037e769f9515aa58493d1b5852c4c50"},"headline":"Stopka v bojoch o medaily","datePublished":"2022-03-09T23:28:52+00:00","mainEntityOfPage":{"@id":"https:\/\/www.vkpbratislava.sk\/?p=13297"},"wordCount":214,"publisher":{"@id":"https:\/\/www.vkpbratislava.sk\/#organization"},"image":{"@id":"https:\/\/www.vkpbratislava.sk\/?p=13297#primaryimage"},"thumbnailUrl":"https:\/\/www.vkpbratislava.sk\/wp-content\/uploads\/2022\/03\/20220309_iurban79_VKP-BA-Z-vs-Brusno_DSC00991.jpg","articleSection":["Mu\u017ei"],"inLanguage":"sk-SK"},{"@type":"WebPage","@id":"https:\/\/www.vkpbratislava.sk\/?p=13297","url":"https:\/\/www.vkpbratislava.sk\/?p=13297","name":"Stopka v bojoch o medaily - VK SLOVAN Bratislava","isPartOf":{"@id":"https:\/\/www.vkpbratislava.sk\/#website"},"primaryImageOfPage":{"@id":"https:\/\/www.vkpbratislava.sk\/?p=13297#primaryimage"},"image":{"@id":"https:\/\/www.vkpbratislava.sk\/?p=13297#primaryimage"},"thumbnailUrl":"https:\/\/www.vkpbratislava.sk\/wp-content\/uploads\/2022\/03\/20220309_iurban79_VKP-BA-Z-vs-Brusno_DSC00991.jpg","datePublished":"2022-03-09T23:28:52+00:00","description":"Volejbalisti VKP Bratislava sa aj po druhej prehre so Svidn\u00edkom l\u00fa\u010dia s bojom o najvy\u0161\u0161ie prie\u010dky a zahraj\u00fa si len v s\u00fa oji o 5. miesto s Prievidzou.","breadcrumb":{"@id":"https:\/\/www.vkpbratislava.sk\/?p=13297#breadcrumb"},"inLanguage":"sk-SK","potentialAction":[{"@type":"ReadAction","target":["https:\/\/www.vkpbratislava.sk\/?p=13297"]}]},{"@type":"ImageObject","inLanguage":"sk-SK","@id":"https:\/\/www.vkpbratislava.sk\/?p=13297#primaryimage","url":"https:\/\/www.vkpbratislava.sk\/wp-content\/uploads\/2022\/03\/20220309_iurban79_VKP-BA-Z-vs-Brusno_DSC00991.jpg","contentUrl":"https:\/\/www.vkpbratislava.sk\/wp-content\/uploads\/2022\/03\/20220309_iurban79_VKP-BA-Z-vs-Brusno_DSC00991.jpg","width":2500,"height":1667},{"@type":"BreadcrumbList","@id":"https:\/\/www.vkpbratislava.sk\/?p=13297#breadcrumb","itemListElement":[{"@type":"ListItem","position":1,"name":"Domov","item":"https:\/\/www.vkpbratislava.sk\/"},{"@type":"ListItem","position":2,"name":"Stopka v bojoch o medaily"}]},{"@type":"WebSite","@id":"https:\/\/www.vkpbratislava.sk\/#website","url":"https:\/\/www.vkpbratislava.sk\/","name":"VK SLOVAN Bratislava","description":"Volejbalov\u00fd klub","publisher":{"@id":"https:\/\/www.vkpbratislava.sk\/#organization"},"potentialAction":[{"@type":"SearchAction","target":{"@type":"EntryPoint","urlTemplate":"https:\/\/www.vkpbratislava.sk\/?s={search_term_string}"},"query-input":{"@type":"PropertyValueSpecification","valueRequired":true,"valueName":"search_term_string"}}],"inLanguage":"sk-SK"},{"@type":"Organization","@id":"https:\/\/www.vkpbratislava.sk\/#organization","name":"VKP Bratislava","url":"https:\/\/www.vkpbratislava.sk\/","logo":{"@type":"ImageObject","inLanguage":"sk-SK","@id":"https:\/\/www.vkpbratislava.sk\/#\/schema\/logo\/image\/","url":"https:\/\/www.vkpbratislava.sk\/wp-content\/uploads\/2020\/10\/vkpBA.png","contentUrl":"https:\/\/www.vkpbratislava.sk\/wp-content\/uploads\/2020\/10\/vkpBA.png","width":600,"height":600,"caption":"VKP Bratislava"},"image":{"@id":"https:\/\/www.vkpbratislava.sk\/#\/schema\/logo\/image\/"}},{"@type":"Person","@id":"https:\/\/www.vkpbratislava.sk\/#\/schema\/person\/7037e769f9515aa58493d1b5852c4c50","name":"jenca","image":{"@type":"ImageObject","inLanguage":"sk-SK","@id":"https:\/\/www.vkpbratislava.sk\/#\/schema\/person\/image\/","url":"https:\/\/secure.gravatar.com\/avatar\/67aa89e9aab2911bbd0c6fbf0a891ea8d80c207c9b6a6e2c96e13fc2f16e536d?s=96&d=mm&r=g","contentUrl":"https:\/\/secure.gravatar.com\/avatar\/67aa89e9aab2911bbd0c6fbf0a891ea8d80c207c9b6a6e2c96e13fc2f16e536d?s=96&d=mm&r=g","caption":"jenca"},"url":"https:\/\/www.vkpbratislava.sk\/?author=3"}]}},"_links":{"self":[{"href":"https:\/\/www.vkpbratislava.sk\/index.php?rest_route=\/wp\/v2\/posts\/13297","targetHints":{"allow":["GET"]}}],"collection":[{"href":"https:\/\/www.vkpbratislava.sk\/index.php?rest_route=\/wp\/v2\/posts"}],"about":[{"href":"https:\/\/www.vkpbratislava.sk\/index.php?rest_route=\/wp\/v2\/types\/post"}],"author":[{"embeddable":true,"href":"https:\/\/www.vkpbratislava.sk\/index.php?rest_route=\/wp\/v2\/users\/3"}],"replies":[{"embeddable":true,"href":"https:\/\/www.vkpbratislava.sk\/index.php?rest_route=%2Fwp%2Fv2%2Fcomments&post=13297"}],"version-history":[{"count":1,"href":"https:\/\/www.vkpbratislava.sk\/index.php?rest_route=\/wp\/v2\/posts\/13297\/revisions"}],"predecessor-version":[{"id":13298,"href":"https:\/\/www.vkpbratislava.sk\/index.php?rest_route=\/wp\/v2\/posts\/13297\/revisions\/13298"}],"wp:featuredmedia":[{"embeddable":true,"href":"https:\/\/www.vkpbratislava.sk\/index.php?rest_route=\/wp\/v2\/media\/13181"}],"wp:attachment":[{"href":"https:\/\/www.vkpbratislava.sk\/index.php?rest_route=%2Fwp%2Fv2%2Fmedia&parent=13297"}],"wp:term":[{"taxonomy":"category","embeddable":true,"href":"https:\/\/www.vkpbratislava.sk\/index.php?rest_route=%2Fwp%2Fv2%2Fcategories&post=13297"},{"taxonomy":"post_tag","embeddable":true,"href":"https:\/\/www.vkpbratislava.sk\/index.php?rest_route=%2Fwp%2Fv2%2Ftags&post=13297"}],"curies":[{"name":"wp","href":"https:\/\/api.w.org\/{rel}","templated":true}]}}