{"id":13386,"date":"2022-03-13T10:26:48","date_gmt":"2022-03-13T09:26:48","guid":{"rendered":"https:\/\/www.vkpbratislava.sk\/?p=13386"},"modified":"2022-03-13T10:26:48","modified_gmt":"2022-03-13T09:26:48","slug":"v-premierovej-sezone-koniec-vo-stvrtfinale-play-off","status":"publish","type":"post","link":"https:\/\/www.vkpbratislava.sk\/?p=13386","title":{"rendered":"V premi\u00e9rovej sez\u00f3ne koniec vo \u0161tvr\u0165fin\u00e1le play-off"},"content":{"rendered":"<p><strong>\u017deny VKP Bratislava nenadviazali na dom\u00e1ci v\u00ed\u0165azn\u00fd z\u00e1pas s Brusnom a v rozhoduj\u00facom s\u00faboji v hale v Slovenskej \u013dup\u010di prehrali 3:0 a zahraj\u00fa si o kone\u010dn\u00e9 5. miesto.<\/strong><\/p>\n<p><strong>VK Pirane Brusno &#8211; VKP Bratislava 3:0 (22, 18, 11)<\/strong> <strong>\u2013 kone\u010dn\u00fd stav s\u00e9rie 2:1<\/strong><\/p>\n<p><strong>Rozhodovali:<\/strong> Mal\u00edk a\u00a0Yurlov, 300 div\u00e1kov.<br \/>\n<strong>VK Pirane: <\/strong>Montero 1, Niki\u0107 13, S. Dlho\u0161ov\u00e1 11, Kvasnov\u00e1 9, Podhradsk\u00e1 5, Belisario 17, liberka Sujov\u00e1 (K\u00e1nov\u00e1, T. Dlho\u0161ov\u00e1 0, S. Kov\u00e1\u010dov\u00e1). Tr\u00e9ner: K. Michailov.<b><\/b><\/p>\n<p><strong>\u00a0<\/strong><strong>VKP<\/strong><strong>: <\/strong>Koh\u00fatov\u00e1 2, Spev\u00e1r 5, A. Vajdov\u00e1 7, Z. P\u00edse\u010dn\u00e1 6, Smie\u0161kov\u00e1 1, Fartelov\u00e1 1, liberka Mattov\u00e1 (Snopkov\u00e1 3, Kov\u00e1\u010dov\u00e1, Boledovi\u010dov\u00e1, N\u00e1vratov\u00e1, Tam. Hru\u0161eck\u00e1). Tr\u00e9ner: J. Han\u010d\u00e1k.<\/p>\n<p><strong>Hr\u00e1\u010dky z\u00e1pasu:<\/strong> Belisario (VK Pirane Brusno) \u2013 Ema Smie\u0161kov\u00e1 (VKP Bratislava)<\/p>\n<p><strong>Kristian Michailov, tr\u00e9ner VK Pirane:<\/strong> <i>\u201eV prvom rade chcem pogratulova\u0165 ka\u017ed\u00e9mu \u010dlovekovi v\u00a0klube za tento \u00faspech a\u00a0postup do semifin\u00e1le. Po druh\u00e9, vzd\u00e1vam hold VKP za par\u00e1dnu \u0161tvr\u0165fin\u00e1lov\u00fa s\u00e9riu. Hrali sme jeden z\u00a0najlep\u0161\u00edch z\u00e1pasov v\u00a0sez\u00f3ne a\u00a0sme \u0161\u0165astn\u00ed, \u017ee si zahr\u00e1me o\u00a0medaily. Mo\u017eno by sme mali sn\u00edva\u0165 e\u0161te viac a\u00a0uvid\u00edme, ak\u00fd v\u00fdsledok sa z\u00a0toho zrod\u00ed. Ve\u013ek\u00e1 v\u010faka patr\u00ed div\u00e1kom, ktor\u00ed n\u00e1s podporovali po\u010das celej sez\u00f3ny.\u201c<\/i><\/p>\n<p><strong>\u00a0<\/strong><strong>Jaroslav Han\u010d\u00e1k, tr\u00e9ner VKP:<\/strong> <i>\u201eS\u00faper n\u00e1s \u201eupod\u00e1val\u201c a \u201eubil\u201c na \u00fatoku. Slabo sme servovali, \u010do Brusno vyu\u017eilo na v\u00fdborn\u00e9 prihr\u00e1vky a\u00a0tak\u00e9to \u00fatoky sa n\u00e1m \u0165a\u017eko br\u00e1nili. V\u00a0tomto je Brusno najsilnej\u0161ie. My sme naopak nemali dobre prihrat\u00e9, ve\u013ea l\u00f4pt sme dohr\u00e1vali z\u00a0po\u013ea a\u00a0to sa s\u00faperovi br\u00e1nilo \u013eahko. V\u00a0tomto bol najv\u00e4\u010d\u0161\u00ed rozdiel. S\u00fapera sme zatla\u010dili len na p\u00e1r l\u00f4pt a\u00a0v\u00fdnimiek, ale v\u00a0podstate sme sa st\u00e1le len br\u00e1nili.\u201c<\/i><\/p>\n","protected":false},"excerpt":{"rendered":"<p>\u017deny VKP Bratislava nenadviazali na dom\u00e1ci v\u00ed\u0165azn\u00fd z\u00e1pas s Brusnom a v rozhoduj\u00facom s\u00faboji v hale v Slovenskej \u013dup\u010di prehrali 3:0 a zahraj\u00fa si o kone\u010dn\u00e9 5. miesto.<\/p>\n","protected":false},"author":3,"featured_media":13321,"comment_status":"closed","ping_status":"closed","sticky":false,"template":"","format":"standard","meta":{"_monsterinsights_skip_tracking":false,"_monsterinsights_sitenote_active":false,"_monsterinsights_sitenote_note":"","_monsterinsights_sitenote_category":0,"footnotes":""},"categories":[48],"tags":[],"class_list":["post-13386","post","type-post","status-publish","format-standard","has-post-thumbnail","hentry","category-zeny"],"yoast_head":"<!-- This site is optimized with the Yoast SEO plugin v25.6 - https:\/\/yoast.com\/wordpress\/plugins\/seo\/ -->\n<title>V premi\u00e9rovej sez\u00f3ne koniec vo \u0161tvr\u0165fin\u00e1le play-off - VK SLOVAN Bratislava<\/title>\n<meta name=\"description\" content=\"\u017deny VKP Bratislava nenadviazali na dom\u00e1ci v\u00ed\u0165azn\u00fd z\u00e1pas s Brusnom a v rozhoduj\u00facom s\u00faboji v hale v Slovenskej \u013dup\u010di prehrali 3:0 a zahraj\u00fa si o kone\u010dn\u00e9 5. miesto.\" \/>\n<meta name=\"robots\" content=\"index, follow, max-snippet:-1, max-image-preview:large, max-video-preview:-1\" \/>\n<link rel=\"canonical\" href=\"https:\/\/www.vkpbratislava.sk\/?p=13386\" \/>\n<meta property=\"og:locale\" content=\"sk_SK\" \/>\n<meta property=\"og:type\" content=\"article\" \/>\n<meta property=\"og:title\" content=\"V premi\u00e9rovej sez\u00f3ne koniec vo \u0161tvr\u0165fin\u00e1le play-off - VK SLOVAN Bratislava\" \/>\n<meta property=\"og:description\" content=\"\u017deny VKP Bratislava nenadviazali na dom\u00e1ci v\u00ed\u0165azn\u00fd z\u00e1pas s Brusnom a v rozhoduj\u00facom s\u00faboji v hale v Slovenskej \u013dup\u010di prehrali 3:0 a zahraj\u00fa si o kone\u010dn\u00e9 5. miesto.\" \/>\n<meta property=\"og:url\" content=\"https:\/\/www.vkpbratislava.sk\/?p=13386\" \/>\n<meta property=\"og:site_name\" content=\"VK SLOVAN Bratislava\" \/>\n<meta property=\"article:published_time\" content=\"2022-03-13T09:26:48+00:00\" \/>\n<meta property=\"og:image\" content=\"https:\/\/www.vkpbratislava.sk\/wp-content\/uploads\/2022\/03\/G21B3396-scaled.jpg\" \/>\n\t<meta property=\"og:image:width\" content=\"2560\" \/>\n\t<meta property=\"og:image:height\" content=\"1707\" \/>\n\t<meta property=\"og:image:type\" content=\"image\/jpeg\" \/>\n<meta name=\"author\" content=\"jenca\" \/>\n<meta name=\"twitter:card\" content=\"summary_large_image\" \/>\n<meta name=\"twitter:label1\" content=\"Autor\" \/>\n\t<meta name=\"twitter:data1\" content=\"jenca\" \/>\n\t<meta name=\"twitter:label2\" content=\"Predpokladan\u00fd \u010das \u010d\u00edtania\" \/>\n\t<meta name=\"twitter:data2\" content=\"2 min\u00faty\" \/>\n<script type=\"application\/ld+json\" class=\"yoast-schema-graph\">{\"@context\":\"https:\/\/schema.org\",\"@graph\":[{\"@type\":\"Article\",\"@id\":\"https:\/\/www.vkpbratislava.sk\/?p=13386#article\",\"isPartOf\":{\"@id\":\"https:\/\/www.vkpbratislava.sk\/?p=13386\"},\"author\":{\"name\":\"jenca\",\"@id\":\"https:\/\/www.vkpbratislava.sk\/#\/schema\/person\/7037e769f9515aa58493d1b5852c4c50\"},\"headline\":\"V premi\u00e9rovej sez\u00f3ne koniec vo \u0161tvr\u0165fin\u00e1le play-off\",\"datePublished\":\"2022-03-13T09:26:48+00:00\",\"mainEntityOfPage\":{\"@id\":\"https:\/\/www.vkpbratislava.sk\/?p=13386\"},\"wordCount\":323,\"publisher\":{\"@id\":\"https:\/\/www.vkpbratislava.sk\/#organization\"},\"image\":{\"@id\":\"https:\/\/www.vkpbratislava.sk\/?p=13386#primaryimage\"},\"thumbnailUrl\":\"https:\/\/www.vkpbratislava.sk\/wp-content\/uploads\/2022\/03\/G21B3396-scaled.jpg\",\"articleSection\":[\"\u017deny\"],\"inLanguage\":\"sk-SK\"},{\"@type\":\"WebPage\",\"@id\":\"https:\/\/www.vkpbratislava.sk\/?p=13386\",\"url\":\"https:\/\/www.vkpbratislava.sk\/?p=13386\",\"name\":\"V premi\u00e9rovej sez\u00f3ne koniec vo \u0161tvr\u0165fin\u00e1le play-off - VK SLOVAN Bratislava\",\"isPartOf\":{\"@id\":\"https:\/\/www.vkpbratislava.sk\/#website\"},\"primaryImageOfPage\":{\"@id\":\"https:\/\/www.vkpbratislava.sk\/?p=13386#primaryimage\"},\"image\":{\"@id\":\"https:\/\/www.vkpbratislava.sk\/?p=13386#primaryimage\"},\"thumbnailUrl\":\"https:\/\/www.vkpbratislava.sk\/wp-content\/uploads\/2022\/03\/G21B3396-scaled.jpg\",\"datePublished\":\"2022-03-13T09:26:48+00:00\",\"description\":\"\u017deny VKP Bratislava nenadviazali na dom\u00e1ci v\u00ed\u0165azn\u00fd z\u00e1pas s Brusnom a v rozhoduj\u00facom s\u00faboji v hale v Slovenskej \u013dup\u010di prehrali 3:0 a zahraj\u00fa si o kone\u010dn\u00e9 5. miesto.\",\"breadcrumb\":{\"@id\":\"https:\/\/www.vkpbratislava.sk\/?p=13386#breadcrumb\"},\"inLanguage\":\"sk-SK\",\"potentialAction\":[{\"@type\":\"ReadAction\",\"target\":[\"https:\/\/www.vkpbratislava.sk\/?p=13386\"]}]},{\"@type\":\"ImageObject\",\"inLanguage\":\"sk-SK\",\"@id\":\"https:\/\/www.vkpbratislava.sk\/?p=13386#primaryimage\",\"url\":\"https:\/\/www.vkpbratislava.sk\/wp-content\/uploads\/2022\/03\/G21B3396-scaled.jpg\",\"contentUrl\":\"https:\/\/www.vkpbratislava.sk\/wp-content\/uploads\/2022\/03\/G21B3396-scaled.jpg\",\"width\":2560,\"height\":1707},{\"@type\":\"BreadcrumbList\",\"@id\":\"https:\/\/www.vkpbratislava.sk\/?p=13386#breadcrumb\",\"itemListElement\":[{\"@type\":\"ListItem\",\"position\":1,\"name\":\"Domov\",\"item\":\"https:\/\/www.vkpbratislava.sk\/\"},{\"@type\":\"ListItem\",\"position\":2,\"name\":\"V premi\u00e9rovej sez\u00f3ne koniec vo \u0161tvr\u0165fin\u00e1le play-off\"}]},{\"@type\":\"WebSite\",\"@id\":\"https:\/\/www.vkpbratislava.sk\/#website\",\"url\":\"https:\/\/www.vkpbratislava.sk\/\",\"name\":\"VK SLOVAN Bratislava\",\"description\":\"Volejbalov\u00fd klub\",\"publisher\":{\"@id\":\"https:\/\/www.vkpbratislava.sk\/#organization\"},\"potentialAction\":[{\"@type\":\"SearchAction\",\"target\":{\"@type\":\"EntryPoint\",\"urlTemplate\":\"https:\/\/www.vkpbratislava.sk\/?s={search_term_string}\"},\"query-input\":{\"@type\":\"PropertyValueSpecification\",\"valueRequired\":true,\"valueName\":\"search_term_string\"}}],\"inLanguage\":\"sk-SK\"},{\"@type\":\"Organization\",\"@id\":\"https:\/\/www.vkpbratislava.sk\/#organization\",\"name\":\"VKP Bratislava\",\"url\":\"https:\/\/www.vkpbratislava.sk\/\",\"logo\":{\"@type\":\"ImageObject\",\"inLanguage\":\"sk-SK\",\"@id\":\"https:\/\/www.vkpbratislava.sk\/#\/schema\/logo\/image\/\",\"url\":\"https:\/\/www.vkpbratislava.sk\/wp-content\/uploads\/2020\/10\/vkpBA.png\",\"contentUrl\":\"https:\/\/www.vkpbratislava.sk\/wp-content\/uploads\/2020\/10\/vkpBA.png\",\"width\":600,\"height\":600,\"caption\":\"VKP Bratislava\"},\"image\":{\"@id\":\"https:\/\/www.vkpbratislava.sk\/#\/schema\/logo\/image\/\"}},{\"@type\":\"Person\",\"@id\":\"https:\/\/www.vkpbratislava.sk\/#\/schema\/person\/7037e769f9515aa58493d1b5852c4c50\",\"name\":\"jenca\",\"image\":{\"@type\":\"ImageObject\",\"inLanguage\":\"sk-SK\",\"@id\":\"https:\/\/www.vkpbratislava.sk\/#\/schema\/person\/image\/\",\"url\":\"https:\/\/secure.gravatar.com\/avatar\/67aa89e9aab2911bbd0c6fbf0a891ea8d80c207c9b6a6e2c96e13fc2f16e536d?s=96&d=mm&r=g\",\"contentUrl\":\"https:\/\/secure.gravatar.com\/avatar\/67aa89e9aab2911bbd0c6fbf0a891ea8d80c207c9b6a6e2c96e13fc2f16e536d?s=96&d=mm&r=g\",\"caption\":\"jenca\"},\"url\":\"https:\/\/www.vkpbratislava.sk\/?author=3\"}]}<\/script>\n<!-- \/ Yoast SEO plugin. -->","yoast_head_json":{"title":"V premi\u00e9rovej sez\u00f3ne koniec vo \u0161tvr\u0165fin\u00e1le play-off - VK SLOVAN Bratislava","description":"\u017deny VKP Bratislava nenadviazali na dom\u00e1ci v\u00ed\u0165azn\u00fd z\u00e1pas s Brusnom a v rozhoduj\u00facom s\u00faboji v hale v Slovenskej \u013dup\u010di prehrali 3:0 a zahraj\u00fa si o kone\u010dn\u00e9 5. miesto.","robots":{"index":"index","follow":"follow","max-snippet":"max-snippet:-1","max-image-preview":"max-image-preview:large","max-video-preview":"max-video-preview:-1"},"canonical":"https:\/\/www.vkpbratislava.sk\/?p=13386","og_locale":"sk_SK","og_type":"article","og_title":"V premi\u00e9rovej sez\u00f3ne koniec vo \u0161tvr\u0165fin\u00e1le play-off - VK SLOVAN Bratislava","og_description":"\u017deny VKP Bratislava nenadviazali na dom\u00e1ci v\u00ed\u0165azn\u00fd z\u00e1pas s Brusnom a v rozhoduj\u00facom s\u00faboji v hale v Slovenskej \u013dup\u010di prehrali 3:0 a zahraj\u00fa si o kone\u010dn\u00e9 5. miesto.","og_url":"https:\/\/www.vkpbratislava.sk\/?p=13386","og_site_name":"VK SLOVAN Bratislava","article_published_time":"2022-03-13T09:26:48+00:00","og_image":[{"width":2560,"height":1707,"url":"https:\/\/www.vkpbratislava.sk\/wp-content\/uploads\/2022\/03\/G21B3396-scaled.jpg","type":"image\/jpeg"}],"author":"jenca","twitter_card":"summary_large_image","twitter_misc":{"Autor":"jenca","Predpokladan\u00fd \u010das \u010d\u00edtania":"2 min\u00faty"},"schema":{"@context":"https:\/\/schema.org","@graph":[{"@type":"Article","@id":"https:\/\/www.vkpbratislava.sk\/?p=13386#article","isPartOf":{"@id":"https:\/\/www.vkpbratislava.sk\/?p=13386"},"author":{"name":"jenca","@id":"https:\/\/www.vkpbratislava.sk\/#\/schema\/person\/7037e769f9515aa58493d1b5852c4c50"},"headline":"V premi\u00e9rovej sez\u00f3ne koniec vo \u0161tvr\u0165fin\u00e1le play-off","datePublished":"2022-03-13T09:26:48+00:00","mainEntityOfPage":{"@id":"https:\/\/www.vkpbratislava.sk\/?p=13386"},"wordCount":323,"publisher":{"@id":"https:\/\/www.vkpbratislava.sk\/#organization"},"image":{"@id":"https:\/\/www.vkpbratislava.sk\/?p=13386#primaryimage"},"thumbnailUrl":"https:\/\/www.vkpbratislava.sk\/wp-content\/uploads\/2022\/03\/G21B3396-scaled.jpg","articleSection":["\u017deny"],"inLanguage":"sk-SK"},{"@type":"WebPage","@id":"https:\/\/www.vkpbratislava.sk\/?p=13386","url":"https:\/\/www.vkpbratislava.sk\/?p=13386","name":"V premi\u00e9rovej sez\u00f3ne koniec vo \u0161tvr\u0165fin\u00e1le play-off - VK SLOVAN Bratislava","isPartOf":{"@id":"https:\/\/www.vkpbratislava.sk\/#website"},"primaryImageOfPage":{"@id":"https:\/\/www.vkpbratislava.sk\/?p=13386#primaryimage"},"image":{"@id":"https:\/\/www.vkpbratislava.sk\/?p=13386#primaryimage"},"thumbnailUrl":"https:\/\/www.vkpbratislava.sk\/wp-content\/uploads\/2022\/03\/G21B3396-scaled.jpg","datePublished":"2022-03-13T09:26:48+00:00","description":"\u017deny VKP Bratislava nenadviazali na dom\u00e1ci v\u00ed\u0165azn\u00fd z\u00e1pas s Brusnom a v rozhoduj\u00facom s\u00faboji v hale v Slovenskej \u013dup\u010di prehrali 3:0 a zahraj\u00fa si o kone\u010dn\u00e9 5. miesto.","breadcrumb":{"@id":"https:\/\/www.vkpbratislava.sk\/?p=13386#breadcrumb"},"inLanguage":"sk-SK","potentialAction":[{"@type":"ReadAction","target":["https:\/\/www.vkpbratislava.sk\/?p=13386"]}]},{"@type":"ImageObject","inLanguage":"sk-SK","@id":"https:\/\/www.vkpbratislava.sk\/?p=13386#primaryimage","url":"https:\/\/www.vkpbratislava.sk\/wp-content\/uploads\/2022\/03\/G21B3396-scaled.jpg","contentUrl":"https:\/\/www.vkpbratislava.sk\/wp-content\/uploads\/2022\/03\/G21B3396-scaled.jpg","width":2560,"height":1707},{"@type":"BreadcrumbList","@id":"https:\/\/www.vkpbratislava.sk\/?p=13386#breadcrumb","itemListElement":[{"@type":"ListItem","position":1,"name":"Domov","item":"https:\/\/www.vkpbratislava.sk\/"},{"@type":"ListItem","position":2,"name":"V premi\u00e9rovej sez\u00f3ne koniec vo \u0161tvr\u0165fin\u00e1le play-off"}]},{"@type":"WebSite","@id":"https:\/\/www.vkpbratislava.sk\/#website","url":"https:\/\/www.vkpbratislava.sk\/","name":"VK SLOVAN Bratislava","description":"Volejbalov\u00fd klub","publisher":{"@id":"https:\/\/www.vkpbratislava.sk\/#organization"},"potentialAction":[{"@type":"SearchAction","target":{"@type":"EntryPoint","urlTemplate":"https:\/\/www.vkpbratislava.sk\/?s={search_term_string}"},"query-input":{"@type":"PropertyValueSpecification","valueRequired":true,"valueName":"search_term_string"}}],"inLanguage":"sk-SK"},{"@type":"Organization","@id":"https:\/\/www.vkpbratislava.sk\/#organization","name":"VKP Bratislava","url":"https:\/\/www.vkpbratislava.sk\/","logo":{"@type":"ImageObject","inLanguage":"sk-SK","@id":"https:\/\/www.vkpbratislava.sk\/#\/schema\/logo\/image\/","url":"https:\/\/www.vkpbratislava.sk\/wp-content\/uploads\/2020\/10\/vkpBA.png","contentUrl":"https:\/\/www.vkpbratislava.sk\/wp-content\/uploads\/2020\/10\/vkpBA.png","width":600,"height":600,"caption":"VKP Bratislava"},"image":{"@id":"https:\/\/www.vkpbratislava.sk\/#\/schema\/logo\/image\/"}},{"@type":"Person","@id":"https:\/\/www.vkpbratislava.sk\/#\/schema\/person\/7037e769f9515aa58493d1b5852c4c50","name":"jenca","image":{"@type":"ImageObject","inLanguage":"sk-SK","@id":"https:\/\/www.vkpbratislava.sk\/#\/schema\/person\/image\/","url":"https:\/\/secure.gravatar.com\/avatar\/67aa89e9aab2911bbd0c6fbf0a891ea8d80c207c9b6a6e2c96e13fc2f16e536d?s=96&d=mm&r=g","contentUrl":"https:\/\/secure.gravatar.com\/avatar\/67aa89e9aab2911bbd0c6fbf0a891ea8d80c207c9b6a6e2c96e13fc2f16e536d?s=96&d=mm&r=g","caption":"jenca"},"url":"https:\/\/www.vkpbratislava.sk\/?author=3"}]}},"_links":{"self":[{"href":"https:\/\/www.vkpbratislava.sk\/index.php?rest_route=\/wp\/v2\/posts\/13386","targetHints":{"allow":["GET"]}}],"collection":[{"href":"https:\/\/www.vkpbratislava.sk\/index.php?rest_route=\/wp\/v2\/posts"}],"about":[{"href":"https:\/\/www.vkpbratislava.sk\/index.php?rest_route=\/wp\/v2\/types\/post"}],"author":[{"embeddable":true,"href":"https:\/\/www.vkpbratislava.sk\/index.php?rest_route=\/wp\/v2\/users\/3"}],"replies":[{"embeddable":true,"href":"https:\/\/www.vkpbratislava.sk\/index.php?rest_route=%2Fwp%2Fv2%2Fcomments&post=13386"}],"version-history":[{"count":1,"href":"https:\/\/www.vkpbratislava.sk\/index.php?rest_route=\/wp\/v2\/posts\/13386\/revisions"}],"predecessor-version":[{"id":13387,"href":"https:\/\/www.vkpbratislava.sk\/index.php?rest_route=\/wp\/v2\/posts\/13386\/revisions\/13387"}],"wp:featuredmedia":[{"embeddable":true,"href":"https:\/\/www.vkpbratislava.sk\/index.php?rest_route=\/wp\/v2\/media\/13321"}],"wp:attachment":[{"href":"https:\/\/www.vkpbratislava.sk\/index.php?rest_route=%2Fwp%2Fv2%2Fmedia&parent=13386"}],"wp:term":[{"taxonomy":"category","embeddable":true,"href":"https:\/\/www.vkpbratislava.sk\/index.php?rest_route=%2Fwp%2Fv2%2Fcategories&post=13386"},{"taxonomy":"post_tag","embeddable":true,"href":"https:\/\/www.vkpbratislava.sk\/index.php?rest_route=%2Fwp%2Fv2%2Ftags&post=13386"}],"curies":[{"name":"wp","href":"https:\/\/api.w.org\/{rel}","templated":true}]}}