{"id":13391,"date":"2022-03-20T08:22:53","date_gmt":"2022-03-20T07:22:53","guid":{"rendered":"https:\/\/www.vkpbratislava.sk\/?p=13391"},"modified":"2022-03-20T09:28:23","modified_gmt":"2022-03-20T08:28:23","slug":"povinna-jazda-proti-prievidzi-debut-kadeta-striza","status":"publish","type":"post","link":"https:\/\/www.vkpbratislava.sk\/?p=13391","title":{"rendered":"Povinn\u00e1 jazda proti Prievidzi, debut kadeta Str\u00ed\u017ea"},"content":{"rendered":"<p><strong>Volejbalisti VKP Bratislava nast\u00fapili na s\u00faboj o kone\u010dn\u00e9 5. miesto bez mlad\u00edkov Van\u010da, Billicha a \u010cerven\u00e1ka, ktor\u00ed posilnili v z\u00e1vere sez\u00f3ny juniorku, ale za to s kadetom Danielom Str\u00ed\u017eom, ktor\u00fd si odkr\u00fatil premi\u00e9ru v seniorskom t\u00edme a hne\u010f v\u00ed\u0165azn\u00fa.<\/strong><\/p>\n<p><strong>VKP Bratislava \u2013 VK Osmos Prievidza 3:0 (14, 20, 16) \u2013 stav s\u00e9rie 1:0<\/strong><\/p>\n<p><b><\/b><strong>Rozhodovali:<\/strong> Dovi\u010dovi\u010d a Sz\u00e1sz, 60 div\u00e1kov.<\/p>\n<p><strong>VKP: <\/strong>Pre\u0161insk\u00fd 6, Banda 3, Malina 8, Tarabus 4, Jur\u00edk 12, Truba\u010d 15, liberovia Jakub\u00edk a Kurej (D. Str\u00ed\u017e 4, Pavli\u010dko). Tr\u00e9ner: J. Ti\u0148o.<br \/>\n<strong>VK Osmos: <\/strong>Kraj\u010do 5, \u0160imko 4, Kilian 14, Javor\u010d\u00edk 7, Bad\u00e1\u0148 1, P. Kudra 1, libero D. Me\u010diar (Ondr\u010dka 0, M. Kudra 1, Brz\u00e1\u010d 1). Tr\u00e9ner: R. Chud\u00edk.<b><\/b><\/p>\n<p><strong>Hr\u00e1\u010di z\u00e1pasu:<\/strong> Daniel Str\u00ed\u017e (VKP Bratislava) \u2013 Mat\u00fa\u0161 Kraj\u010do (VK Osmos Prievidza)<\/p>\n<p><img loading=\"lazy\" decoding=\"async\" class=\"alignnone wp-image-13453\" src=\"https:\/\/www.vkpbratislava.sk\/wp-content\/uploads\/2022\/03\/DF1A6625-640x427.jpg\" alt=\"\" width=\"471\" height=\"314\" srcset=\"https:\/\/www.vkpbratislava.sk\/wp-content\/uploads\/2022\/03\/DF1A6625-640x427.jpg 640w, https:\/\/www.vkpbratislava.sk\/wp-content\/uploads\/2022\/03\/DF1A6625-1280x853.jpg 1280w, https:\/\/www.vkpbratislava.sk\/wp-content\/uploads\/2022\/03\/DF1A6625-768x512.jpg 768w, https:\/\/www.vkpbratislava.sk\/wp-content\/uploads\/2022\/03\/DF1A6625-1536x1024.jpg 1536w, https:\/\/www.vkpbratislava.sk\/wp-content\/uploads\/2022\/03\/DF1A6625-320x213.jpg 320w, https:\/\/www.vkpbratislava.sk\/wp-content\/uploads\/2022\/03\/DF1A6625-600x400.jpg 600w, https:\/\/www.vkpbratislava.sk\/wp-content\/uploads\/2022\/03\/DF1A6625.jpg 2048w\" sizes=\"auto, (max-width: 471px) 100vw, 471px\" \/><\/p>\n<p><strong>Juraj Ti\u0148o, tr\u00e9ner VKP:<\/strong> <i>\u201eBol to ve\u013emi smutn\u00fd z\u00e1pas. V\u00ed\u0165azstvo 3:0 ma te\u0161\u00ed, ale st\u00e1le v\u00a0n\u00e1s doznievaj\u00fa smutn\u00e9 \u0161tvr\u0165fin\u00e1lov\u00e9 dozvuky<\/i><i>.<\/i><i>\u201c<\/i><b><\/b><\/p>\n<p><strong>Milan Javor\u010d\u00edk, hraj\u00faci asistent tr\u00e9nera VK Osmos:<\/strong> <i>\u201eZ na\u0161ej strany to bolo tr\u00e1penie. Val\u00ed sa to na n\u00e1s z\u00a0ka\u017edej strany. Chceli sme si zahra\u0165 s\u00a0VKP lep\u0161\u00ed volejbal, ale nedar\u00ed sa n\u00e1m to. Nevedeli sme sa dosta\u0165 do \u00fatoku.\u201c<\/i><\/p>\n","protected":false},"excerpt":{"rendered":"<p>Volejbalisti VKP Bratislava nast\u00fapili na s\u00faboj o kone\u010dn\u00e9 5. miesto bez mlad\u00edkov Van\u010da, Billicha a \u010cerven\u00e1ka, ktor\u00ed posilnili v z\u00e1vere sez\u00f3ny juniorku, ale za to s kadetom Danielom Str\u00ed\u017eom, ktor\u00fd si odkr\u00fatil premi\u00e9ru v seniorskom t\u00edme a hne\u010f v\u00ed\u0165azn\u00fa.<\/p>\n","protected":false},"author":3,"featured_media":13469,"comment_status":"closed","ping_status":"closed","sticky":false,"template":"","format":"standard","meta":{"_monsterinsights_skip_tracking":false,"_monsterinsights_sitenote_active":false,"_monsterinsights_sitenote_note":"","_monsterinsights_sitenote_category":0,"footnotes":""},"categories":[47,1],"tags":[],"class_list":["post-13391","post","type-post","status-publish","format-standard","has-post-thumbnail","hentry","category-muzi","category-nezaradene"],"yoast_head":"<!-- This site is optimized with the Yoast SEO plugin v25.6 - https:\/\/yoast.com\/wordpress\/plugins\/seo\/ -->\n<title>Povinn\u00e1 jazda proti Prievidzi, debut kadeta Str\u00ed\u017ea - VK SLOVAN Bratislava<\/title>\n<meta name=\"description\" content=\"Volejbalisti VKP Bratislava nast\u00fapili na s\u00faboj o kone\u010dn\u00e9 5. miesto bez mlad\u00edkov Van\u010da, Billicha a \u010cerven\u00e1ka, ktor\u00ed posilnili v z\u00e1vere sez\u00f3ny juniorku, ale za to s kadetom Danielom Str\u00ed\u017eom, ktor\u00fd si odkr\u00fatil premi\u00e9ru v seniorskom t\u00edme a hne\u010f v\u00ed\u0165azn\u00fa.\" \/>\n<meta name=\"robots\" content=\"index, follow, max-snippet:-1, max-image-preview:large, max-video-preview:-1\" \/>\n<link rel=\"canonical\" href=\"https:\/\/www.vkpbratislava.sk\/?p=13391\" \/>\n<meta property=\"og:locale\" content=\"sk_SK\" \/>\n<meta property=\"og:type\" content=\"article\" \/>\n<meta property=\"og:title\" content=\"Povinn\u00e1 jazda proti Prievidzi, debut kadeta Str\u00ed\u017ea - VK SLOVAN Bratislava\" \/>\n<meta property=\"og:description\" content=\"Volejbalisti VKP Bratislava nast\u00fapili na s\u00faboj o kone\u010dn\u00e9 5. miesto bez mlad\u00edkov Van\u010da, Billicha a \u010cerven\u00e1ka, ktor\u00ed posilnili v z\u00e1vere sez\u00f3ny juniorku, ale za to s kadetom Danielom Str\u00ed\u017eom, ktor\u00fd si odkr\u00fatil premi\u00e9ru v seniorskom t\u00edme a hne\u010f v\u00ed\u0165azn\u00fa.\" \/>\n<meta property=\"og:url\" content=\"https:\/\/www.vkpbratislava.sk\/?p=13391\" \/>\n<meta property=\"og:site_name\" content=\"VK SLOVAN Bratislava\" \/>\n<meta property=\"article:published_time\" content=\"2022-03-20T07:22:53+00:00\" \/>\n<meta property=\"article:modified_time\" content=\"2022-03-20T08:28:23+00:00\" \/>\n<meta property=\"og:image\" content=\"https:\/\/www.vkpbratislava.sk\/wp-content\/uploads\/2022\/03\/DF1A6877.jpg\" \/>\n\t<meta property=\"og:image:width\" content=\"2048\" \/>\n\t<meta property=\"og:image:height\" content=\"1365\" \/>\n\t<meta property=\"og:image:type\" content=\"image\/jpeg\" \/>\n<meta name=\"author\" content=\"jenca\" \/>\n<meta name=\"twitter:card\" content=\"summary_large_image\" \/>\n<meta name=\"twitter:label1\" content=\"Autor\" \/>\n\t<meta name=\"twitter:data1\" content=\"jenca\" \/>\n\t<meta name=\"twitter:label2\" content=\"Predpokladan\u00fd \u010das \u010d\u00edtania\" \/>\n\t<meta name=\"twitter:data2\" content=\"1 min\u00fata\" \/>\n<script type=\"application\/ld+json\" class=\"yoast-schema-graph\">{\"@context\":\"https:\/\/schema.org\",\"@graph\":[{\"@type\":\"Article\",\"@id\":\"https:\/\/www.vkpbratislava.sk\/?p=13391#article\",\"isPartOf\":{\"@id\":\"https:\/\/www.vkpbratislava.sk\/?p=13391\"},\"author\":{\"name\":\"jenca\",\"@id\":\"https:\/\/www.vkpbratislava.sk\/#\/schema\/person\/7037e769f9515aa58493d1b5852c4c50\"},\"headline\":\"Povinn\u00e1 jazda proti Prievidzi, debut kadeta Str\u00ed\u017ea\",\"datePublished\":\"2022-03-20T07:22:53+00:00\",\"dateModified\":\"2022-03-20T08:28:23+00:00\",\"mainEntityOfPage\":{\"@id\":\"https:\/\/www.vkpbratislava.sk\/?p=13391\"},\"wordCount\":214,\"publisher\":{\"@id\":\"https:\/\/www.vkpbratislava.sk\/#organization\"},\"image\":{\"@id\":\"https:\/\/www.vkpbratislava.sk\/?p=13391#primaryimage\"},\"thumbnailUrl\":\"https:\/\/www.vkpbratislava.sk\/wp-content\/uploads\/2022\/03\/DF1A6877.jpg\",\"articleSection\":[\"Mu\u017ei\"],\"inLanguage\":\"sk-SK\"},{\"@type\":\"WebPage\",\"@id\":\"https:\/\/www.vkpbratislava.sk\/?p=13391\",\"url\":\"https:\/\/www.vkpbratislava.sk\/?p=13391\",\"name\":\"Povinn\u00e1 jazda proti Prievidzi, debut kadeta Str\u00ed\u017ea - VK SLOVAN Bratislava\",\"isPartOf\":{\"@id\":\"https:\/\/www.vkpbratislava.sk\/#website\"},\"primaryImageOfPage\":{\"@id\":\"https:\/\/www.vkpbratislava.sk\/?p=13391#primaryimage\"},\"image\":{\"@id\":\"https:\/\/www.vkpbratislava.sk\/?p=13391#primaryimage\"},\"thumbnailUrl\":\"https:\/\/www.vkpbratislava.sk\/wp-content\/uploads\/2022\/03\/DF1A6877.jpg\",\"datePublished\":\"2022-03-20T07:22:53+00:00\",\"dateModified\":\"2022-03-20T08:28:23+00:00\",\"description\":\"Volejbalisti VKP Bratislava nast\u00fapili na s\u00faboj o kone\u010dn\u00e9 5. miesto bez mlad\u00edkov Van\u010da, Billicha a \u010cerven\u00e1ka, ktor\u00ed posilnili v z\u00e1vere sez\u00f3ny juniorku, ale za to s kadetom Danielom Str\u00ed\u017eom, ktor\u00fd si odkr\u00fatil premi\u00e9ru v seniorskom t\u00edme a hne\u010f v\u00ed\u0165azn\u00fa.\",\"breadcrumb\":{\"@id\":\"https:\/\/www.vkpbratislava.sk\/?p=13391#breadcrumb\"},\"inLanguage\":\"sk-SK\",\"potentialAction\":[{\"@type\":\"ReadAction\",\"target\":[\"https:\/\/www.vkpbratislava.sk\/?p=13391\"]}]},{\"@type\":\"ImageObject\",\"inLanguage\":\"sk-SK\",\"@id\":\"https:\/\/www.vkpbratislava.sk\/?p=13391#primaryimage\",\"url\":\"https:\/\/www.vkpbratislava.sk\/wp-content\/uploads\/2022\/03\/DF1A6877.jpg\",\"contentUrl\":\"https:\/\/www.vkpbratislava.sk\/wp-content\/uploads\/2022\/03\/DF1A6877.jpg\",\"width\":2048,\"height\":1365},{\"@type\":\"BreadcrumbList\",\"@id\":\"https:\/\/www.vkpbratislava.sk\/?p=13391#breadcrumb\",\"itemListElement\":[{\"@type\":\"ListItem\",\"position\":1,\"name\":\"Domov\",\"item\":\"https:\/\/www.vkpbratislava.sk\/\"},{\"@type\":\"ListItem\",\"position\":2,\"name\":\"Povinn\u00e1 jazda proti Prievidzi, debut kadeta Str\u00ed\u017ea\"}]},{\"@type\":\"WebSite\",\"@id\":\"https:\/\/www.vkpbratislava.sk\/#website\",\"url\":\"https:\/\/www.vkpbratislava.sk\/\",\"name\":\"VK SLOVAN Bratislava\",\"description\":\"Volejbalov\u00fd klub\",\"publisher\":{\"@id\":\"https:\/\/www.vkpbratislava.sk\/#organization\"},\"potentialAction\":[{\"@type\":\"SearchAction\",\"target\":{\"@type\":\"EntryPoint\",\"urlTemplate\":\"https:\/\/www.vkpbratislava.sk\/?s={search_term_string}\"},\"query-input\":{\"@type\":\"PropertyValueSpecification\",\"valueRequired\":true,\"valueName\":\"search_term_string\"}}],\"inLanguage\":\"sk-SK\"},{\"@type\":\"Organization\",\"@id\":\"https:\/\/www.vkpbratislava.sk\/#organization\",\"name\":\"VKP Bratislava\",\"url\":\"https:\/\/www.vkpbratislava.sk\/\",\"logo\":{\"@type\":\"ImageObject\",\"inLanguage\":\"sk-SK\",\"@id\":\"https:\/\/www.vkpbratislava.sk\/#\/schema\/logo\/image\/\",\"url\":\"https:\/\/www.vkpbratislava.sk\/wp-content\/uploads\/2020\/10\/vkpBA.png\",\"contentUrl\":\"https:\/\/www.vkpbratislava.sk\/wp-content\/uploads\/2020\/10\/vkpBA.png\",\"width\":600,\"height\":600,\"caption\":\"VKP Bratislava\"},\"image\":{\"@id\":\"https:\/\/www.vkpbratislava.sk\/#\/schema\/logo\/image\/\"}},{\"@type\":\"Person\",\"@id\":\"https:\/\/www.vkpbratislava.sk\/#\/schema\/person\/7037e769f9515aa58493d1b5852c4c50\",\"name\":\"jenca\",\"image\":{\"@type\":\"ImageObject\",\"inLanguage\":\"sk-SK\",\"@id\":\"https:\/\/www.vkpbratislava.sk\/#\/schema\/person\/image\/\",\"url\":\"https:\/\/secure.gravatar.com\/avatar\/67aa89e9aab2911bbd0c6fbf0a891ea8d80c207c9b6a6e2c96e13fc2f16e536d?s=96&d=mm&r=g\",\"contentUrl\":\"https:\/\/secure.gravatar.com\/avatar\/67aa89e9aab2911bbd0c6fbf0a891ea8d80c207c9b6a6e2c96e13fc2f16e536d?s=96&d=mm&r=g\",\"caption\":\"jenca\"},\"url\":\"https:\/\/www.vkpbratislava.sk\/?author=3\"}]}<\/script>\n<!-- \/ Yoast SEO plugin. -->","yoast_head_json":{"title":"Povinn\u00e1 jazda proti Prievidzi, debut kadeta Str\u00ed\u017ea - VK SLOVAN Bratislava","description":"Volejbalisti VKP Bratislava nast\u00fapili na s\u00faboj o kone\u010dn\u00e9 5. miesto bez mlad\u00edkov Van\u010da, Billicha a \u010cerven\u00e1ka, ktor\u00ed posilnili v z\u00e1vere sez\u00f3ny juniorku, ale za to s kadetom Danielom Str\u00ed\u017eom, ktor\u00fd si odkr\u00fatil premi\u00e9ru v seniorskom t\u00edme a hne\u010f v\u00ed\u0165azn\u00fa.","robots":{"index":"index","follow":"follow","max-snippet":"max-snippet:-1","max-image-preview":"max-image-preview:large","max-video-preview":"max-video-preview:-1"},"canonical":"https:\/\/www.vkpbratislava.sk\/?p=13391","og_locale":"sk_SK","og_type":"article","og_title":"Povinn\u00e1 jazda proti Prievidzi, debut kadeta Str\u00ed\u017ea - VK SLOVAN Bratislava","og_description":"Volejbalisti VKP Bratislava nast\u00fapili na s\u00faboj o kone\u010dn\u00e9 5. miesto bez mlad\u00edkov Van\u010da, Billicha a \u010cerven\u00e1ka, ktor\u00ed posilnili v z\u00e1vere sez\u00f3ny juniorku, ale za to s kadetom Danielom Str\u00ed\u017eom, ktor\u00fd si odkr\u00fatil premi\u00e9ru v seniorskom t\u00edme a hne\u010f v\u00ed\u0165azn\u00fa.","og_url":"https:\/\/www.vkpbratislava.sk\/?p=13391","og_site_name":"VK SLOVAN Bratislava","article_published_time":"2022-03-20T07:22:53+00:00","article_modified_time":"2022-03-20T08:28:23+00:00","og_image":[{"width":2048,"height":1365,"url":"https:\/\/www.vkpbratislava.sk\/wp-content\/uploads\/2022\/03\/DF1A6877.jpg","type":"image\/jpeg"}],"author":"jenca","twitter_card":"summary_large_image","twitter_misc":{"Autor":"jenca","Predpokladan\u00fd \u010das \u010d\u00edtania":"1 min\u00fata"},"schema":{"@context":"https:\/\/schema.org","@graph":[{"@type":"Article","@id":"https:\/\/www.vkpbratislava.sk\/?p=13391#article","isPartOf":{"@id":"https:\/\/www.vkpbratislava.sk\/?p=13391"},"author":{"name":"jenca","@id":"https:\/\/www.vkpbratislava.sk\/#\/schema\/person\/7037e769f9515aa58493d1b5852c4c50"},"headline":"Povinn\u00e1 jazda proti Prievidzi, debut kadeta Str\u00ed\u017ea","datePublished":"2022-03-20T07:22:53+00:00","dateModified":"2022-03-20T08:28:23+00:00","mainEntityOfPage":{"@id":"https:\/\/www.vkpbratislava.sk\/?p=13391"},"wordCount":214,"publisher":{"@id":"https:\/\/www.vkpbratislava.sk\/#organization"},"image":{"@id":"https:\/\/www.vkpbratislava.sk\/?p=13391#primaryimage"},"thumbnailUrl":"https:\/\/www.vkpbratislava.sk\/wp-content\/uploads\/2022\/03\/DF1A6877.jpg","articleSection":["Mu\u017ei"],"inLanguage":"sk-SK"},{"@type":"WebPage","@id":"https:\/\/www.vkpbratislava.sk\/?p=13391","url":"https:\/\/www.vkpbratislava.sk\/?p=13391","name":"Povinn\u00e1 jazda proti Prievidzi, debut kadeta Str\u00ed\u017ea - VK SLOVAN Bratislava","isPartOf":{"@id":"https:\/\/www.vkpbratislava.sk\/#website"},"primaryImageOfPage":{"@id":"https:\/\/www.vkpbratislava.sk\/?p=13391#primaryimage"},"image":{"@id":"https:\/\/www.vkpbratislava.sk\/?p=13391#primaryimage"},"thumbnailUrl":"https:\/\/www.vkpbratislava.sk\/wp-content\/uploads\/2022\/03\/DF1A6877.jpg","datePublished":"2022-03-20T07:22:53+00:00","dateModified":"2022-03-20T08:28:23+00:00","description":"Volejbalisti VKP Bratislava nast\u00fapili na s\u00faboj o kone\u010dn\u00e9 5. miesto bez mlad\u00edkov Van\u010da, Billicha a \u010cerven\u00e1ka, ktor\u00ed posilnili v z\u00e1vere sez\u00f3ny juniorku, ale za to s kadetom Danielom Str\u00ed\u017eom, ktor\u00fd si odkr\u00fatil premi\u00e9ru v seniorskom t\u00edme a hne\u010f v\u00ed\u0165azn\u00fa.","breadcrumb":{"@id":"https:\/\/www.vkpbratislava.sk\/?p=13391#breadcrumb"},"inLanguage":"sk-SK","potentialAction":[{"@type":"ReadAction","target":["https:\/\/www.vkpbratislava.sk\/?p=13391"]}]},{"@type":"ImageObject","inLanguage":"sk-SK","@id":"https:\/\/www.vkpbratislava.sk\/?p=13391#primaryimage","url":"https:\/\/www.vkpbratislava.sk\/wp-content\/uploads\/2022\/03\/DF1A6877.jpg","contentUrl":"https:\/\/www.vkpbratislava.sk\/wp-content\/uploads\/2022\/03\/DF1A6877.jpg","width":2048,"height":1365},{"@type":"BreadcrumbList","@id":"https:\/\/www.vkpbratislava.sk\/?p=13391#breadcrumb","itemListElement":[{"@type":"ListItem","position":1,"name":"Domov","item":"https:\/\/www.vkpbratislava.sk\/"},{"@type":"ListItem","position":2,"name":"Povinn\u00e1 jazda proti Prievidzi, debut kadeta Str\u00ed\u017ea"}]},{"@type":"WebSite","@id":"https:\/\/www.vkpbratislava.sk\/#website","url":"https:\/\/www.vkpbratislava.sk\/","name":"VK SLOVAN Bratislava","description":"Volejbalov\u00fd klub","publisher":{"@id":"https:\/\/www.vkpbratislava.sk\/#organization"},"potentialAction":[{"@type":"SearchAction","target":{"@type":"EntryPoint","urlTemplate":"https:\/\/www.vkpbratislava.sk\/?s={search_term_string}"},"query-input":{"@type":"PropertyValueSpecification","valueRequired":true,"valueName":"search_term_string"}}],"inLanguage":"sk-SK"},{"@type":"Organization","@id":"https:\/\/www.vkpbratislava.sk\/#organization","name":"VKP Bratislava","url":"https:\/\/www.vkpbratislava.sk\/","logo":{"@type":"ImageObject","inLanguage":"sk-SK","@id":"https:\/\/www.vkpbratislava.sk\/#\/schema\/logo\/image\/","url":"https:\/\/www.vkpbratislava.sk\/wp-content\/uploads\/2020\/10\/vkpBA.png","contentUrl":"https:\/\/www.vkpbratislava.sk\/wp-content\/uploads\/2020\/10\/vkpBA.png","width":600,"height":600,"caption":"VKP Bratislava"},"image":{"@id":"https:\/\/www.vkpbratislava.sk\/#\/schema\/logo\/image\/"}},{"@type":"Person","@id":"https:\/\/www.vkpbratislava.sk\/#\/schema\/person\/7037e769f9515aa58493d1b5852c4c50","name":"jenca","image":{"@type":"ImageObject","inLanguage":"sk-SK","@id":"https:\/\/www.vkpbratislava.sk\/#\/schema\/person\/image\/","url":"https:\/\/secure.gravatar.com\/avatar\/67aa89e9aab2911bbd0c6fbf0a891ea8d80c207c9b6a6e2c96e13fc2f16e536d?s=96&d=mm&r=g","contentUrl":"https:\/\/secure.gravatar.com\/avatar\/67aa89e9aab2911bbd0c6fbf0a891ea8d80c207c9b6a6e2c96e13fc2f16e536d?s=96&d=mm&r=g","caption":"jenca"},"url":"https:\/\/www.vkpbratislava.sk\/?author=3"}]}},"_links":{"self":[{"href":"https:\/\/www.vkpbratislava.sk\/index.php?rest_route=\/wp\/v2\/posts\/13391","targetHints":{"allow":["GET"]}}],"collection":[{"href":"https:\/\/www.vkpbratislava.sk\/index.php?rest_route=\/wp\/v2\/posts"}],"about":[{"href":"https:\/\/www.vkpbratislava.sk\/index.php?rest_route=\/wp\/v2\/types\/post"}],"author":[{"embeddable":true,"href":"https:\/\/www.vkpbratislava.sk\/index.php?rest_route=\/wp\/v2\/users\/3"}],"replies":[{"embeddable":true,"href":"https:\/\/www.vkpbratislava.sk\/index.php?rest_route=%2Fwp%2Fv2%2Fcomments&post=13391"}],"version-history":[{"count":1,"href":"https:\/\/www.vkpbratislava.sk\/index.php?rest_route=\/wp\/v2\/posts\/13391\/revisions"}],"predecessor-version":[{"id":13493,"href":"https:\/\/www.vkpbratislava.sk\/index.php?rest_route=\/wp\/v2\/posts\/13391\/revisions\/13493"}],"wp:featuredmedia":[{"embeddable":true,"href":"https:\/\/www.vkpbratislava.sk\/index.php?rest_route=\/wp\/v2\/media\/13469"}],"wp:attachment":[{"href":"https:\/\/www.vkpbratislava.sk\/index.php?rest_route=%2Fwp%2Fv2%2Fmedia&parent=13391"}],"wp:term":[{"taxonomy":"category","embeddable":true,"href":"https:\/\/www.vkpbratislava.sk\/index.php?rest_route=%2Fwp%2Fv2%2Fcategories&post=13391"},{"taxonomy":"post_tag","embeddable":true,"href":"https:\/\/www.vkpbratislava.sk\/index.php?rest_route=%2Fwp%2Fv2%2Ftags&post=13391"}],"curies":[{"name":"wp","href":"https:\/\/api.w.org\/{rel}","templated":true}]}}