{"id":13651,"date":"2022-03-20T09:27:34","date_gmt":"2022-03-20T08:27:34","guid":{"rendered":"https:\/\/www.vkpbratislava.sk\/?p=13651"},"modified":"2022-03-20T09:27:34","modified_gmt":"2022-03-20T08:27:34","slug":"s-trnavou-sme-stratili-len-set","status":"publish","type":"post","link":"https:\/\/www.vkpbratislava.sk\/?p=13651","title":{"rendered":"S Trnavou sme stratili len set"},"content":{"rendered":"<p><strong>\u017deny VKP Bratislava vo svojom prvom vyst\u00fapen\u00ed v play-out proti Trnave nepripustili dr\u00e1mu a zv\u00ed\u0165azili 3:1.<\/strong><\/p>\n<p><strong>VKP Bratislava \u2013 Hit UCM Trnava 3:1 (19, 17, -25, 15)<\/strong> <strong>\u2013 stav s\u00e9rie 1:0<\/strong><\/p>\n<p><strong>Rozhodovali:<\/strong> Svoren\u010d\u00edk a Schimpl, 50 div\u00e1kov.<\/p>\n<p><strong>VKP: <\/strong>Fartelov\u00e1 6, Smie\u0161kov\u00e1 11, Koh\u00fatov\u00e1 1, A. Vajdov\u00e1 18, Spev\u00e1r 12, Z. P\u00edse\u010dn\u00e1 19, liberka Mattov\u00e1. Tr\u00e9ner: J. Han\u010d\u00e1k.<\/p>\n<p><strong>Hit UCM: <\/strong>Povrazn\u00edkov\u00e1 17, L\u00edmov\u00e1 9, Z\u00e1mo\u017e\u00edkov\u00e1, Slez\u00e1kov\u00e1 3, Bar\u00e1thov\u00e1 5, Gr\u00f3fov\u00e1 2, liberky Pag\u00e1\u010dov\u00e1 a\u00a0Magulov\u00e1 (Siv\u00ed\u010dekov\u00e1 1, Pol\u00e1\u010dkov\u00e1 8, Tom\u010d\u00edkov\u00e1). Tr\u00e9ner: R. Fil\u00edpek. <b><\/b><\/p>\n<p><strong>Hr\u00e1\u010dky z\u00e1pasu:<\/strong> Zuzana P\u00edse\u010dn\u00e1 (VKP Bratislava) \u2013 Ivana Povrazn\u00edkov\u00e1 (Hit UCM Trnava)<\/p>\n<p><strong>Jaroslav Han\u010d\u00e1k, tr\u00e9ner VKP:<\/strong> <i>\u201eNebol to pre n\u00e1s \u013eahk\u00fd z\u00e1pas u\u017e len z\u00a0toho poh\u013eadu, \u017ee sme chceli hra\u0165 v\u00a0prvej \u0161tvorke. Bol som zvedav\u00fd, ako sa s\u00a0t\u00fdm popasujeme. Tri sety sme mali hru pod kontrolou. Pri tre\u0165om sete sme spravili ve\u013emi ve\u013ea hl\u00fapost\u00ed. S\u00faper ve\u013emi dobre br\u00e1nil, servoval a\u00a0v\u0161etko im vych\u00e1dzalo. Spam\u00e4tali sme sa a\u00a0\u0161tvrt\u00fd set sme u\u017e mali pod kontrolou.\u201c<\/i><\/p>\n<p><strong>Rastislav Fil\u00edpek, tr\u00e9ner Hit UCM:<\/strong> <i>\u201e<\/i><i>\u0160anc\u00ed na lep\u0161\u00ed v\u00fdsledok sme dostali viac, ako som o\u010dak\u00e1val. \u0160koda, \u017ee sme s t\u00fdm nenalo\u017eili lep\u0161ie. Bojovali sme, br\u00e1nili ako o \u017eivot, to n\u00e1m ide ku cti. To, s \u010d\u00edm sa bor\u00edme neust\u00e1le, je v\u0161etk\u00fdm jasn\u00e9<\/i><i>.\u201c<\/i><\/p>\n<p><b>Ivana Povrazn\u00edkov\u00e1, Hit UCM: <\/b><i>\u201ePr\u00edli\u0161 ve\u013ea vlastn\u00fdch ch\u00fdb n\u00e1s st\u00e1lo lep\u0161\u00ed v\u00fdsledok. Vieme, v ktor\u00fdch \u010dinnostiach m\u00e1me nedostatky a v stredu urob\u00edme v\u0161etko pre vyrovnanie s\u00e9rie<\/i><i>.\u201c<\/i><\/p>\n","protected":false},"excerpt":{"rendered":"<p>\u017deny VKP Bratislava vo svojom prvom vyst\u00fapen\u00ed v play-out proti Trnave nepripustili dr\u00e1mu a zv\u00ed\u0165azili 3:1.<\/p>\n","protected":false},"author":3,"featured_media":13641,"comment_status":"closed","ping_status":"closed","sticky":false,"template":"","format":"standard","meta":{"_monsterinsights_skip_tracking":false,"_monsterinsights_sitenote_active":false,"_monsterinsights_sitenote_note":"","_monsterinsights_sitenote_category":0,"footnotes":""},"categories":[48],"tags":[],"class_list":["post-13651","post","type-post","status-publish","format-standard","has-post-thumbnail","hentry","category-zeny"],"yoast_head":"<!-- This site is optimized with the Yoast SEO plugin v25.6 - https:\/\/yoast.com\/wordpress\/plugins\/seo\/ -->\n<title>S Trnavou sme stratili len set - VK SLOVAN Bratislava<\/title>\n<meta name=\"description\" content=\"\u017deny VKP Bratislava vo svojom prvom vyst\u00fapen\u00ed v play-out proti Trnave nepripustili dr\u00e1mu a zv\u00ed\u0165azili 3:1.\" \/>\n<meta name=\"robots\" content=\"index, follow, max-snippet:-1, max-image-preview:large, max-video-preview:-1\" \/>\n<link rel=\"canonical\" href=\"https:\/\/www.vkpbratislava.sk\/?p=13651\" \/>\n<meta property=\"og:locale\" content=\"sk_SK\" \/>\n<meta property=\"og:type\" content=\"article\" \/>\n<meta property=\"og:title\" content=\"S Trnavou sme stratili len set - VK SLOVAN Bratislava\" \/>\n<meta property=\"og:description\" content=\"\u017deny VKP Bratislava vo svojom prvom vyst\u00fapen\u00ed v play-out proti Trnave nepripustili dr\u00e1mu a zv\u00ed\u0165azili 3:1.\" \/>\n<meta property=\"og:url\" content=\"https:\/\/www.vkpbratislava.sk\/?p=13651\" \/>\n<meta property=\"og:site_name\" content=\"VK SLOVAN Bratislava\" \/>\n<meta property=\"article:published_time\" content=\"2022-03-20T08:27:34+00:00\" \/>\n<meta property=\"og:image\" content=\"https:\/\/www.vkpbratislava.sk\/wp-content\/uploads\/2022\/03\/20220319_iurban79_VKP-BA-Z-vs-Trnava_DSC00749-1280x854.jpg\" \/>\n\t<meta property=\"og:image:width\" content=\"1280\" \/>\n\t<meta property=\"og:image:height\" content=\"854\" \/>\n\t<meta property=\"og:image:type\" content=\"image\/jpeg\" \/>\n<meta name=\"author\" content=\"jenca\" \/>\n<meta name=\"twitter:card\" content=\"summary_large_image\" \/>\n<meta name=\"twitter:label1\" content=\"Autor\" \/>\n\t<meta name=\"twitter:data1\" content=\"jenca\" \/>\n\t<meta name=\"twitter:label2\" content=\"Predpokladan\u00fd \u010das \u010d\u00edtania\" \/>\n\t<meta name=\"twitter:data2\" content=\"2 min\u00faty\" \/>\n<script type=\"application\/ld+json\" class=\"yoast-schema-graph\">{\"@context\":\"https:\/\/schema.org\",\"@graph\":[{\"@type\":\"Article\",\"@id\":\"https:\/\/www.vkpbratislava.sk\/?p=13651#article\",\"isPartOf\":{\"@id\":\"https:\/\/www.vkpbratislava.sk\/?p=13651\"},\"author\":{\"name\":\"jenca\",\"@id\":\"https:\/\/www.vkpbratislava.sk\/#\/schema\/person\/7037e769f9515aa58493d1b5852c4c50\"},\"headline\":\"S Trnavou sme stratili len set\",\"datePublished\":\"2022-03-20T08:27:34+00:00\",\"mainEntityOfPage\":{\"@id\":\"https:\/\/www.vkpbratislava.sk\/?p=13651\"},\"wordCount\":284,\"publisher\":{\"@id\":\"https:\/\/www.vkpbratislava.sk\/#organization\"},\"image\":{\"@id\":\"https:\/\/www.vkpbratislava.sk\/?p=13651#primaryimage\"},\"thumbnailUrl\":\"https:\/\/www.vkpbratislava.sk\/wp-content\/uploads\/2022\/03\/20220319_iurban79_VKP-BA-Z-vs-Trnava_DSC00749.jpg\",\"articleSection\":[\"\u017deny\"],\"inLanguage\":\"sk-SK\"},{\"@type\":\"WebPage\",\"@id\":\"https:\/\/www.vkpbratislava.sk\/?p=13651\",\"url\":\"https:\/\/www.vkpbratislava.sk\/?p=13651\",\"name\":\"S Trnavou sme stratili len set - VK SLOVAN Bratislava\",\"isPartOf\":{\"@id\":\"https:\/\/www.vkpbratislava.sk\/#website\"},\"primaryImageOfPage\":{\"@id\":\"https:\/\/www.vkpbratislava.sk\/?p=13651#primaryimage\"},\"image\":{\"@id\":\"https:\/\/www.vkpbratislava.sk\/?p=13651#primaryimage\"},\"thumbnailUrl\":\"https:\/\/www.vkpbratislava.sk\/wp-content\/uploads\/2022\/03\/20220319_iurban79_VKP-BA-Z-vs-Trnava_DSC00749.jpg\",\"datePublished\":\"2022-03-20T08:27:34+00:00\",\"description\":\"\u017deny VKP Bratislava vo svojom prvom vyst\u00fapen\u00ed v play-out proti Trnave nepripustili dr\u00e1mu a zv\u00ed\u0165azili 3:1.\",\"breadcrumb\":{\"@id\":\"https:\/\/www.vkpbratislava.sk\/?p=13651#breadcrumb\"},\"inLanguage\":\"sk-SK\",\"potentialAction\":[{\"@type\":\"ReadAction\",\"target\":[\"https:\/\/www.vkpbratislava.sk\/?p=13651\"]}]},{\"@type\":\"ImageObject\",\"inLanguage\":\"sk-SK\",\"@id\":\"https:\/\/www.vkpbratislava.sk\/?p=13651#primaryimage\",\"url\":\"https:\/\/www.vkpbratislava.sk\/wp-content\/uploads\/2022\/03\/20220319_iurban79_VKP-BA-Z-vs-Trnava_DSC00749.jpg\",\"contentUrl\":\"https:\/\/www.vkpbratislava.sk\/wp-content\/uploads\/2022\/03\/20220319_iurban79_VKP-BA-Z-vs-Trnava_DSC00749.jpg\",\"width\":2500,\"height\":1667},{\"@type\":\"BreadcrumbList\",\"@id\":\"https:\/\/www.vkpbratislava.sk\/?p=13651#breadcrumb\",\"itemListElement\":[{\"@type\":\"ListItem\",\"position\":1,\"name\":\"Domov\",\"item\":\"https:\/\/www.vkpbratislava.sk\/\"},{\"@type\":\"ListItem\",\"position\":2,\"name\":\"S Trnavou sme stratili len set\"}]},{\"@type\":\"WebSite\",\"@id\":\"https:\/\/www.vkpbratislava.sk\/#website\",\"url\":\"https:\/\/www.vkpbratislava.sk\/\",\"name\":\"VK SLOVAN Bratislava\",\"description\":\"Volejbalov\u00fd klub\",\"publisher\":{\"@id\":\"https:\/\/www.vkpbratislava.sk\/#organization\"},\"potentialAction\":[{\"@type\":\"SearchAction\",\"target\":{\"@type\":\"EntryPoint\",\"urlTemplate\":\"https:\/\/www.vkpbratislava.sk\/?s={search_term_string}\"},\"query-input\":{\"@type\":\"PropertyValueSpecification\",\"valueRequired\":true,\"valueName\":\"search_term_string\"}}],\"inLanguage\":\"sk-SK\"},{\"@type\":\"Organization\",\"@id\":\"https:\/\/www.vkpbratislava.sk\/#organization\",\"name\":\"VKP Bratislava\",\"url\":\"https:\/\/www.vkpbratislava.sk\/\",\"logo\":{\"@type\":\"ImageObject\",\"inLanguage\":\"sk-SK\",\"@id\":\"https:\/\/www.vkpbratislava.sk\/#\/schema\/logo\/image\/\",\"url\":\"https:\/\/www.vkpbratislava.sk\/wp-content\/uploads\/2020\/10\/vkpBA.png\",\"contentUrl\":\"https:\/\/www.vkpbratislava.sk\/wp-content\/uploads\/2020\/10\/vkpBA.png\",\"width\":600,\"height\":600,\"caption\":\"VKP Bratislava\"},\"image\":{\"@id\":\"https:\/\/www.vkpbratislava.sk\/#\/schema\/logo\/image\/\"}},{\"@type\":\"Person\",\"@id\":\"https:\/\/www.vkpbratislava.sk\/#\/schema\/person\/7037e769f9515aa58493d1b5852c4c50\",\"name\":\"jenca\",\"image\":{\"@type\":\"ImageObject\",\"inLanguage\":\"sk-SK\",\"@id\":\"https:\/\/www.vkpbratislava.sk\/#\/schema\/person\/image\/\",\"url\":\"https:\/\/secure.gravatar.com\/avatar\/67aa89e9aab2911bbd0c6fbf0a891ea8d80c207c9b6a6e2c96e13fc2f16e536d?s=96&d=mm&r=g\",\"contentUrl\":\"https:\/\/secure.gravatar.com\/avatar\/67aa89e9aab2911bbd0c6fbf0a891ea8d80c207c9b6a6e2c96e13fc2f16e536d?s=96&d=mm&r=g\",\"caption\":\"jenca\"},\"url\":\"https:\/\/www.vkpbratislava.sk\/?author=3\"}]}<\/script>\n<!-- \/ Yoast SEO plugin. -->","yoast_head_json":{"title":"S Trnavou sme stratili len set - VK SLOVAN Bratislava","description":"\u017deny VKP Bratislava vo svojom prvom vyst\u00fapen\u00ed v play-out proti Trnave nepripustili dr\u00e1mu a zv\u00ed\u0165azili 3:1.","robots":{"index":"index","follow":"follow","max-snippet":"max-snippet:-1","max-image-preview":"max-image-preview:large","max-video-preview":"max-video-preview:-1"},"canonical":"https:\/\/www.vkpbratislava.sk\/?p=13651","og_locale":"sk_SK","og_type":"article","og_title":"S Trnavou sme stratili len set - VK SLOVAN Bratislava","og_description":"\u017deny VKP Bratislava vo svojom prvom vyst\u00fapen\u00ed v play-out proti Trnave nepripustili dr\u00e1mu a zv\u00ed\u0165azili 3:1.","og_url":"https:\/\/www.vkpbratislava.sk\/?p=13651","og_site_name":"VK SLOVAN Bratislava","article_published_time":"2022-03-20T08:27:34+00:00","og_image":[{"width":1280,"height":854,"url":"https:\/\/www.vkpbratislava.sk\/wp-content\/uploads\/2022\/03\/20220319_iurban79_VKP-BA-Z-vs-Trnava_DSC00749-1280x854.jpg","type":"image\/jpeg"}],"author":"jenca","twitter_card":"summary_large_image","twitter_misc":{"Autor":"jenca","Predpokladan\u00fd \u010das \u010d\u00edtania":"2 min\u00faty"},"schema":{"@context":"https:\/\/schema.org","@graph":[{"@type":"Article","@id":"https:\/\/www.vkpbratislava.sk\/?p=13651#article","isPartOf":{"@id":"https:\/\/www.vkpbratislava.sk\/?p=13651"},"author":{"name":"jenca","@id":"https:\/\/www.vkpbratislava.sk\/#\/schema\/person\/7037e769f9515aa58493d1b5852c4c50"},"headline":"S Trnavou sme stratili len set","datePublished":"2022-03-20T08:27:34+00:00","mainEntityOfPage":{"@id":"https:\/\/www.vkpbratislava.sk\/?p=13651"},"wordCount":284,"publisher":{"@id":"https:\/\/www.vkpbratislava.sk\/#organization"},"image":{"@id":"https:\/\/www.vkpbratislava.sk\/?p=13651#primaryimage"},"thumbnailUrl":"https:\/\/www.vkpbratislava.sk\/wp-content\/uploads\/2022\/03\/20220319_iurban79_VKP-BA-Z-vs-Trnava_DSC00749.jpg","articleSection":["\u017deny"],"inLanguage":"sk-SK"},{"@type":"WebPage","@id":"https:\/\/www.vkpbratislava.sk\/?p=13651","url":"https:\/\/www.vkpbratislava.sk\/?p=13651","name":"S Trnavou sme stratili len set - VK SLOVAN Bratislava","isPartOf":{"@id":"https:\/\/www.vkpbratislava.sk\/#website"},"primaryImageOfPage":{"@id":"https:\/\/www.vkpbratislava.sk\/?p=13651#primaryimage"},"image":{"@id":"https:\/\/www.vkpbratislava.sk\/?p=13651#primaryimage"},"thumbnailUrl":"https:\/\/www.vkpbratislava.sk\/wp-content\/uploads\/2022\/03\/20220319_iurban79_VKP-BA-Z-vs-Trnava_DSC00749.jpg","datePublished":"2022-03-20T08:27:34+00:00","description":"\u017deny VKP Bratislava vo svojom prvom vyst\u00fapen\u00ed v play-out proti Trnave nepripustili dr\u00e1mu a zv\u00ed\u0165azili 3:1.","breadcrumb":{"@id":"https:\/\/www.vkpbratislava.sk\/?p=13651#breadcrumb"},"inLanguage":"sk-SK","potentialAction":[{"@type":"ReadAction","target":["https:\/\/www.vkpbratislava.sk\/?p=13651"]}]},{"@type":"ImageObject","inLanguage":"sk-SK","@id":"https:\/\/www.vkpbratislava.sk\/?p=13651#primaryimage","url":"https:\/\/www.vkpbratislava.sk\/wp-content\/uploads\/2022\/03\/20220319_iurban79_VKP-BA-Z-vs-Trnava_DSC00749.jpg","contentUrl":"https:\/\/www.vkpbratislava.sk\/wp-content\/uploads\/2022\/03\/20220319_iurban79_VKP-BA-Z-vs-Trnava_DSC00749.jpg","width":2500,"height":1667},{"@type":"BreadcrumbList","@id":"https:\/\/www.vkpbratislava.sk\/?p=13651#breadcrumb","itemListElement":[{"@type":"ListItem","position":1,"name":"Domov","item":"https:\/\/www.vkpbratislava.sk\/"},{"@type":"ListItem","position":2,"name":"S Trnavou sme stratili len set"}]},{"@type":"WebSite","@id":"https:\/\/www.vkpbratislava.sk\/#website","url":"https:\/\/www.vkpbratislava.sk\/","name":"VK SLOVAN Bratislava","description":"Volejbalov\u00fd klub","publisher":{"@id":"https:\/\/www.vkpbratislava.sk\/#organization"},"potentialAction":[{"@type":"SearchAction","target":{"@type":"EntryPoint","urlTemplate":"https:\/\/www.vkpbratislava.sk\/?s={search_term_string}"},"query-input":{"@type":"PropertyValueSpecification","valueRequired":true,"valueName":"search_term_string"}}],"inLanguage":"sk-SK"},{"@type":"Organization","@id":"https:\/\/www.vkpbratislava.sk\/#organization","name":"VKP Bratislava","url":"https:\/\/www.vkpbratislava.sk\/","logo":{"@type":"ImageObject","inLanguage":"sk-SK","@id":"https:\/\/www.vkpbratislava.sk\/#\/schema\/logo\/image\/","url":"https:\/\/www.vkpbratislava.sk\/wp-content\/uploads\/2020\/10\/vkpBA.png","contentUrl":"https:\/\/www.vkpbratislava.sk\/wp-content\/uploads\/2020\/10\/vkpBA.png","width":600,"height":600,"caption":"VKP Bratislava"},"image":{"@id":"https:\/\/www.vkpbratislava.sk\/#\/schema\/logo\/image\/"}},{"@type":"Person","@id":"https:\/\/www.vkpbratislava.sk\/#\/schema\/person\/7037e769f9515aa58493d1b5852c4c50","name":"jenca","image":{"@type":"ImageObject","inLanguage":"sk-SK","@id":"https:\/\/www.vkpbratislava.sk\/#\/schema\/person\/image\/","url":"https:\/\/secure.gravatar.com\/avatar\/67aa89e9aab2911bbd0c6fbf0a891ea8d80c207c9b6a6e2c96e13fc2f16e536d?s=96&d=mm&r=g","contentUrl":"https:\/\/secure.gravatar.com\/avatar\/67aa89e9aab2911bbd0c6fbf0a891ea8d80c207c9b6a6e2c96e13fc2f16e536d?s=96&d=mm&r=g","caption":"jenca"},"url":"https:\/\/www.vkpbratislava.sk\/?author=3"}]}},"_links":{"self":[{"href":"https:\/\/www.vkpbratislava.sk\/index.php?rest_route=\/wp\/v2\/posts\/13651","targetHints":{"allow":["GET"]}}],"collection":[{"href":"https:\/\/www.vkpbratislava.sk\/index.php?rest_route=\/wp\/v2\/posts"}],"about":[{"href":"https:\/\/www.vkpbratislava.sk\/index.php?rest_route=\/wp\/v2\/types\/post"}],"author":[{"embeddable":true,"href":"https:\/\/www.vkpbratislava.sk\/index.php?rest_route=\/wp\/v2\/users\/3"}],"replies":[{"embeddable":true,"href":"https:\/\/www.vkpbratislava.sk\/index.php?rest_route=%2Fwp%2Fv2%2Fcomments&post=13651"}],"version-history":[{"count":1,"href":"https:\/\/www.vkpbratislava.sk\/index.php?rest_route=\/wp\/v2\/posts\/13651\/revisions"}],"predecessor-version":[{"id":13652,"href":"https:\/\/www.vkpbratislava.sk\/index.php?rest_route=\/wp\/v2\/posts\/13651\/revisions\/13652"}],"wp:featuredmedia":[{"embeddable":true,"href":"https:\/\/www.vkpbratislava.sk\/index.php?rest_route=\/wp\/v2\/media\/13641"}],"wp:attachment":[{"href":"https:\/\/www.vkpbratislava.sk\/index.php?rest_route=%2Fwp%2Fv2%2Fmedia&parent=13651"}],"wp:term":[{"taxonomy":"category","embeddable":true,"href":"https:\/\/www.vkpbratislava.sk\/index.php?rest_route=%2Fwp%2Fv2%2Fcategories&post=13651"},{"taxonomy":"post_tag","embeddable":true,"href":"https:\/\/www.vkpbratislava.sk\/index.php?rest_route=%2Fwp%2Fv2%2Ftags&post=13651"}],"curies":[{"name":"wp","href":"https:\/\/api.w.org\/{rel}","templated":true}]}}