{"id":13657,"date":"2022-03-26T09:18:28","date_gmt":"2022-03-26T08:18:28","guid":{"rendered":"https:\/\/www.vkpbratislava.sk\/?p=13657"},"modified":"2022-03-26T09:18:28","modified_gmt":"2022-03-26T08:18:28","slug":"muzi-na-konecnom-piatom-mieste","status":"publish","type":"post","link":"https:\/\/www.vkpbratislava.sk\/?p=13657","title":{"rendered":"Mu\u017ei na kone\u010dnom piatom mieste"},"content":{"rendered":"<p><strong>Volejbalisti VKP Bratislava maj\u00fa sez\u00f3nu 2021\/2022 u\u017e za sebou. Po dvoch v\u00ed\u0165azstv\u00e1ch s Prievidzou napokon obsadili 5. mieste v tabu\u013eke.<\/strong><\/p>\n<p><strong>VK Osmos Prievidza &#8211; VKP Bratislava 0:3 (-12, -15, -16) \u2013 kone\u010dn\u00fd stav s\u00e9rie 0:2<\/strong><\/p>\n<p><strong>Rozhodovali:<\/strong> Yurlov a Hr\u010dka.<\/p>\n<p><strong>VK Osmos: <\/strong>D. Me\u010diar 3, Bad\u00e1\u0148 4, M. Kudra 4, Javor\u010d\u00edk 5, \u0160imko 1, P. Kudra 0, libero Kraj\u010do (Ondr\u010dka 0, Brz\u00e1\u010d 3). Tr\u00e9ner: R. Chud\u00edk.<\/p>\n<p><strong>VKP: <\/strong>Yacoubou 18, Pre\u0161insk\u00fd 6, Banda 2, Malina 3, Tarabus 9, Jur\u00edk 10, liberovia Jakub\u00edk a Kurej (Pavli\u010dko 2, Truba\u010d 5, Kostol\u00e1ni 3). Tr\u00e9ner: J. Ti\u0148o.<\/p>\n<p><strong>Hr\u00e1\u010di z\u00e1pasu:<\/strong> Tom\u00e1\u0161 Bad\u00e1\u0148 (VK Osmos Prievidza) \u2013 Daouda Yacoubou (VKP Bratislava)<\/p>\n<p><strong>Juraj Ti\u0148o, tr\u00e9ner VKP:<\/strong> <i>\u201eDo Prievidze sme pri\u0161li s\u00a0jasn\u00fdm \u00famyslom odohra\u0165 posledn\u00fd v\u00ed\u0165azn\u00fd z\u00e1pas v\u00a0sez\u00f3ne a\u00a0u\u017ei\u0165 si ho. To sa n\u00e1m podarilo, po \u0148om sa dobre najeme a\u00a0mus\u00edme si vyhodnoti\u0165 cel\u00fa sez\u00f3nu. Gratulujem chlapcom.\u201c<\/i><\/p>\n<p><b>Daouda Yacoubou, najlep\u0161\u00ed hr\u00e1\u010d VKP: <\/b><i>\u201ePri\u0161li sme s\u00a0dobrou energiou, aby sme zv\u00ed\u0165azili v\u00a0poslednom z\u00e1pase sez\u00f3ny. Cel\u00fd t\u00fd\u017ede\u0148 sme na tr\u00e9ningoch tvrdo pracovali, aby sme zv\u00ed\u0165azili a\u00a0to sa n\u00e1m podarilo. Som hrd\u00fd na cel\u00fd t\u00edm.\u201c<\/i><\/p>\n","protected":false},"excerpt":{"rendered":"<p>Volejbalisti VKP Bratislava maj\u00fa sez\u00f3nu 2021\/2022 u\u017e za sebou. Po dvoch v\u00ed\u0165azstv\u00e1ch s Prievidzou napokon obsadili 5. mieste v tabu\u013eke.<\/p>\n","protected":false},"author":3,"featured_media":13658,"comment_status":"closed","ping_status":"closed","sticky":false,"template":"","format":"standard","meta":{"_monsterinsights_skip_tracking":false,"_monsterinsights_sitenote_active":false,"_monsterinsights_sitenote_note":"","_monsterinsights_sitenote_category":0,"footnotes":""},"categories":[47],"tags":[],"class_list":["post-13657","post","type-post","status-publish","format-standard","has-post-thumbnail","hentry","category-muzi"],"yoast_head":"<!-- This site is optimized with the Yoast SEO plugin v25.6 - https:\/\/yoast.com\/wordpress\/plugins\/seo\/ -->\n<title>Mu\u017ei na kone\u010dnom piatom mieste - VK SLOVAN Bratislava<\/title>\n<meta name=\"description\" content=\"Volejbalisti VKP Bratislava maj\u00fa sez\u00f3nu 2021\/2022 u\u017e za sebou. Po dvoch v\u00ed\u0165azstv\u00e1ch s Prievidzou napokon obsadili 5. mieste v tabu\u013eke.\" \/>\n<meta name=\"robots\" content=\"index, follow, max-snippet:-1, max-image-preview:large, max-video-preview:-1\" \/>\n<link rel=\"canonical\" href=\"https:\/\/www.vkpbratislava.sk\/?p=13657\" \/>\n<meta property=\"og:locale\" content=\"sk_SK\" \/>\n<meta property=\"og:type\" content=\"article\" \/>\n<meta property=\"og:title\" content=\"Mu\u017ei na kone\u010dnom piatom mieste - VK SLOVAN Bratislava\" \/>\n<meta property=\"og:description\" content=\"Volejbalisti VKP Bratislava maj\u00fa sez\u00f3nu 2021\/2022 u\u017e za sebou. Po dvoch v\u00ed\u0165azstv\u00e1ch s Prievidzou napokon obsadili 5. mieste v tabu\u013eke.\" \/>\n<meta property=\"og:url\" content=\"https:\/\/www.vkpbratislava.sk\/?p=13657\" \/>\n<meta property=\"og:site_name\" content=\"VK SLOVAN Bratislava\" \/>\n<meta property=\"article:published_time\" content=\"2022-03-26T08:18:28+00:00\" \/>\n<meta property=\"og:image\" content=\"https:\/\/www.vkpbratislava.sk\/wp-content\/uploads\/2022\/03\/ccd2d6e3-0c53-47af-9f67-9d2106b2302d.jpg\" \/>\n\t<meta property=\"og:image:width\" content=\"2048\" \/>\n\t<meta property=\"og:image:height\" content=\"921\" \/>\n\t<meta property=\"og:image:type\" content=\"image\/jpeg\" \/>\n<meta name=\"author\" content=\"jenca\" \/>\n<meta name=\"twitter:card\" content=\"summary_large_image\" \/>\n<meta name=\"twitter:label1\" content=\"Autor\" \/>\n\t<meta name=\"twitter:data1\" content=\"jenca\" \/>\n\t<meta name=\"twitter:label2\" content=\"Predpokladan\u00fd \u010das \u010d\u00edtania\" \/>\n\t<meta name=\"twitter:data2\" content=\"1 min\u00fata\" \/>\n<script type=\"application\/ld+json\" class=\"yoast-schema-graph\">{\"@context\":\"https:\/\/schema.org\",\"@graph\":[{\"@type\":\"Article\",\"@id\":\"https:\/\/www.vkpbratislava.sk\/?p=13657#article\",\"isPartOf\":{\"@id\":\"https:\/\/www.vkpbratislava.sk\/?p=13657\"},\"author\":{\"name\":\"jenca\",\"@id\":\"https:\/\/www.vkpbratislava.sk\/#\/schema\/person\/7037e769f9515aa58493d1b5852c4c50\"},\"headline\":\"Mu\u017ei na kone\u010dnom piatom mieste\",\"datePublished\":\"2022-03-26T08:18:28+00:00\",\"mainEntityOfPage\":{\"@id\":\"https:\/\/www.vkpbratislava.sk\/?p=13657\"},\"wordCount\":204,\"publisher\":{\"@id\":\"https:\/\/www.vkpbratislava.sk\/#organization\"},\"image\":{\"@id\":\"https:\/\/www.vkpbratislava.sk\/?p=13657#primaryimage\"},\"thumbnailUrl\":\"https:\/\/www.vkpbratislava.sk\/wp-content\/uploads\/2022\/03\/ccd2d6e3-0c53-47af-9f67-9d2106b2302d.jpg\",\"articleSection\":[\"Mu\u017ei\"],\"inLanguage\":\"sk-SK\"},{\"@type\":\"WebPage\",\"@id\":\"https:\/\/www.vkpbratislava.sk\/?p=13657\",\"url\":\"https:\/\/www.vkpbratislava.sk\/?p=13657\",\"name\":\"Mu\u017ei na kone\u010dnom piatom mieste - VK SLOVAN Bratislava\",\"isPartOf\":{\"@id\":\"https:\/\/www.vkpbratislava.sk\/#website\"},\"primaryImageOfPage\":{\"@id\":\"https:\/\/www.vkpbratislava.sk\/?p=13657#primaryimage\"},\"image\":{\"@id\":\"https:\/\/www.vkpbratislava.sk\/?p=13657#primaryimage\"},\"thumbnailUrl\":\"https:\/\/www.vkpbratislava.sk\/wp-content\/uploads\/2022\/03\/ccd2d6e3-0c53-47af-9f67-9d2106b2302d.jpg\",\"datePublished\":\"2022-03-26T08:18:28+00:00\",\"description\":\"Volejbalisti VKP Bratislava maj\u00fa sez\u00f3nu 2021\/2022 u\u017e za sebou. Po dvoch v\u00ed\u0165azstv\u00e1ch s Prievidzou napokon obsadili 5. mieste v tabu\u013eke.\",\"breadcrumb\":{\"@id\":\"https:\/\/www.vkpbratislava.sk\/?p=13657#breadcrumb\"},\"inLanguage\":\"sk-SK\",\"potentialAction\":[{\"@type\":\"ReadAction\",\"target\":[\"https:\/\/www.vkpbratislava.sk\/?p=13657\"]}]},{\"@type\":\"ImageObject\",\"inLanguage\":\"sk-SK\",\"@id\":\"https:\/\/www.vkpbratislava.sk\/?p=13657#primaryimage\",\"url\":\"https:\/\/www.vkpbratislava.sk\/wp-content\/uploads\/2022\/03\/ccd2d6e3-0c53-47af-9f67-9d2106b2302d.jpg\",\"contentUrl\":\"https:\/\/www.vkpbratislava.sk\/wp-content\/uploads\/2022\/03\/ccd2d6e3-0c53-47af-9f67-9d2106b2302d.jpg\",\"width\":2048,\"height\":921},{\"@type\":\"BreadcrumbList\",\"@id\":\"https:\/\/www.vkpbratislava.sk\/?p=13657#breadcrumb\",\"itemListElement\":[{\"@type\":\"ListItem\",\"position\":1,\"name\":\"Domov\",\"item\":\"https:\/\/www.vkpbratislava.sk\/\"},{\"@type\":\"ListItem\",\"position\":2,\"name\":\"Mu\u017ei na kone\u010dnom piatom mieste\"}]},{\"@type\":\"WebSite\",\"@id\":\"https:\/\/www.vkpbratislava.sk\/#website\",\"url\":\"https:\/\/www.vkpbratislava.sk\/\",\"name\":\"VK SLOVAN Bratislava\",\"description\":\"Volejbalov\u00fd klub\",\"publisher\":{\"@id\":\"https:\/\/www.vkpbratislava.sk\/#organization\"},\"potentialAction\":[{\"@type\":\"SearchAction\",\"target\":{\"@type\":\"EntryPoint\",\"urlTemplate\":\"https:\/\/www.vkpbratislava.sk\/?s={search_term_string}\"},\"query-input\":{\"@type\":\"PropertyValueSpecification\",\"valueRequired\":true,\"valueName\":\"search_term_string\"}}],\"inLanguage\":\"sk-SK\"},{\"@type\":\"Organization\",\"@id\":\"https:\/\/www.vkpbratislava.sk\/#organization\",\"name\":\"VKP Bratislava\",\"url\":\"https:\/\/www.vkpbratislava.sk\/\",\"logo\":{\"@type\":\"ImageObject\",\"inLanguage\":\"sk-SK\",\"@id\":\"https:\/\/www.vkpbratislava.sk\/#\/schema\/logo\/image\/\",\"url\":\"https:\/\/www.vkpbratislava.sk\/wp-content\/uploads\/2020\/10\/vkpBA.png\",\"contentUrl\":\"https:\/\/www.vkpbratislava.sk\/wp-content\/uploads\/2020\/10\/vkpBA.png\",\"width\":600,\"height\":600,\"caption\":\"VKP Bratislava\"},\"image\":{\"@id\":\"https:\/\/www.vkpbratislava.sk\/#\/schema\/logo\/image\/\"}},{\"@type\":\"Person\",\"@id\":\"https:\/\/www.vkpbratislava.sk\/#\/schema\/person\/7037e769f9515aa58493d1b5852c4c50\",\"name\":\"jenca\",\"image\":{\"@type\":\"ImageObject\",\"inLanguage\":\"sk-SK\",\"@id\":\"https:\/\/www.vkpbratislava.sk\/#\/schema\/person\/image\/\",\"url\":\"https:\/\/secure.gravatar.com\/avatar\/67aa89e9aab2911bbd0c6fbf0a891ea8d80c207c9b6a6e2c96e13fc2f16e536d?s=96&d=mm&r=g\",\"contentUrl\":\"https:\/\/secure.gravatar.com\/avatar\/67aa89e9aab2911bbd0c6fbf0a891ea8d80c207c9b6a6e2c96e13fc2f16e536d?s=96&d=mm&r=g\",\"caption\":\"jenca\"},\"url\":\"https:\/\/www.vkpbratislava.sk\/?author=3\"}]}<\/script>\n<!-- \/ Yoast SEO plugin. -->","yoast_head_json":{"title":"Mu\u017ei na kone\u010dnom piatom mieste - VK SLOVAN Bratislava","description":"Volejbalisti VKP Bratislava maj\u00fa sez\u00f3nu 2021\/2022 u\u017e za sebou. Po dvoch v\u00ed\u0165azstv\u00e1ch s Prievidzou napokon obsadili 5. mieste v tabu\u013eke.","robots":{"index":"index","follow":"follow","max-snippet":"max-snippet:-1","max-image-preview":"max-image-preview:large","max-video-preview":"max-video-preview:-1"},"canonical":"https:\/\/www.vkpbratislava.sk\/?p=13657","og_locale":"sk_SK","og_type":"article","og_title":"Mu\u017ei na kone\u010dnom piatom mieste - VK SLOVAN Bratislava","og_description":"Volejbalisti VKP Bratislava maj\u00fa sez\u00f3nu 2021\/2022 u\u017e za sebou. Po dvoch v\u00ed\u0165azstv\u00e1ch s Prievidzou napokon obsadili 5. mieste v tabu\u013eke.","og_url":"https:\/\/www.vkpbratislava.sk\/?p=13657","og_site_name":"VK SLOVAN Bratislava","article_published_time":"2022-03-26T08:18:28+00:00","og_image":[{"width":2048,"height":921,"url":"https:\/\/www.vkpbratislava.sk\/wp-content\/uploads\/2022\/03\/ccd2d6e3-0c53-47af-9f67-9d2106b2302d.jpg","type":"image\/jpeg"}],"author":"jenca","twitter_card":"summary_large_image","twitter_misc":{"Autor":"jenca","Predpokladan\u00fd \u010das \u010d\u00edtania":"1 min\u00fata"},"schema":{"@context":"https:\/\/schema.org","@graph":[{"@type":"Article","@id":"https:\/\/www.vkpbratislava.sk\/?p=13657#article","isPartOf":{"@id":"https:\/\/www.vkpbratislava.sk\/?p=13657"},"author":{"name":"jenca","@id":"https:\/\/www.vkpbratislava.sk\/#\/schema\/person\/7037e769f9515aa58493d1b5852c4c50"},"headline":"Mu\u017ei na kone\u010dnom piatom mieste","datePublished":"2022-03-26T08:18:28+00:00","mainEntityOfPage":{"@id":"https:\/\/www.vkpbratislava.sk\/?p=13657"},"wordCount":204,"publisher":{"@id":"https:\/\/www.vkpbratislava.sk\/#organization"},"image":{"@id":"https:\/\/www.vkpbratislava.sk\/?p=13657#primaryimage"},"thumbnailUrl":"https:\/\/www.vkpbratislava.sk\/wp-content\/uploads\/2022\/03\/ccd2d6e3-0c53-47af-9f67-9d2106b2302d.jpg","articleSection":["Mu\u017ei"],"inLanguage":"sk-SK"},{"@type":"WebPage","@id":"https:\/\/www.vkpbratislava.sk\/?p=13657","url":"https:\/\/www.vkpbratislava.sk\/?p=13657","name":"Mu\u017ei na kone\u010dnom piatom mieste - VK SLOVAN Bratislava","isPartOf":{"@id":"https:\/\/www.vkpbratislava.sk\/#website"},"primaryImageOfPage":{"@id":"https:\/\/www.vkpbratislava.sk\/?p=13657#primaryimage"},"image":{"@id":"https:\/\/www.vkpbratislava.sk\/?p=13657#primaryimage"},"thumbnailUrl":"https:\/\/www.vkpbratislava.sk\/wp-content\/uploads\/2022\/03\/ccd2d6e3-0c53-47af-9f67-9d2106b2302d.jpg","datePublished":"2022-03-26T08:18:28+00:00","description":"Volejbalisti VKP Bratislava maj\u00fa sez\u00f3nu 2021\/2022 u\u017e za sebou. Po dvoch v\u00ed\u0165azstv\u00e1ch s Prievidzou napokon obsadili 5. mieste v tabu\u013eke.","breadcrumb":{"@id":"https:\/\/www.vkpbratislava.sk\/?p=13657#breadcrumb"},"inLanguage":"sk-SK","potentialAction":[{"@type":"ReadAction","target":["https:\/\/www.vkpbratislava.sk\/?p=13657"]}]},{"@type":"ImageObject","inLanguage":"sk-SK","@id":"https:\/\/www.vkpbratislava.sk\/?p=13657#primaryimage","url":"https:\/\/www.vkpbratislava.sk\/wp-content\/uploads\/2022\/03\/ccd2d6e3-0c53-47af-9f67-9d2106b2302d.jpg","contentUrl":"https:\/\/www.vkpbratislava.sk\/wp-content\/uploads\/2022\/03\/ccd2d6e3-0c53-47af-9f67-9d2106b2302d.jpg","width":2048,"height":921},{"@type":"BreadcrumbList","@id":"https:\/\/www.vkpbratislava.sk\/?p=13657#breadcrumb","itemListElement":[{"@type":"ListItem","position":1,"name":"Domov","item":"https:\/\/www.vkpbratislava.sk\/"},{"@type":"ListItem","position":2,"name":"Mu\u017ei na kone\u010dnom piatom mieste"}]},{"@type":"WebSite","@id":"https:\/\/www.vkpbratislava.sk\/#website","url":"https:\/\/www.vkpbratislava.sk\/","name":"VK SLOVAN Bratislava","description":"Volejbalov\u00fd klub","publisher":{"@id":"https:\/\/www.vkpbratislava.sk\/#organization"},"potentialAction":[{"@type":"SearchAction","target":{"@type":"EntryPoint","urlTemplate":"https:\/\/www.vkpbratislava.sk\/?s={search_term_string}"},"query-input":{"@type":"PropertyValueSpecification","valueRequired":true,"valueName":"search_term_string"}}],"inLanguage":"sk-SK"},{"@type":"Organization","@id":"https:\/\/www.vkpbratislava.sk\/#organization","name":"VKP Bratislava","url":"https:\/\/www.vkpbratislava.sk\/","logo":{"@type":"ImageObject","inLanguage":"sk-SK","@id":"https:\/\/www.vkpbratislava.sk\/#\/schema\/logo\/image\/","url":"https:\/\/www.vkpbratislava.sk\/wp-content\/uploads\/2020\/10\/vkpBA.png","contentUrl":"https:\/\/www.vkpbratislava.sk\/wp-content\/uploads\/2020\/10\/vkpBA.png","width":600,"height":600,"caption":"VKP Bratislava"},"image":{"@id":"https:\/\/www.vkpbratislava.sk\/#\/schema\/logo\/image\/"}},{"@type":"Person","@id":"https:\/\/www.vkpbratislava.sk\/#\/schema\/person\/7037e769f9515aa58493d1b5852c4c50","name":"jenca","image":{"@type":"ImageObject","inLanguage":"sk-SK","@id":"https:\/\/www.vkpbratislava.sk\/#\/schema\/person\/image\/","url":"https:\/\/secure.gravatar.com\/avatar\/67aa89e9aab2911bbd0c6fbf0a891ea8d80c207c9b6a6e2c96e13fc2f16e536d?s=96&d=mm&r=g","contentUrl":"https:\/\/secure.gravatar.com\/avatar\/67aa89e9aab2911bbd0c6fbf0a891ea8d80c207c9b6a6e2c96e13fc2f16e536d?s=96&d=mm&r=g","caption":"jenca"},"url":"https:\/\/www.vkpbratislava.sk\/?author=3"}]}},"_links":{"self":[{"href":"https:\/\/www.vkpbratislava.sk\/index.php?rest_route=\/wp\/v2\/posts\/13657","targetHints":{"allow":["GET"]}}],"collection":[{"href":"https:\/\/www.vkpbratislava.sk\/index.php?rest_route=\/wp\/v2\/posts"}],"about":[{"href":"https:\/\/www.vkpbratislava.sk\/index.php?rest_route=\/wp\/v2\/types\/post"}],"author":[{"embeddable":true,"href":"https:\/\/www.vkpbratislava.sk\/index.php?rest_route=\/wp\/v2\/users\/3"}],"replies":[{"embeddable":true,"href":"https:\/\/www.vkpbratislava.sk\/index.php?rest_route=%2Fwp%2Fv2%2Fcomments&post=13657"}],"version-history":[{"count":1,"href":"https:\/\/www.vkpbratislava.sk\/index.php?rest_route=\/wp\/v2\/posts\/13657\/revisions"}],"predecessor-version":[{"id":13659,"href":"https:\/\/www.vkpbratislava.sk\/index.php?rest_route=\/wp\/v2\/posts\/13657\/revisions\/13659"}],"wp:featuredmedia":[{"embeddable":true,"href":"https:\/\/www.vkpbratislava.sk\/index.php?rest_route=\/wp\/v2\/media\/13658"}],"wp:attachment":[{"href":"https:\/\/www.vkpbratislava.sk\/index.php?rest_route=%2Fwp%2Fv2%2Fmedia&parent=13657"}],"wp:term":[{"taxonomy":"category","embeddable":true,"href":"https:\/\/www.vkpbratislava.sk\/index.php?rest_route=%2Fwp%2Fv2%2Fcategories&post=13657"},{"taxonomy":"post_tag","embeddable":true,"href":"https:\/\/www.vkpbratislava.sk\/index.php?rest_route=%2Fwp%2Fv2%2Ftags&post=13657"}],"curies":[{"name":"wp","href":"https:\/\/api.w.org\/{rel}","templated":true}]}}