{"id":13668,"date":"2022-04-10T15:30:56","date_gmt":"2022-04-10T13:30:56","guid":{"rendered":"https:\/\/www.vkpbratislava.sk\/?p=13668"},"modified":"2022-04-10T15:30:56","modified_gmt":"2022-04-10T13:30:56","slug":"v-premierovej-sezone-5-miesto","status":"publish","type":"post","link":"https:\/\/www.vkpbratislava.sk\/?p=13668","title":{"rendered":"V premi\u00e9rovej sez\u00f3ne 5. miesto"},"content":{"rendered":"<p><strong>Vo svojej prvej sez\u00f3ne v extralige obsadili \u017eeny VKP Bratislava kone\u010dn\u00e9 5. miesto, ktor\u00e9 potvrdili vo vz\u00e1jomnom s\u00faboji s Pre\u0161ovom.<\/strong><\/p>\n<p><b>VKP Bratislava \u00a0&#8211; VK Pre\u0161ov 3:0 (16, 20, 15) \u2013 kone\u010dn\u00fd stav s\u00e9rie 2:0 <\/b><\/p>\n<p><strong>Rozhodovali:<\/strong> Gerboc a\u00a0Pivar\u010dek, 30 div\u00e1kov.<\/p>\n<p><b>VKP: <\/b>Smie\u0161kov\u00e1 5, Koh\u00fatov\u00e1 2, A. Vajdov\u00e1 9, Spev\u00e1r 8, Z. P\u00edse\u010dn\u00e1 18, Fartelov\u00e1 9, liberka Mattov\u00e1 (N\u00e1vratov\u00e1 4). Tr\u00e9ner: J. Han\u010d\u00e1k.<\/p>\n<p><b>VK: <\/b>Patschov\u00e1 1, Paul\u00ednyov\u00e1 6, Luk\u00e1\u010dov\u00e1 5, P. Kubov\u00e1 4, Zubkov\u00e1 6, Chalupkov\u00e1 3, liberka \u0160romovsk\u00e1 (G\u00e9cziov\u00e1 0, Pisar\u010d\u00edkov\u00e1 6, V. Novotn\u00e1 0). Tr\u00e9ner: R. N\u00e9meth.<\/p>\n<p><b>Hr\u00e1\u010dky z\u00e1pasu: <\/b>Anna Koh\u00fatov\u00e1 (VKP Bratislava) \u2013 Katar\u00edna Luk\u00e1\u010dov\u00e1 (VK Pre\u0161ov)<\/p>\n<p><b>Jaroslav Han\u010d\u00e1k, tr\u00e9ner VKP: <\/b><i>\u201eChcem pogratulova\u0165 svojim diev\u010dat\u00e1m k\u00a0posledn\u00e9mu v\u00ed\u0165azstvu v\u00a0sez\u00f3ne a\u00a0potvrdeniu piateho miesta. Cel\u00fa sez\u00f3nu sme sa dr\u017eali na tomto mieste. Chcem sa po\u010fakova\u0165 star\u0161\u00edm hr\u00e1\u010dkam, ktor\u00e9 vydr\u017eali cel\u00fa sez\u00f3nu a\u00a0ver\u00edm, \u017ee si od nich mlad\u0161ie hr\u00e1\u010dky vezm\u00fa od nich \u010do najviac z\u00a0h\u013eadiska pr\u00edstupu k\u00a0povinnostiam. Hrali sme dobre, spravili sme nieko\u013eko ch\u00fdb, ale zvl\u00e1dli sme to a\u00a0sme radi, \u017ee je sez\u00f3na za nami.\u201c<\/i><\/p>\n<p><b>Roman N\u00e9meth, tr\u00e9ner VK<i>: <\/i><\/b><i>\u201eV tomto z\u00e1pase, ako aj v tejto s\u00e9rii, sme po hor\u0161ej prihr\u00e1vke mali probl\u00e9m s \u00fatokom zo z\u00f3ny \u0161tyri, kde sme kopili obrovsk\u00e9 mno\u017estvo ch\u00fdb, niekedy a\u017e pr\u00edli\u0161 jednoduch\u00fdch. Okrem in\u00e9ho sme s t\u00fdmto bojovali cel\u00fa sez\u00f3nu, hlavne v koncovk\u00e1ch a vo vyrovnan\u00fdch stavoch.\u201c<\/i><\/p>\n","protected":false},"excerpt":{"rendered":"<p>Vo svojej prvej sez\u00f3ne v extralige obsadili \u017eeny VKP Bratislava kone\u010dn\u00e9 5. miesto, ktor\u00e9 potvrdili vo vz\u00e1jomnom s\u00faboji s Pre\u0161ovom.<\/p>\n","protected":false},"author":3,"featured_media":13669,"comment_status":"closed","ping_status":"closed","sticky":false,"template":"","format":"standard","meta":{"_monsterinsights_skip_tracking":false,"_monsterinsights_sitenote_active":false,"_monsterinsights_sitenote_note":"","_monsterinsights_sitenote_category":0,"footnotes":""},"categories":[1],"tags":[],"class_list":["post-13668","post","type-post","status-publish","format-standard","has-post-thumbnail","hentry","category-nezaradene"],"yoast_head":"<!-- This site is optimized with the Yoast SEO plugin v25.6 - https:\/\/yoast.com\/wordpress\/plugins\/seo\/ -->\n<title>V premi\u00e9rovej sez\u00f3ne 5. miesto - VK SLOVAN Bratislava<\/title>\n<meta name=\"description\" content=\"Vo svojej prvej sez\u00f3ne v extralige obsadili \u017eeny VKP Bratislava kone\u010dn\u00e9 5. miesto, ktor\u00e9 potvrdili vo vz\u00e1jomnom s\u00faboji s Pre\u0161ovom.\" \/>\n<meta name=\"robots\" content=\"index, follow, max-snippet:-1, max-image-preview:large, max-video-preview:-1\" \/>\n<link rel=\"canonical\" href=\"https:\/\/www.vkpbratislava.sk\/?p=13668\" \/>\n<meta property=\"og:locale\" content=\"sk_SK\" \/>\n<meta property=\"og:type\" content=\"article\" \/>\n<meta property=\"og:title\" content=\"V premi\u00e9rovej sez\u00f3ne 5. miesto - VK SLOVAN Bratislava\" \/>\n<meta property=\"og:description\" content=\"Vo svojej prvej sez\u00f3ne v extralige obsadili \u017eeny VKP Bratislava kone\u010dn\u00e9 5. miesto, ktor\u00e9 potvrdili vo vz\u00e1jomnom s\u00faboji s Pre\u0161ovom.\" \/>\n<meta property=\"og:url\" content=\"https:\/\/www.vkpbratislava.sk\/?p=13668\" \/>\n<meta property=\"og:site_name\" content=\"VK SLOVAN Bratislava\" \/>\n<meta property=\"article:published_time\" content=\"2022-04-10T13:30:56+00:00\" \/>\n<meta property=\"og:image\" content=\"https:\/\/www.vkpbratislava.sk\/wp-content\/uploads\/2022\/04\/a0b35faf-6adf-4b8a-8043-f7e0199bb7a8.jpg\" \/>\n\t<meta property=\"og:image:width\" content=\"1080\" \/>\n\t<meta property=\"og:image:height\" content=\"1616\" \/>\n\t<meta property=\"og:image:type\" content=\"image\/jpeg\" \/>\n<meta name=\"author\" content=\"jenca\" \/>\n<meta name=\"twitter:card\" content=\"summary_large_image\" \/>\n<meta name=\"twitter:label1\" content=\"Autor\" \/>\n\t<meta name=\"twitter:data1\" content=\"jenca\" \/>\n\t<meta name=\"twitter:label2\" content=\"Predpokladan\u00fd \u010das \u010d\u00edtania\" \/>\n\t<meta name=\"twitter:data2\" content=\"2 min\u00faty\" \/>\n<script type=\"application\/ld+json\" class=\"yoast-schema-graph\">{\"@context\":\"https:\/\/schema.org\",\"@graph\":[{\"@type\":\"Article\",\"@id\":\"https:\/\/www.vkpbratislava.sk\/?p=13668#article\",\"isPartOf\":{\"@id\":\"https:\/\/www.vkpbratislava.sk\/?p=13668\"},\"author\":{\"name\":\"jenca\",\"@id\":\"https:\/\/www.vkpbratislava.sk\/#\/schema\/person\/7037e769f9515aa58493d1b5852c4c50\"},\"headline\":\"V premi\u00e9rovej sez\u00f3ne 5. miesto\",\"datePublished\":\"2022-04-10T13:30:56+00:00\",\"mainEntityOfPage\":{\"@id\":\"https:\/\/www.vkpbratislava.sk\/?p=13668\"},\"wordCount\":269,\"publisher\":{\"@id\":\"https:\/\/www.vkpbratislava.sk\/#organization\"},\"image\":{\"@id\":\"https:\/\/www.vkpbratislava.sk\/?p=13668#primaryimage\"},\"thumbnailUrl\":\"https:\/\/www.vkpbratislava.sk\/wp-content\/uploads\/2022\/04\/a0b35faf-6adf-4b8a-8043-f7e0199bb7a8.jpg\",\"inLanguage\":\"sk-SK\"},{\"@type\":\"WebPage\",\"@id\":\"https:\/\/www.vkpbratislava.sk\/?p=13668\",\"url\":\"https:\/\/www.vkpbratislava.sk\/?p=13668\",\"name\":\"V premi\u00e9rovej sez\u00f3ne 5. miesto - VK SLOVAN Bratislava\",\"isPartOf\":{\"@id\":\"https:\/\/www.vkpbratislava.sk\/#website\"},\"primaryImageOfPage\":{\"@id\":\"https:\/\/www.vkpbratislava.sk\/?p=13668#primaryimage\"},\"image\":{\"@id\":\"https:\/\/www.vkpbratislava.sk\/?p=13668#primaryimage\"},\"thumbnailUrl\":\"https:\/\/www.vkpbratislava.sk\/wp-content\/uploads\/2022\/04\/a0b35faf-6adf-4b8a-8043-f7e0199bb7a8.jpg\",\"datePublished\":\"2022-04-10T13:30:56+00:00\",\"description\":\"Vo svojej prvej sez\u00f3ne v extralige obsadili \u017eeny VKP Bratislava kone\u010dn\u00e9 5. miesto, ktor\u00e9 potvrdili vo vz\u00e1jomnom s\u00faboji s Pre\u0161ovom.\",\"breadcrumb\":{\"@id\":\"https:\/\/www.vkpbratislava.sk\/?p=13668#breadcrumb\"},\"inLanguage\":\"sk-SK\",\"potentialAction\":[{\"@type\":\"ReadAction\",\"target\":[\"https:\/\/www.vkpbratislava.sk\/?p=13668\"]}]},{\"@type\":\"ImageObject\",\"inLanguage\":\"sk-SK\",\"@id\":\"https:\/\/www.vkpbratislava.sk\/?p=13668#primaryimage\",\"url\":\"https:\/\/www.vkpbratislava.sk\/wp-content\/uploads\/2022\/04\/a0b35faf-6adf-4b8a-8043-f7e0199bb7a8.jpg\",\"contentUrl\":\"https:\/\/www.vkpbratislava.sk\/wp-content\/uploads\/2022\/04\/a0b35faf-6adf-4b8a-8043-f7e0199bb7a8.jpg\",\"width\":1080,\"height\":1616},{\"@type\":\"BreadcrumbList\",\"@id\":\"https:\/\/www.vkpbratislava.sk\/?p=13668#breadcrumb\",\"itemListElement\":[{\"@type\":\"ListItem\",\"position\":1,\"name\":\"Domov\",\"item\":\"https:\/\/www.vkpbratislava.sk\/\"},{\"@type\":\"ListItem\",\"position\":2,\"name\":\"V premi\u00e9rovej sez\u00f3ne 5. miesto\"}]},{\"@type\":\"WebSite\",\"@id\":\"https:\/\/www.vkpbratislava.sk\/#website\",\"url\":\"https:\/\/www.vkpbratislava.sk\/\",\"name\":\"VK SLOVAN Bratislava\",\"description\":\"Volejbalov\u00fd klub\",\"publisher\":{\"@id\":\"https:\/\/www.vkpbratislava.sk\/#organization\"},\"potentialAction\":[{\"@type\":\"SearchAction\",\"target\":{\"@type\":\"EntryPoint\",\"urlTemplate\":\"https:\/\/www.vkpbratislava.sk\/?s={search_term_string}\"},\"query-input\":{\"@type\":\"PropertyValueSpecification\",\"valueRequired\":true,\"valueName\":\"search_term_string\"}}],\"inLanguage\":\"sk-SK\"},{\"@type\":\"Organization\",\"@id\":\"https:\/\/www.vkpbratislava.sk\/#organization\",\"name\":\"VKP Bratislava\",\"url\":\"https:\/\/www.vkpbratislava.sk\/\",\"logo\":{\"@type\":\"ImageObject\",\"inLanguage\":\"sk-SK\",\"@id\":\"https:\/\/www.vkpbratislava.sk\/#\/schema\/logo\/image\/\",\"url\":\"https:\/\/www.vkpbratislava.sk\/wp-content\/uploads\/2020\/10\/vkpBA.png\",\"contentUrl\":\"https:\/\/www.vkpbratislava.sk\/wp-content\/uploads\/2020\/10\/vkpBA.png\",\"width\":600,\"height\":600,\"caption\":\"VKP Bratislava\"},\"image\":{\"@id\":\"https:\/\/www.vkpbratislava.sk\/#\/schema\/logo\/image\/\"}},{\"@type\":\"Person\",\"@id\":\"https:\/\/www.vkpbratislava.sk\/#\/schema\/person\/7037e769f9515aa58493d1b5852c4c50\",\"name\":\"jenca\",\"image\":{\"@type\":\"ImageObject\",\"inLanguage\":\"sk-SK\",\"@id\":\"https:\/\/www.vkpbratislava.sk\/#\/schema\/person\/image\/\",\"url\":\"https:\/\/secure.gravatar.com\/avatar\/67aa89e9aab2911bbd0c6fbf0a891ea8d80c207c9b6a6e2c96e13fc2f16e536d?s=96&d=mm&r=g\",\"contentUrl\":\"https:\/\/secure.gravatar.com\/avatar\/67aa89e9aab2911bbd0c6fbf0a891ea8d80c207c9b6a6e2c96e13fc2f16e536d?s=96&d=mm&r=g\",\"caption\":\"jenca\"},\"url\":\"https:\/\/www.vkpbratislava.sk\/?author=3\"}]}<\/script>\n<!-- \/ Yoast SEO plugin. -->","yoast_head_json":{"title":"V premi\u00e9rovej sez\u00f3ne 5. miesto - VK SLOVAN Bratislava","description":"Vo svojej prvej sez\u00f3ne v extralige obsadili \u017eeny VKP Bratislava kone\u010dn\u00e9 5. miesto, ktor\u00e9 potvrdili vo vz\u00e1jomnom s\u00faboji s Pre\u0161ovom.","robots":{"index":"index","follow":"follow","max-snippet":"max-snippet:-1","max-image-preview":"max-image-preview:large","max-video-preview":"max-video-preview:-1"},"canonical":"https:\/\/www.vkpbratislava.sk\/?p=13668","og_locale":"sk_SK","og_type":"article","og_title":"V premi\u00e9rovej sez\u00f3ne 5. miesto - VK SLOVAN Bratislava","og_description":"Vo svojej prvej sez\u00f3ne v extralige obsadili \u017eeny VKP Bratislava kone\u010dn\u00e9 5. miesto, ktor\u00e9 potvrdili vo vz\u00e1jomnom s\u00faboji s Pre\u0161ovom.","og_url":"https:\/\/www.vkpbratislava.sk\/?p=13668","og_site_name":"VK SLOVAN Bratislava","article_published_time":"2022-04-10T13:30:56+00:00","og_image":[{"width":1080,"height":1616,"url":"https:\/\/www.vkpbratislava.sk\/wp-content\/uploads\/2022\/04\/a0b35faf-6adf-4b8a-8043-f7e0199bb7a8.jpg","type":"image\/jpeg"}],"author":"jenca","twitter_card":"summary_large_image","twitter_misc":{"Autor":"jenca","Predpokladan\u00fd \u010das \u010d\u00edtania":"2 min\u00faty"},"schema":{"@context":"https:\/\/schema.org","@graph":[{"@type":"Article","@id":"https:\/\/www.vkpbratislava.sk\/?p=13668#article","isPartOf":{"@id":"https:\/\/www.vkpbratislava.sk\/?p=13668"},"author":{"name":"jenca","@id":"https:\/\/www.vkpbratislava.sk\/#\/schema\/person\/7037e769f9515aa58493d1b5852c4c50"},"headline":"V premi\u00e9rovej sez\u00f3ne 5. miesto","datePublished":"2022-04-10T13:30:56+00:00","mainEntityOfPage":{"@id":"https:\/\/www.vkpbratislava.sk\/?p=13668"},"wordCount":269,"publisher":{"@id":"https:\/\/www.vkpbratislava.sk\/#organization"},"image":{"@id":"https:\/\/www.vkpbratislava.sk\/?p=13668#primaryimage"},"thumbnailUrl":"https:\/\/www.vkpbratislava.sk\/wp-content\/uploads\/2022\/04\/a0b35faf-6adf-4b8a-8043-f7e0199bb7a8.jpg","inLanguage":"sk-SK"},{"@type":"WebPage","@id":"https:\/\/www.vkpbratislava.sk\/?p=13668","url":"https:\/\/www.vkpbratislava.sk\/?p=13668","name":"V premi\u00e9rovej sez\u00f3ne 5. miesto - VK SLOVAN Bratislava","isPartOf":{"@id":"https:\/\/www.vkpbratislava.sk\/#website"},"primaryImageOfPage":{"@id":"https:\/\/www.vkpbratislava.sk\/?p=13668#primaryimage"},"image":{"@id":"https:\/\/www.vkpbratislava.sk\/?p=13668#primaryimage"},"thumbnailUrl":"https:\/\/www.vkpbratislava.sk\/wp-content\/uploads\/2022\/04\/a0b35faf-6adf-4b8a-8043-f7e0199bb7a8.jpg","datePublished":"2022-04-10T13:30:56+00:00","description":"Vo svojej prvej sez\u00f3ne v extralige obsadili \u017eeny VKP Bratislava kone\u010dn\u00e9 5. miesto, ktor\u00e9 potvrdili vo vz\u00e1jomnom s\u00faboji s Pre\u0161ovom.","breadcrumb":{"@id":"https:\/\/www.vkpbratislava.sk\/?p=13668#breadcrumb"},"inLanguage":"sk-SK","potentialAction":[{"@type":"ReadAction","target":["https:\/\/www.vkpbratislava.sk\/?p=13668"]}]},{"@type":"ImageObject","inLanguage":"sk-SK","@id":"https:\/\/www.vkpbratislava.sk\/?p=13668#primaryimage","url":"https:\/\/www.vkpbratislava.sk\/wp-content\/uploads\/2022\/04\/a0b35faf-6adf-4b8a-8043-f7e0199bb7a8.jpg","contentUrl":"https:\/\/www.vkpbratislava.sk\/wp-content\/uploads\/2022\/04\/a0b35faf-6adf-4b8a-8043-f7e0199bb7a8.jpg","width":1080,"height":1616},{"@type":"BreadcrumbList","@id":"https:\/\/www.vkpbratislava.sk\/?p=13668#breadcrumb","itemListElement":[{"@type":"ListItem","position":1,"name":"Domov","item":"https:\/\/www.vkpbratislava.sk\/"},{"@type":"ListItem","position":2,"name":"V premi\u00e9rovej sez\u00f3ne 5. miesto"}]},{"@type":"WebSite","@id":"https:\/\/www.vkpbratislava.sk\/#website","url":"https:\/\/www.vkpbratislava.sk\/","name":"VK SLOVAN Bratislava","description":"Volejbalov\u00fd klub","publisher":{"@id":"https:\/\/www.vkpbratislava.sk\/#organization"},"potentialAction":[{"@type":"SearchAction","target":{"@type":"EntryPoint","urlTemplate":"https:\/\/www.vkpbratislava.sk\/?s={search_term_string}"},"query-input":{"@type":"PropertyValueSpecification","valueRequired":true,"valueName":"search_term_string"}}],"inLanguage":"sk-SK"},{"@type":"Organization","@id":"https:\/\/www.vkpbratislava.sk\/#organization","name":"VKP Bratislava","url":"https:\/\/www.vkpbratislava.sk\/","logo":{"@type":"ImageObject","inLanguage":"sk-SK","@id":"https:\/\/www.vkpbratislava.sk\/#\/schema\/logo\/image\/","url":"https:\/\/www.vkpbratislava.sk\/wp-content\/uploads\/2020\/10\/vkpBA.png","contentUrl":"https:\/\/www.vkpbratislava.sk\/wp-content\/uploads\/2020\/10\/vkpBA.png","width":600,"height":600,"caption":"VKP Bratislava"},"image":{"@id":"https:\/\/www.vkpbratislava.sk\/#\/schema\/logo\/image\/"}},{"@type":"Person","@id":"https:\/\/www.vkpbratislava.sk\/#\/schema\/person\/7037e769f9515aa58493d1b5852c4c50","name":"jenca","image":{"@type":"ImageObject","inLanguage":"sk-SK","@id":"https:\/\/www.vkpbratislava.sk\/#\/schema\/person\/image\/","url":"https:\/\/secure.gravatar.com\/avatar\/67aa89e9aab2911bbd0c6fbf0a891ea8d80c207c9b6a6e2c96e13fc2f16e536d?s=96&d=mm&r=g","contentUrl":"https:\/\/secure.gravatar.com\/avatar\/67aa89e9aab2911bbd0c6fbf0a891ea8d80c207c9b6a6e2c96e13fc2f16e536d?s=96&d=mm&r=g","caption":"jenca"},"url":"https:\/\/www.vkpbratislava.sk\/?author=3"}]}},"_links":{"self":[{"href":"https:\/\/www.vkpbratislava.sk\/index.php?rest_route=\/wp\/v2\/posts\/13668","targetHints":{"allow":["GET"]}}],"collection":[{"href":"https:\/\/www.vkpbratislava.sk\/index.php?rest_route=\/wp\/v2\/posts"}],"about":[{"href":"https:\/\/www.vkpbratislava.sk\/index.php?rest_route=\/wp\/v2\/types\/post"}],"author":[{"embeddable":true,"href":"https:\/\/www.vkpbratislava.sk\/index.php?rest_route=\/wp\/v2\/users\/3"}],"replies":[{"embeddable":true,"href":"https:\/\/www.vkpbratislava.sk\/index.php?rest_route=%2Fwp%2Fv2%2Fcomments&post=13668"}],"version-history":[{"count":1,"href":"https:\/\/www.vkpbratislava.sk\/index.php?rest_route=\/wp\/v2\/posts\/13668\/revisions"}],"predecessor-version":[{"id":13670,"href":"https:\/\/www.vkpbratislava.sk\/index.php?rest_route=\/wp\/v2\/posts\/13668\/revisions\/13670"}],"wp:featuredmedia":[{"embeddable":true,"href":"https:\/\/www.vkpbratislava.sk\/index.php?rest_route=\/wp\/v2\/media\/13669"}],"wp:attachment":[{"href":"https:\/\/www.vkpbratislava.sk\/index.php?rest_route=%2Fwp%2Fv2%2Fmedia&parent=13668"}],"wp:term":[{"taxonomy":"category","embeddable":true,"href":"https:\/\/www.vkpbratislava.sk\/index.php?rest_route=%2Fwp%2Fv2%2Fcategories&post=13668"},{"taxonomy":"post_tag","embeddable":true,"href":"https:\/\/www.vkpbratislava.sk\/index.php?rest_route=%2Fwp%2Fv2%2Ftags&post=13668"}],"curies":[{"name":"wp","href":"https:\/\/api.w.org\/{rel}","templated":true}]}}