{"id":14023,"date":"2022-07-11T17:44:20","date_gmt":"2022-07-11T15:44:20","guid":{"rendered":"https:\/\/www.vkpbratislava.sk\/?p=14023"},"modified":"2022-07-11T17:44:20","modified_gmt":"2022-07-11T15:44:20","slug":"zeny-s-novym-trenerom-do-vkp-prichadza-pavel-bernath","status":"publish","type":"post","link":"https:\/\/www.vkpbratislava.sk\/?p=14023","title":{"rendered":"\u017deny s\u00a0nov\u00fdm tr\u00e9nerom. Do VKP prich\u00e1dza Pavel Bern\u00e1th"},"content":{"rendered":"<p><strong>Prv\u00e1 lastovi\u010dka vo VKP Bratislava. \u017densk\u00fd extraligov\u00fd t\u00edm povedie v\u00a0sez\u00f3ne 2022\/2023 sk\u00fasen\u00fd tr\u00e9ner Pavel Bern\u00e1th, ktor\u00fd naposledy p\u00f4sobil ako asistent v\u00a0Nitre.<\/strong><\/p>\n<p>\u0160tyridsa\u0165osemro\u010dn\u00fd kormideln\u00edk sa vracia nasp\u00e4\u0165 do Bratislavy, kde sa narodil, vy\u0161tudoval a\u00a0p\u00f4sobil vo viacer\u00fdch t\u00edmoch. \u201eS\u00a0Robom Hronsk\u00fdm sa pozn\u00e1me roky, a\u00a0ke\u010f obe strany maj\u00fa z\u00e1ujem, tak sa dohoda rod\u00ed r\u00fdchlo. U\u017e minul\u00fa sez\u00f3nu sme spolu koketovali, ale nepri\u0161lo k\u00a0dohode, preto\u017ee som mal z\u00e1v\u00e4zky v\u00a0Nitre. A\u00a0tie som nechcel necha\u0165 rozroben\u00e9 v\u00a0polovici. Ke\u010f to v\u00a0Nitre dopadlo pomerne dobre a \u00faspechom, tak som si vedel svoj odchod predstavi\u0165,\u201c povedal na \u00favod nov\u00fd tr\u00e9ner Pavel Bern\u00e1th. \u201eSom ve\u013emi r\u00e1d, \u017ee po rokoch sa na\u0161e cesty op\u00e4\u0165 stretli. Pred deviatimi rokmi ma Pa\u013eo \u201eukecal\u201d, aby som mu pomohol v Pezinku a bola z toho celkom \u00faspe\u0161n\u00e1 spolupr\u00e1ca. Teraz som zase \u201eukecal\u201d Pa\u013ea do VKP, aby mi pomohol a\u00a0ver\u00edm, \u017ee na\u0161a spolupr\u00e1ca bude minim\u00e1lne rovnako \u00faspe\u0161n\u00e1, ak nie e\u0161te \u00faspe\u0161nej\u0161ia. Ve\u013emi sa te\u0161\u00edm na nov\u00fa sez\u00f3nu, mysl\u00edm \u017ee sa n\u00e1m podarilo da\u0165 dokopy s\u00edce mlad\u00e9, ale zato ur\u010dite konkurencieschopn\u00e9 dru\u017estvo, ktor\u00e9 bude m\u00f4c\u0165 bojova\u0165 o\u00a0medaily,\u201c prezradil mana\u017e\u00e9r \u017eien VKP Bratislava R\u00f3bert Hronsk\u00fd.<\/p>\n<p><img loading=\"lazy\" decoding=\"async\" class=\"alignnone  wp-image-14026\" src=\"https:\/\/www.vkpbratislava.sk\/wp-content\/uploads\/2022\/07\/IMG_1006-scaled-e1657552533411-640x524.jpg\" alt=\"\" width=\"370\" height=\"304\" srcset=\"https:\/\/www.vkpbratislava.sk\/wp-content\/uploads\/2022\/07\/IMG_1006-scaled-e1657552533411-640x524.jpg 640w, https:\/\/www.vkpbratislava.sk\/wp-content\/uploads\/2022\/07\/IMG_1006-scaled-e1657552533411-1280x1048.jpg 1280w, https:\/\/www.vkpbratislava.sk\/wp-content\/uploads\/2022\/07\/IMG_1006-scaled-e1657552533411-768x629.jpg 768w, https:\/\/www.vkpbratislava.sk\/wp-content\/uploads\/2022\/07\/IMG_1006-scaled-e1657552533411-1536x1257.jpg 1536w, https:\/\/www.vkpbratislava.sk\/wp-content\/uploads\/2022\/07\/IMG_1006-scaled-e1657552533411-2048x1676.jpg 2048w, https:\/\/www.vkpbratislava.sk\/wp-content\/uploads\/2022\/07\/IMG_1006-scaled-e1657552533411-320x262.jpg 320w, https:\/\/www.vkpbratislava.sk\/wp-content\/uploads\/2022\/07\/IMG_1006-scaled-e1657552533411-600x491.jpg 600w\" sizes=\"auto, (max-width: 370px) 100vw, 370px\" \/><\/p>\n<p>&nbsp;<\/p>\n<p>Pavel Bern\u00e1th absolvoval aj tr\u00e9nersk\u00e9 st\u00e1\u017ee v\u00a0talianskom Trevise a\u00a0na Univerzite Catholica v\u00a0\u010cile. V\u00a0za\u010diatkoch svojej kari\u00e9ry p\u00f4sobil aj pri ml\u00e1de\u017ei VKP Bratislava, vysk\u00fa\u0161al si aj zahrani\u010dn\u00e9 anga\u017em\u00e1n v\u00a0\u0161panielskom klube Riberia Sacra a\u00a0p\u00f4sobil aj pri ml\u00e1de\u017en\u00edckych v\u00fdberoch Slovenska. \u201eNieko\u013eko rokov som bol na Slovensku asistentom, tak\u017ee som to videl z\u00a0in\u00e9ho poh\u013eadu. Teraz som op\u00e4\u0165 zat\u00fa\u017eil by\u0165 prv\u00fdm tr\u00e9nerom a\u00a0da\u0165 do toho to svoje a\u00a0to chce odo m\u0148a aj vedenie VKP Bratislava. Budeme robi\u0165 s\u00a0mlad\u00fdm dru\u017estvom, hr\u00e1\u010dky sa musia od za\u010diatku sez\u00f3ny a\u017e do konca zlep\u0161i\u0165. Mysl\u00edm si, \u017ee umiestnenie v\u00a0prvej \u0161tvorke, respekt\u00edve boj o\u00a0medaily je re\u00e1lny,\u201c uviedol.<\/p>\n<p><iframe loading=\"lazy\" title=\"NOV\u00dd TR\u00c9NER | PAVEL BERN\u00c1TH\" width=\"1200\" height=\"675\" src=\"https:\/\/www.youtube.com\/embed\/RkBGj5VcwE0?feature=oembed\" frameborder=\"0\" allow=\"accelerometer; autoplay; clipboard-write; encrypted-media; gyroscope; picture-in-picture\" allowfullscreen><\/iframe><\/p>\n<p>Pom\u00f4c\u0165 k\u00a0t\u00fdmto amb\u00edci\u00e1m by malo aj posilnenie t\u00edmu. \u201eHr\u00e1\u010dsky k\u00e1der bol vo VKP minul\u00fa sez\u00f3nu pomerne \u0161irok\u00fd. Rozhodli sme sa ho teraz trochu z\u00fa\u017ei\u0165, aby mali hr\u00e1\u010dky svoje \u00falohy a\u00a0poz\u00edcie, aby vedeli za \u010do s\u00fa zodpovedn\u00e9. Je to mlad\u00e9 dru\u017estvo, gro slovensk\u00fdch mlad\u00fdch hr\u00e1\u010dok sa nijak dramaticky obmie\u0148a\u0165 nebude. S\u00fa to v\u0161etko talentovan\u00e9 diev\u010dat\u00e1, s\u00a0ktor\u00fdmi je pre m\u0148a rados\u0165 robi\u0165. Posty, ktor\u00e9 sa n\u00e1m zo slovensk\u00fdch hr\u00e1\u010dok \u0165a\u017e\u0161ie obsadzuj\u00fa dopln\u00edme o\u00a0jednu alebo dve posily zo zahrani\u010dia,\u201c doplnil Pavel Bern\u00e1th.<\/p>\n<p><img loading=\"lazy\" decoding=\"async\" class=\"alignnone  wp-image-14032\" src=\"https:\/\/www.vkpbratislava.sk\/wp-content\/uploads\/2022\/07\/bernath-hronsky-640x480.jpeg\" alt=\"\" width=\"374\" height=\"280\" srcset=\"https:\/\/www.vkpbratislava.sk\/wp-content\/uploads\/2022\/07\/bernath-hronsky-640x480.jpeg 640w, https:\/\/www.vkpbratislava.sk\/wp-content\/uploads\/2022\/07\/bernath-hronsky-1280x960.jpeg 1280w, https:\/\/www.vkpbratislava.sk\/wp-content\/uploads\/2022\/07\/bernath-hronsky-768x576.jpeg 768w, https:\/\/www.vkpbratislava.sk\/wp-content\/uploads\/2022\/07\/bernath-hronsky-1536x1152.jpeg 1536w, https:\/\/www.vkpbratislava.sk\/wp-content\/uploads\/2022\/07\/bernath-hronsky-320x240.jpeg 320w, https:\/\/www.vkpbratislava.sk\/wp-content\/uploads\/2022\/07\/bernath-hronsky-600x450.jpeg 600w, https:\/\/www.vkpbratislava.sk\/wp-content\/uploads\/2022\/07\/bernath-hronsky.jpeg 1600w\" sizes=\"auto, (max-width: 374px) 100vw, 374px\" \/><\/p>\n<p>&nbsp;<\/p>\n","protected":false},"excerpt":{"rendered":"<p>Prv\u00e1 lastovi\u010dka vo VKP Bratislava. \u017densk\u00fd extraligov\u00fd t\u00edm povedie v\u00a0sez\u00f3ne 2022\/2023 sk\u00fasen\u00fd tr\u00e9ner Pavel Bern\u00e1th, ktor\u00fd naposledy p\u00f4sobil ako asistent v\u00a0Nitre.<\/p>\n","protected":false},"author":3,"featured_media":14024,"comment_status":"closed","ping_status":"closed","sticky":false,"template":"","format":"standard","meta":{"_monsterinsights_skip_tracking":false,"_monsterinsights_sitenote_active":false,"_monsterinsights_sitenote_note":"","_monsterinsights_sitenote_category":0,"footnotes":""},"categories":[48],"tags":[],"class_list":["post-14023","post","type-post","status-publish","format-standard","has-post-thumbnail","hentry","category-zeny"],"yoast_head":"<!-- This site is optimized with the Yoast SEO plugin v25.6 - https:\/\/yoast.com\/wordpress\/plugins\/seo\/ -->\n<title>\u017deny s\u00a0nov\u00fdm tr\u00e9nerom. Do VKP prich\u00e1dza Pavel Bern\u00e1th - VK SLOVAN Bratislava<\/title>\n<meta name=\"description\" content=\"Prv\u00e1 lastovi\u010dka vo VKP Bratislava. \u017densk\u00fd extraligov\u00fd t\u00edm povedie v\u00a0sez\u00f3ne 2022\/2023 sk\u00fasen\u00fd tr\u00e9ner Pavel Bern\u00e1th, ktor\u00fd naposledy p\u00f4sobil ako asistent v\u00a0Nitre.\" \/>\n<meta name=\"robots\" content=\"index, follow, max-snippet:-1, max-image-preview:large, max-video-preview:-1\" \/>\n<link rel=\"canonical\" href=\"https:\/\/www.vkpbratislava.sk\/?p=14023\" \/>\n<meta property=\"og:locale\" content=\"sk_SK\" \/>\n<meta property=\"og:type\" content=\"article\" \/>\n<meta property=\"og:title\" content=\"\u017deny s\u00a0nov\u00fdm tr\u00e9nerom. Do VKP prich\u00e1dza Pavel Bern\u00e1th - VK SLOVAN Bratislava\" \/>\n<meta property=\"og:description\" content=\"Prv\u00e1 lastovi\u010dka vo VKP Bratislava. \u017densk\u00fd extraligov\u00fd t\u00edm povedie v\u00a0sez\u00f3ne 2022\/2023 sk\u00fasen\u00fd tr\u00e9ner Pavel Bern\u00e1th, ktor\u00fd naposledy p\u00f4sobil ako asistent v\u00a0Nitre.\" \/>\n<meta property=\"og:url\" content=\"https:\/\/www.vkpbratislava.sk\/?p=14023\" \/>\n<meta property=\"og:site_name\" content=\"VK SLOVAN Bratislava\" \/>\n<meta property=\"article:published_time\" content=\"2022-07-11T15:44:20+00:00\" \/>\n<meta property=\"og:image\" content=\"https:\/\/www.vkpbratislava.sk\/wp-content\/uploads\/2022\/07\/IMG_1004-scaled.jpg\" \/>\n\t<meta property=\"og:image:width\" content=\"2560\" \/>\n\t<meta property=\"og:image:height\" content=\"1920\" \/>\n\t<meta property=\"og:image:type\" content=\"image\/jpeg\" \/>\n<meta name=\"author\" content=\"jenca\" \/>\n<meta name=\"twitter:card\" content=\"summary_large_image\" \/>\n<meta name=\"twitter:label1\" content=\"Autor\" \/>\n\t<meta name=\"twitter:data1\" content=\"jenca\" \/>\n\t<meta name=\"twitter:label2\" content=\"Predpokladan\u00fd \u010das \u010d\u00edtania\" \/>\n\t<meta name=\"twitter:data2\" content=\"3 min\u00faty\" \/>\n<script type=\"application\/ld+json\" class=\"yoast-schema-graph\">{\"@context\":\"https:\/\/schema.org\",\"@graph\":[{\"@type\":\"Article\",\"@id\":\"https:\/\/www.vkpbratislava.sk\/?p=14023#article\",\"isPartOf\":{\"@id\":\"https:\/\/www.vkpbratislava.sk\/?p=14023\"},\"author\":{\"name\":\"jenca\",\"@id\":\"https:\/\/www.vkpbratislava.sk\/#\/schema\/person\/7037e769f9515aa58493d1b5852c4c50\"},\"headline\":\"\u017deny s\u00a0nov\u00fdm tr\u00e9nerom. Do VKP prich\u00e1dza Pavel Bern\u00e1th\",\"datePublished\":\"2022-07-11T15:44:20+00:00\",\"mainEntityOfPage\":{\"@id\":\"https:\/\/www.vkpbratislava.sk\/?p=14023\"},\"wordCount\":512,\"publisher\":{\"@id\":\"https:\/\/www.vkpbratislava.sk\/#organization\"},\"image\":{\"@id\":\"https:\/\/www.vkpbratislava.sk\/?p=14023#primaryimage\"},\"thumbnailUrl\":\"https:\/\/www.vkpbratislava.sk\/wp-content\/uploads\/2022\/07\/IMG_1004-scaled.jpg\",\"articleSection\":[\"\u017deny\"],\"inLanguage\":\"sk-SK\"},{\"@type\":\"WebPage\",\"@id\":\"https:\/\/www.vkpbratislava.sk\/?p=14023\",\"url\":\"https:\/\/www.vkpbratislava.sk\/?p=14023\",\"name\":\"\u017deny s\u00a0nov\u00fdm tr\u00e9nerom. Do VKP prich\u00e1dza Pavel Bern\u00e1th - VK SLOVAN Bratislava\",\"isPartOf\":{\"@id\":\"https:\/\/www.vkpbratislava.sk\/#website\"},\"primaryImageOfPage\":{\"@id\":\"https:\/\/www.vkpbratislava.sk\/?p=14023#primaryimage\"},\"image\":{\"@id\":\"https:\/\/www.vkpbratislava.sk\/?p=14023#primaryimage\"},\"thumbnailUrl\":\"https:\/\/www.vkpbratislava.sk\/wp-content\/uploads\/2022\/07\/IMG_1004-scaled.jpg\",\"datePublished\":\"2022-07-11T15:44:20+00:00\",\"description\":\"Prv\u00e1 lastovi\u010dka vo VKP Bratislava. \u017densk\u00fd extraligov\u00fd t\u00edm povedie v\u00a0sez\u00f3ne 2022\/2023 sk\u00fasen\u00fd tr\u00e9ner Pavel Bern\u00e1th, ktor\u00fd naposledy p\u00f4sobil ako asistent v\u00a0Nitre.\",\"breadcrumb\":{\"@id\":\"https:\/\/www.vkpbratislava.sk\/?p=14023#breadcrumb\"},\"inLanguage\":\"sk-SK\",\"potentialAction\":[{\"@type\":\"ReadAction\",\"target\":[\"https:\/\/www.vkpbratislava.sk\/?p=14023\"]}]},{\"@type\":\"ImageObject\",\"inLanguage\":\"sk-SK\",\"@id\":\"https:\/\/www.vkpbratislava.sk\/?p=14023#primaryimage\",\"url\":\"https:\/\/www.vkpbratislava.sk\/wp-content\/uploads\/2022\/07\/IMG_1004-scaled.jpg\",\"contentUrl\":\"https:\/\/www.vkpbratislava.sk\/wp-content\/uploads\/2022\/07\/IMG_1004-scaled.jpg\",\"width\":2560,\"height\":1920},{\"@type\":\"BreadcrumbList\",\"@id\":\"https:\/\/www.vkpbratislava.sk\/?p=14023#breadcrumb\",\"itemListElement\":[{\"@type\":\"ListItem\",\"position\":1,\"name\":\"Domov\",\"item\":\"https:\/\/www.vkpbratislava.sk\/\"},{\"@type\":\"ListItem\",\"position\":2,\"name\":\"\u017deny s\u00a0nov\u00fdm tr\u00e9nerom. Do VKP prich\u00e1dza Pavel Bern\u00e1th\"}]},{\"@type\":\"WebSite\",\"@id\":\"https:\/\/www.vkpbratislava.sk\/#website\",\"url\":\"https:\/\/www.vkpbratislava.sk\/\",\"name\":\"VK SLOVAN Bratislava\",\"description\":\"Volejbalov\u00fd klub\",\"publisher\":{\"@id\":\"https:\/\/www.vkpbratislava.sk\/#organization\"},\"potentialAction\":[{\"@type\":\"SearchAction\",\"target\":{\"@type\":\"EntryPoint\",\"urlTemplate\":\"https:\/\/www.vkpbratislava.sk\/?s={search_term_string}\"},\"query-input\":{\"@type\":\"PropertyValueSpecification\",\"valueRequired\":true,\"valueName\":\"search_term_string\"}}],\"inLanguage\":\"sk-SK\"},{\"@type\":\"Organization\",\"@id\":\"https:\/\/www.vkpbratislava.sk\/#organization\",\"name\":\"VKP Bratislava\",\"url\":\"https:\/\/www.vkpbratislava.sk\/\",\"logo\":{\"@type\":\"ImageObject\",\"inLanguage\":\"sk-SK\",\"@id\":\"https:\/\/www.vkpbratislava.sk\/#\/schema\/logo\/image\/\",\"url\":\"https:\/\/www.vkpbratislava.sk\/wp-content\/uploads\/2020\/10\/vkpBA.png\",\"contentUrl\":\"https:\/\/www.vkpbratislava.sk\/wp-content\/uploads\/2020\/10\/vkpBA.png\",\"width\":600,\"height\":600,\"caption\":\"VKP Bratislava\"},\"image\":{\"@id\":\"https:\/\/www.vkpbratislava.sk\/#\/schema\/logo\/image\/\"}},{\"@type\":\"Person\",\"@id\":\"https:\/\/www.vkpbratislava.sk\/#\/schema\/person\/7037e769f9515aa58493d1b5852c4c50\",\"name\":\"jenca\",\"image\":{\"@type\":\"ImageObject\",\"inLanguage\":\"sk-SK\",\"@id\":\"https:\/\/www.vkpbratislava.sk\/#\/schema\/person\/image\/\",\"url\":\"https:\/\/secure.gravatar.com\/avatar\/67aa89e9aab2911bbd0c6fbf0a891ea8d80c207c9b6a6e2c96e13fc2f16e536d?s=96&d=mm&r=g\",\"contentUrl\":\"https:\/\/secure.gravatar.com\/avatar\/67aa89e9aab2911bbd0c6fbf0a891ea8d80c207c9b6a6e2c96e13fc2f16e536d?s=96&d=mm&r=g\",\"caption\":\"jenca\"},\"url\":\"https:\/\/www.vkpbratislava.sk\/?author=3\"}]}<\/script>\n<!-- \/ Yoast SEO plugin. -->","yoast_head_json":{"title":"\u017deny s\u00a0nov\u00fdm tr\u00e9nerom. Do VKP prich\u00e1dza Pavel Bern\u00e1th - VK SLOVAN Bratislava","description":"Prv\u00e1 lastovi\u010dka vo VKP Bratislava. \u017densk\u00fd extraligov\u00fd t\u00edm povedie v\u00a0sez\u00f3ne 2022\/2023 sk\u00fasen\u00fd tr\u00e9ner Pavel Bern\u00e1th, ktor\u00fd naposledy p\u00f4sobil ako asistent v\u00a0Nitre.","robots":{"index":"index","follow":"follow","max-snippet":"max-snippet:-1","max-image-preview":"max-image-preview:large","max-video-preview":"max-video-preview:-1"},"canonical":"https:\/\/www.vkpbratislava.sk\/?p=14023","og_locale":"sk_SK","og_type":"article","og_title":"\u017deny s\u00a0nov\u00fdm tr\u00e9nerom. Do VKP prich\u00e1dza Pavel Bern\u00e1th - VK SLOVAN Bratislava","og_description":"Prv\u00e1 lastovi\u010dka vo VKP Bratislava. \u017densk\u00fd extraligov\u00fd t\u00edm povedie v\u00a0sez\u00f3ne 2022\/2023 sk\u00fasen\u00fd tr\u00e9ner Pavel Bern\u00e1th, ktor\u00fd naposledy p\u00f4sobil ako asistent v\u00a0Nitre.","og_url":"https:\/\/www.vkpbratislava.sk\/?p=14023","og_site_name":"VK SLOVAN Bratislava","article_published_time":"2022-07-11T15:44:20+00:00","og_image":[{"width":2560,"height":1920,"url":"https:\/\/www.vkpbratislava.sk\/wp-content\/uploads\/2022\/07\/IMG_1004-scaled.jpg","type":"image\/jpeg"}],"author":"jenca","twitter_card":"summary_large_image","twitter_misc":{"Autor":"jenca","Predpokladan\u00fd \u010das \u010d\u00edtania":"3 min\u00faty"},"schema":{"@context":"https:\/\/schema.org","@graph":[{"@type":"Article","@id":"https:\/\/www.vkpbratislava.sk\/?p=14023#article","isPartOf":{"@id":"https:\/\/www.vkpbratislava.sk\/?p=14023"},"author":{"name":"jenca","@id":"https:\/\/www.vkpbratislava.sk\/#\/schema\/person\/7037e769f9515aa58493d1b5852c4c50"},"headline":"\u017deny s\u00a0nov\u00fdm tr\u00e9nerom. Do VKP prich\u00e1dza Pavel Bern\u00e1th","datePublished":"2022-07-11T15:44:20+00:00","mainEntityOfPage":{"@id":"https:\/\/www.vkpbratislava.sk\/?p=14023"},"wordCount":512,"publisher":{"@id":"https:\/\/www.vkpbratislava.sk\/#organization"},"image":{"@id":"https:\/\/www.vkpbratislava.sk\/?p=14023#primaryimage"},"thumbnailUrl":"https:\/\/www.vkpbratislava.sk\/wp-content\/uploads\/2022\/07\/IMG_1004-scaled.jpg","articleSection":["\u017deny"],"inLanguage":"sk-SK"},{"@type":"WebPage","@id":"https:\/\/www.vkpbratislava.sk\/?p=14023","url":"https:\/\/www.vkpbratislava.sk\/?p=14023","name":"\u017deny s\u00a0nov\u00fdm tr\u00e9nerom. Do VKP prich\u00e1dza Pavel Bern\u00e1th - VK SLOVAN Bratislava","isPartOf":{"@id":"https:\/\/www.vkpbratislava.sk\/#website"},"primaryImageOfPage":{"@id":"https:\/\/www.vkpbratislava.sk\/?p=14023#primaryimage"},"image":{"@id":"https:\/\/www.vkpbratislava.sk\/?p=14023#primaryimage"},"thumbnailUrl":"https:\/\/www.vkpbratislava.sk\/wp-content\/uploads\/2022\/07\/IMG_1004-scaled.jpg","datePublished":"2022-07-11T15:44:20+00:00","description":"Prv\u00e1 lastovi\u010dka vo VKP Bratislava. \u017densk\u00fd extraligov\u00fd t\u00edm povedie v\u00a0sez\u00f3ne 2022\/2023 sk\u00fasen\u00fd tr\u00e9ner Pavel Bern\u00e1th, ktor\u00fd naposledy p\u00f4sobil ako asistent v\u00a0Nitre.","breadcrumb":{"@id":"https:\/\/www.vkpbratislava.sk\/?p=14023#breadcrumb"},"inLanguage":"sk-SK","potentialAction":[{"@type":"ReadAction","target":["https:\/\/www.vkpbratislava.sk\/?p=14023"]}]},{"@type":"ImageObject","inLanguage":"sk-SK","@id":"https:\/\/www.vkpbratislava.sk\/?p=14023#primaryimage","url":"https:\/\/www.vkpbratislava.sk\/wp-content\/uploads\/2022\/07\/IMG_1004-scaled.jpg","contentUrl":"https:\/\/www.vkpbratislava.sk\/wp-content\/uploads\/2022\/07\/IMG_1004-scaled.jpg","width":2560,"height":1920},{"@type":"BreadcrumbList","@id":"https:\/\/www.vkpbratislava.sk\/?p=14023#breadcrumb","itemListElement":[{"@type":"ListItem","position":1,"name":"Domov","item":"https:\/\/www.vkpbratislava.sk\/"},{"@type":"ListItem","position":2,"name":"\u017deny s\u00a0nov\u00fdm tr\u00e9nerom. Do VKP prich\u00e1dza Pavel Bern\u00e1th"}]},{"@type":"WebSite","@id":"https:\/\/www.vkpbratislava.sk\/#website","url":"https:\/\/www.vkpbratislava.sk\/","name":"VK SLOVAN Bratislava","description":"Volejbalov\u00fd klub","publisher":{"@id":"https:\/\/www.vkpbratislava.sk\/#organization"},"potentialAction":[{"@type":"SearchAction","target":{"@type":"EntryPoint","urlTemplate":"https:\/\/www.vkpbratislava.sk\/?s={search_term_string}"},"query-input":{"@type":"PropertyValueSpecification","valueRequired":true,"valueName":"search_term_string"}}],"inLanguage":"sk-SK"},{"@type":"Organization","@id":"https:\/\/www.vkpbratislava.sk\/#organization","name":"VKP Bratislava","url":"https:\/\/www.vkpbratislava.sk\/","logo":{"@type":"ImageObject","inLanguage":"sk-SK","@id":"https:\/\/www.vkpbratislava.sk\/#\/schema\/logo\/image\/","url":"https:\/\/www.vkpbratislava.sk\/wp-content\/uploads\/2020\/10\/vkpBA.png","contentUrl":"https:\/\/www.vkpbratislava.sk\/wp-content\/uploads\/2020\/10\/vkpBA.png","width":600,"height":600,"caption":"VKP Bratislava"},"image":{"@id":"https:\/\/www.vkpbratislava.sk\/#\/schema\/logo\/image\/"}},{"@type":"Person","@id":"https:\/\/www.vkpbratislava.sk\/#\/schema\/person\/7037e769f9515aa58493d1b5852c4c50","name":"jenca","image":{"@type":"ImageObject","inLanguage":"sk-SK","@id":"https:\/\/www.vkpbratislava.sk\/#\/schema\/person\/image\/","url":"https:\/\/secure.gravatar.com\/avatar\/67aa89e9aab2911bbd0c6fbf0a891ea8d80c207c9b6a6e2c96e13fc2f16e536d?s=96&d=mm&r=g","contentUrl":"https:\/\/secure.gravatar.com\/avatar\/67aa89e9aab2911bbd0c6fbf0a891ea8d80c207c9b6a6e2c96e13fc2f16e536d?s=96&d=mm&r=g","caption":"jenca"},"url":"https:\/\/www.vkpbratislava.sk\/?author=3"}]}},"_links":{"self":[{"href":"https:\/\/www.vkpbratislava.sk\/index.php?rest_route=\/wp\/v2\/posts\/14023","targetHints":{"allow":["GET"]}}],"collection":[{"href":"https:\/\/www.vkpbratislava.sk\/index.php?rest_route=\/wp\/v2\/posts"}],"about":[{"href":"https:\/\/www.vkpbratislava.sk\/index.php?rest_route=\/wp\/v2\/types\/post"}],"author":[{"embeddable":true,"href":"https:\/\/www.vkpbratislava.sk\/index.php?rest_route=\/wp\/v2\/users\/3"}],"replies":[{"embeddable":true,"href":"https:\/\/www.vkpbratislava.sk\/index.php?rest_route=%2Fwp%2Fv2%2Fcomments&post=14023"}],"version-history":[{"count":1,"href":"https:\/\/www.vkpbratislava.sk\/index.php?rest_route=\/wp\/v2\/posts\/14023\/revisions"}],"predecessor-version":[{"id":14033,"href":"https:\/\/www.vkpbratislava.sk\/index.php?rest_route=\/wp\/v2\/posts\/14023\/revisions\/14033"}],"wp:featuredmedia":[{"embeddable":true,"href":"https:\/\/www.vkpbratislava.sk\/index.php?rest_route=\/wp\/v2\/media\/14024"}],"wp:attachment":[{"href":"https:\/\/www.vkpbratislava.sk\/index.php?rest_route=%2Fwp%2Fv2%2Fmedia&parent=14023"}],"wp:term":[{"taxonomy":"category","embeddable":true,"href":"https:\/\/www.vkpbratislava.sk\/index.php?rest_route=%2Fwp%2Fv2%2Fcategories&post=14023"},{"taxonomy":"post_tag","embeddable":true,"href":"https:\/\/www.vkpbratislava.sk\/index.php?rest_route=%2Fwp%2Fv2%2Ftags&post=14023"}],"curies":[{"name":"wp","href":"https:\/\/api.w.org\/{rel}","templated":true}]}}