{"id":14034,"date":"2022-07-13T18:30:40","date_gmt":"2022-07-13T16:30:40","guid":{"rendered":"https:\/\/www.vkpbratislava.sk\/?p=14034"},"modified":"2022-07-13T18:30:40","modified_gmt":"2022-07-13T16:30:40","slug":"muzov-v-novej-sezone-povedie-trener-robin-pelucha","status":"publish","type":"post","link":"https:\/\/www.vkpbratislava.sk\/?p=14034","title":{"rendered":"Mu\u017eov v\u00a0novej sez\u00f3ne povedie tr\u00e9ner Robin P\u011blucha"},"content":{"rendered":"<p><strong>Do novej sez\u00f3ny s\u00a0nov\u00fdm kormideln\u00edkom. Robin P\u011blucha sa v\u00a0polovici minulej sez\u00f3ny po rokoch vr\u00e1til do VKP Bratislava ako asistent tr\u00e9nera, v\u00a0novej sez\u00f3ne bude ma\u0165 na lavi\u010dke u\u017e hlavn\u00e9 slovo.<\/strong><\/p>\n<p>Robin P\u011blucha za\u017eil vo VKP Bratislava kr\u00e1sne \u010dasy ako hr\u00e1\u010d, v\u00a0sez\u00f3ne 2020\/2021 z\u00edskal titul s\u00a0Kom\u00e1rnom, ale vo febru\u00e1ri 2022 sa vr\u00e1til k \u201epolicajtom\u201c. V\u00a0klube vypom\u00e1hal pri ml\u00e1de\u017ei a\u00a0bol asistentom Juraja Ti\u0148a pri \u00e1\u010dku. Teraz dostal d\u00f4veru vedenia klubu, aby viedol mu\u017estvo ako hlavn\u00fd tr\u00e9ner. \u201eTe\u0161\u00edm sa, \u017ee som nasp\u00e4\u0165 a\u00a0hlavne doma. Vo VKP som vyrastal, p\u00f4sobil som tu ako hr\u00e1\u010d, tak\u017ee to je pre m\u0148a \u010des\u0165. Je to nov\u00e1 v\u00fdzva, ke\u010f\u017ee VKP teraz laboruje. Chceli by sme dosiahnu\u0165 kraj\u0161\u00ed v\u00fdsledok a\u00a0te\u0161\u00edm sa aj na pr\u00e1cu s\u00a0ml\u00e1de\u017eou,\u201c prezradil Robin P\u011blucha. \u201eRodilo sa to tak pozvo\u013ena. Najprv som sa venoval juniorom a\u00a0kadetom. Slovo dalo slovo, vedenie ma oslovilo s\u00a0touto mo\u017enos\u0165ou a\u00a0ja som s\u00fahlasil. Bol som nad\u0161en\u00fd z\u00a0takej ponuky a\u00a0je to pre m\u0148a ve\u013ek\u00fd z\u00e1v\u00e4zok,\u201c doplnil.<\/p>\n<p><img loading=\"lazy\" decoding=\"async\" class=\"alignnone  wp-image-14038\" src=\"https:\/\/www.vkpbratislava.sk\/wp-content\/uploads\/2022\/07\/IMG_1055-2-640x480.jpg\" alt=\"\" width=\"336\" height=\"252\" srcset=\"https:\/\/www.vkpbratislava.sk\/wp-content\/uploads\/2022\/07\/IMG_1055-2-640x480.jpg 640w, https:\/\/www.vkpbratislava.sk\/wp-content\/uploads\/2022\/07\/IMG_1055-2-1280x960.jpg 1280w, https:\/\/www.vkpbratislava.sk\/wp-content\/uploads\/2022\/07\/IMG_1055-2-768x576.jpg 768w, https:\/\/www.vkpbratislava.sk\/wp-content\/uploads\/2022\/07\/IMG_1055-2-1536x1152.jpg 1536w, https:\/\/www.vkpbratislava.sk\/wp-content\/uploads\/2022\/07\/IMG_1055-2-2048x1536.jpg 2048w, https:\/\/www.vkpbratislava.sk\/wp-content\/uploads\/2022\/07\/IMG_1055-2-320x240.jpg 320w, https:\/\/www.vkpbratislava.sk\/wp-content\/uploads\/2022\/07\/IMG_1055-2-600x450.jpg 600w\" sizes=\"auto, (max-width: 336px) 100vw, 336px\" \/><\/p>\n<p>Mu\u017ei VKP Bratislava dva roky po n\u00e1vrate do hlavn\u00e9ho mesta \u010dakaj\u00fa na v\u00fdraznej\u0161\u00ed \u00faspech. \u201eKa\u017ed\u00fd chce vyhra\u0165. Chceme predv\u00e1dza\u0165 pekn\u00fd volejbal, vychov\u00e1va\u0165 mlad\u00fdch hr\u00e1\u010dov a\u00a0z\u00edska\u0165 medailu,\u201c uzavrel Robin P\u011blucha. \u201eTe\u0161\u00edme sa s\u00a0n\u00edm na spolupr\u00e1cu. Bolo to logick\u00e9 vy\u00fastenie, ke\u010f\u017ee sa vo febru\u00e1ri do klubu vr\u00e1til. Ver\u00edme, \u017ee t\u00edm posunie k\u00a0lep\u0161\u00edm v\u00fdsledkom a\u00a0zapracuje do k\u00e1dra aj viacero mlad\u00fdch hr\u00e1\u010dov. Prajeme mu ve\u013ea \u0161\u0165astia v\u00a0jeho novej poz\u00edcii hlavn\u00e9ho tr\u00e9nera,\u201c povedal gener\u00e1lny mana\u017e\u00e9r VKP Bratislava Tom\u00e1\u0161 Jen\u010da.<\/p>\n<p><iframe loading=\"lazy\" title=\"NOV\u00dd TR\u00c9NER | ROBIN P\u011aLUCHA\" width=\"1200\" height=\"675\" src=\"https:\/\/www.youtube.com\/embed\/O58urT88CfU?feature=oembed\" frameborder=\"0\" allow=\"accelerometer; autoplay; clipboard-write; encrypted-media; gyroscope; picture-in-picture\" allowfullscreen><\/iframe><\/p>\n","protected":false},"excerpt":{"rendered":"<p>Do novej sez\u00f3ny s\u00a0nov\u00fdm kormideln\u00edkom. Robin P\u011blucha sa v\u00a0polovici minulej sez\u00f3ny po rokoch vr\u00e1til do VKP Bratislava ako asistent tr\u00e9nera, v\u00a0novej sez\u00f3ne bude ma\u0165 na lavi\u010dke u\u017e hlavn\u00e9 slovo.<\/p>\n","protected":false},"author":3,"featured_media":14035,"comment_status":"closed","ping_status":"closed","sticky":false,"template":"","format":"standard","meta":{"_monsterinsights_skip_tracking":false,"_monsterinsights_sitenote_active":false,"_monsterinsights_sitenote_note":"","_monsterinsights_sitenote_category":0,"footnotes":""},"categories":[47],"tags":[],"class_list":["post-14034","post","type-post","status-publish","format-standard","has-post-thumbnail","hentry","category-muzi"],"yoast_head":"<!-- This site is optimized with the Yoast SEO plugin v25.6 - https:\/\/yoast.com\/wordpress\/plugins\/seo\/ -->\n<title>Mu\u017eov v\u00a0novej sez\u00f3ne povedie tr\u00e9ner Robin P\u011blucha - VK SLOVAN Bratislava<\/title>\n<meta name=\"description\" content=\"Do novej sez\u00f3ny s\u00a0nov\u00fdm kormideln\u00edkom. Robin P\u011blucha sa v\u00a0polovici minulej sez\u00f3ny po rokoch vr\u00e1til do VKP Bratislava ako asistent tr\u00e9nera, v\u00a0novej sez\u00f3ne bude ma\u0165 na lavi\u010dke u\u017e hlavn\u00e9 slovo.\" \/>\n<meta name=\"robots\" content=\"index, follow, max-snippet:-1, max-image-preview:large, max-video-preview:-1\" \/>\n<link rel=\"canonical\" href=\"https:\/\/www.vkpbratislava.sk\/?p=14034\" \/>\n<meta property=\"og:locale\" content=\"sk_SK\" \/>\n<meta property=\"og:type\" content=\"article\" \/>\n<meta property=\"og:title\" content=\"Mu\u017eov v\u00a0novej sez\u00f3ne povedie tr\u00e9ner Robin P\u011blucha - VK SLOVAN Bratislava\" \/>\n<meta property=\"og:description\" content=\"Do novej sez\u00f3ny s\u00a0nov\u00fdm kormideln\u00edkom. Robin P\u011blucha sa v\u00a0polovici minulej sez\u00f3ny po rokoch vr\u00e1til do VKP Bratislava ako asistent tr\u00e9nera, v\u00a0novej sez\u00f3ne bude ma\u0165 na lavi\u010dke u\u017e hlavn\u00e9 slovo.\" \/>\n<meta property=\"og:url\" content=\"https:\/\/www.vkpbratislava.sk\/?p=14034\" \/>\n<meta property=\"og:site_name\" content=\"VK SLOVAN Bratislava\" \/>\n<meta property=\"article:published_time\" content=\"2022-07-13T16:30:40+00:00\" \/>\n<meta property=\"og:image\" content=\"https:\/\/www.vkpbratislava.sk\/wp-content\/uploads\/2022\/07\/IMG_1052-scaled.jpg\" \/>\n\t<meta property=\"og:image:width\" content=\"2560\" \/>\n\t<meta property=\"og:image:height\" content=\"1920\" \/>\n\t<meta property=\"og:image:type\" content=\"image\/jpeg\" \/>\n<meta name=\"author\" content=\"jenca\" \/>\n<meta name=\"twitter:card\" content=\"summary_large_image\" \/>\n<meta name=\"twitter:label1\" content=\"Autor\" \/>\n\t<meta name=\"twitter:data1\" content=\"jenca\" \/>\n\t<meta name=\"twitter:label2\" content=\"Predpokladan\u00fd \u010das \u010d\u00edtania\" \/>\n\t<meta name=\"twitter:data2\" content=\"2 min\u00faty\" \/>\n<script type=\"application\/ld+json\" class=\"yoast-schema-graph\">{\"@context\":\"https:\/\/schema.org\",\"@graph\":[{\"@type\":\"Article\",\"@id\":\"https:\/\/www.vkpbratislava.sk\/?p=14034#article\",\"isPartOf\":{\"@id\":\"https:\/\/www.vkpbratislava.sk\/?p=14034\"},\"author\":{\"name\":\"jenca\",\"@id\":\"https:\/\/www.vkpbratislava.sk\/#\/schema\/person\/7037e769f9515aa58493d1b5852c4c50\"},\"headline\":\"Mu\u017eov v\u00a0novej sez\u00f3ne povedie tr\u00e9ner Robin P\u011blucha\",\"datePublished\":\"2022-07-13T16:30:40+00:00\",\"mainEntityOfPage\":{\"@id\":\"https:\/\/www.vkpbratislava.sk\/?p=14034\"},\"wordCount\":341,\"publisher\":{\"@id\":\"https:\/\/www.vkpbratislava.sk\/#organization\"},\"image\":{\"@id\":\"https:\/\/www.vkpbratislava.sk\/?p=14034#primaryimage\"},\"thumbnailUrl\":\"https:\/\/www.vkpbratislava.sk\/wp-content\/uploads\/2022\/07\/IMG_1052-scaled.jpg\",\"articleSection\":[\"Mu\u017ei\"],\"inLanguage\":\"sk-SK\"},{\"@type\":\"WebPage\",\"@id\":\"https:\/\/www.vkpbratislava.sk\/?p=14034\",\"url\":\"https:\/\/www.vkpbratislava.sk\/?p=14034\",\"name\":\"Mu\u017eov v\u00a0novej sez\u00f3ne povedie tr\u00e9ner Robin P\u011blucha - VK SLOVAN Bratislava\",\"isPartOf\":{\"@id\":\"https:\/\/www.vkpbratislava.sk\/#website\"},\"primaryImageOfPage\":{\"@id\":\"https:\/\/www.vkpbratislava.sk\/?p=14034#primaryimage\"},\"image\":{\"@id\":\"https:\/\/www.vkpbratislava.sk\/?p=14034#primaryimage\"},\"thumbnailUrl\":\"https:\/\/www.vkpbratislava.sk\/wp-content\/uploads\/2022\/07\/IMG_1052-scaled.jpg\",\"datePublished\":\"2022-07-13T16:30:40+00:00\",\"description\":\"Do novej sez\u00f3ny s\u00a0nov\u00fdm kormideln\u00edkom. Robin P\u011blucha sa v\u00a0polovici minulej sez\u00f3ny po rokoch vr\u00e1til do VKP Bratislava ako asistent tr\u00e9nera, v\u00a0novej sez\u00f3ne bude ma\u0165 na lavi\u010dke u\u017e hlavn\u00e9 slovo.\",\"breadcrumb\":{\"@id\":\"https:\/\/www.vkpbratislava.sk\/?p=14034#breadcrumb\"},\"inLanguage\":\"sk-SK\",\"potentialAction\":[{\"@type\":\"ReadAction\",\"target\":[\"https:\/\/www.vkpbratislava.sk\/?p=14034\"]}]},{\"@type\":\"ImageObject\",\"inLanguage\":\"sk-SK\",\"@id\":\"https:\/\/www.vkpbratislava.sk\/?p=14034#primaryimage\",\"url\":\"https:\/\/www.vkpbratislava.sk\/wp-content\/uploads\/2022\/07\/IMG_1052-scaled.jpg\",\"contentUrl\":\"https:\/\/www.vkpbratislava.sk\/wp-content\/uploads\/2022\/07\/IMG_1052-scaled.jpg\",\"width\":2560,\"height\":1920},{\"@type\":\"BreadcrumbList\",\"@id\":\"https:\/\/www.vkpbratislava.sk\/?p=14034#breadcrumb\",\"itemListElement\":[{\"@type\":\"ListItem\",\"position\":1,\"name\":\"Domov\",\"item\":\"https:\/\/www.vkpbratislava.sk\/\"},{\"@type\":\"ListItem\",\"position\":2,\"name\":\"Mu\u017eov v\u00a0novej sez\u00f3ne povedie tr\u00e9ner Robin P\u011blucha\"}]},{\"@type\":\"WebSite\",\"@id\":\"https:\/\/www.vkpbratislava.sk\/#website\",\"url\":\"https:\/\/www.vkpbratislava.sk\/\",\"name\":\"VK SLOVAN Bratislava\",\"description\":\"Volejbalov\u00fd klub\",\"publisher\":{\"@id\":\"https:\/\/www.vkpbratislava.sk\/#organization\"},\"potentialAction\":[{\"@type\":\"SearchAction\",\"target\":{\"@type\":\"EntryPoint\",\"urlTemplate\":\"https:\/\/www.vkpbratislava.sk\/?s={search_term_string}\"},\"query-input\":{\"@type\":\"PropertyValueSpecification\",\"valueRequired\":true,\"valueName\":\"search_term_string\"}}],\"inLanguage\":\"sk-SK\"},{\"@type\":\"Organization\",\"@id\":\"https:\/\/www.vkpbratislava.sk\/#organization\",\"name\":\"VKP Bratislava\",\"url\":\"https:\/\/www.vkpbratislava.sk\/\",\"logo\":{\"@type\":\"ImageObject\",\"inLanguage\":\"sk-SK\",\"@id\":\"https:\/\/www.vkpbratislava.sk\/#\/schema\/logo\/image\/\",\"url\":\"https:\/\/www.vkpbratislava.sk\/wp-content\/uploads\/2020\/10\/vkpBA.png\",\"contentUrl\":\"https:\/\/www.vkpbratislava.sk\/wp-content\/uploads\/2020\/10\/vkpBA.png\",\"width\":600,\"height\":600,\"caption\":\"VKP Bratislava\"},\"image\":{\"@id\":\"https:\/\/www.vkpbratislava.sk\/#\/schema\/logo\/image\/\"}},{\"@type\":\"Person\",\"@id\":\"https:\/\/www.vkpbratislava.sk\/#\/schema\/person\/7037e769f9515aa58493d1b5852c4c50\",\"name\":\"jenca\",\"image\":{\"@type\":\"ImageObject\",\"inLanguage\":\"sk-SK\",\"@id\":\"https:\/\/www.vkpbratislava.sk\/#\/schema\/person\/image\/\",\"url\":\"https:\/\/secure.gravatar.com\/avatar\/67aa89e9aab2911bbd0c6fbf0a891ea8d80c207c9b6a6e2c96e13fc2f16e536d?s=96&d=mm&r=g\",\"contentUrl\":\"https:\/\/secure.gravatar.com\/avatar\/67aa89e9aab2911bbd0c6fbf0a891ea8d80c207c9b6a6e2c96e13fc2f16e536d?s=96&d=mm&r=g\",\"caption\":\"jenca\"},\"url\":\"https:\/\/www.vkpbratislava.sk\/?author=3\"}]}<\/script>\n<!-- \/ Yoast SEO plugin. -->","yoast_head_json":{"title":"Mu\u017eov v\u00a0novej sez\u00f3ne povedie tr\u00e9ner Robin P\u011blucha - VK SLOVAN Bratislava","description":"Do novej sez\u00f3ny s\u00a0nov\u00fdm kormideln\u00edkom. Robin P\u011blucha sa v\u00a0polovici minulej sez\u00f3ny po rokoch vr\u00e1til do VKP Bratislava ako asistent tr\u00e9nera, v\u00a0novej sez\u00f3ne bude ma\u0165 na lavi\u010dke u\u017e hlavn\u00e9 slovo.","robots":{"index":"index","follow":"follow","max-snippet":"max-snippet:-1","max-image-preview":"max-image-preview:large","max-video-preview":"max-video-preview:-1"},"canonical":"https:\/\/www.vkpbratislava.sk\/?p=14034","og_locale":"sk_SK","og_type":"article","og_title":"Mu\u017eov v\u00a0novej sez\u00f3ne povedie tr\u00e9ner Robin P\u011blucha - VK SLOVAN Bratislava","og_description":"Do novej sez\u00f3ny s\u00a0nov\u00fdm kormideln\u00edkom. Robin P\u011blucha sa v\u00a0polovici minulej sez\u00f3ny po rokoch vr\u00e1til do VKP Bratislava ako asistent tr\u00e9nera, v\u00a0novej sez\u00f3ne bude ma\u0165 na lavi\u010dke u\u017e hlavn\u00e9 slovo.","og_url":"https:\/\/www.vkpbratislava.sk\/?p=14034","og_site_name":"VK SLOVAN Bratislava","article_published_time":"2022-07-13T16:30:40+00:00","og_image":[{"width":2560,"height":1920,"url":"https:\/\/www.vkpbratislava.sk\/wp-content\/uploads\/2022\/07\/IMG_1052-scaled.jpg","type":"image\/jpeg"}],"author":"jenca","twitter_card":"summary_large_image","twitter_misc":{"Autor":"jenca","Predpokladan\u00fd \u010das \u010d\u00edtania":"2 min\u00faty"},"schema":{"@context":"https:\/\/schema.org","@graph":[{"@type":"Article","@id":"https:\/\/www.vkpbratislava.sk\/?p=14034#article","isPartOf":{"@id":"https:\/\/www.vkpbratislava.sk\/?p=14034"},"author":{"name":"jenca","@id":"https:\/\/www.vkpbratislava.sk\/#\/schema\/person\/7037e769f9515aa58493d1b5852c4c50"},"headline":"Mu\u017eov v\u00a0novej sez\u00f3ne povedie tr\u00e9ner Robin P\u011blucha","datePublished":"2022-07-13T16:30:40+00:00","mainEntityOfPage":{"@id":"https:\/\/www.vkpbratislava.sk\/?p=14034"},"wordCount":341,"publisher":{"@id":"https:\/\/www.vkpbratislava.sk\/#organization"},"image":{"@id":"https:\/\/www.vkpbratislava.sk\/?p=14034#primaryimage"},"thumbnailUrl":"https:\/\/www.vkpbratislava.sk\/wp-content\/uploads\/2022\/07\/IMG_1052-scaled.jpg","articleSection":["Mu\u017ei"],"inLanguage":"sk-SK"},{"@type":"WebPage","@id":"https:\/\/www.vkpbratislava.sk\/?p=14034","url":"https:\/\/www.vkpbratislava.sk\/?p=14034","name":"Mu\u017eov v\u00a0novej sez\u00f3ne povedie tr\u00e9ner Robin P\u011blucha - VK SLOVAN Bratislava","isPartOf":{"@id":"https:\/\/www.vkpbratislava.sk\/#website"},"primaryImageOfPage":{"@id":"https:\/\/www.vkpbratislava.sk\/?p=14034#primaryimage"},"image":{"@id":"https:\/\/www.vkpbratislava.sk\/?p=14034#primaryimage"},"thumbnailUrl":"https:\/\/www.vkpbratislava.sk\/wp-content\/uploads\/2022\/07\/IMG_1052-scaled.jpg","datePublished":"2022-07-13T16:30:40+00:00","description":"Do novej sez\u00f3ny s\u00a0nov\u00fdm kormideln\u00edkom. Robin P\u011blucha sa v\u00a0polovici minulej sez\u00f3ny po rokoch vr\u00e1til do VKP Bratislava ako asistent tr\u00e9nera, v\u00a0novej sez\u00f3ne bude ma\u0165 na lavi\u010dke u\u017e hlavn\u00e9 slovo.","breadcrumb":{"@id":"https:\/\/www.vkpbratislava.sk\/?p=14034#breadcrumb"},"inLanguage":"sk-SK","potentialAction":[{"@type":"ReadAction","target":["https:\/\/www.vkpbratislava.sk\/?p=14034"]}]},{"@type":"ImageObject","inLanguage":"sk-SK","@id":"https:\/\/www.vkpbratislava.sk\/?p=14034#primaryimage","url":"https:\/\/www.vkpbratislava.sk\/wp-content\/uploads\/2022\/07\/IMG_1052-scaled.jpg","contentUrl":"https:\/\/www.vkpbratislava.sk\/wp-content\/uploads\/2022\/07\/IMG_1052-scaled.jpg","width":2560,"height":1920},{"@type":"BreadcrumbList","@id":"https:\/\/www.vkpbratislava.sk\/?p=14034#breadcrumb","itemListElement":[{"@type":"ListItem","position":1,"name":"Domov","item":"https:\/\/www.vkpbratislava.sk\/"},{"@type":"ListItem","position":2,"name":"Mu\u017eov v\u00a0novej sez\u00f3ne povedie tr\u00e9ner Robin P\u011blucha"}]},{"@type":"WebSite","@id":"https:\/\/www.vkpbratislava.sk\/#website","url":"https:\/\/www.vkpbratislava.sk\/","name":"VK SLOVAN Bratislava","description":"Volejbalov\u00fd klub","publisher":{"@id":"https:\/\/www.vkpbratislava.sk\/#organization"},"potentialAction":[{"@type":"SearchAction","target":{"@type":"EntryPoint","urlTemplate":"https:\/\/www.vkpbratislava.sk\/?s={search_term_string}"},"query-input":{"@type":"PropertyValueSpecification","valueRequired":true,"valueName":"search_term_string"}}],"inLanguage":"sk-SK"},{"@type":"Organization","@id":"https:\/\/www.vkpbratislava.sk\/#organization","name":"VKP Bratislava","url":"https:\/\/www.vkpbratislava.sk\/","logo":{"@type":"ImageObject","inLanguage":"sk-SK","@id":"https:\/\/www.vkpbratislava.sk\/#\/schema\/logo\/image\/","url":"https:\/\/www.vkpbratislava.sk\/wp-content\/uploads\/2020\/10\/vkpBA.png","contentUrl":"https:\/\/www.vkpbratislava.sk\/wp-content\/uploads\/2020\/10\/vkpBA.png","width":600,"height":600,"caption":"VKP Bratislava"},"image":{"@id":"https:\/\/www.vkpbratislava.sk\/#\/schema\/logo\/image\/"}},{"@type":"Person","@id":"https:\/\/www.vkpbratislava.sk\/#\/schema\/person\/7037e769f9515aa58493d1b5852c4c50","name":"jenca","image":{"@type":"ImageObject","inLanguage":"sk-SK","@id":"https:\/\/www.vkpbratislava.sk\/#\/schema\/person\/image\/","url":"https:\/\/secure.gravatar.com\/avatar\/67aa89e9aab2911bbd0c6fbf0a891ea8d80c207c9b6a6e2c96e13fc2f16e536d?s=96&d=mm&r=g","contentUrl":"https:\/\/secure.gravatar.com\/avatar\/67aa89e9aab2911bbd0c6fbf0a891ea8d80c207c9b6a6e2c96e13fc2f16e536d?s=96&d=mm&r=g","caption":"jenca"},"url":"https:\/\/www.vkpbratislava.sk\/?author=3"}]}},"_links":{"self":[{"href":"https:\/\/www.vkpbratislava.sk\/index.php?rest_route=\/wp\/v2\/posts\/14034","targetHints":{"allow":["GET"]}}],"collection":[{"href":"https:\/\/www.vkpbratislava.sk\/index.php?rest_route=\/wp\/v2\/posts"}],"about":[{"href":"https:\/\/www.vkpbratislava.sk\/index.php?rest_route=\/wp\/v2\/types\/post"}],"author":[{"embeddable":true,"href":"https:\/\/www.vkpbratislava.sk\/index.php?rest_route=\/wp\/v2\/users\/3"}],"replies":[{"embeddable":true,"href":"https:\/\/www.vkpbratislava.sk\/index.php?rest_route=%2Fwp%2Fv2%2Fcomments&post=14034"}],"version-history":[{"count":1,"href":"https:\/\/www.vkpbratislava.sk\/index.php?rest_route=\/wp\/v2\/posts\/14034\/revisions"}],"predecessor-version":[{"id":14039,"href":"https:\/\/www.vkpbratislava.sk\/index.php?rest_route=\/wp\/v2\/posts\/14034\/revisions\/14039"}],"wp:featuredmedia":[{"embeddable":true,"href":"https:\/\/www.vkpbratislava.sk\/index.php?rest_route=\/wp\/v2\/media\/14035"}],"wp:attachment":[{"href":"https:\/\/www.vkpbratislava.sk\/index.php?rest_route=%2Fwp%2Fv2%2Fmedia&parent=14034"}],"wp:term":[{"taxonomy":"category","embeddable":true,"href":"https:\/\/www.vkpbratislava.sk\/index.php?rest_route=%2Fwp%2Fv2%2Fcategories&post=14034"},{"taxonomy":"post_tag","embeddable":true,"href":"https:\/\/www.vkpbratislava.sk\/index.php?rest_route=%2Fwp%2Fv2%2Ftags&post=14034"}],"curies":[{"name":"wp","href":"https:\/\/api.w.org\/{rel}","templated":true}]}}