{"id":14040,"date":"2022-07-15T08:00:39","date_gmt":"2022-07-15T06:00:39","guid":{"rendered":"https:\/\/www.vkpbratislava.sk\/?p=14040"},"modified":"2022-07-15T09:42:29","modified_gmt":"2022-07-15T07:42:29","slug":"konci-tarabus-na-jeho-poziciu-prichadza-marjov","status":"publish","type":"post","link":"https:\/\/www.vkpbratislava.sk\/?p=14040","title":{"rendered":"Kon\u010d\u00ed Tarabus, na jeho poz\u00edciu prich\u00e1dza Marjov"},"content":{"rendered":"<p><strong>V\u00a0novej sez\u00f3ne si dres VKP Bratislava u\u017e neoble\u010die blok\u00e1r J\u00e1n Tarabus, ktor\u00fd sa rozhodol pre p\u00f4sobenie v\u00a0ma\u010farskej Kazincbarcike. Jeho post zaujme nov\u00e1 posila zo Svidn\u00edka Patrik Marjov.<\/strong><\/p>\n<p>S\u00a0volejbalom sa Marjov zozn\u00e1mil na Z\u0160 Juh vo Vranove nad Top\u013eou a v\u00a017-tich rokoch u\u017e nakukol do \u00e1\u010dka Svidn\u00edka. V\u00a0uplynulej sez\u00f3ne so Svidn\u00edkom obsadil 4. miesto, ale z\u00edskal titul v\u00a0juniorskej kateg\u00f3rii vo fin\u00e1le proti VKP Bratislava. Po odchode J\u00e1na Tarabusa uk\u00e1zalo vedenie klubu a\u00a0tr\u00e9neri pr\u00e1ve na Marjova. \u201eVKP sa mi ozvalo, mal som aj in\u00fa ponuku. Som r\u00e1d, \u017ee aj t\u00edmy na Slovensku som zaujal. Bude to pre m\u0148a nie\u010do nov\u00e9. In\u00fd klub, nov\u00e9 sk\u00fasenosti. Pozn\u00e1m v\u00e4\u010d\u0161inu t\u00edmu, ke\u010f\u017ee sme spolu hrali v\u00a0ml\u00e1de\u017en\u00edckych reprezent\u00e1ci\u00e1ch mlad\u0161\u00edch kateg\u00f3ri\u00ed. Od nov\u00e9ho p\u00f4sobiska o\u010dak\u00e1vam to najlep\u0161ie a\u00a0d\u00fafam, \u017ee sez\u00f3na vyjde tak ako si \u017eel\u00e1me. M\u00f4\u017eeme uk\u00e1za\u0165, \u017ee na to m\u00e1me. D\u00e1m zo seba maximum, aby som t\u00edmu pomohol umiestni\u0165 sa \u010do najlep\u0161ie v\u00a0extralige a\u00a0poh\u00e1ri,\u201c prezradil Patrik Marjov, rod\u00e1k z\u00a0Ni\u017en\u00e9ho Hru\u0161ova. \u201eSom r\u00e1d, \u017ee sa n\u00e1m podarilo z\u00edska\u0165 jedn\u00e9ho z\u00a0najtalentovanej\u0161\u00edch blok\u00e1rov na Slovensku. S\u013eubujeme si od neho, \u017ee prinesie do t\u00edmu nov\u00fa energiu a\u00a0silu. Te\u0161\u00edme sa na spolupr\u00e1cu s\u00a0n\u00edm a\u00a0som presved\u010den\u00fd, \u017ee v\u00fdborne zapadne do n\u00e1\u0161ho kolekt\u00edvu,\u201c uviedol viceprezident VKP Bratislava Eduard Hronsk\u00fd.<\/p>\n<p>Zmluvu s\u00a0klubom podp\u00edsal Patrik Marjov na v\u00fdchode Slovenska po boku asistenta tr\u00e9nera Juraja Ti\u0148a. \u201ePa\u0165a sme sledovali u\u017e dlh\u0161iu dobu. Mal som mo\u017enos\u0165 ho vidie\u0165 pravidelne na ml\u00e1de\u017en\u00edckych fin\u00e1lov\u00fdch turnajoch, kde dominoval a na svojom poste vynikal. Mal som pr\u00edle\u017eitos\u0165 ho kr\u00e1tko vidie\u0165 aj v\u00a0reprezent\u00e1cii. Ver\u00edme, \u017ee bude posilou a\u00a0pom\u00f4\u017ee mu to v\u00a0jeho volejbalovom raste,\u201c povedal k\u00a0novej akviz\u00edcii Juraj Ti\u0148o. \u201eA\u00a0je to Vranov\u010dan ako ja,\u201c dodal so smiechom.<\/p>\n<p><img loading=\"lazy\" decoding=\"async\" class=\"alignnone wp-image-14043\" src=\"https:\/\/www.vkpbratislava.sk\/wp-content\/uploads\/2022\/07\/b0f223dc-c534-469d-8e2a-bb4cfac56d5f-e1657806023365-640x593.jpg\" alt=\"\" width=\"472\" height=\"437\" srcset=\"https:\/\/www.vkpbratislava.sk\/wp-content\/uploads\/2022\/07\/b0f223dc-c534-469d-8e2a-bb4cfac56d5f-e1657806023365-640x593.jpg 640w, https:\/\/www.vkpbratislava.sk\/wp-content\/uploads\/2022\/07\/b0f223dc-c534-469d-8e2a-bb4cfac56d5f-e1657806023365-768x712.jpg 768w, https:\/\/www.vkpbratislava.sk\/wp-content\/uploads\/2022\/07\/b0f223dc-c534-469d-8e2a-bb4cfac56d5f-e1657806023365-320x297.jpg 320w, https:\/\/www.vkpbratislava.sk\/wp-content\/uploads\/2022\/07\/b0f223dc-c534-469d-8e2a-bb4cfac56d5f-e1657806023365-600x556.jpg 600w, https:\/\/www.vkpbratislava.sk\/wp-content\/uploads\/2022\/07\/b0f223dc-c534-469d-8e2a-bb4cfac56d5f-e1657806023365.jpg 1200w\" sizes=\"auto, (max-width: 472px) 100vw, 472px\" \/><\/p>\n<p>Tarabus: Chcel som vysk\u00fa\u0161a\u0165 zahrani\u010die<\/p>\n<p>Po pr\u00edchode z Kom\u00e1rna odohral v drese VKP J\u00e1n Tarabus jednu sez\u00f3nu. Vo svojej kari\u00e9re bude pokra\u010dova\u0165 prv\u00fdkr\u00e1t za hranicami, konkr\u00e9tne v Ma\u010farsku. \u201eV prvom rade by som sa chcel VKP po\u010fakova\u0165 za profesion\u00e1lny a \u013eudsk\u00fd pr\u00edstup. S\u00edce sa sez\u00f3na neskon\u010dila pod\u013ea predst\u00e1v, ver\u00edm, \u017ee \u010fal\u0161ia bude pre Bratislavu \u00faspe\u0161nej\u0161ia. A samozrejme, chlapcom budem dr\u017ea\u0165 palce. Chcel som v\u0161ak vysk\u00fa\u0161a\u0165 nie\u010do in\u00e9, nako\u013eko som nikdy nehral mimo Slovenska, je to nov\u00e1 sk\u00fasenos\u0165,&#8220; povedal pri rozl\u00fa\u010dke s &#8222;policajtmi&#8220; J\u00e1n Tarabus. \u201eNechceli sme mu br\u00e1ni\u0165 v ceste za zahrani\u010dn\u00fdm anga\u017em\u00e1nom. Korektne sme sa dohodli, \u010fakujeme mu za jeho p\u00f4sobenie v klube a \u017eel\u00e1me mu v \u010fal\u0161ej kari\u00e9re i osobnom \u017eivote ve\u013ea \u0161\u0165astia a \u00faspechov,&#8220; povedal viceprezident VKP Eduard Hronsk\u00fd.<\/p>\n<p>&nbsp;<\/p>\n<p>&nbsp;<\/p>\n<p>&nbsp;<\/p>\n<p>&nbsp;<\/p>\n<p>&nbsp;<\/p>\n<p>&nbsp;<\/p>\n<p>&nbsp;<\/p>\n","protected":false},"excerpt":{"rendered":"<p>V\u00a0novej sez\u00f3ne si dres VKP Bratislava u\u017e neoble\u010die blok\u00e1r J\u00e1n Tarabus, ktor\u00fd sa rozhodol pre p\u00f4sobenie v\u00a0ma\u010farskej Kazincbarcike. Jeho post zaujme nov\u00e1 posila zo Svidn\u00edka Patrik Marjov.<\/p>\n","protected":false},"author":3,"featured_media":14048,"comment_status":"closed","ping_status":"closed","sticky":false,"template":"","format":"standard","meta":{"_monsterinsights_skip_tracking":false,"_monsterinsights_sitenote_active":false,"_monsterinsights_sitenote_note":"","_monsterinsights_sitenote_category":0,"footnotes":""},"categories":[47],"tags":[],"class_list":["post-14040","post","type-post","status-publish","format-standard","has-post-thumbnail","hentry","category-muzi"],"yoast_head":"<!-- This site is optimized with the Yoast SEO plugin v25.6 - https:\/\/yoast.com\/wordpress\/plugins\/seo\/ -->\n<title>Kon\u010d\u00ed Tarabus, na jeho poz\u00edciu prich\u00e1dza Marjov - VK SLOVAN Bratislava<\/title>\n<meta name=\"description\" content=\"V\u00a0novej sez\u00f3ne si dres VKP Bratislava u\u017e neoble\u010die blok\u00e1r J\u00e1n Tarabus, ktor\u00fd sa rozhodol pre p\u00f4sobenie v\u00a0ma\u010farskej Kazincbarcike. Jeho post zaujme nov\u00e1 posila zo Svidn\u00edka Patrik Marjov.\" \/>\n<meta name=\"robots\" content=\"index, follow, max-snippet:-1, max-image-preview:large, max-video-preview:-1\" \/>\n<link rel=\"canonical\" href=\"https:\/\/www.vkpbratislava.sk\/?p=14040\" \/>\n<meta property=\"og:locale\" content=\"sk_SK\" \/>\n<meta property=\"og:type\" content=\"article\" \/>\n<meta property=\"og:title\" content=\"Kon\u010d\u00ed Tarabus, na jeho poz\u00edciu prich\u00e1dza Marjov - VK SLOVAN Bratislava\" \/>\n<meta property=\"og:description\" content=\"V\u00a0novej sez\u00f3ne si dres VKP Bratislava u\u017e neoble\u010die blok\u00e1r J\u00e1n Tarabus, ktor\u00fd sa rozhodol pre p\u00f4sobenie v\u00a0ma\u010farskej Kazincbarcike. Jeho post zaujme nov\u00e1 posila zo Svidn\u00edka Patrik Marjov.\" \/>\n<meta property=\"og:url\" content=\"https:\/\/www.vkpbratislava.sk\/?p=14040\" \/>\n<meta property=\"og:site_name\" content=\"VK SLOVAN Bratislava\" \/>\n<meta property=\"article:published_time\" content=\"2022-07-15T06:00:39+00:00\" \/>\n<meta property=\"article:modified_time\" content=\"2022-07-15T07:42:29+00:00\" \/>\n<meta property=\"og:image\" content=\"https:\/\/www.vkpbratislava.sk\/wp-content\/uploads\/2022\/07\/21984749-ec39-4dae-a0ce-2081599eaccc-kopia.jpg\" \/>\n\t<meta property=\"og:image:width\" content=\"939\" \/>\n\t<meta property=\"og:image:height\" content=\"721\" \/>\n\t<meta property=\"og:image:type\" content=\"image\/jpeg\" \/>\n<meta name=\"author\" content=\"jenca\" \/>\n<meta name=\"twitter:card\" content=\"summary_large_image\" \/>\n<meta name=\"twitter:label1\" content=\"Autor\" \/>\n\t<meta name=\"twitter:data1\" content=\"jenca\" \/>\n\t<meta name=\"twitter:label2\" content=\"Predpokladan\u00fd \u010das \u010d\u00edtania\" \/>\n\t<meta name=\"twitter:data2\" content=\"3 min\u00faty\" \/>\n<script type=\"application\/ld+json\" class=\"yoast-schema-graph\">{\"@context\":\"https:\/\/schema.org\",\"@graph\":[{\"@type\":\"Article\",\"@id\":\"https:\/\/www.vkpbratislava.sk\/?p=14040#article\",\"isPartOf\":{\"@id\":\"https:\/\/www.vkpbratislava.sk\/?p=14040\"},\"author\":{\"name\":\"jenca\",\"@id\":\"https:\/\/www.vkpbratislava.sk\/#\/schema\/person\/7037e769f9515aa58493d1b5852c4c50\"},\"headline\":\"Kon\u010d\u00ed Tarabus, na jeho poz\u00edciu prich\u00e1dza Marjov\",\"datePublished\":\"2022-07-15T06:00:39+00:00\",\"dateModified\":\"2022-07-15T07:42:29+00:00\",\"mainEntityOfPage\":{\"@id\":\"https:\/\/www.vkpbratislava.sk\/?p=14040\"},\"wordCount\":554,\"publisher\":{\"@id\":\"https:\/\/www.vkpbratislava.sk\/#organization\"},\"image\":{\"@id\":\"https:\/\/www.vkpbratislava.sk\/?p=14040#primaryimage\"},\"thumbnailUrl\":\"https:\/\/www.vkpbratislava.sk\/wp-content\/uploads\/2022\/07\/21984749-ec39-4dae-a0ce-2081599eaccc-kopia.jpg\",\"articleSection\":[\"Mu\u017ei\"],\"inLanguage\":\"sk-SK\"},{\"@type\":\"WebPage\",\"@id\":\"https:\/\/www.vkpbratislava.sk\/?p=14040\",\"url\":\"https:\/\/www.vkpbratislava.sk\/?p=14040\",\"name\":\"Kon\u010d\u00ed Tarabus, na jeho poz\u00edciu prich\u00e1dza Marjov - VK SLOVAN Bratislava\",\"isPartOf\":{\"@id\":\"https:\/\/www.vkpbratislava.sk\/#website\"},\"primaryImageOfPage\":{\"@id\":\"https:\/\/www.vkpbratislava.sk\/?p=14040#primaryimage\"},\"image\":{\"@id\":\"https:\/\/www.vkpbratislava.sk\/?p=14040#primaryimage\"},\"thumbnailUrl\":\"https:\/\/www.vkpbratislava.sk\/wp-content\/uploads\/2022\/07\/21984749-ec39-4dae-a0ce-2081599eaccc-kopia.jpg\",\"datePublished\":\"2022-07-15T06:00:39+00:00\",\"dateModified\":\"2022-07-15T07:42:29+00:00\",\"description\":\"V\u00a0novej sez\u00f3ne si dres VKP Bratislava u\u017e neoble\u010die blok\u00e1r J\u00e1n Tarabus, ktor\u00fd sa rozhodol pre p\u00f4sobenie v\u00a0ma\u010farskej Kazincbarcike. Jeho post zaujme nov\u00e1 posila zo Svidn\u00edka Patrik Marjov.\",\"breadcrumb\":{\"@id\":\"https:\/\/www.vkpbratislava.sk\/?p=14040#breadcrumb\"},\"inLanguage\":\"sk-SK\",\"potentialAction\":[{\"@type\":\"ReadAction\",\"target\":[\"https:\/\/www.vkpbratislava.sk\/?p=14040\"]}]},{\"@type\":\"ImageObject\",\"inLanguage\":\"sk-SK\",\"@id\":\"https:\/\/www.vkpbratislava.sk\/?p=14040#primaryimage\",\"url\":\"https:\/\/www.vkpbratislava.sk\/wp-content\/uploads\/2022\/07\/21984749-ec39-4dae-a0ce-2081599eaccc-kopia.jpg\",\"contentUrl\":\"https:\/\/www.vkpbratislava.sk\/wp-content\/uploads\/2022\/07\/21984749-ec39-4dae-a0ce-2081599eaccc-kopia.jpg\",\"width\":939,\"height\":721},{\"@type\":\"BreadcrumbList\",\"@id\":\"https:\/\/www.vkpbratislava.sk\/?p=14040#breadcrumb\",\"itemListElement\":[{\"@type\":\"ListItem\",\"position\":1,\"name\":\"Domov\",\"item\":\"https:\/\/www.vkpbratislava.sk\/\"},{\"@type\":\"ListItem\",\"position\":2,\"name\":\"Kon\u010d\u00ed Tarabus, na jeho poz\u00edciu prich\u00e1dza Marjov\"}]},{\"@type\":\"WebSite\",\"@id\":\"https:\/\/www.vkpbratislava.sk\/#website\",\"url\":\"https:\/\/www.vkpbratislava.sk\/\",\"name\":\"VK SLOVAN Bratislava\",\"description\":\"Volejbalov\u00fd klub\",\"publisher\":{\"@id\":\"https:\/\/www.vkpbratislava.sk\/#organization\"},\"potentialAction\":[{\"@type\":\"SearchAction\",\"target\":{\"@type\":\"EntryPoint\",\"urlTemplate\":\"https:\/\/www.vkpbratislava.sk\/?s={search_term_string}\"},\"query-input\":{\"@type\":\"PropertyValueSpecification\",\"valueRequired\":true,\"valueName\":\"search_term_string\"}}],\"inLanguage\":\"sk-SK\"},{\"@type\":\"Organization\",\"@id\":\"https:\/\/www.vkpbratislava.sk\/#organization\",\"name\":\"VKP Bratislava\",\"url\":\"https:\/\/www.vkpbratislava.sk\/\",\"logo\":{\"@type\":\"ImageObject\",\"inLanguage\":\"sk-SK\",\"@id\":\"https:\/\/www.vkpbratislava.sk\/#\/schema\/logo\/image\/\",\"url\":\"https:\/\/www.vkpbratislava.sk\/wp-content\/uploads\/2020\/10\/vkpBA.png\",\"contentUrl\":\"https:\/\/www.vkpbratislava.sk\/wp-content\/uploads\/2020\/10\/vkpBA.png\",\"width\":600,\"height\":600,\"caption\":\"VKP Bratislava\"},\"image\":{\"@id\":\"https:\/\/www.vkpbratislava.sk\/#\/schema\/logo\/image\/\"}},{\"@type\":\"Person\",\"@id\":\"https:\/\/www.vkpbratislava.sk\/#\/schema\/person\/7037e769f9515aa58493d1b5852c4c50\",\"name\":\"jenca\",\"image\":{\"@type\":\"ImageObject\",\"inLanguage\":\"sk-SK\",\"@id\":\"https:\/\/www.vkpbratislava.sk\/#\/schema\/person\/image\/\",\"url\":\"https:\/\/secure.gravatar.com\/avatar\/67aa89e9aab2911bbd0c6fbf0a891ea8d80c207c9b6a6e2c96e13fc2f16e536d?s=96&d=mm&r=g\",\"contentUrl\":\"https:\/\/secure.gravatar.com\/avatar\/67aa89e9aab2911bbd0c6fbf0a891ea8d80c207c9b6a6e2c96e13fc2f16e536d?s=96&d=mm&r=g\",\"caption\":\"jenca\"},\"url\":\"https:\/\/www.vkpbratislava.sk\/?author=3\"}]}<\/script>\n<!-- \/ Yoast SEO plugin. -->","yoast_head_json":{"title":"Kon\u010d\u00ed Tarabus, na jeho poz\u00edciu prich\u00e1dza Marjov - VK SLOVAN Bratislava","description":"V\u00a0novej sez\u00f3ne si dres VKP Bratislava u\u017e neoble\u010die blok\u00e1r J\u00e1n Tarabus, ktor\u00fd sa rozhodol pre p\u00f4sobenie v\u00a0ma\u010farskej Kazincbarcike. Jeho post zaujme nov\u00e1 posila zo Svidn\u00edka Patrik Marjov.","robots":{"index":"index","follow":"follow","max-snippet":"max-snippet:-1","max-image-preview":"max-image-preview:large","max-video-preview":"max-video-preview:-1"},"canonical":"https:\/\/www.vkpbratislava.sk\/?p=14040","og_locale":"sk_SK","og_type":"article","og_title":"Kon\u010d\u00ed Tarabus, na jeho poz\u00edciu prich\u00e1dza Marjov - VK SLOVAN Bratislava","og_description":"V\u00a0novej sez\u00f3ne si dres VKP Bratislava u\u017e neoble\u010die blok\u00e1r J\u00e1n Tarabus, ktor\u00fd sa rozhodol pre p\u00f4sobenie v\u00a0ma\u010farskej Kazincbarcike. Jeho post zaujme nov\u00e1 posila zo Svidn\u00edka Patrik Marjov.","og_url":"https:\/\/www.vkpbratislava.sk\/?p=14040","og_site_name":"VK SLOVAN Bratislava","article_published_time":"2022-07-15T06:00:39+00:00","article_modified_time":"2022-07-15T07:42:29+00:00","og_image":[{"width":939,"height":721,"url":"https:\/\/www.vkpbratislava.sk\/wp-content\/uploads\/2022\/07\/21984749-ec39-4dae-a0ce-2081599eaccc-kopia.jpg","type":"image\/jpeg"}],"author":"jenca","twitter_card":"summary_large_image","twitter_misc":{"Autor":"jenca","Predpokladan\u00fd \u010das \u010d\u00edtania":"3 min\u00faty"},"schema":{"@context":"https:\/\/schema.org","@graph":[{"@type":"Article","@id":"https:\/\/www.vkpbratislava.sk\/?p=14040#article","isPartOf":{"@id":"https:\/\/www.vkpbratislava.sk\/?p=14040"},"author":{"name":"jenca","@id":"https:\/\/www.vkpbratislava.sk\/#\/schema\/person\/7037e769f9515aa58493d1b5852c4c50"},"headline":"Kon\u010d\u00ed Tarabus, na jeho poz\u00edciu prich\u00e1dza Marjov","datePublished":"2022-07-15T06:00:39+00:00","dateModified":"2022-07-15T07:42:29+00:00","mainEntityOfPage":{"@id":"https:\/\/www.vkpbratislava.sk\/?p=14040"},"wordCount":554,"publisher":{"@id":"https:\/\/www.vkpbratislava.sk\/#organization"},"image":{"@id":"https:\/\/www.vkpbratislava.sk\/?p=14040#primaryimage"},"thumbnailUrl":"https:\/\/www.vkpbratislava.sk\/wp-content\/uploads\/2022\/07\/21984749-ec39-4dae-a0ce-2081599eaccc-kopia.jpg","articleSection":["Mu\u017ei"],"inLanguage":"sk-SK"},{"@type":"WebPage","@id":"https:\/\/www.vkpbratislava.sk\/?p=14040","url":"https:\/\/www.vkpbratislava.sk\/?p=14040","name":"Kon\u010d\u00ed Tarabus, na jeho poz\u00edciu prich\u00e1dza Marjov - VK SLOVAN Bratislava","isPartOf":{"@id":"https:\/\/www.vkpbratislava.sk\/#website"},"primaryImageOfPage":{"@id":"https:\/\/www.vkpbratislava.sk\/?p=14040#primaryimage"},"image":{"@id":"https:\/\/www.vkpbratislava.sk\/?p=14040#primaryimage"},"thumbnailUrl":"https:\/\/www.vkpbratislava.sk\/wp-content\/uploads\/2022\/07\/21984749-ec39-4dae-a0ce-2081599eaccc-kopia.jpg","datePublished":"2022-07-15T06:00:39+00:00","dateModified":"2022-07-15T07:42:29+00:00","description":"V\u00a0novej sez\u00f3ne si dres VKP Bratislava u\u017e neoble\u010die blok\u00e1r J\u00e1n Tarabus, ktor\u00fd sa rozhodol pre p\u00f4sobenie v\u00a0ma\u010farskej Kazincbarcike. Jeho post zaujme nov\u00e1 posila zo Svidn\u00edka Patrik Marjov.","breadcrumb":{"@id":"https:\/\/www.vkpbratislava.sk\/?p=14040#breadcrumb"},"inLanguage":"sk-SK","potentialAction":[{"@type":"ReadAction","target":["https:\/\/www.vkpbratislava.sk\/?p=14040"]}]},{"@type":"ImageObject","inLanguage":"sk-SK","@id":"https:\/\/www.vkpbratislava.sk\/?p=14040#primaryimage","url":"https:\/\/www.vkpbratislava.sk\/wp-content\/uploads\/2022\/07\/21984749-ec39-4dae-a0ce-2081599eaccc-kopia.jpg","contentUrl":"https:\/\/www.vkpbratislava.sk\/wp-content\/uploads\/2022\/07\/21984749-ec39-4dae-a0ce-2081599eaccc-kopia.jpg","width":939,"height":721},{"@type":"BreadcrumbList","@id":"https:\/\/www.vkpbratislava.sk\/?p=14040#breadcrumb","itemListElement":[{"@type":"ListItem","position":1,"name":"Domov","item":"https:\/\/www.vkpbratislava.sk\/"},{"@type":"ListItem","position":2,"name":"Kon\u010d\u00ed Tarabus, na jeho poz\u00edciu prich\u00e1dza Marjov"}]},{"@type":"WebSite","@id":"https:\/\/www.vkpbratislava.sk\/#website","url":"https:\/\/www.vkpbratislava.sk\/","name":"VK SLOVAN Bratislava","description":"Volejbalov\u00fd klub","publisher":{"@id":"https:\/\/www.vkpbratislava.sk\/#organization"},"potentialAction":[{"@type":"SearchAction","target":{"@type":"EntryPoint","urlTemplate":"https:\/\/www.vkpbratislava.sk\/?s={search_term_string}"},"query-input":{"@type":"PropertyValueSpecification","valueRequired":true,"valueName":"search_term_string"}}],"inLanguage":"sk-SK"},{"@type":"Organization","@id":"https:\/\/www.vkpbratislava.sk\/#organization","name":"VKP Bratislava","url":"https:\/\/www.vkpbratislava.sk\/","logo":{"@type":"ImageObject","inLanguage":"sk-SK","@id":"https:\/\/www.vkpbratislava.sk\/#\/schema\/logo\/image\/","url":"https:\/\/www.vkpbratislava.sk\/wp-content\/uploads\/2020\/10\/vkpBA.png","contentUrl":"https:\/\/www.vkpbratislava.sk\/wp-content\/uploads\/2020\/10\/vkpBA.png","width":600,"height":600,"caption":"VKP Bratislava"},"image":{"@id":"https:\/\/www.vkpbratislava.sk\/#\/schema\/logo\/image\/"}},{"@type":"Person","@id":"https:\/\/www.vkpbratislava.sk\/#\/schema\/person\/7037e769f9515aa58493d1b5852c4c50","name":"jenca","image":{"@type":"ImageObject","inLanguage":"sk-SK","@id":"https:\/\/www.vkpbratislava.sk\/#\/schema\/person\/image\/","url":"https:\/\/secure.gravatar.com\/avatar\/67aa89e9aab2911bbd0c6fbf0a891ea8d80c207c9b6a6e2c96e13fc2f16e536d?s=96&d=mm&r=g","contentUrl":"https:\/\/secure.gravatar.com\/avatar\/67aa89e9aab2911bbd0c6fbf0a891ea8d80c207c9b6a6e2c96e13fc2f16e536d?s=96&d=mm&r=g","caption":"jenca"},"url":"https:\/\/www.vkpbratislava.sk\/?author=3"}]}},"_links":{"self":[{"href":"https:\/\/www.vkpbratislava.sk\/index.php?rest_route=\/wp\/v2\/posts\/14040","targetHints":{"allow":["GET"]}}],"collection":[{"href":"https:\/\/www.vkpbratislava.sk\/index.php?rest_route=\/wp\/v2\/posts"}],"about":[{"href":"https:\/\/www.vkpbratislava.sk\/index.php?rest_route=\/wp\/v2\/types\/post"}],"author":[{"embeddable":true,"href":"https:\/\/www.vkpbratislava.sk\/index.php?rest_route=\/wp\/v2\/users\/3"}],"replies":[{"embeddable":true,"href":"https:\/\/www.vkpbratislava.sk\/index.php?rest_route=%2Fwp%2Fv2%2Fcomments&post=14040"}],"version-history":[{"count":6,"href":"https:\/\/www.vkpbratislava.sk\/index.php?rest_route=\/wp\/v2\/posts\/14040\/revisions"}],"predecessor-version":[{"id":14053,"href":"https:\/\/www.vkpbratislava.sk\/index.php?rest_route=\/wp\/v2\/posts\/14040\/revisions\/14053"}],"wp:featuredmedia":[{"embeddable":true,"href":"https:\/\/www.vkpbratislava.sk\/index.php?rest_route=\/wp\/v2\/media\/14048"}],"wp:attachment":[{"href":"https:\/\/www.vkpbratislava.sk\/index.php?rest_route=%2Fwp%2Fv2%2Fmedia&parent=14040"}],"wp:term":[{"taxonomy":"category","embeddable":true,"href":"https:\/\/www.vkpbratislava.sk\/index.php?rest_route=%2Fwp%2Fv2%2Fcategories&post=14040"},{"taxonomy":"post_tag","embeddable":true,"href":"https:\/\/www.vkpbratislava.sk\/index.php?rest_route=%2Fwp%2Fv2%2Ftags&post=14040"}],"curies":[{"name":"wp","href":"https:\/\/api.w.org\/{rel}","templated":true}]}}