{"id":14055,"date":"2022-07-20T15:09:01","date_gmt":"2022-07-20T13:09:01","guid":{"rendered":"https:\/\/www.vkpbratislava.sk\/?p=14055"},"modified":"2022-07-20T15:12:28","modified_gmt":"2022-07-20T13:12:28","slug":"pozname-program-zien-a-muzov-vkp-v-novej-sezone","status":"publish","type":"post","link":"https:\/\/www.vkpbratislava.sk\/?p=14055","title":{"rendered":"Pozn\u00e1me program \u017eien a mu\u017eov VKP v\u00a0novej sez\u00f3ne"},"content":{"rendered":"<p><strong>\u017deny za\u010dn\u00fa v\u00a0Brusne, v\u00a0poh\u00e1ri vyzv\u00fa Nitru. Mu\u017ei na \u00favod vycestuj\u00fa na Myjavu, v\u00a0Slovenskom poh\u00e1ri zabojuj\u00fa o\u00a0postup s\u00a0Kom\u00e1rnom a\u00a0Prievidzou.<\/strong><\/p>\n<p>\u017densk\u00e1 extraliga \u0161tartuje 24. septembra. Do s\u00fa\u0165a\u017ee sa prihl\u00e1silo 10 dru\u017estiev, vr\u00e1tane nov\u00e1\u010dika zo \u017diliny, ktor\u00e9ho na\u0161e \u017eeny priv\u00edtaj\u00fa doma 5. novembra. Bratislavsk\u00e9 derby so Sl\u00e1viou sa uskuto\u010dn\u00ed 29. okt\u00f3bra. S\u00fa\u0165a\u017e je rozdelen\u00e1 na 3 \u010dasti &#8211; dlhodob\u00e1, nadstavba a\u00a0play-off. V\u00a0prvej \u010dasti odohr\u00e1 ka\u017ed\u00fd t\u00edm 18 z\u00e1pasov, vz\u00e1p\u00e4t\u00ed sa nadstavba rozlo\u017e\u00ed do boja o\u00a0titul (1. &#8211; 4. miesto) a\u00a0boja o\u00a0z\u00e1chranu (5. &#8211; 10. miesto).<\/p>\n<p>V\u00a0\u00favodnom kole Nik\u00e9 Slovensk\u00e9ho poh\u00e1ra sa \u201epolicajtky\u201c predstavia proti Nitre. \u00davodn\u00fd z\u00e1pas sa odohr\u00e1 9. novembra v\u00a0Bratislave. odveta je na programe o\u00a0t\u00fd\u017ede\u0148 v mestskej \u0161portovej hale na Kloko\u010dine. V pr\u00edpade rovnak\u00fdch v\u00fdsledkov z\u00a0oboch duelov rozhodne o postupuj\u00facom zlat\u00fd set.<\/p>\n<p><span style=\"text-decoration: underline;\">\u00daVODN\u00dd PROGRAM NIK\u00c9 EXTRALIGY \u017dIEN<\/span><\/p>\n<ol>\n<li>kolo &#8211; 24.9.2022<\/li>\n<\/ol>\n<p>Brusno &#8211; <strong>VKP BRATISLAVA<\/strong><\/p>\n<ol start=\"2\">\n<li>kolo &#8211; 1.10.2022<\/li>\n<\/ol>\n<p><strong>VKP BRATISLAVA<\/strong> &#8211; RD SVF<\/p>\n<ol start=\"3\">\n<li>kolo &#8211; 8.10.2022<\/li>\n<\/ol>\n<p>Pre\u0161ov &#8211;<strong> VKP BRATISLAVA<\/strong><\/p>\n<ol start=\"4\">\n<li>kolo &#8211; 15.10.2022<\/li>\n<\/ol>\n<p>Trnava &#8211; <strong>VKP BRATISLAVA<\/strong><\/p>\n<ol start=\"5\">\n<li>kolo &#8211; 22.10.2022<\/li>\n<\/ol>\n<p><strong>VKP BRATISLAVA<\/strong> &#8211; Nov\u00e9 Mesto nad V\u00e1hom<\/p>\n<ol start=\"6\">\n<li>kolo &#8211; 29.10.2022<\/li>\n<\/ol>\n<p>Sl\u00e1via EU &#8211; <strong>VKP BRATISLAVA<\/strong><\/p>\n<ol start=\"7\">\n<li>kolo &#8211; 5.11.2022<\/li>\n<\/ol>\n<p><strong>VKP BRATISLAVA<\/strong> &#8211; \u017dilina<\/p>\n<ol start=\"8\">\n<li>kolo &#8211; 12.11.2022<\/li>\n<\/ol>\n<p>Nitra &#8211; <strong>VKP BRATISLAVA<\/strong><\/p>\n<ol start=\"9\">\n<li>kolo &#8211; 19.11.2022<\/li>\n<\/ol>\n<p><strong>VKP BRATISLAVA<\/strong> &#8211; Pezinok<\/p>\n<p><span style=\"text-decoration: underline;\">\u017dREB NIK\u00c9 SLOVENSK\u00c9HO POH\u00c1RA \u017dIEN<\/span><\/p>\n<ol>\n<li>kolo &#8211; 1. z\u00e1pas &#8211; 9.11.2022<\/li>\n<\/ol>\n<p><strong>VKP BRATISLAVA<\/strong> &#8211; Nitra<\/p>\n<ol>\n<li>kolo &#8211; 2. z\u00e1pas &#8211; 16.11.2022<\/li>\n<\/ol>\n<p>Nitra &#8211; <strong>VKP BRATISLAVA<\/strong><\/p>\n<p><strong>Pavel Bern\u00e1th, tr\u00e9ner VKP Bratislava:<\/strong> \u201eZ m\u00f4jho poh\u013eadu m\u00e1me v\u00a01. kole extraligy \u0165a\u017ek\u00e9ho s\u00fapera. Brusno to dok\u00e1zalo posledn\u00e9 dva ro\u010dn\u00edky, ale ich re\u00e1lna sila sa uk\u00e1\u017ee a\u017e nesk\u00f4r, ke\u010f\u017ee prejd\u00fa obmenou k\u00e1dra. Potom u\u017e m\u00e1me konzistentnej\u0161ie vy\u017erebovanie, ale som r\u00e1d, \u017ee za\u010d\u00edname vonku. Aj minul\u00fd rok sme s\u00a0Nitrou \u0161tartovali extraligu pr\u00e1ve v\u00a0Brusne. V\u00a0Slovenskom poh\u00e1ri som si \u017eelal Sl\u00e1viu, ale ani Nitra nie je na zahodenie.\u201c<\/p>\n<p><img loading=\"lazy\" decoding=\"async\" class=\"alignnone size-medium wp-image-13696\" src=\"https:\/\/www.vkpbratislava.sk\/wp-content\/uploads\/2022\/04\/20220409_iurban79_VKP-BA-Z-vs-Presov_DSC00014-640x427.jpg\" alt=\"\" width=\"640\" height=\"427\" srcset=\"https:\/\/www.vkpbratislava.sk\/wp-content\/uploads\/2022\/04\/20220409_iurban79_VKP-BA-Z-vs-Presov_DSC00014-640x427.jpg 640w, https:\/\/www.vkpbratislava.sk\/wp-content\/uploads\/2022\/04\/20220409_iurban79_VKP-BA-Z-vs-Presov_DSC00014-1280x854.jpg 1280w, https:\/\/www.vkpbratislava.sk\/wp-content\/uploads\/2022\/04\/20220409_iurban79_VKP-BA-Z-vs-Presov_DSC00014-768x512.jpg 768w, https:\/\/www.vkpbratislava.sk\/wp-content\/uploads\/2022\/04\/20220409_iurban79_VKP-BA-Z-vs-Presov_DSC00014-1536x1024.jpg 1536w, https:\/\/www.vkpbratislava.sk\/wp-content\/uploads\/2022\/04\/20220409_iurban79_VKP-BA-Z-vs-Presov_DSC00014-2048x1366.jpg 2048w, https:\/\/www.vkpbratislava.sk\/wp-content\/uploads\/2022\/04\/20220409_iurban79_VKP-BA-Z-vs-Presov_DSC00014-320x213.jpg 320w, https:\/\/www.vkpbratislava.sk\/wp-content\/uploads\/2022\/04\/20220409_iurban79_VKP-BA-Z-vs-Presov_DSC00014-600x400.jpg 600w\" sizes=\"auto, (max-width: 640px) 100vw, 640px\" \/><\/p>\n<p>Mu\u017esk\u00e1 extraliga bude ma\u0165 v\u00a0tabu\u013eke op\u00e4\u0165 skromnej\u0161\u00ed po\u010det t\u00edmov, konkr\u00e9tne sedem, vr\u00e1tane RD SVF. Z\u00e1pasy s\u00a0repre v\u00fdberom sa odohr\u00e1 v\u00a0term\u00ednoch po vz\u00e1jomnej dohode klubov so \u0161portov\u00fdm \u00fasekom SVF. \u201ePolicajti\u201c svoju p\u00fa\u0165 sez\u00f3nou 2022\/2023 od\u0161tartuj\u00fa v\u00a0prv\u00fd okt\u00f3brov\u00fd de\u0144 na kopaniciach v\u00a0s\u00faboji s\u00a0Myjavou. N\u00e1sledne doma priv\u00edtaj\u00fa Svidn\u00edk, vycestuj\u00fa do Kom\u00e1rna, doma si zmeraj\u00fa sily s\u00a0Pre\u0161ovom a\u00a0prv\u00fa \u010das\u0165 ukon\u010dia v\u00a0Prievidzi. Hr\u00e1 sa ako minul\u00fa sez\u00f3nu trojkolovo v\u00a0dlhodobej \u010dasti a\u00a0n\u00e1sledne mu\u017estv\u00e1 na 3. &#8211; 6. mieste odohraj\u00fa \u0161tvr\u0165fin\u00e1le v\u00a0play-off. Do semifin\u00e1le priamo postupuj\u00fa prv\u00e9 dva t\u00edmy po z\u00e1kladnej \u010dasti.<\/p>\n<p>Slovensk\u00fd poh\u00e1r sa bude hra\u0165 formou skup\u00edn. V\u00a0skupine A\u00a0sa predstav\u00ed VKP Bratislava spolo\u010dne s\u00a0Kom\u00e1rnom a\u00a0Prievidzou. O\u00a0dejisku sa rozhodne nesk\u00f4r. Prv\u00ed dvaja z\u00a0oboch skup\u00edn post\u00fapia do semifin\u00e1le poh\u00e1ra, ktor\u00e9 sa odohr\u00e1 v\u00a0r\u00e1mci Superfin\u00e1le.<\/p>\n<p><strong>\u00daVODN\u00dd PROGRAM NIK\u00c9 EXTRALIGY MU\u017dOV<\/strong><\/p>\n<ol>\n<li>kolo &#8211; 1.10.2022<\/li>\n<\/ol>\n<p>Myjava &#8211; <strong>VKP BRATISLAVA<\/strong><\/p>\n<ol start=\"2\">\n<li>kolo &#8211; 8.10.2022<\/li>\n<\/ol>\n<p><strong>VKP BRATISLAVA<\/strong> &#8211; Svidn\u00edk<\/p>\n<ol start=\"3\">\n<li>kolo &#8211; 15.10.2022<\/li>\n<\/ol>\n<p>Kom\u00e1rno &#8211; <strong>VKP BRATISLAVA<\/strong><\/p>\n<ol start=\"4\">\n<li>kolo &#8211; 22.10.2022<\/li>\n<\/ol>\n<p><strong>VKP BRATISLAVA<\/strong> &#8211; Pre\u0161ov<\/p>\n<ol start=\"5\">\n<li>kolo &#8211; 29.10.2022<\/li>\n<\/ol>\n<p>Prievidza &#8211; <strong>VKP BRATISLAVA<\/strong><\/p>\n<p><strong>\u017dREB NIK\u00c9 SLOVENSK\u00c9HO POH\u00c1RA MU\u017dOV<\/strong><\/p>\n<p>A\u00a0skupina: <strong>VKP Bratislava<\/strong>, Kom\u00e1rno, Prievidza (hr\u00e1 sa 16. &#8211; 18.12.2022)<\/p>\n<p><strong>Robin P\u011blucha, tr\u00e9ner VKP Bratislava:<\/strong> \u201eTe\u0161\u00edme sa na nov\u00fa sez\u00f3nu. Na programe z\u00e1pasov ve\u013emi nez\u00e1le\u017e\u00ed, ke\u010f\u017ee m\u00e1me v\u00a0s\u00fa\u0165a\u017ei len \u0161es\u0165 klubov. V\u0161etky t\u00edmy sa vz\u00e1jomne v\u00fdborne poznaj\u00fa, ni\u010d\u00edm sa neprekvapia. Som r\u00e1d, \u017ee prv\u00fdch p\u00e4\u0165 k\u00f4l necestujeme na v\u00fdchod a\u00a0v\u00a0poh\u00e1ri ver\u00edm, \u017ee post\u00fapime \u010falej, so \u017erebom sme spokojn\u00ed.\u201c<\/p>\n<p><img loading=\"lazy\" decoding=\"async\" class=\"alignnone size-medium wp-image-13449\" src=\"https:\/\/www.vkpbratislava.sk\/wp-content\/uploads\/2022\/03\/DF1A6552-640x427.jpg\" alt=\"\" width=\"640\" height=\"427\" srcset=\"https:\/\/www.vkpbratislava.sk\/wp-content\/uploads\/2022\/03\/DF1A6552-640x427.jpg 640w, https:\/\/www.vkpbratislava.sk\/wp-content\/uploads\/2022\/03\/DF1A6552-1280x853.jpg 1280w, https:\/\/www.vkpbratislava.sk\/wp-content\/uploads\/2022\/03\/DF1A6552-768x512.jpg 768w, https:\/\/www.vkpbratislava.sk\/wp-content\/uploads\/2022\/03\/DF1A6552-1536x1024.jpg 1536w, https:\/\/www.vkpbratislava.sk\/wp-content\/uploads\/2022\/03\/DF1A6552-320x213.jpg 320w, https:\/\/www.vkpbratislava.sk\/wp-content\/uploads\/2022\/03\/DF1A6552-600x400.jpg 600w, https:\/\/www.vkpbratislava.sk\/wp-content\/uploads\/2022\/03\/DF1A6552.jpg 2048w\" sizes=\"auto, (max-width: 640px) 100vw, 640px\" \/><\/p>\n","protected":false},"excerpt":{"rendered":"<p>\u017deny za\u010dn\u00fa v\u00a0Brusne, v\u00a0poh\u00e1ri vyzv\u00fa Nitru. Mu\u017ei na \u00favod vycestuj\u00fa na Myjavu, v\u00a0Slovenskom poh\u00e1ri zabojuj\u00fa o\u00a0postup s\u00a0Kom\u00e1rnom a\u00a0Prievidzou.<\/p>\n","protected":false},"author":3,"featured_media":13265,"comment_status":"closed","ping_status":"closed","sticky":false,"template":"","format":"standard","meta":{"_monsterinsights_skip_tracking":false,"_monsterinsights_sitenote_active":false,"_monsterinsights_sitenote_note":"","_monsterinsights_sitenote_category":0,"footnotes":""},"categories":[47,48],"tags":[],"class_list":["post-14055","post","type-post","status-publish","format-standard","has-post-thumbnail","hentry","category-muzi","category-zeny"],"yoast_head":"<!-- This site is optimized with the Yoast SEO plugin v25.6 - https:\/\/yoast.com\/wordpress\/plugins\/seo\/ -->\n<title>Pozn\u00e1me program \u017eien a mu\u017eov VKP v\u00a0novej sez\u00f3ne - VK SLOVAN Bratislava<\/title>\n<meta name=\"description\" content=\"\u017deny za\u010dn\u00fa v\u00a0Brusne, v\u00a0poh\u00e1ri vyzv\u00fa Nitru. Mu\u017ei na \u00favod vycestuj\u00fa na Myjavu, v\u00a0Slovenskom poh\u00e1ri zabojuj\u00fa o\u00a0postup s\u00a0Kom\u00e1rnom a\u00a0Prievidzou.\" \/>\n<meta name=\"robots\" content=\"index, follow, max-snippet:-1, max-image-preview:large, max-video-preview:-1\" \/>\n<link rel=\"canonical\" href=\"https:\/\/www.vkpbratislava.sk\/?p=14055\" \/>\n<meta property=\"og:locale\" content=\"sk_SK\" \/>\n<meta property=\"og:type\" content=\"article\" \/>\n<meta property=\"og:title\" content=\"Pozn\u00e1me program \u017eien a mu\u017eov VKP v\u00a0novej sez\u00f3ne - VK SLOVAN Bratislava\" \/>\n<meta property=\"og:description\" content=\"\u017deny za\u010dn\u00fa v\u00a0Brusne, v\u00a0poh\u00e1ri vyzv\u00fa Nitru. Mu\u017ei na \u00favod vycestuj\u00fa na Myjavu, v\u00a0Slovenskom poh\u00e1ri zabojuj\u00fa o\u00a0postup s\u00a0Kom\u00e1rnom a\u00a0Prievidzou.\" \/>\n<meta property=\"og:url\" content=\"https:\/\/www.vkpbratislava.sk\/?p=14055\" \/>\n<meta property=\"og:site_name\" content=\"VK SLOVAN Bratislava\" \/>\n<meta property=\"article:published_time\" content=\"2022-07-20T13:09:01+00:00\" \/>\n<meta property=\"article:modified_time\" content=\"2022-07-20T13:12:28+00:00\" \/>\n<meta property=\"og:image\" content=\"https:\/\/www.vkpbratislava.sk\/wp-content\/uploads\/2022\/03\/20220309_iurban79_VKP-BA-Z-vs-Brusno_DSC00337-1280x854.jpg\" \/>\n\t<meta property=\"og:image:width\" content=\"1280\" \/>\n\t<meta property=\"og:image:height\" content=\"854\" \/>\n\t<meta property=\"og:image:type\" content=\"image\/jpeg\" \/>\n<meta name=\"author\" content=\"jenca\" \/>\n<meta name=\"twitter:card\" content=\"summary_large_image\" \/>\n<meta name=\"twitter:label1\" content=\"Autor\" \/>\n\t<meta name=\"twitter:data1\" content=\"jenca\" \/>\n\t<meta name=\"twitter:label2\" content=\"Predpokladan\u00fd \u010das \u010d\u00edtania\" \/>\n\t<meta name=\"twitter:data2\" content=\"4 min\u00faty\" \/>\n<script type=\"application\/ld+json\" class=\"yoast-schema-graph\">{\"@context\":\"https:\/\/schema.org\",\"@graph\":[{\"@type\":\"Article\",\"@id\":\"https:\/\/www.vkpbratislava.sk\/?p=14055#article\",\"isPartOf\":{\"@id\":\"https:\/\/www.vkpbratislava.sk\/?p=14055\"},\"author\":{\"name\":\"jenca\",\"@id\":\"https:\/\/www.vkpbratislava.sk\/#\/schema\/person\/7037e769f9515aa58493d1b5852c4c50\"},\"headline\":\"Pozn\u00e1me program \u017eien a mu\u017eov VKP v\u00a0novej sez\u00f3ne\",\"datePublished\":\"2022-07-20T13:09:01+00:00\",\"dateModified\":\"2022-07-20T13:12:28+00:00\",\"mainEntityOfPage\":{\"@id\":\"https:\/\/www.vkpbratislava.sk\/?p=14055\"},\"wordCount\":658,\"publisher\":{\"@id\":\"https:\/\/www.vkpbratislava.sk\/#organization\"},\"image\":{\"@id\":\"https:\/\/www.vkpbratislava.sk\/?p=14055#primaryimage\"},\"thumbnailUrl\":\"https:\/\/www.vkpbratislava.sk\/wp-content\/uploads\/2022\/03\/20220309_iurban79_VKP-BA-Z-vs-Brusno_DSC00337.jpg\",\"articleSection\":[\"Mu\u017ei\",\"\u017deny\"],\"inLanguage\":\"sk-SK\"},{\"@type\":\"WebPage\",\"@id\":\"https:\/\/www.vkpbratislava.sk\/?p=14055\",\"url\":\"https:\/\/www.vkpbratislava.sk\/?p=14055\",\"name\":\"Pozn\u00e1me program \u017eien a mu\u017eov VKP v\u00a0novej sez\u00f3ne - VK SLOVAN Bratislava\",\"isPartOf\":{\"@id\":\"https:\/\/www.vkpbratislava.sk\/#website\"},\"primaryImageOfPage\":{\"@id\":\"https:\/\/www.vkpbratislava.sk\/?p=14055#primaryimage\"},\"image\":{\"@id\":\"https:\/\/www.vkpbratislava.sk\/?p=14055#primaryimage\"},\"thumbnailUrl\":\"https:\/\/www.vkpbratislava.sk\/wp-content\/uploads\/2022\/03\/20220309_iurban79_VKP-BA-Z-vs-Brusno_DSC00337.jpg\",\"datePublished\":\"2022-07-20T13:09:01+00:00\",\"dateModified\":\"2022-07-20T13:12:28+00:00\",\"description\":\"\u017deny za\u010dn\u00fa v\u00a0Brusne, v\u00a0poh\u00e1ri vyzv\u00fa Nitru. Mu\u017ei na \u00favod vycestuj\u00fa na Myjavu, v\u00a0Slovenskom poh\u00e1ri zabojuj\u00fa o\u00a0postup s\u00a0Kom\u00e1rnom a\u00a0Prievidzou.\",\"breadcrumb\":{\"@id\":\"https:\/\/www.vkpbratislava.sk\/?p=14055#breadcrumb\"},\"inLanguage\":\"sk-SK\",\"potentialAction\":[{\"@type\":\"ReadAction\",\"target\":[\"https:\/\/www.vkpbratislava.sk\/?p=14055\"]}]},{\"@type\":\"ImageObject\",\"inLanguage\":\"sk-SK\",\"@id\":\"https:\/\/www.vkpbratislava.sk\/?p=14055#primaryimage\",\"url\":\"https:\/\/www.vkpbratislava.sk\/wp-content\/uploads\/2022\/03\/20220309_iurban79_VKP-BA-Z-vs-Brusno_DSC00337.jpg\",\"contentUrl\":\"https:\/\/www.vkpbratislava.sk\/wp-content\/uploads\/2022\/03\/20220309_iurban79_VKP-BA-Z-vs-Brusno_DSC00337.jpg\",\"width\":2500,\"height\":1667},{\"@type\":\"BreadcrumbList\",\"@id\":\"https:\/\/www.vkpbratislava.sk\/?p=14055#breadcrumb\",\"itemListElement\":[{\"@type\":\"ListItem\",\"position\":1,\"name\":\"Domov\",\"item\":\"https:\/\/www.vkpbratislava.sk\/\"},{\"@type\":\"ListItem\",\"position\":2,\"name\":\"Pozn\u00e1me program \u017eien a mu\u017eov VKP v\u00a0novej sez\u00f3ne\"}]},{\"@type\":\"WebSite\",\"@id\":\"https:\/\/www.vkpbratislava.sk\/#website\",\"url\":\"https:\/\/www.vkpbratislava.sk\/\",\"name\":\"VK SLOVAN Bratislava\",\"description\":\"Volejbalov\u00fd klub\",\"publisher\":{\"@id\":\"https:\/\/www.vkpbratislava.sk\/#organization\"},\"potentialAction\":[{\"@type\":\"SearchAction\",\"target\":{\"@type\":\"EntryPoint\",\"urlTemplate\":\"https:\/\/www.vkpbratislava.sk\/?s={search_term_string}\"},\"query-input\":{\"@type\":\"PropertyValueSpecification\",\"valueRequired\":true,\"valueName\":\"search_term_string\"}}],\"inLanguage\":\"sk-SK\"},{\"@type\":\"Organization\",\"@id\":\"https:\/\/www.vkpbratislava.sk\/#organization\",\"name\":\"VKP Bratislava\",\"url\":\"https:\/\/www.vkpbratislava.sk\/\",\"logo\":{\"@type\":\"ImageObject\",\"inLanguage\":\"sk-SK\",\"@id\":\"https:\/\/www.vkpbratislava.sk\/#\/schema\/logo\/image\/\",\"url\":\"https:\/\/www.vkpbratislava.sk\/wp-content\/uploads\/2020\/10\/vkpBA.png\",\"contentUrl\":\"https:\/\/www.vkpbratislava.sk\/wp-content\/uploads\/2020\/10\/vkpBA.png\",\"width\":600,\"height\":600,\"caption\":\"VKP Bratislava\"},\"image\":{\"@id\":\"https:\/\/www.vkpbratislava.sk\/#\/schema\/logo\/image\/\"}},{\"@type\":\"Person\",\"@id\":\"https:\/\/www.vkpbratislava.sk\/#\/schema\/person\/7037e769f9515aa58493d1b5852c4c50\",\"name\":\"jenca\",\"image\":{\"@type\":\"ImageObject\",\"inLanguage\":\"sk-SK\",\"@id\":\"https:\/\/www.vkpbratislava.sk\/#\/schema\/person\/image\/\",\"url\":\"https:\/\/secure.gravatar.com\/avatar\/67aa89e9aab2911bbd0c6fbf0a891ea8d80c207c9b6a6e2c96e13fc2f16e536d?s=96&d=mm&r=g\",\"contentUrl\":\"https:\/\/secure.gravatar.com\/avatar\/67aa89e9aab2911bbd0c6fbf0a891ea8d80c207c9b6a6e2c96e13fc2f16e536d?s=96&d=mm&r=g\",\"caption\":\"jenca\"},\"url\":\"https:\/\/www.vkpbratislava.sk\/?author=3\"}]}<\/script>\n<!-- \/ Yoast SEO plugin. -->","yoast_head_json":{"title":"Pozn\u00e1me program \u017eien a mu\u017eov VKP v\u00a0novej sez\u00f3ne - VK SLOVAN Bratislava","description":"\u017deny za\u010dn\u00fa v\u00a0Brusne, v\u00a0poh\u00e1ri vyzv\u00fa Nitru. Mu\u017ei na \u00favod vycestuj\u00fa na Myjavu, v\u00a0Slovenskom poh\u00e1ri zabojuj\u00fa o\u00a0postup s\u00a0Kom\u00e1rnom a\u00a0Prievidzou.","robots":{"index":"index","follow":"follow","max-snippet":"max-snippet:-1","max-image-preview":"max-image-preview:large","max-video-preview":"max-video-preview:-1"},"canonical":"https:\/\/www.vkpbratislava.sk\/?p=14055","og_locale":"sk_SK","og_type":"article","og_title":"Pozn\u00e1me program \u017eien a mu\u017eov VKP v\u00a0novej sez\u00f3ne - VK SLOVAN Bratislava","og_description":"\u017deny za\u010dn\u00fa v\u00a0Brusne, v\u00a0poh\u00e1ri vyzv\u00fa Nitru. Mu\u017ei na \u00favod vycestuj\u00fa na Myjavu, v\u00a0Slovenskom poh\u00e1ri zabojuj\u00fa o\u00a0postup s\u00a0Kom\u00e1rnom a\u00a0Prievidzou.","og_url":"https:\/\/www.vkpbratislava.sk\/?p=14055","og_site_name":"VK SLOVAN Bratislava","article_published_time":"2022-07-20T13:09:01+00:00","article_modified_time":"2022-07-20T13:12:28+00:00","og_image":[{"width":1280,"height":854,"url":"https:\/\/www.vkpbratislava.sk\/wp-content\/uploads\/2022\/03\/20220309_iurban79_VKP-BA-Z-vs-Brusno_DSC00337-1280x854.jpg","type":"image\/jpeg"}],"author":"jenca","twitter_card":"summary_large_image","twitter_misc":{"Autor":"jenca","Predpokladan\u00fd \u010das \u010d\u00edtania":"4 min\u00faty"},"schema":{"@context":"https:\/\/schema.org","@graph":[{"@type":"Article","@id":"https:\/\/www.vkpbratislava.sk\/?p=14055#article","isPartOf":{"@id":"https:\/\/www.vkpbratislava.sk\/?p=14055"},"author":{"name":"jenca","@id":"https:\/\/www.vkpbratislava.sk\/#\/schema\/person\/7037e769f9515aa58493d1b5852c4c50"},"headline":"Pozn\u00e1me program \u017eien a mu\u017eov VKP v\u00a0novej sez\u00f3ne","datePublished":"2022-07-20T13:09:01+00:00","dateModified":"2022-07-20T13:12:28+00:00","mainEntityOfPage":{"@id":"https:\/\/www.vkpbratislava.sk\/?p=14055"},"wordCount":658,"publisher":{"@id":"https:\/\/www.vkpbratislava.sk\/#organization"},"image":{"@id":"https:\/\/www.vkpbratislava.sk\/?p=14055#primaryimage"},"thumbnailUrl":"https:\/\/www.vkpbratislava.sk\/wp-content\/uploads\/2022\/03\/20220309_iurban79_VKP-BA-Z-vs-Brusno_DSC00337.jpg","articleSection":["Mu\u017ei","\u017deny"],"inLanguage":"sk-SK"},{"@type":"WebPage","@id":"https:\/\/www.vkpbratislava.sk\/?p=14055","url":"https:\/\/www.vkpbratislava.sk\/?p=14055","name":"Pozn\u00e1me program \u017eien a mu\u017eov VKP v\u00a0novej sez\u00f3ne - VK SLOVAN Bratislava","isPartOf":{"@id":"https:\/\/www.vkpbratislava.sk\/#website"},"primaryImageOfPage":{"@id":"https:\/\/www.vkpbratislava.sk\/?p=14055#primaryimage"},"image":{"@id":"https:\/\/www.vkpbratislava.sk\/?p=14055#primaryimage"},"thumbnailUrl":"https:\/\/www.vkpbratislava.sk\/wp-content\/uploads\/2022\/03\/20220309_iurban79_VKP-BA-Z-vs-Brusno_DSC00337.jpg","datePublished":"2022-07-20T13:09:01+00:00","dateModified":"2022-07-20T13:12:28+00:00","description":"\u017deny za\u010dn\u00fa v\u00a0Brusne, v\u00a0poh\u00e1ri vyzv\u00fa Nitru. Mu\u017ei na \u00favod vycestuj\u00fa na Myjavu, v\u00a0Slovenskom poh\u00e1ri zabojuj\u00fa o\u00a0postup s\u00a0Kom\u00e1rnom a\u00a0Prievidzou.","breadcrumb":{"@id":"https:\/\/www.vkpbratislava.sk\/?p=14055#breadcrumb"},"inLanguage":"sk-SK","potentialAction":[{"@type":"ReadAction","target":["https:\/\/www.vkpbratislava.sk\/?p=14055"]}]},{"@type":"ImageObject","inLanguage":"sk-SK","@id":"https:\/\/www.vkpbratislava.sk\/?p=14055#primaryimage","url":"https:\/\/www.vkpbratislava.sk\/wp-content\/uploads\/2022\/03\/20220309_iurban79_VKP-BA-Z-vs-Brusno_DSC00337.jpg","contentUrl":"https:\/\/www.vkpbratislava.sk\/wp-content\/uploads\/2022\/03\/20220309_iurban79_VKP-BA-Z-vs-Brusno_DSC00337.jpg","width":2500,"height":1667},{"@type":"BreadcrumbList","@id":"https:\/\/www.vkpbratislava.sk\/?p=14055#breadcrumb","itemListElement":[{"@type":"ListItem","position":1,"name":"Domov","item":"https:\/\/www.vkpbratislava.sk\/"},{"@type":"ListItem","position":2,"name":"Pozn\u00e1me program \u017eien a mu\u017eov VKP v\u00a0novej sez\u00f3ne"}]},{"@type":"WebSite","@id":"https:\/\/www.vkpbratislava.sk\/#website","url":"https:\/\/www.vkpbratislava.sk\/","name":"VK SLOVAN Bratislava","description":"Volejbalov\u00fd klub","publisher":{"@id":"https:\/\/www.vkpbratislava.sk\/#organization"},"potentialAction":[{"@type":"SearchAction","target":{"@type":"EntryPoint","urlTemplate":"https:\/\/www.vkpbratislava.sk\/?s={search_term_string}"},"query-input":{"@type":"PropertyValueSpecification","valueRequired":true,"valueName":"search_term_string"}}],"inLanguage":"sk-SK"},{"@type":"Organization","@id":"https:\/\/www.vkpbratislava.sk\/#organization","name":"VKP Bratislava","url":"https:\/\/www.vkpbratislava.sk\/","logo":{"@type":"ImageObject","inLanguage":"sk-SK","@id":"https:\/\/www.vkpbratislava.sk\/#\/schema\/logo\/image\/","url":"https:\/\/www.vkpbratislava.sk\/wp-content\/uploads\/2020\/10\/vkpBA.png","contentUrl":"https:\/\/www.vkpbratislava.sk\/wp-content\/uploads\/2020\/10\/vkpBA.png","width":600,"height":600,"caption":"VKP Bratislava"},"image":{"@id":"https:\/\/www.vkpbratislava.sk\/#\/schema\/logo\/image\/"}},{"@type":"Person","@id":"https:\/\/www.vkpbratislava.sk\/#\/schema\/person\/7037e769f9515aa58493d1b5852c4c50","name":"jenca","image":{"@type":"ImageObject","inLanguage":"sk-SK","@id":"https:\/\/www.vkpbratislava.sk\/#\/schema\/person\/image\/","url":"https:\/\/secure.gravatar.com\/avatar\/67aa89e9aab2911bbd0c6fbf0a891ea8d80c207c9b6a6e2c96e13fc2f16e536d?s=96&d=mm&r=g","contentUrl":"https:\/\/secure.gravatar.com\/avatar\/67aa89e9aab2911bbd0c6fbf0a891ea8d80c207c9b6a6e2c96e13fc2f16e536d?s=96&d=mm&r=g","caption":"jenca"},"url":"https:\/\/www.vkpbratislava.sk\/?author=3"}]}},"_links":{"self":[{"href":"https:\/\/www.vkpbratislava.sk\/index.php?rest_route=\/wp\/v2\/posts\/14055","targetHints":{"allow":["GET"]}}],"collection":[{"href":"https:\/\/www.vkpbratislava.sk\/index.php?rest_route=\/wp\/v2\/posts"}],"about":[{"href":"https:\/\/www.vkpbratislava.sk\/index.php?rest_route=\/wp\/v2\/types\/post"}],"author":[{"embeddable":true,"href":"https:\/\/www.vkpbratislava.sk\/index.php?rest_route=\/wp\/v2\/users\/3"}],"replies":[{"embeddable":true,"href":"https:\/\/www.vkpbratislava.sk\/index.php?rest_route=%2Fwp%2Fv2%2Fcomments&post=14055"}],"version-history":[{"count":3,"href":"https:\/\/www.vkpbratislava.sk\/index.php?rest_route=\/wp\/v2\/posts\/14055\/revisions"}],"predecessor-version":[{"id":14058,"href":"https:\/\/www.vkpbratislava.sk\/index.php?rest_route=\/wp\/v2\/posts\/14055\/revisions\/14058"}],"wp:featuredmedia":[{"embeddable":true,"href":"https:\/\/www.vkpbratislava.sk\/index.php?rest_route=\/wp\/v2\/media\/13265"}],"wp:attachment":[{"href":"https:\/\/www.vkpbratislava.sk\/index.php?rest_route=%2Fwp%2Fv2%2Fmedia&parent=14055"}],"wp:term":[{"taxonomy":"category","embeddable":true,"href":"https:\/\/www.vkpbratislava.sk\/index.php?rest_route=%2Fwp%2Fv2%2Fcategories&post=14055"},{"taxonomy":"post_tag","embeddable":true,"href":"https:\/\/www.vkpbratislava.sk\/index.php?rest_route=%2Fwp%2Fv2%2Ftags&post=14055"}],"curies":[{"name":"wp","href":"https:\/\/api.w.org\/{rel}","templated":true}]}}