{"id":14066,"date":"2022-07-25T16:42:18","date_gmt":"2022-07-25T14:42:18","guid":{"rendered":"https:\/\/www.vkpbratislava.sk\/?p=14066"},"modified":"2022-07-25T16:45:35","modified_gmt":"2022-07-25T14:45:35","slug":"matus-jalovecky-sa-vracia-domov-prisiel-som-si-to-najma-uzit","status":"publish","type":"post","link":"https:\/\/www.vkpbratislava.sk\/?p=14066","title":{"rendered":"Nov\u00e1 posila VKP. Nahr\u00e1va\u010d Mat\u00fa\u0161 Jaloveck\u00fd sa vracia domov"},"content":{"rendered":"<p><strong>Prich\u00e1dza na miesto, kde od\u0161tartoval svoju kari\u00e9ru. Nahr\u00e1va\u010d Mat\u00fa\u0161 Jaloveck\u00fd bude v\u00a0novej sez\u00f3ne p\u00f4sobi\u0165 vo svojom materskom t\u00edme VKP Bratislava.<\/strong><\/p>\n<p>\u201eTe\u0161\u00edm sa, \u017ee sa vraciam domov. S\u00fa to kr\u00e1sne pocity, ve\u010f tu som volejbalovo vyrastal,\u201c vyhl\u00e1sil po podpise zmluvy Mat\u00fa\u0161 Jaloveck\u00fd, ktor\u00fd z\u00edskal s\u00a0Kom\u00e1rnom dvakr\u00e1t double. \u201eS mnoh\u00fdmi chalanmi sme spolu hr\u00e1vali, s\u00a0\u010fal\u0161\u00edmi sa pozn\u00e1me z\u00a0videnia z\u00a0opa\u010dnej strany siete. M\u00e1m inform\u00e1cie, \u017ee budeme mlad\u00e9 a\u00a0drav\u00e9 mu\u017estvo, tak\u017ee sa te\u0161\u00edm na p\u00f4sobenie vo VKP,\u201c doplnil 25-ro\u010dn\u00fd nahr\u00e1va\u010d.\u00a0\u201eMat\u00fa\u0161a pozn\u00e1m odmali\u010dka, je to n\u00e1\u0161 odchovanec. Po\u010das p\u00f4sobenia v\u00a0Kom\u00e1rne z\u00a0neho vyr\u00e1stol skvel\u00fd nahr\u00e1va\u010d, ktor\u00fd je pripraven\u00fd zasta\u0165 si ved\u00facu poz\u00edciu v\u00a0extralige a\u00a0vo VKP Bratislava. Som r\u00e1d, \u017ee sme sa dohodli a\u00a0rozhodol sa vr\u00e1ti\u0165 do matersk\u00e9ho klubu. Som presved\u010den\u00fd, \u017ee bude pr\u00ednosom pre na\u0161e mu\u017estvo,\u201c uviedol viceprezident klubu Eduard Hronsk\u00fd.<\/p>\n<p>V\u00a0novej sez\u00f3ne bud\u00fa pre Mat\u00fa\u0161a Jaloveck\u00e9ho \u0161pecifick\u00e9 s\u00faboje proti Kom\u00e1rnu, s\u00a0ktor\u00fdm za\u017eil viacero kr\u00e1snych volejbalov\u00fdch momentov. \u201ePodarilo sa n\u00e1m z\u00edska\u0165 ve\u013ek\u00e9 \u00faspechy. M\u00e1m na mesto aj \u013eud\u00ed kr\u00e1sne spomienky. Te\u0161\u00edm sa na tieto z\u00e1pasy,\u201c pokra\u010doval bratislavsk\u00fd rod\u00e1k, ktor\u00fd by mal zauja\u0165 v\u00a0k\u00e1dri \u201epolicajtov\u201c miesto prv\u00e9ho nahr\u00e1va\u010da. \u201eJe s\u00a0t\u00fdm spojen\u00e1 ur\u010dite zodpovednos\u0165, ale s\u00a0t\u00fdm po\u010d\u00edtam. St\u00e1le je to len hra a\u00a0spr\u00e1vny pr\u00edstup je ten, \u017ee si to treba na ihrisku u\u017e\u00edva\u0165 a\u00a0s\u00a0t\u00fdm som aj pri\u0161iel do VKP,\u201c uzavrel Jaloveck\u00fd.<\/p>\n<p><img loading=\"lazy\" decoding=\"async\" class=\"alignnone wp-image-14075\" src=\"https:\/\/www.vkpbratislava.sk\/wp-content\/uploads\/2022\/07\/new-jalov-640x640.jpg\" alt=\"\" width=\"441\" height=\"441\" srcset=\"https:\/\/www.vkpbratislava.sk\/wp-content\/uploads\/2022\/07\/new-jalov-640x640.jpg 640w, https:\/\/www.vkpbratislava.sk\/wp-content\/uploads\/2022\/07\/new-jalov-160x160.jpg 160w, https:\/\/www.vkpbratislava.sk\/wp-content\/uploads\/2022\/07\/new-jalov-768x768.jpg 768w, https:\/\/www.vkpbratislava.sk\/wp-content\/uploads\/2022\/07\/new-jalov-320x320.jpg 320w, https:\/\/www.vkpbratislava.sk\/wp-content\/uploads\/2022\/07\/new-jalov-600x600.jpg 600w, https:\/\/www.vkpbratislava.sk\/wp-content\/uploads\/2022\/07\/new-jalov-100x100.jpg 100w, https:\/\/www.vkpbratislava.sk\/wp-content\/uploads\/2022\/07\/new-jalov.jpg 800w\" sizes=\"auto, (max-width: 441px) 100vw, 441px\" \/><\/p>\n","protected":false},"excerpt":{"rendered":"<p>Prich\u00e1dza na miesto, kde od\u0161tartoval svoju kari\u00e9ru. Nahr\u00e1va\u010d Mat\u00fa\u0161 Jaloveck\u00fd bude v\u00a0novej sez\u00f3ne p\u00f4sobi\u0165 vo svojom materskom t\u00edme VKP Bratislava.<\/p>\n","protected":false},"author":3,"featured_media":14073,"comment_status":"closed","ping_status":"closed","sticky":false,"template":"","format":"standard","meta":{"_monsterinsights_skip_tracking":false,"_monsterinsights_sitenote_active":false,"_monsterinsights_sitenote_note":"","_monsterinsights_sitenote_category":0,"footnotes":""},"categories":[47],"tags":[],"class_list":["post-14066","post","type-post","status-publish","format-standard","has-post-thumbnail","hentry","category-muzi"],"yoast_head":"<!-- This site is optimized with the Yoast SEO plugin v25.6 - https:\/\/yoast.com\/wordpress\/plugins\/seo\/ -->\n<title>Nov\u00e1 posila VKP. Nahr\u00e1va\u010d Mat\u00fa\u0161 Jaloveck\u00fd sa vracia domov - VK SLOVAN Bratislava<\/title>\n<meta name=\"description\" content=\"Prich\u00e1dza na miesto, kde od\u0161tartoval svoju kari\u00e9ru. Nahr\u00e1va\u010d Mat\u00fa\u0161 Jaloveck\u00fd bude v\u00a0novej sez\u00f3ne p\u00f4sobi\u0165 vo svojom materskom t\u00edme VKP Bratislava.\" \/>\n<meta name=\"robots\" content=\"index, follow, max-snippet:-1, max-image-preview:large, max-video-preview:-1\" \/>\n<link rel=\"canonical\" href=\"https:\/\/www.vkpbratislava.sk\/?p=14066\" \/>\n<meta property=\"og:locale\" content=\"sk_SK\" \/>\n<meta property=\"og:type\" content=\"article\" \/>\n<meta property=\"og:title\" content=\"Nov\u00e1 posila VKP. Nahr\u00e1va\u010d Mat\u00fa\u0161 Jaloveck\u00fd sa vracia domov - VK SLOVAN Bratislava\" \/>\n<meta property=\"og:description\" content=\"Prich\u00e1dza na miesto, kde od\u0161tartoval svoju kari\u00e9ru. Nahr\u00e1va\u010d Mat\u00fa\u0161 Jaloveck\u00fd bude v\u00a0novej sez\u00f3ne p\u00f4sobi\u0165 vo svojom materskom t\u00edme VKP Bratislava.\" \/>\n<meta property=\"og:url\" content=\"https:\/\/www.vkpbratislava.sk\/?p=14066\" \/>\n<meta property=\"og:site_name\" content=\"VK SLOVAN Bratislava\" \/>\n<meta property=\"article:published_time\" content=\"2022-07-25T14:42:18+00:00\" \/>\n<meta property=\"article:modified_time\" content=\"2022-07-25T14:45:35+00:00\" \/>\n<meta property=\"og:image\" content=\"https:\/\/www.vkpbratislava.sk\/wp-content\/uploads\/2022\/07\/IMG_1468-scaled-e1658759729340.jpg\" \/>\n\t<meta property=\"og:image:width\" content=\"1920\" \/>\n\t<meta property=\"og:image:height\" content=\"1619\" \/>\n\t<meta property=\"og:image:type\" content=\"image\/jpeg\" \/>\n<meta name=\"author\" content=\"jenca\" \/>\n<meta name=\"twitter:card\" content=\"summary_large_image\" \/>\n<meta name=\"twitter:label1\" content=\"Autor\" \/>\n\t<meta name=\"twitter:data1\" content=\"jenca\" \/>\n\t<meta name=\"twitter:label2\" content=\"Predpokladan\u00fd \u010das \u010d\u00edtania\" \/>\n\t<meta name=\"twitter:data2\" content=\"2 min\u00faty\" \/>\n<script type=\"application\/ld+json\" class=\"yoast-schema-graph\">{\"@context\":\"https:\/\/schema.org\",\"@graph\":[{\"@type\":\"Article\",\"@id\":\"https:\/\/www.vkpbratislava.sk\/?p=14066#article\",\"isPartOf\":{\"@id\":\"https:\/\/www.vkpbratislava.sk\/?p=14066\"},\"author\":{\"name\":\"jenca\",\"@id\":\"https:\/\/www.vkpbratislava.sk\/#\/schema\/person\/7037e769f9515aa58493d1b5852c4c50\"},\"headline\":\"Nov\u00e1 posila VKP. Nahr\u00e1va\u010d Mat\u00fa\u0161 Jaloveck\u00fd sa vracia domov\",\"datePublished\":\"2022-07-25T14:42:18+00:00\",\"dateModified\":\"2022-07-25T14:45:35+00:00\",\"mainEntityOfPage\":{\"@id\":\"https:\/\/www.vkpbratislava.sk\/?p=14066\"},\"wordCount\":308,\"publisher\":{\"@id\":\"https:\/\/www.vkpbratislava.sk\/#organization\"},\"image\":{\"@id\":\"https:\/\/www.vkpbratislava.sk\/?p=14066#primaryimage\"},\"thumbnailUrl\":\"https:\/\/www.vkpbratislava.sk\/wp-content\/uploads\/2022\/07\/IMG_1468-scaled-e1658759729340.jpg\",\"articleSection\":[\"Mu\u017ei\"],\"inLanguage\":\"sk-SK\"},{\"@type\":\"WebPage\",\"@id\":\"https:\/\/www.vkpbratislava.sk\/?p=14066\",\"url\":\"https:\/\/www.vkpbratislava.sk\/?p=14066\",\"name\":\"Nov\u00e1 posila VKP. Nahr\u00e1va\u010d Mat\u00fa\u0161 Jaloveck\u00fd sa vracia domov - VK SLOVAN Bratislava\",\"isPartOf\":{\"@id\":\"https:\/\/www.vkpbratislava.sk\/#website\"},\"primaryImageOfPage\":{\"@id\":\"https:\/\/www.vkpbratislava.sk\/?p=14066#primaryimage\"},\"image\":{\"@id\":\"https:\/\/www.vkpbratislava.sk\/?p=14066#primaryimage\"},\"thumbnailUrl\":\"https:\/\/www.vkpbratislava.sk\/wp-content\/uploads\/2022\/07\/IMG_1468-scaled-e1658759729340.jpg\",\"datePublished\":\"2022-07-25T14:42:18+00:00\",\"dateModified\":\"2022-07-25T14:45:35+00:00\",\"description\":\"Prich\u00e1dza na miesto, kde od\u0161tartoval svoju kari\u00e9ru. Nahr\u00e1va\u010d Mat\u00fa\u0161 Jaloveck\u00fd bude v\u00a0novej sez\u00f3ne p\u00f4sobi\u0165 vo svojom materskom t\u00edme VKP Bratislava.\",\"breadcrumb\":{\"@id\":\"https:\/\/www.vkpbratislava.sk\/?p=14066#breadcrumb\"},\"inLanguage\":\"sk-SK\",\"potentialAction\":[{\"@type\":\"ReadAction\",\"target\":[\"https:\/\/www.vkpbratislava.sk\/?p=14066\"]}]},{\"@type\":\"ImageObject\",\"inLanguage\":\"sk-SK\",\"@id\":\"https:\/\/www.vkpbratislava.sk\/?p=14066#primaryimage\",\"url\":\"https:\/\/www.vkpbratislava.sk\/wp-content\/uploads\/2022\/07\/IMG_1468-scaled-e1658759729340.jpg\",\"contentUrl\":\"https:\/\/www.vkpbratislava.sk\/wp-content\/uploads\/2022\/07\/IMG_1468-scaled-e1658759729340.jpg\",\"width\":1920,\"height\":1619},{\"@type\":\"BreadcrumbList\",\"@id\":\"https:\/\/www.vkpbratislava.sk\/?p=14066#breadcrumb\",\"itemListElement\":[{\"@type\":\"ListItem\",\"position\":1,\"name\":\"Domov\",\"item\":\"https:\/\/www.vkpbratislava.sk\/\"},{\"@type\":\"ListItem\",\"position\":2,\"name\":\"Nov\u00e1 posila VKP. Nahr\u00e1va\u010d Mat\u00fa\u0161 Jaloveck\u00fd sa vracia domov\"}]},{\"@type\":\"WebSite\",\"@id\":\"https:\/\/www.vkpbratislava.sk\/#website\",\"url\":\"https:\/\/www.vkpbratislava.sk\/\",\"name\":\"VK SLOVAN Bratislava\",\"description\":\"Volejbalov\u00fd klub\",\"publisher\":{\"@id\":\"https:\/\/www.vkpbratislava.sk\/#organization\"},\"potentialAction\":[{\"@type\":\"SearchAction\",\"target\":{\"@type\":\"EntryPoint\",\"urlTemplate\":\"https:\/\/www.vkpbratislava.sk\/?s={search_term_string}\"},\"query-input\":{\"@type\":\"PropertyValueSpecification\",\"valueRequired\":true,\"valueName\":\"search_term_string\"}}],\"inLanguage\":\"sk-SK\"},{\"@type\":\"Organization\",\"@id\":\"https:\/\/www.vkpbratislava.sk\/#organization\",\"name\":\"VKP Bratislava\",\"url\":\"https:\/\/www.vkpbratislava.sk\/\",\"logo\":{\"@type\":\"ImageObject\",\"inLanguage\":\"sk-SK\",\"@id\":\"https:\/\/www.vkpbratislava.sk\/#\/schema\/logo\/image\/\",\"url\":\"https:\/\/www.vkpbratislava.sk\/wp-content\/uploads\/2020\/10\/vkpBA.png\",\"contentUrl\":\"https:\/\/www.vkpbratislava.sk\/wp-content\/uploads\/2020\/10\/vkpBA.png\",\"width\":600,\"height\":600,\"caption\":\"VKP Bratislava\"},\"image\":{\"@id\":\"https:\/\/www.vkpbratislava.sk\/#\/schema\/logo\/image\/\"}},{\"@type\":\"Person\",\"@id\":\"https:\/\/www.vkpbratislava.sk\/#\/schema\/person\/7037e769f9515aa58493d1b5852c4c50\",\"name\":\"jenca\",\"image\":{\"@type\":\"ImageObject\",\"inLanguage\":\"sk-SK\",\"@id\":\"https:\/\/www.vkpbratislava.sk\/#\/schema\/person\/image\/\",\"url\":\"https:\/\/secure.gravatar.com\/avatar\/67aa89e9aab2911bbd0c6fbf0a891ea8d80c207c9b6a6e2c96e13fc2f16e536d?s=96&d=mm&r=g\",\"contentUrl\":\"https:\/\/secure.gravatar.com\/avatar\/67aa89e9aab2911bbd0c6fbf0a891ea8d80c207c9b6a6e2c96e13fc2f16e536d?s=96&d=mm&r=g\",\"caption\":\"jenca\"},\"url\":\"https:\/\/www.vkpbratislava.sk\/?author=3\"}]}<\/script>\n<!-- \/ Yoast SEO plugin. -->","yoast_head_json":{"title":"Nov\u00e1 posila VKP. Nahr\u00e1va\u010d Mat\u00fa\u0161 Jaloveck\u00fd sa vracia domov - VK SLOVAN Bratislava","description":"Prich\u00e1dza na miesto, kde od\u0161tartoval svoju kari\u00e9ru. Nahr\u00e1va\u010d Mat\u00fa\u0161 Jaloveck\u00fd bude v\u00a0novej sez\u00f3ne p\u00f4sobi\u0165 vo svojom materskom t\u00edme VKP Bratislava.","robots":{"index":"index","follow":"follow","max-snippet":"max-snippet:-1","max-image-preview":"max-image-preview:large","max-video-preview":"max-video-preview:-1"},"canonical":"https:\/\/www.vkpbratislava.sk\/?p=14066","og_locale":"sk_SK","og_type":"article","og_title":"Nov\u00e1 posila VKP. Nahr\u00e1va\u010d Mat\u00fa\u0161 Jaloveck\u00fd sa vracia domov - VK SLOVAN Bratislava","og_description":"Prich\u00e1dza na miesto, kde od\u0161tartoval svoju kari\u00e9ru. Nahr\u00e1va\u010d Mat\u00fa\u0161 Jaloveck\u00fd bude v\u00a0novej sez\u00f3ne p\u00f4sobi\u0165 vo svojom materskom t\u00edme VKP Bratislava.","og_url":"https:\/\/www.vkpbratislava.sk\/?p=14066","og_site_name":"VK SLOVAN Bratislava","article_published_time":"2022-07-25T14:42:18+00:00","article_modified_time":"2022-07-25T14:45:35+00:00","og_image":[{"width":1920,"height":1619,"url":"https:\/\/www.vkpbratislava.sk\/wp-content\/uploads\/2022\/07\/IMG_1468-scaled-e1658759729340.jpg","type":"image\/jpeg"}],"author":"jenca","twitter_card":"summary_large_image","twitter_misc":{"Autor":"jenca","Predpokladan\u00fd \u010das \u010d\u00edtania":"2 min\u00faty"},"schema":{"@context":"https:\/\/schema.org","@graph":[{"@type":"Article","@id":"https:\/\/www.vkpbratislava.sk\/?p=14066#article","isPartOf":{"@id":"https:\/\/www.vkpbratislava.sk\/?p=14066"},"author":{"name":"jenca","@id":"https:\/\/www.vkpbratislava.sk\/#\/schema\/person\/7037e769f9515aa58493d1b5852c4c50"},"headline":"Nov\u00e1 posila VKP. Nahr\u00e1va\u010d Mat\u00fa\u0161 Jaloveck\u00fd sa vracia domov","datePublished":"2022-07-25T14:42:18+00:00","dateModified":"2022-07-25T14:45:35+00:00","mainEntityOfPage":{"@id":"https:\/\/www.vkpbratislava.sk\/?p=14066"},"wordCount":308,"publisher":{"@id":"https:\/\/www.vkpbratislava.sk\/#organization"},"image":{"@id":"https:\/\/www.vkpbratislava.sk\/?p=14066#primaryimage"},"thumbnailUrl":"https:\/\/www.vkpbratislava.sk\/wp-content\/uploads\/2022\/07\/IMG_1468-scaled-e1658759729340.jpg","articleSection":["Mu\u017ei"],"inLanguage":"sk-SK"},{"@type":"WebPage","@id":"https:\/\/www.vkpbratislava.sk\/?p=14066","url":"https:\/\/www.vkpbratislava.sk\/?p=14066","name":"Nov\u00e1 posila VKP. Nahr\u00e1va\u010d Mat\u00fa\u0161 Jaloveck\u00fd sa vracia domov - VK SLOVAN Bratislava","isPartOf":{"@id":"https:\/\/www.vkpbratislava.sk\/#website"},"primaryImageOfPage":{"@id":"https:\/\/www.vkpbratislava.sk\/?p=14066#primaryimage"},"image":{"@id":"https:\/\/www.vkpbratislava.sk\/?p=14066#primaryimage"},"thumbnailUrl":"https:\/\/www.vkpbratislava.sk\/wp-content\/uploads\/2022\/07\/IMG_1468-scaled-e1658759729340.jpg","datePublished":"2022-07-25T14:42:18+00:00","dateModified":"2022-07-25T14:45:35+00:00","description":"Prich\u00e1dza na miesto, kde od\u0161tartoval svoju kari\u00e9ru. Nahr\u00e1va\u010d Mat\u00fa\u0161 Jaloveck\u00fd bude v\u00a0novej sez\u00f3ne p\u00f4sobi\u0165 vo svojom materskom t\u00edme VKP Bratislava.","breadcrumb":{"@id":"https:\/\/www.vkpbratislava.sk\/?p=14066#breadcrumb"},"inLanguage":"sk-SK","potentialAction":[{"@type":"ReadAction","target":["https:\/\/www.vkpbratislava.sk\/?p=14066"]}]},{"@type":"ImageObject","inLanguage":"sk-SK","@id":"https:\/\/www.vkpbratislava.sk\/?p=14066#primaryimage","url":"https:\/\/www.vkpbratislava.sk\/wp-content\/uploads\/2022\/07\/IMG_1468-scaled-e1658759729340.jpg","contentUrl":"https:\/\/www.vkpbratislava.sk\/wp-content\/uploads\/2022\/07\/IMG_1468-scaled-e1658759729340.jpg","width":1920,"height":1619},{"@type":"BreadcrumbList","@id":"https:\/\/www.vkpbratislava.sk\/?p=14066#breadcrumb","itemListElement":[{"@type":"ListItem","position":1,"name":"Domov","item":"https:\/\/www.vkpbratislava.sk\/"},{"@type":"ListItem","position":2,"name":"Nov\u00e1 posila VKP. Nahr\u00e1va\u010d Mat\u00fa\u0161 Jaloveck\u00fd sa vracia domov"}]},{"@type":"WebSite","@id":"https:\/\/www.vkpbratislava.sk\/#website","url":"https:\/\/www.vkpbratislava.sk\/","name":"VK SLOVAN Bratislava","description":"Volejbalov\u00fd klub","publisher":{"@id":"https:\/\/www.vkpbratislava.sk\/#organization"},"potentialAction":[{"@type":"SearchAction","target":{"@type":"EntryPoint","urlTemplate":"https:\/\/www.vkpbratislava.sk\/?s={search_term_string}"},"query-input":{"@type":"PropertyValueSpecification","valueRequired":true,"valueName":"search_term_string"}}],"inLanguage":"sk-SK"},{"@type":"Organization","@id":"https:\/\/www.vkpbratislava.sk\/#organization","name":"VKP Bratislava","url":"https:\/\/www.vkpbratislava.sk\/","logo":{"@type":"ImageObject","inLanguage":"sk-SK","@id":"https:\/\/www.vkpbratislava.sk\/#\/schema\/logo\/image\/","url":"https:\/\/www.vkpbratislava.sk\/wp-content\/uploads\/2020\/10\/vkpBA.png","contentUrl":"https:\/\/www.vkpbratislava.sk\/wp-content\/uploads\/2020\/10\/vkpBA.png","width":600,"height":600,"caption":"VKP Bratislava"},"image":{"@id":"https:\/\/www.vkpbratislava.sk\/#\/schema\/logo\/image\/"}},{"@type":"Person","@id":"https:\/\/www.vkpbratislava.sk\/#\/schema\/person\/7037e769f9515aa58493d1b5852c4c50","name":"jenca","image":{"@type":"ImageObject","inLanguage":"sk-SK","@id":"https:\/\/www.vkpbratislava.sk\/#\/schema\/person\/image\/","url":"https:\/\/secure.gravatar.com\/avatar\/67aa89e9aab2911bbd0c6fbf0a891ea8d80c207c9b6a6e2c96e13fc2f16e536d?s=96&d=mm&r=g","contentUrl":"https:\/\/secure.gravatar.com\/avatar\/67aa89e9aab2911bbd0c6fbf0a891ea8d80c207c9b6a6e2c96e13fc2f16e536d?s=96&d=mm&r=g","caption":"jenca"},"url":"https:\/\/www.vkpbratislava.sk\/?author=3"}]}},"_links":{"self":[{"href":"https:\/\/www.vkpbratislava.sk\/index.php?rest_route=\/wp\/v2\/posts\/14066","targetHints":{"allow":["GET"]}}],"collection":[{"href":"https:\/\/www.vkpbratislava.sk\/index.php?rest_route=\/wp\/v2\/posts"}],"about":[{"href":"https:\/\/www.vkpbratislava.sk\/index.php?rest_route=\/wp\/v2\/types\/post"}],"author":[{"embeddable":true,"href":"https:\/\/www.vkpbratislava.sk\/index.php?rest_route=\/wp\/v2\/users\/3"}],"replies":[{"embeddable":true,"href":"https:\/\/www.vkpbratislava.sk\/index.php?rest_route=%2Fwp%2Fv2%2Fcomments&post=14066"}],"version-history":[{"count":3,"href":"https:\/\/www.vkpbratislava.sk\/index.php?rest_route=\/wp\/v2\/posts\/14066\/revisions"}],"predecessor-version":[{"id":14079,"href":"https:\/\/www.vkpbratislava.sk\/index.php?rest_route=\/wp\/v2\/posts\/14066\/revisions\/14079"}],"wp:featuredmedia":[{"embeddable":true,"href":"https:\/\/www.vkpbratislava.sk\/index.php?rest_route=\/wp\/v2\/media\/14073"}],"wp:attachment":[{"href":"https:\/\/www.vkpbratislava.sk\/index.php?rest_route=%2Fwp%2Fv2%2Fmedia&parent=14066"}],"wp:term":[{"taxonomy":"category","embeddable":true,"href":"https:\/\/www.vkpbratislava.sk\/index.php?rest_route=%2Fwp%2Fv2%2Fcategories&post=14066"},{"taxonomy":"post_tag","embeddable":true,"href":"https:\/\/www.vkpbratislava.sk\/index.php?rest_route=%2Fwp%2Fv2%2Ftags&post=14066"}],"curies":[{"name":"wp","href":"https:\/\/api.w.org\/{rel}","templated":true}]}}