{"id":14080,"date":"2022-07-26T12:15:32","date_gmt":"2022-07-26T10:15:32","guid":{"rendered":"https:\/\/www.vkpbratislava.sk\/?p=14080"},"modified":"2022-07-26T12:17:28","modified_gmt":"2022-07-26T10:17:28","slug":"do-kadra-pribudol-aj-smeciar-juraj-rak","status":"publish","type":"post","link":"https:\/\/www.vkpbratislava.sk\/?p=14080","title":{"rendered":"Do k\u00e1dra pribudol aj sme\u010diar Juraj Rak"},"content":{"rendered":"<p><strong>Okrem nahr\u00e1va\u010da Mat\u00fa\u0161a Jaloveck\u00e9ho prich\u00e1dza do VKP Bratislava aj sme\u010diar Juraj Rak, ktor\u00fd sa rovnako vracia nasp\u00e4\u0165 domov do hlavn\u00e9ho mesta.<\/strong><\/p>\n<p>Po uplynulej sez\u00f3ne plynule prech\u00e1dza k\u00a0obmene k\u00e1dra. Po blok\u00e1rovi Patrikovi Marjovovi a\u00a0nahr\u00e1va\u010dovi Mat\u00fa\u0161ovi Jaloveckom si v\u00a0novej sez\u00f3ne dres \u201epolicajtov\u201c oble\u010die aj sme\u010diar Juraj Rak. \u201eVraciam sa nasp\u00e4\u0165 domov do Bratislavy. M\u00e1m ve\u013ek\u00e9 o\u010dak\u00e1vania, te\u0161\u00edm sa na dom\u00e1cu halu, div\u00e1kov a\u00a0spolupr\u00e1cu s\u00a0tr\u00e9nerom Robinom P\u011bluchom,\u201c prezradil na \u00favod Juraj Rak, ktor\u00fd vyrastal v\u00a0ml\u00e1de\u017ei VolleyTeamu a\u00a0n\u00e1sledne sa cez COP Tren\u010d\u00edn presunul do Kom\u00e1rna, kde sa te\u0161il zo zisku dvoch majstrovsk\u00fdch trofej\u00ed aj po boku ve\u013ek\u00e9ho kamar\u00e1ta Mat\u00fa\u0161a Jaloveck\u00e9ho. \u201eMedzi nami s\u00fa u\u017e m\u00fary zb\u00faran\u00e9, ale rozhodne sa te\u0161\u00edm aj na ostatn\u00fdch mlad\u00fdch chalanov, ktor\u00fdch a\u017e tak dobre nepozn\u00e1m. A\u00a0te\u0161\u00edm sa tie\u017e na ve\u013ek\u00e9 legendy bratislavsk\u00e9ho volejbalu,\u201c povedal s\u00a0\u00fasmevom Juraj Rak, ktor\u00fd t\u00fa\u017ei na kr\u00e1sne obdobie v\u00a0Kom\u00e1rne nadviaza\u0165 aj v\u00a0hlavnom meste. \u201eChcem pom\u00f4c\u0165 klubu k\u00a0lep\u0161iemu v\u00fdsledku ako tomu bolo v\u00a0posledn\u00fdch dvoch rokoch,\u201c uzavrel Rak. \u201eTe\u0161\u00ed n\u00e1s, \u017ee sme do t\u00edmu z\u00edskali rod\u00e1ka z\u00a0Bratislavy, teda \u010fal\u0161ieho dom\u00e1ceho hr\u00e1\u010da, ktor\u00fd by mal zv\u00fd\u0161i\u0165 konkurenciu na poste sme\u010diara. Ver\u00edme, \u017ee zapadne do kolekt\u00edvu, v\u00a0ktorom pozn\u00e1 viacer\u00fdch chalanov a\u00a0vytvoria dobr\u00fd t\u00edm, aby sme naplnili na\u0161e spolo\u010dn\u00e9 ciele,\u201c povedal viceprezident klubu Eduard Hronsk\u00fd.<\/p>\n<p><img loading=\"lazy\" decoding=\"async\" class=\"alignnone size-medium wp-image-14072\" src=\"https:\/\/www.vkpbratislava.sk\/wp-content\/uploads\/2022\/07\/IMG_1471-scaled-e1658830629160-640x499.jpg\" alt=\"\" width=\"640\" height=\"499\" srcset=\"https:\/\/www.vkpbratislava.sk\/wp-content\/uploads\/2022\/07\/IMG_1471-scaled-e1658830629160-640x499.jpg 640w, https:\/\/www.vkpbratislava.sk\/wp-content\/uploads\/2022\/07\/IMG_1471-scaled-e1658830629160-1280x999.jpg 1280w, https:\/\/www.vkpbratislava.sk\/wp-content\/uploads\/2022\/07\/IMG_1471-scaled-e1658830629160-768x599.jpg 768w, https:\/\/www.vkpbratislava.sk\/wp-content\/uploads\/2022\/07\/IMG_1471-scaled-e1658830629160-1536x1198.jpg 1536w, https:\/\/www.vkpbratislava.sk\/wp-content\/uploads\/2022\/07\/IMG_1471-scaled-e1658830629160-320x250.jpg 320w, https:\/\/www.vkpbratislava.sk\/wp-content\/uploads\/2022\/07\/IMG_1471-scaled-e1658830629160-600x468.jpg 600w, https:\/\/www.vkpbratislava.sk\/wp-content\/uploads\/2022\/07\/IMG_1471-scaled-e1658830629160.jpg 1747w\" sizes=\"auto, (max-width: 640px) 100vw, 640px\" \/><\/p>\n","protected":false},"excerpt":{"rendered":"<p>Okrem nahr\u00e1va\u010da Mat\u00fa\u0161a Jaloveck\u00e9ho prich\u00e1dza do VKP Bratislava aj sme\u010diar Juraj Rak, ktor\u00fd sa rovnako vracia nasp\u00e4\u0165 domov do hlavn\u00e9ho mesta.<\/p>\n","protected":false},"author":3,"featured_media":14074,"comment_status":"closed","ping_status":"closed","sticky":false,"template":"","format":"standard","meta":{"_monsterinsights_skip_tracking":false,"_monsterinsights_sitenote_active":false,"_monsterinsights_sitenote_note":"","_monsterinsights_sitenote_category":0,"footnotes":""},"categories":[47],"tags":[],"class_list":["post-14080","post","type-post","status-publish","format-standard","has-post-thumbnail","hentry","category-muzi"],"yoast_head":"<!-- This site is optimized with the Yoast SEO plugin v25.6 - https:\/\/yoast.com\/wordpress\/plugins\/seo\/ -->\n<title>Do k\u00e1dra pribudol aj sme\u010diar Juraj Rak - VK SLOVAN Bratislava<\/title>\n<meta name=\"description\" content=\"Okrem nahr\u00e1va\u010da Mat\u00fa\u0161a Jaloveck\u00e9ho prich\u00e1dza do VKP Bratislava aj sme\u010diar Juraj Rak, ktor\u00fd sa rovnako vracia nasp\u00e4\u0165 domov do hlavn\u00e9ho mesta.\" \/>\n<meta name=\"robots\" content=\"index, follow, max-snippet:-1, max-image-preview:large, max-video-preview:-1\" \/>\n<link rel=\"canonical\" href=\"https:\/\/www.vkpbratislava.sk\/?p=14080\" \/>\n<meta property=\"og:locale\" content=\"sk_SK\" \/>\n<meta property=\"og:type\" content=\"article\" \/>\n<meta property=\"og:title\" content=\"Do k\u00e1dra pribudol aj sme\u010diar Juraj Rak - VK SLOVAN Bratislava\" \/>\n<meta property=\"og:description\" content=\"Okrem nahr\u00e1va\u010da Mat\u00fa\u0161a Jaloveck\u00e9ho prich\u00e1dza do VKP Bratislava aj sme\u010diar Juraj Rak, ktor\u00fd sa rovnako vracia nasp\u00e4\u0165 domov do hlavn\u00e9ho mesta.\" \/>\n<meta property=\"og:url\" content=\"https:\/\/www.vkpbratislava.sk\/?p=14080\" \/>\n<meta property=\"og:site_name\" content=\"VK SLOVAN Bratislava\" \/>\n<meta property=\"article:published_time\" content=\"2022-07-26T10:15:32+00:00\" \/>\n<meta property=\"article:modified_time\" content=\"2022-07-26T10:17:28+00:00\" \/>\n<meta property=\"og:image\" content=\"https:\/\/www.vkpbratislava.sk\/wp-content\/uploads\/2022\/07\/IMG_1464-scaled.jpg\" \/>\n\t<meta property=\"og:image:width\" content=\"2560\" \/>\n\t<meta property=\"og:image:height\" content=\"1920\" \/>\n\t<meta property=\"og:image:type\" content=\"image\/jpeg\" \/>\n<meta name=\"author\" content=\"jenca\" \/>\n<meta name=\"twitter:card\" content=\"summary_large_image\" \/>\n<meta name=\"twitter:label1\" content=\"Autor\" \/>\n\t<meta name=\"twitter:data1\" content=\"jenca\" \/>\n\t<meta name=\"twitter:label2\" content=\"Predpokladan\u00fd \u010das \u010d\u00edtania\" \/>\n\t<meta name=\"twitter:data2\" content=\"2 min\u00faty\" \/>\n<script type=\"application\/ld+json\" class=\"yoast-schema-graph\">{\"@context\":\"https:\/\/schema.org\",\"@graph\":[{\"@type\":\"Article\",\"@id\":\"https:\/\/www.vkpbratislava.sk\/?p=14080#article\",\"isPartOf\":{\"@id\":\"https:\/\/www.vkpbratislava.sk\/?p=14080\"},\"author\":{\"name\":\"jenca\",\"@id\":\"https:\/\/www.vkpbratislava.sk\/#\/schema\/person\/7037e769f9515aa58493d1b5852c4c50\"},\"headline\":\"Do k\u00e1dra pribudol aj sme\u010diar Juraj Rak\",\"datePublished\":\"2022-07-26T10:15:32+00:00\",\"dateModified\":\"2022-07-26T10:17:28+00:00\",\"mainEntityOfPage\":{\"@id\":\"https:\/\/www.vkpbratislava.sk\/?p=14080\"},\"wordCount\":291,\"publisher\":{\"@id\":\"https:\/\/www.vkpbratislava.sk\/#organization\"},\"image\":{\"@id\":\"https:\/\/www.vkpbratislava.sk\/?p=14080#primaryimage\"},\"thumbnailUrl\":\"https:\/\/www.vkpbratislava.sk\/wp-content\/uploads\/2022\/07\/IMG_1464-scaled.jpg\",\"articleSection\":[\"Mu\u017ei\"],\"inLanguage\":\"sk-SK\"},{\"@type\":\"WebPage\",\"@id\":\"https:\/\/www.vkpbratislava.sk\/?p=14080\",\"url\":\"https:\/\/www.vkpbratislava.sk\/?p=14080\",\"name\":\"Do k\u00e1dra pribudol aj sme\u010diar Juraj Rak - VK SLOVAN Bratislava\",\"isPartOf\":{\"@id\":\"https:\/\/www.vkpbratislava.sk\/#website\"},\"primaryImageOfPage\":{\"@id\":\"https:\/\/www.vkpbratislava.sk\/?p=14080#primaryimage\"},\"image\":{\"@id\":\"https:\/\/www.vkpbratislava.sk\/?p=14080#primaryimage\"},\"thumbnailUrl\":\"https:\/\/www.vkpbratislava.sk\/wp-content\/uploads\/2022\/07\/IMG_1464-scaled.jpg\",\"datePublished\":\"2022-07-26T10:15:32+00:00\",\"dateModified\":\"2022-07-26T10:17:28+00:00\",\"description\":\"Okrem nahr\u00e1va\u010da Mat\u00fa\u0161a Jaloveck\u00e9ho prich\u00e1dza do VKP Bratislava aj sme\u010diar Juraj Rak, ktor\u00fd sa rovnako vracia nasp\u00e4\u0165 domov do hlavn\u00e9ho mesta.\",\"breadcrumb\":{\"@id\":\"https:\/\/www.vkpbratislava.sk\/?p=14080#breadcrumb\"},\"inLanguage\":\"sk-SK\",\"potentialAction\":[{\"@type\":\"ReadAction\",\"target\":[\"https:\/\/www.vkpbratislava.sk\/?p=14080\"]}]},{\"@type\":\"ImageObject\",\"inLanguage\":\"sk-SK\",\"@id\":\"https:\/\/www.vkpbratislava.sk\/?p=14080#primaryimage\",\"url\":\"https:\/\/www.vkpbratislava.sk\/wp-content\/uploads\/2022\/07\/IMG_1464-scaled.jpg\",\"contentUrl\":\"https:\/\/www.vkpbratislava.sk\/wp-content\/uploads\/2022\/07\/IMG_1464-scaled.jpg\",\"width\":2560,\"height\":1920},{\"@type\":\"BreadcrumbList\",\"@id\":\"https:\/\/www.vkpbratislava.sk\/?p=14080#breadcrumb\",\"itemListElement\":[{\"@type\":\"ListItem\",\"position\":1,\"name\":\"Domov\",\"item\":\"https:\/\/www.vkpbratislava.sk\/\"},{\"@type\":\"ListItem\",\"position\":2,\"name\":\"Do k\u00e1dra pribudol aj sme\u010diar Juraj Rak\"}]},{\"@type\":\"WebSite\",\"@id\":\"https:\/\/www.vkpbratislava.sk\/#website\",\"url\":\"https:\/\/www.vkpbratislava.sk\/\",\"name\":\"VK SLOVAN Bratislava\",\"description\":\"Volejbalov\u00fd klub\",\"publisher\":{\"@id\":\"https:\/\/www.vkpbratislava.sk\/#organization\"},\"potentialAction\":[{\"@type\":\"SearchAction\",\"target\":{\"@type\":\"EntryPoint\",\"urlTemplate\":\"https:\/\/www.vkpbratislava.sk\/?s={search_term_string}\"},\"query-input\":{\"@type\":\"PropertyValueSpecification\",\"valueRequired\":true,\"valueName\":\"search_term_string\"}}],\"inLanguage\":\"sk-SK\"},{\"@type\":\"Organization\",\"@id\":\"https:\/\/www.vkpbratislava.sk\/#organization\",\"name\":\"VKP Bratislava\",\"url\":\"https:\/\/www.vkpbratislava.sk\/\",\"logo\":{\"@type\":\"ImageObject\",\"inLanguage\":\"sk-SK\",\"@id\":\"https:\/\/www.vkpbratislava.sk\/#\/schema\/logo\/image\/\",\"url\":\"https:\/\/www.vkpbratislava.sk\/wp-content\/uploads\/2020\/10\/vkpBA.png\",\"contentUrl\":\"https:\/\/www.vkpbratislava.sk\/wp-content\/uploads\/2020\/10\/vkpBA.png\",\"width\":600,\"height\":600,\"caption\":\"VKP Bratislava\"},\"image\":{\"@id\":\"https:\/\/www.vkpbratislava.sk\/#\/schema\/logo\/image\/\"}},{\"@type\":\"Person\",\"@id\":\"https:\/\/www.vkpbratislava.sk\/#\/schema\/person\/7037e769f9515aa58493d1b5852c4c50\",\"name\":\"jenca\",\"image\":{\"@type\":\"ImageObject\",\"inLanguage\":\"sk-SK\",\"@id\":\"https:\/\/www.vkpbratislava.sk\/#\/schema\/person\/image\/\",\"url\":\"https:\/\/secure.gravatar.com\/avatar\/67aa89e9aab2911bbd0c6fbf0a891ea8d80c207c9b6a6e2c96e13fc2f16e536d?s=96&d=mm&r=g\",\"contentUrl\":\"https:\/\/secure.gravatar.com\/avatar\/67aa89e9aab2911bbd0c6fbf0a891ea8d80c207c9b6a6e2c96e13fc2f16e536d?s=96&d=mm&r=g\",\"caption\":\"jenca\"},\"url\":\"https:\/\/www.vkpbratislava.sk\/?author=3\"}]}<\/script>\n<!-- \/ Yoast SEO plugin. -->","yoast_head_json":{"title":"Do k\u00e1dra pribudol aj sme\u010diar Juraj Rak - VK SLOVAN Bratislava","description":"Okrem nahr\u00e1va\u010da Mat\u00fa\u0161a Jaloveck\u00e9ho prich\u00e1dza do VKP Bratislava aj sme\u010diar Juraj Rak, ktor\u00fd sa rovnako vracia nasp\u00e4\u0165 domov do hlavn\u00e9ho mesta.","robots":{"index":"index","follow":"follow","max-snippet":"max-snippet:-1","max-image-preview":"max-image-preview:large","max-video-preview":"max-video-preview:-1"},"canonical":"https:\/\/www.vkpbratislava.sk\/?p=14080","og_locale":"sk_SK","og_type":"article","og_title":"Do k\u00e1dra pribudol aj sme\u010diar Juraj Rak - VK SLOVAN Bratislava","og_description":"Okrem nahr\u00e1va\u010da Mat\u00fa\u0161a Jaloveck\u00e9ho prich\u00e1dza do VKP Bratislava aj sme\u010diar Juraj Rak, ktor\u00fd sa rovnako vracia nasp\u00e4\u0165 domov do hlavn\u00e9ho mesta.","og_url":"https:\/\/www.vkpbratislava.sk\/?p=14080","og_site_name":"VK SLOVAN Bratislava","article_published_time":"2022-07-26T10:15:32+00:00","article_modified_time":"2022-07-26T10:17:28+00:00","og_image":[{"width":2560,"height":1920,"url":"https:\/\/www.vkpbratislava.sk\/wp-content\/uploads\/2022\/07\/IMG_1464-scaled.jpg","type":"image\/jpeg"}],"author":"jenca","twitter_card":"summary_large_image","twitter_misc":{"Autor":"jenca","Predpokladan\u00fd \u010das \u010d\u00edtania":"2 min\u00faty"},"schema":{"@context":"https:\/\/schema.org","@graph":[{"@type":"Article","@id":"https:\/\/www.vkpbratislava.sk\/?p=14080#article","isPartOf":{"@id":"https:\/\/www.vkpbratislava.sk\/?p=14080"},"author":{"name":"jenca","@id":"https:\/\/www.vkpbratislava.sk\/#\/schema\/person\/7037e769f9515aa58493d1b5852c4c50"},"headline":"Do k\u00e1dra pribudol aj sme\u010diar Juraj Rak","datePublished":"2022-07-26T10:15:32+00:00","dateModified":"2022-07-26T10:17:28+00:00","mainEntityOfPage":{"@id":"https:\/\/www.vkpbratislava.sk\/?p=14080"},"wordCount":291,"publisher":{"@id":"https:\/\/www.vkpbratislava.sk\/#organization"},"image":{"@id":"https:\/\/www.vkpbratislava.sk\/?p=14080#primaryimage"},"thumbnailUrl":"https:\/\/www.vkpbratislava.sk\/wp-content\/uploads\/2022\/07\/IMG_1464-scaled.jpg","articleSection":["Mu\u017ei"],"inLanguage":"sk-SK"},{"@type":"WebPage","@id":"https:\/\/www.vkpbratislava.sk\/?p=14080","url":"https:\/\/www.vkpbratislava.sk\/?p=14080","name":"Do k\u00e1dra pribudol aj sme\u010diar Juraj Rak - VK SLOVAN Bratislava","isPartOf":{"@id":"https:\/\/www.vkpbratislava.sk\/#website"},"primaryImageOfPage":{"@id":"https:\/\/www.vkpbratislava.sk\/?p=14080#primaryimage"},"image":{"@id":"https:\/\/www.vkpbratislava.sk\/?p=14080#primaryimage"},"thumbnailUrl":"https:\/\/www.vkpbratislava.sk\/wp-content\/uploads\/2022\/07\/IMG_1464-scaled.jpg","datePublished":"2022-07-26T10:15:32+00:00","dateModified":"2022-07-26T10:17:28+00:00","description":"Okrem nahr\u00e1va\u010da Mat\u00fa\u0161a Jaloveck\u00e9ho prich\u00e1dza do VKP Bratislava aj sme\u010diar Juraj Rak, ktor\u00fd sa rovnako vracia nasp\u00e4\u0165 domov do hlavn\u00e9ho mesta.","breadcrumb":{"@id":"https:\/\/www.vkpbratislava.sk\/?p=14080#breadcrumb"},"inLanguage":"sk-SK","potentialAction":[{"@type":"ReadAction","target":["https:\/\/www.vkpbratislava.sk\/?p=14080"]}]},{"@type":"ImageObject","inLanguage":"sk-SK","@id":"https:\/\/www.vkpbratislava.sk\/?p=14080#primaryimage","url":"https:\/\/www.vkpbratislava.sk\/wp-content\/uploads\/2022\/07\/IMG_1464-scaled.jpg","contentUrl":"https:\/\/www.vkpbratislava.sk\/wp-content\/uploads\/2022\/07\/IMG_1464-scaled.jpg","width":2560,"height":1920},{"@type":"BreadcrumbList","@id":"https:\/\/www.vkpbratislava.sk\/?p=14080#breadcrumb","itemListElement":[{"@type":"ListItem","position":1,"name":"Domov","item":"https:\/\/www.vkpbratislava.sk\/"},{"@type":"ListItem","position":2,"name":"Do k\u00e1dra pribudol aj sme\u010diar Juraj Rak"}]},{"@type":"WebSite","@id":"https:\/\/www.vkpbratislava.sk\/#website","url":"https:\/\/www.vkpbratislava.sk\/","name":"VK SLOVAN Bratislava","description":"Volejbalov\u00fd klub","publisher":{"@id":"https:\/\/www.vkpbratislava.sk\/#organization"},"potentialAction":[{"@type":"SearchAction","target":{"@type":"EntryPoint","urlTemplate":"https:\/\/www.vkpbratislava.sk\/?s={search_term_string}"},"query-input":{"@type":"PropertyValueSpecification","valueRequired":true,"valueName":"search_term_string"}}],"inLanguage":"sk-SK"},{"@type":"Organization","@id":"https:\/\/www.vkpbratislava.sk\/#organization","name":"VKP Bratislava","url":"https:\/\/www.vkpbratislava.sk\/","logo":{"@type":"ImageObject","inLanguage":"sk-SK","@id":"https:\/\/www.vkpbratislava.sk\/#\/schema\/logo\/image\/","url":"https:\/\/www.vkpbratislava.sk\/wp-content\/uploads\/2020\/10\/vkpBA.png","contentUrl":"https:\/\/www.vkpbratislava.sk\/wp-content\/uploads\/2020\/10\/vkpBA.png","width":600,"height":600,"caption":"VKP Bratislava"},"image":{"@id":"https:\/\/www.vkpbratislava.sk\/#\/schema\/logo\/image\/"}},{"@type":"Person","@id":"https:\/\/www.vkpbratislava.sk\/#\/schema\/person\/7037e769f9515aa58493d1b5852c4c50","name":"jenca","image":{"@type":"ImageObject","inLanguage":"sk-SK","@id":"https:\/\/www.vkpbratislava.sk\/#\/schema\/person\/image\/","url":"https:\/\/secure.gravatar.com\/avatar\/67aa89e9aab2911bbd0c6fbf0a891ea8d80c207c9b6a6e2c96e13fc2f16e536d?s=96&d=mm&r=g","contentUrl":"https:\/\/secure.gravatar.com\/avatar\/67aa89e9aab2911bbd0c6fbf0a891ea8d80c207c9b6a6e2c96e13fc2f16e536d?s=96&d=mm&r=g","caption":"jenca"},"url":"https:\/\/www.vkpbratislava.sk\/?author=3"}]}},"_links":{"self":[{"href":"https:\/\/www.vkpbratislava.sk\/index.php?rest_route=\/wp\/v2\/posts\/14080","targetHints":{"allow":["GET"]}}],"collection":[{"href":"https:\/\/www.vkpbratislava.sk\/index.php?rest_route=\/wp\/v2\/posts"}],"about":[{"href":"https:\/\/www.vkpbratislava.sk\/index.php?rest_route=\/wp\/v2\/types\/post"}],"author":[{"embeddable":true,"href":"https:\/\/www.vkpbratislava.sk\/index.php?rest_route=\/wp\/v2\/users\/3"}],"replies":[{"embeddable":true,"href":"https:\/\/www.vkpbratislava.sk\/index.php?rest_route=%2Fwp%2Fv2%2Fcomments&post=14080"}],"version-history":[{"count":3,"href":"https:\/\/www.vkpbratislava.sk\/index.php?rest_route=\/wp\/v2\/posts\/14080\/revisions"}],"predecessor-version":[{"id":14083,"href":"https:\/\/www.vkpbratislava.sk\/index.php?rest_route=\/wp\/v2\/posts\/14080\/revisions\/14083"}],"wp:featuredmedia":[{"embeddable":true,"href":"https:\/\/www.vkpbratislava.sk\/index.php?rest_route=\/wp\/v2\/media\/14074"}],"wp:attachment":[{"href":"https:\/\/www.vkpbratislava.sk\/index.php?rest_route=%2Fwp%2Fv2%2Fmedia&parent=14080"}],"wp:term":[{"taxonomy":"category","embeddable":true,"href":"https:\/\/www.vkpbratislava.sk\/index.php?rest_route=%2Fwp%2Fv2%2Fcategories&post=14080"},{"taxonomy":"post_tag","embeddable":true,"href":"https:\/\/www.vkpbratislava.sk\/index.php?rest_route=%2Fwp%2Fv2%2Ftags&post=14080"}],"curies":[{"name":"wp","href":"https:\/\/api.w.org\/{rel}","templated":true}]}}