{"id":14085,"date":"2022-08-01T09:43:53","date_gmt":"2022-08-01T07:43:53","guid":{"rendered":"https:\/\/www.vkpbratislava.sk\/?p=14085"},"modified":"2022-08-01T09:42:33","modified_gmt":"2022-08-01T07:42:33","slug":"do-klubu-prichadza-argentinska-reprezentantka-pochadza-z-messiho-mesta","status":"publish","type":"post","link":"https:\/\/www.vkpbratislava.sk\/?p=14085","title":{"rendered":"Do klubu prich\u00e1dza argent\u00ednska reprezentantka. Poch\u00e1dza z Messiho mesta"},"content":{"rendered":"<p><strong>Zvu\u010dn\u00e9 meno posiln\u00ed \u017eensk\u00fd t\u00edm VKP Bratislava. V\u00a0novej sez\u00f3ne bude dres \u201epolicajtiek\u201c oblieka\u0165 dvadsa\u0165dvaro\u010dn\u00e9 libero a argent\u00ednska reprezentantka Agostina Pelozo.<\/strong><\/p>\n<p>\u201eSom \u0161\u0165astn\u00e1, \u017ee budem hra\u0165 za VKP Bratislava. U\u017e sa neviem do\u010dka\u0165, kedy sa uvid\u00edme,\u201c poslala odkaz z\u00a0ju\u017enej Ameriky, kde sa s\u00a0reprezent\u00e1ciou Argent\u00edny pripravuje na majstrovstv\u00e1 sveta. St\u00e1le je ot\u00e1zne, \u010di sa ocitne v\u00a0z\u00e1vere\u010dnej nomin\u00e1cii na z\u00e1vere\u010dn\u00fd turnaj, ktor\u00fd sa odohr\u00e1 v\u00a0Holandsku. \u201eSom ve\u013emi r\u00e1d, \u017ee sa n\u00e1m do dru\u017estva podarilo z\u00edska\u0165 tak kvalitn\u00e9 libero, ako je Agostina. Ver\u00edm, \u017ee sa k n\u00e1m bude m\u00f4c\u0165 pripoji\u0165 \u010do najsk\u00f4r, samozrejme ak bude nominovan\u00e1 na majstrovstv\u00e1 sveta budeme jej dr\u017ea\u0165 palce. Ur\u010dite bude patri\u0165 medzi opory dru\u017estva a\u00a0d\u00fafam, \u017ee aj s jej pri\u010dinen\u00edm sa n\u00e1m podar\u00ed dosiahnu\u0165 v sez\u00f3ne ten najlep\u0161\u00ed mo\u017en\u00fd v\u00fdsledok,\u201c prezradil mana\u017e\u00e9r \u017eien VKP Bratislava R\u00f3bert Hronsk\u00fd.<\/p>\n<p><img loading=\"lazy\" decoding=\"async\" class=\"alignnone wp-image-14089\" src=\"https:\/\/www.vkpbratislava.sk\/wp-content\/uploads\/2022\/08\/mariab-p-new-640x640.jpg\" alt=\"\" width=\"321\" height=\"321\" srcset=\"https:\/\/www.vkpbratislava.sk\/wp-content\/uploads\/2022\/08\/mariab-p-new-640x640.jpg 640w, https:\/\/www.vkpbratislava.sk\/wp-content\/uploads\/2022\/08\/mariab-p-new-160x160.jpg 160w, https:\/\/www.vkpbratislava.sk\/wp-content\/uploads\/2022\/08\/mariab-p-new-768x768.jpg 768w, https:\/\/www.vkpbratislava.sk\/wp-content\/uploads\/2022\/08\/mariab-p-new-320x320.jpg 320w, https:\/\/www.vkpbratislava.sk\/wp-content\/uploads\/2022\/08\/mariab-p-new-600x600.jpg 600w, https:\/\/www.vkpbratislava.sk\/wp-content\/uploads\/2022\/08\/mariab-p-new-100x100.jpg 100w, https:\/\/www.vkpbratislava.sk\/wp-content\/uploads\/2022\/08\/mariab-p-new.jpg 800w\" sizes=\"auto, (max-width: 321px) 100vw, 321px\" \/><\/p>\n<p>Mlad\u00e1 liberka doteraz p\u00f4sobila v\u00a0argent\u00ednskych t\u00edmoch. Za\u010d\u00ednala v\u00a0rodnom Rosariu, odkia\u013e poch\u00e1dza aj legend\u00e1rny futbalista Lionel Messi. N\u00e1sledne obliekala dresy C.A Villa Dora, CEF 5 La Rioja a\u00a0naposledy Gimnasia Esgrima La Plata. V\u00a0dom\u00e1cej s\u00fa\u0165a\u017ei z\u00edskala striebro i\u00a0bronz, s\u00a0reprezent\u00e1ciou \u201ealbicelestes\u201c m\u00e1 bronz z\u00a0juhoamerick\u00e9ho \u0161ampion\u00e1tu a\u00a0rovnak\u00fd kov z\u00a0Panamerick\u00fdch hier do 23 rokov. \u201eAgostina je libero z argent\u00ednskeho n\u00e1ro\u010f\u00e1ku. Bola to na\u0161a spolo\u010dn\u00e1 vo\u013eba, h\u013eadali sme hr\u00e1\u010dku, ktor\u00e1 n\u00e1m na tomto poste pom\u00f4\u017ee volejbalovo i\u00a0osobnostne. Ver\u00edm, \u017ee sme vybrali dobre. Je to mlad\u00e1 hr\u00e1\u010dka, ktor\u00e1 by mala zapadn\u00fa\u0165 do n\u00e1\u0161ho mlad\u00e9ho dru\u017estva. Ja osobne r\u00e1d pracujem s Juhoameri\u010dankami, lebo m\u00e1m s nimi \u013eahk\u00fa komunik\u00e1ciu a hlavne mi je bl\u00edzka ich energia. O\u010dak\u00e1vam od nej, \u017ee tro\u0161ku \u201eu\u010de\u0161e&#8220; na\u0161u hru, bude mojou pred\u013a\u017eenou rukou, najm\u00e4 pri organizovan\u00ed hry, preto\u017ee tam m\u00e1vaj\u00fa mlad\u00e9 t\u00edmy \u010dastokr\u00e1t probl\u00e9m. K\u013e\u00fa\u010dov\u00e9 bude, aby mi pomohla aj po komunika\u010dnej str\u00e1nke priamo na ihrisku. Tam maj\u00fa v\u0161etky slovensk\u00e9 dru\u017estv\u00e1 ve\u013ek\u00e9 rezervy, mo\u017eno to bude nie\u010do nov\u00e9, ale ur\u010dite prospe\u0161n\u00e9,\u201c uviedol k\u00a0novej akviz\u00edcii tr\u00e9ner Pavel Bern\u00e1th.<\/p>\n<p><iframe loading=\"lazy\" title=\"NEW PLAYER | AGOSTINA PELOZO\" width=\"1200\" height=\"675\" src=\"https:\/\/www.youtube.com\/embed\/AM1A4TmEP9Y?feature=oembed\" frameborder=\"0\" allow=\"accelerometer; autoplay; clipboard-write; encrypted-media; gyroscope; picture-in-picture\" allowfullscreen><\/iframe><\/p>\n","protected":false},"excerpt":{"rendered":"<p>Zvu\u010dn\u00e9 meno posiln\u00ed \u017eensk\u00fd t\u00edm VKP Bratislava. V\u00a0novej sez\u00f3ne bude dres \u201epolicajtiek\u201c oblieka\u0165 dvadsa\u0165dvaro\u010dn\u00e9 libero a argent\u00ednska reprezentantka Agostina Pelozo.<\/p>\n","protected":false},"author":3,"featured_media":14086,"comment_status":"closed","ping_status":"closed","sticky":false,"template":"","format":"standard","meta":{"_monsterinsights_skip_tracking":false,"_monsterinsights_sitenote_active":false,"_monsterinsights_sitenote_note":"","_monsterinsights_sitenote_category":0,"footnotes":""},"categories":[48],"tags":[],"class_list":["post-14085","post","type-post","status-publish","format-standard","has-post-thumbnail","hentry","category-zeny"],"yoast_head":"<!-- This site is optimized with the Yoast SEO plugin v25.6 - https:\/\/yoast.com\/wordpress\/plugins\/seo\/ -->\n<title>Do klubu prich\u00e1dza argent\u00ednska reprezentantka. Poch\u00e1dza z Messiho mesta - VK SLOVAN Bratislava<\/title>\n<meta name=\"description\" content=\"Zvu\u010dn\u00e9 meno posiln\u00ed \u017eensk\u00fd t\u00edm VKP Bratislava. V\u00a0novej sez\u00f3ne bude dres \u201epolicajtiek\u201c oblieka\u0165 dvadsa\u0165dvaro\u010dn\u00e9 libero a argent\u00ednska reprezentantka Agostina Pelozo.\" \/>\n<meta name=\"robots\" content=\"index, follow, max-snippet:-1, max-image-preview:large, max-video-preview:-1\" \/>\n<link rel=\"canonical\" href=\"https:\/\/www.vkpbratislava.sk\/?p=14085\" \/>\n<meta property=\"og:locale\" content=\"sk_SK\" \/>\n<meta property=\"og:type\" content=\"article\" \/>\n<meta property=\"og:title\" content=\"Do klubu prich\u00e1dza argent\u00ednska reprezentantka. Poch\u00e1dza z Messiho mesta - VK SLOVAN Bratislava\" \/>\n<meta property=\"og:description\" content=\"Zvu\u010dn\u00e9 meno posiln\u00ed \u017eensk\u00fd t\u00edm VKP Bratislava. V\u00a0novej sez\u00f3ne bude dres \u201epolicajtiek\u201c oblieka\u0165 dvadsa\u0165dvaro\u010dn\u00e9 libero a argent\u00ednska reprezentantka Agostina Pelozo.\" \/>\n<meta property=\"og:url\" content=\"https:\/\/www.vkpbratislava.sk\/?p=14085\" \/>\n<meta property=\"og:site_name\" content=\"VK SLOVAN Bratislava\" \/>\n<meta property=\"article:published_time\" content=\"2022-08-01T07:43:53+00:00\" \/>\n<meta property=\"og:image\" content=\"https:\/\/www.vkpbratislava.sk\/wp-content\/uploads\/2022\/07\/MARIA-PELOZO-20ARG-scaled-1.jpg\" \/>\n\t<meta property=\"og:image:width\" content=\"2560\" \/>\n\t<meta property=\"og:image:height\" content=\"1707\" \/>\n\t<meta property=\"og:image:type\" content=\"image\/jpeg\" \/>\n<meta name=\"author\" content=\"jenca\" \/>\n<meta name=\"twitter:card\" content=\"summary_large_image\" \/>\n<meta name=\"twitter:label1\" content=\"Autor\" \/>\n\t<meta name=\"twitter:data1\" content=\"jenca\" \/>\n\t<meta name=\"twitter:label2\" content=\"Predpokladan\u00fd \u010das \u010d\u00edtania\" \/>\n\t<meta name=\"twitter:data2\" content=\"2 min\u00faty\" \/>\n<script type=\"application\/ld+json\" class=\"yoast-schema-graph\">{\"@context\":\"https:\/\/schema.org\",\"@graph\":[{\"@type\":\"Article\",\"@id\":\"https:\/\/www.vkpbratislava.sk\/?p=14085#article\",\"isPartOf\":{\"@id\":\"https:\/\/www.vkpbratislava.sk\/?p=14085\"},\"author\":{\"name\":\"jenca\",\"@id\":\"https:\/\/www.vkpbratislava.sk\/#\/schema\/person\/7037e769f9515aa58493d1b5852c4c50\"},\"headline\":\"Do klubu prich\u00e1dza argent\u00ednska reprezentantka. Poch\u00e1dza z Messiho mesta\",\"datePublished\":\"2022-08-01T07:43:53+00:00\",\"mainEntityOfPage\":{\"@id\":\"https:\/\/www.vkpbratislava.sk\/?p=14085\"},\"wordCount\":427,\"publisher\":{\"@id\":\"https:\/\/www.vkpbratislava.sk\/#organization\"},\"image\":{\"@id\":\"https:\/\/www.vkpbratislava.sk\/?p=14085#primaryimage\"},\"thumbnailUrl\":\"https:\/\/www.vkpbratislava.sk\/wp-content\/uploads\/2022\/07\/MARIA-PELOZO-20ARG-scaled-1.jpg\",\"articleSection\":[\"\u017deny\"],\"inLanguage\":\"sk-SK\"},{\"@type\":\"WebPage\",\"@id\":\"https:\/\/www.vkpbratislava.sk\/?p=14085\",\"url\":\"https:\/\/www.vkpbratislava.sk\/?p=14085\",\"name\":\"Do klubu prich\u00e1dza argent\u00ednska reprezentantka. Poch\u00e1dza z Messiho mesta - VK SLOVAN Bratislava\",\"isPartOf\":{\"@id\":\"https:\/\/www.vkpbratislava.sk\/#website\"},\"primaryImageOfPage\":{\"@id\":\"https:\/\/www.vkpbratislava.sk\/?p=14085#primaryimage\"},\"image\":{\"@id\":\"https:\/\/www.vkpbratislava.sk\/?p=14085#primaryimage\"},\"thumbnailUrl\":\"https:\/\/www.vkpbratislava.sk\/wp-content\/uploads\/2022\/07\/MARIA-PELOZO-20ARG-scaled-1.jpg\",\"datePublished\":\"2022-08-01T07:43:53+00:00\",\"description\":\"Zvu\u010dn\u00e9 meno posiln\u00ed \u017eensk\u00fd t\u00edm VKP Bratislava. V\u00a0novej sez\u00f3ne bude dres \u201epolicajtiek\u201c oblieka\u0165 dvadsa\u0165dvaro\u010dn\u00e9 libero a argent\u00ednska reprezentantka Agostina Pelozo.\",\"breadcrumb\":{\"@id\":\"https:\/\/www.vkpbratislava.sk\/?p=14085#breadcrumb\"},\"inLanguage\":\"sk-SK\",\"potentialAction\":[{\"@type\":\"ReadAction\",\"target\":[\"https:\/\/www.vkpbratislava.sk\/?p=14085\"]}]},{\"@type\":\"ImageObject\",\"inLanguage\":\"sk-SK\",\"@id\":\"https:\/\/www.vkpbratislava.sk\/?p=14085#primaryimage\",\"url\":\"https:\/\/www.vkpbratislava.sk\/wp-content\/uploads\/2022\/07\/MARIA-PELOZO-20ARG-scaled-1.jpg\",\"contentUrl\":\"https:\/\/www.vkpbratislava.sk\/wp-content\/uploads\/2022\/07\/MARIA-PELOZO-20ARG-scaled-1.jpg\",\"width\":2560,\"height\":1707},{\"@type\":\"BreadcrumbList\",\"@id\":\"https:\/\/www.vkpbratislava.sk\/?p=14085#breadcrumb\",\"itemListElement\":[{\"@type\":\"ListItem\",\"position\":1,\"name\":\"Domov\",\"item\":\"https:\/\/www.vkpbratislava.sk\/\"},{\"@type\":\"ListItem\",\"position\":2,\"name\":\"Do klubu prich\u00e1dza argent\u00ednska reprezentantka. Poch\u00e1dza z Messiho mesta\"}]},{\"@type\":\"WebSite\",\"@id\":\"https:\/\/www.vkpbratislava.sk\/#website\",\"url\":\"https:\/\/www.vkpbratislava.sk\/\",\"name\":\"VK SLOVAN Bratislava\",\"description\":\"Volejbalov\u00fd klub\",\"publisher\":{\"@id\":\"https:\/\/www.vkpbratislava.sk\/#organization\"},\"potentialAction\":[{\"@type\":\"SearchAction\",\"target\":{\"@type\":\"EntryPoint\",\"urlTemplate\":\"https:\/\/www.vkpbratislava.sk\/?s={search_term_string}\"},\"query-input\":{\"@type\":\"PropertyValueSpecification\",\"valueRequired\":true,\"valueName\":\"search_term_string\"}}],\"inLanguage\":\"sk-SK\"},{\"@type\":\"Organization\",\"@id\":\"https:\/\/www.vkpbratislava.sk\/#organization\",\"name\":\"VKP Bratislava\",\"url\":\"https:\/\/www.vkpbratislava.sk\/\",\"logo\":{\"@type\":\"ImageObject\",\"inLanguage\":\"sk-SK\",\"@id\":\"https:\/\/www.vkpbratislava.sk\/#\/schema\/logo\/image\/\",\"url\":\"https:\/\/www.vkpbratislava.sk\/wp-content\/uploads\/2020\/10\/vkpBA.png\",\"contentUrl\":\"https:\/\/www.vkpbratislava.sk\/wp-content\/uploads\/2020\/10\/vkpBA.png\",\"width\":600,\"height\":600,\"caption\":\"VKP Bratislava\"},\"image\":{\"@id\":\"https:\/\/www.vkpbratislava.sk\/#\/schema\/logo\/image\/\"}},{\"@type\":\"Person\",\"@id\":\"https:\/\/www.vkpbratislava.sk\/#\/schema\/person\/7037e769f9515aa58493d1b5852c4c50\",\"name\":\"jenca\",\"image\":{\"@type\":\"ImageObject\",\"inLanguage\":\"sk-SK\",\"@id\":\"https:\/\/www.vkpbratislava.sk\/#\/schema\/person\/image\/\",\"url\":\"https:\/\/secure.gravatar.com\/avatar\/67aa89e9aab2911bbd0c6fbf0a891ea8d80c207c9b6a6e2c96e13fc2f16e536d?s=96&d=mm&r=g\",\"contentUrl\":\"https:\/\/secure.gravatar.com\/avatar\/67aa89e9aab2911bbd0c6fbf0a891ea8d80c207c9b6a6e2c96e13fc2f16e536d?s=96&d=mm&r=g\",\"caption\":\"jenca\"},\"url\":\"https:\/\/www.vkpbratislava.sk\/?author=3\"}]}<\/script>\n<!-- \/ Yoast SEO plugin. -->","yoast_head_json":{"title":"Do klubu prich\u00e1dza argent\u00ednska reprezentantka. Poch\u00e1dza z Messiho mesta - VK SLOVAN Bratislava","description":"Zvu\u010dn\u00e9 meno posiln\u00ed \u017eensk\u00fd t\u00edm VKP Bratislava. V\u00a0novej sez\u00f3ne bude dres \u201epolicajtiek\u201c oblieka\u0165 dvadsa\u0165dvaro\u010dn\u00e9 libero a argent\u00ednska reprezentantka Agostina Pelozo.","robots":{"index":"index","follow":"follow","max-snippet":"max-snippet:-1","max-image-preview":"max-image-preview:large","max-video-preview":"max-video-preview:-1"},"canonical":"https:\/\/www.vkpbratislava.sk\/?p=14085","og_locale":"sk_SK","og_type":"article","og_title":"Do klubu prich\u00e1dza argent\u00ednska reprezentantka. Poch\u00e1dza z Messiho mesta - VK SLOVAN Bratislava","og_description":"Zvu\u010dn\u00e9 meno posiln\u00ed \u017eensk\u00fd t\u00edm VKP Bratislava. V\u00a0novej sez\u00f3ne bude dres \u201epolicajtiek\u201c oblieka\u0165 dvadsa\u0165dvaro\u010dn\u00e9 libero a argent\u00ednska reprezentantka Agostina Pelozo.","og_url":"https:\/\/www.vkpbratislava.sk\/?p=14085","og_site_name":"VK SLOVAN Bratislava","article_published_time":"2022-08-01T07:43:53+00:00","og_image":[{"width":2560,"height":1707,"url":"https:\/\/www.vkpbratislava.sk\/wp-content\/uploads\/2022\/07\/MARIA-PELOZO-20ARG-scaled-1.jpg","type":"image\/jpeg"}],"author":"jenca","twitter_card":"summary_large_image","twitter_misc":{"Autor":"jenca","Predpokladan\u00fd \u010das \u010d\u00edtania":"2 min\u00faty"},"schema":{"@context":"https:\/\/schema.org","@graph":[{"@type":"Article","@id":"https:\/\/www.vkpbratislava.sk\/?p=14085#article","isPartOf":{"@id":"https:\/\/www.vkpbratislava.sk\/?p=14085"},"author":{"name":"jenca","@id":"https:\/\/www.vkpbratislava.sk\/#\/schema\/person\/7037e769f9515aa58493d1b5852c4c50"},"headline":"Do klubu prich\u00e1dza argent\u00ednska reprezentantka. Poch\u00e1dza z Messiho mesta","datePublished":"2022-08-01T07:43:53+00:00","mainEntityOfPage":{"@id":"https:\/\/www.vkpbratislava.sk\/?p=14085"},"wordCount":427,"publisher":{"@id":"https:\/\/www.vkpbratislava.sk\/#organization"},"image":{"@id":"https:\/\/www.vkpbratislava.sk\/?p=14085#primaryimage"},"thumbnailUrl":"https:\/\/www.vkpbratislava.sk\/wp-content\/uploads\/2022\/07\/MARIA-PELOZO-20ARG-scaled-1.jpg","articleSection":["\u017deny"],"inLanguage":"sk-SK"},{"@type":"WebPage","@id":"https:\/\/www.vkpbratislava.sk\/?p=14085","url":"https:\/\/www.vkpbratislava.sk\/?p=14085","name":"Do klubu prich\u00e1dza argent\u00ednska reprezentantka. Poch\u00e1dza z Messiho mesta - VK SLOVAN Bratislava","isPartOf":{"@id":"https:\/\/www.vkpbratislava.sk\/#website"},"primaryImageOfPage":{"@id":"https:\/\/www.vkpbratislava.sk\/?p=14085#primaryimage"},"image":{"@id":"https:\/\/www.vkpbratislava.sk\/?p=14085#primaryimage"},"thumbnailUrl":"https:\/\/www.vkpbratislava.sk\/wp-content\/uploads\/2022\/07\/MARIA-PELOZO-20ARG-scaled-1.jpg","datePublished":"2022-08-01T07:43:53+00:00","description":"Zvu\u010dn\u00e9 meno posiln\u00ed \u017eensk\u00fd t\u00edm VKP Bratislava. V\u00a0novej sez\u00f3ne bude dres \u201epolicajtiek\u201c oblieka\u0165 dvadsa\u0165dvaro\u010dn\u00e9 libero a argent\u00ednska reprezentantka Agostina Pelozo.","breadcrumb":{"@id":"https:\/\/www.vkpbratislava.sk\/?p=14085#breadcrumb"},"inLanguage":"sk-SK","potentialAction":[{"@type":"ReadAction","target":["https:\/\/www.vkpbratislava.sk\/?p=14085"]}]},{"@type":"ImageObject","inLanguage":"sk-SK","@id":"https:\/\/www.vkpbratislava.sk\/?p=14085#primaryimage","url":"https:\/\/www.vkpbratislava.sk\/wp-content\/uploads\/2022\/07\/MARIA-PELOZO-20ARG-scaled-1.jpg","contentUrl":"https:\/\/www.vkpbratislava.sk\/wp-content\/uploads\/2022\/07\/MARIA-PELOZO-20ARG-scaled-1.jpg","width":2560,"height":1707},{"@type":"BreadcrumbList","@id":"https:\/\/www.vkpbratislava.sk\/?p=14085#breadcrumb","itemListElement":[{"@type":"ListItem","position":1,"name":"Domov","item":"https:\/\/www.vkpbratislava.sk\/"},{"@type":"ListItem","position":2,"name":"Do klubu prich\u00e1dza argent\u00ednska reprezentantka. Poch\u00e1dza z Messiho mesta"}]},{"@type":"WebSite","@id":"https:\/\/www.vkpbratislava.sk\/#website","url":"https:\/\/www.vkpbratislava.sk\/","name":"VK SLOVAN Bratislava","description":"Volejbalov\u00fd klub","publisher":{"@id":"https:\/\/www.vkpbratislava.sk\/#organization"},"potentialAction":[{"@type":"SearchAction","target":{"@type":"EntryPoint","urlTemplate":"https:\/\/www.vkpbratislava.sk\/?s={search_term_string}"},"query-input":{"@type":"PropertyValueSpecification","valueRequired":true,"valueName":"search_term_string"}}],"inLanguage":"sk-SK"},{"@type":"Organization","@id":"https:\/\/www.vkpbratislava.sk\/#organization","name":"VKP Bratislava","url":"https:\/\/www.vkpbratislava.sk\/","logo":{"@type":"ImageObject","inLanguage":"sk-SK","@id":"https:\/\/www.vkpbratislava.sk\/#\/schema\/logo\/image\/","url":"https:\/\/www.vkpbratislava.sk\/wp-content\/uploads\/2020\/10\/vkpBA.png","contentUrl":"https:\/\/www.vkpbratislava.sk\/wp-content\/uploads\/2020\/10\/vkpBA.png","width":600,"height":600,"caption":"VKP Bratislava"},"image":{"@id":"https:\/\/www.vkpbratislava.sk\/#\/schema\/logo\/image\/"}},{"@type":"Person","@id":"https:\/\/www.vkpbratislava.sk\/#\/schema\/person\/7037e769f9515aa58493d1b5852c4c50","name":"jenca","image":{"@type":"ImageObject","inLanguage":"sk-SK","@id":"https:\/\/www.vkpbratislava.sk\/#\/schema\/person\/image\/","url":"https:\/\/secure.gravatar.com\/avatar\/67aa89e9aab2911bbd0c6fbf0a891ea8d80c207c9b6a6e2c96e13fc2f16e536d?s=96&d=mm&r=g","contentUrl":"https:\/\/secure.gravatar.com\/avatar\/67aa89e9aab2911bbd0c6fbf0a891ea8d80c207c9b6a6e2c96e13fc2f16e536d?s=96&d=mm&r=g","caption":"jenca"},"url":"https:\/\/www.vkpbratislava.sk\/?author=3"}]}},"_links":{"self":[{"href":"https:\/\/www.vkpbratislava.sk\/index.php?rest_route=\/wp\/v2\/posts\/14085","targetHints":{"allow":["GET"]}}],"collection":[{"href":"https:\/\/www.vkpbratislava.sk\/index.php?rest_route=\/wp\/v2\/posts"}],"about":[{"href":"https:\/\/www.vkpbratislava.sk\/index.php?rest_route=\/wp\/v2\/types\/post"}],"author":[{"embeddable":true,"href":"https:\/\/www.vkpbratislava.sk\/index.php?rest_route=\/wp\/v2\/users\/3"}],"replies":[{"embeddable":true,"href":"https:\/\/www.vkpbratislava.sk\/index.php?rest_route=%2Fwp%2Fv2%2Fcomments&post=14085"}],"version-history":[{"count":3,"href":"https:\/\/www.vkpbratislava.sk\/index.php?rest_route=\/wp\/v2\/posts\/14085\/revisions"}],"predecessor-version":[{"id":14091,"href":"https:\/\/www.vkpbratislava.sk\/index.php?rest_route=\/wp\/v2\/posts\/14085\/revisions\/14091"}],"wp:featuredmedia":[{"embeddable":true,"href":"https:\/\/www.vkpbratislava.sk\/index.php?rest_route=\/wp\/v2\/media\/14086"}],"wp:attachment":[{"href":"https:\/\/www.vkpbratislava.sk\/index.php?rest_route=%2Fwp%2Fv2%2Fmedia&parent=14085"}],"wp:term":[{"taxonomy":"category","embeddable":true,"href":"https:\/\/www.vkpbratislava.sk\/index.php?rest_route=%2Fwp%2Fv2%2Fcategories&post=14085"},{"taxonomy":"post_tag","embeddable":true,"href":"https:\/\/www.vkpbratislava.sk\/index.php?rest_route=%2Fwp%2Fv2%2Ftags&post=14085"}],"curies":[{"name":"wp","href":"https:\/\/api.w.org\/{rel}","templated":true}]}}