{"id":14093,"date":"2022-08-08T10:00:25","date_gmt":"2022-08-08T08:00:25","guid":{"rendered":"https:\/\/www.vkpbratislava.sk\/?p=14093"},"modified":"2022-08-08T10:57:41","modified_gmt":"2022-08-08T08:57:41","slug":"kamarati-na-lavicke-jakub-hronsky-asistentom-pavla-bernatha","status":"publish","type":"post","link":"https:\/\/www.vkpbratislava.sk\/?p=14093","title":{"rendered":"Kamar\u00e1ti na lavi\u010dke. Jakub Hronsk\u00fd asistentom Pavla Bern\u00e1tha"},"content":{"rendered":"<p><strong>V\u00a0novej sez\u00f3ne aj s\u00a0nov\u00fdm realiza\u010dn\u00fdm t\u00edmom. Pri \u017eenskom \u00e1\u010dku bude hlavn\u00e9mu kormideln\u00edkovu Pavlovi Bern\u00e1thovi robi\u0165 asistenta ml\u00e1de\u017en\u00edcky tr\u00e9ner Jakub Hronsk\u00fd, ktor\u00e9ho sme vyspovedali pred \u0161tartom letnej pr\u00edpravy.<\/strong><\/p>\n<p><strong>Ako vyzer\u00e1 va\u0161e leto?<\/strong><\/p>\n<p>&#8211; Leto mi skon\u010dilo pomerne skoro. Pr\u00edpravu s\u00a0juniorkami za\u010d\u00edname u\u017e dnes \u013eah\u0161\u00edm tr\u00e9ningom a\u00a0poradou a\u00a0rozdel\u00edme sa do v\u00fdkonnostn\u00fdch a\u00a0postov\u00fdch skup\u00edn. So \u017eenami \u0161tartujeme 15. augusta, tak\u017ee sa to rozbehne u\u017e naplno.<\/p>\n<p><strong>O\u00a0hr\u00e1\u010dskom k\u00e1dri pri \u017een\u00e1ch vieme dos\u0165. Podarilo sa z\u00edska\u0165 aj nejak\u00e9 n\u00e1deje do junioriek?<\/strong><\/p>\n<p>&#8211; Staviame to tak, aby boli u\u017e viac prepojen\u00e9 juniorky s\u00a0A-dru\u017estvom. Pri\u0161li dve, tri zauj\u00edmav\u00e9 baby. Juniorsk\u00fa ligu si prv\u00fd rok ideme vysk\u00fa\u0161a\u0165, o\u0165uka\u0165 sa.<\/p>\n<p><strong>Ako vid\u00edte zlo\u017eenie \u00e1\u010dka, v\u00a0ktorom budete robi\u0165 asistenta tr\u00e9nerovi Bern\u00e1thovi?<\/strong><\/p>\n<p>&#8211; Vyzer\u00e1 to ve\u013emi zauj\u00edmav\u00e9 a\u00a0dobr\u00e9. Je to tak\u00fd mi\u0161ung mlad\u00fdch slovensk\u00fdch hr\u00e1\u010dom a\u00a0mlad\u00fdch zahrani\u010dn\u00fdch pos\u00edl. Bude sa ve\u013ea robi\u0165, ale to bola v\u017edy dom\u00e9na Pavla Bern\u00e1tha. Na za\u010diatku sa muselo pracova\u0165 a\u00a0na konci sa \u010dosi udialo&#8230;<\/p>\n<p><strong>Kedy ste sa v\u00f4bec spoznali s Pavlom Bern\u00e1thom?<\/strong><\/p>\n<p>&#8211; To je d\u00e1vno. Prv\u00fdkr\u00e1t som ho videl, ke\u010f ma tr\u00e9noval v\u00a0\u017eiackom t\u00edme. Potom dlho dlho ni\u010d a\u00a0za\u010dali sme spolupracova\u0165 v\u00a0Pezinku, \u010do u\u017e je teraz asi 9 rokov. Tri sez\u00f3ny sme spolu robili, sme ve\u013emi dobr\u00ed kamar\u00e1ti, tak\u017ee si budeme rozumie\u0165.<\/p>\n<p><strong>Vraj ste pochodili v\u00a0poslednom \u010dase ve\u013ea turnajov&#8230;.<\/strong><\/p>\n<p>&#8211; Pre\u0161li sme si v\u0161etky ml\u00e1de\u017en\u00edcke fin\u00e1lov\u00e9 turnaje. Sledovali sme ako to vyzer\u00e1, spravili si skauting hr\u00e1\u010dok, nie\u010do sme aj zobrali do VKP. Nie je to ni\u010d nov\u00e9, my nav\u0161tevujeme r\u00f4zne turnaje na Slovensku aj v\u00a0\u010cech\u00e1ch nech m\u00e1me \u010do naj\u0161ir\u0161\u00ed obraz o\u00a0talentovan\u00fdch hr\u00e1\u010dkach.<\/p>\n<p><strong>VKP m\u00e1 pred sebou tretiu sez\u00f3nu po n\u00e1vrate do Bratislavy, druh\u00fa u\u017e aj so \u017eensk\u00fdm dru\u017estvom. M\u00f4\u017ee diev\u010densk\u00e1 zlo\u017eka \u00faspe\u0161ne nadviaza\u0165 na chlap\u010densk\u00fa?<\/strong><\/p>\n<p>&#8211; VKP bol tradi\u010dne chlapsk\u00fd klub, v\u017edy tam fungovala kontinuita ml\u00e1de\u017ee so seniormi. Do \u00e1\u010dka VKP \u0161li vlastn\u00ed odchovanci a\u00a0k\u00a0tomu sa niekto pritrafil. Diev\u010densk\u00e1 zlo\u017eka e\u0161te len teraz za\u010dala, fungujeme ofici\u00e1lne druh\u00fd rok. Chceme nakro\u010di\u0165 k\u00a0tomu, aby sme aj pri \u017een\u00e1ch dok\u00e1zali vychova\u0165 skvel\u00e9 volejbalistky.<\/p>\n<p><strong>A\u00a0ak\u00e9 m\u00e1te \u017eelania, amb\u00edcie pred novou sez\u00f3nou?<\/strong><\/p>\n<p>&#8211; Gro mojej pr\u00e1ce je najm\u00e4 diev\u010densk\u00e1 ml\u00e1de\u017e, lebo tam to chceme rozbehn\u00fa\u0165. A\u00a0ke\u010f Pa\u013eo dostane vir\u00f3zu, pokojne odkau\u010dujem aj \u00e1\u010dko. Ve\u010f u\u017e som zaskakoval pri mu\u017eoch minul\u00fa sez\u00f3nu ako hlavn\u00fd tr\u00e9ner, ke\u010f sme porazili Myjavu (smiech).<\/p>\n","protected":false},"excerpt":{"rendered":"<p>V\u00a0novej sez\u00f3ne aj s\u00a0nov\u00fdm realiza\u010dn\u00fdm t\u00edmom. Pri \u017eenskom \u00e1\u010dku bude hlavn\u00e9mu kormideln\u00edkovu Pavlovi Bern\u00e1thovi robi\u0165 asistenta ml\u00e1de\u017en\u00edcky tr\u00e9ner Jakub Hronsk\u00fd, ktor\u00e9ho sme vyspovedali pred \u0161tartom letnej pr\u00edpravy.<\/p>\n","protected":false},"author":3,"featured_media":10723,"comment_status":"closed","ping_status":"closed","sticky":false,"template":"","format":"standard","meta":{"_monsterinsights_skip_tracking":false,"_monsterinsights_sitenote_active":false,"_monsterinsights_sitenote_note":"","_monsterinsights_sitenote_category":0,"footnotes":""},"categories":[50,48],"tags":[],"class_list":["post-14093","post","type-post","status-publish","format-standard","has-post-thumbnail","hentry","category-mladez","category-zeny"],"yoast_head":"<!-- This site is optimized with the Yoast SEO plugin v25.6 - https:\/\/yoast.com\/wordpress\/plugins\/seo\/ -->\n<title>Kamar\u00e1ti na lavi\u010dke. Jakub Hronsk\u00fd asistentom Pavla Bern\u00e1tha - VK SLOVAN Bratislava<\/title>\n<meta name=\"description\" content=\"V\u00a0novej sez\u00f3ne aj s\u00a0nov\u00fdm realiza\u010dn\u00fdm t\u00edmom. Pri \u017eenskom \u00e1\u010dku bude hlavn\u00e9mu kormideln\u00edkovu Pavlovi Bern\u00e1thovi robi\u0165 asistenta ml\u00e1de\u017en\u00edcky tr\u00e9ner Jakub Hronsk\u00fd, ktor\u00e9ho sme vyspovedali pred \u0161tartom letnej pr\u00edpravy.\" \/>\n<meta name=\"robots\" content=\"index, follow, max-snippet:-1, max-image-preview:large, max-video-preview:-1\" \/>\n<link rel=\"canonical\" href=\"https:\/\/www.vkpbratislava.sk\/?p=14093\" \/>\n<meta property=\"og:locale\" content=\"sk_SK\" \/>\n<meta property=\"og:type\" content=\"article\" \/>\n<meta property=\"og:title\" content=\"Kamar\u00e1ti na lavi\u010dke. Jakub Hronsk\u00fd asistentom Pavla Bern\u00e1tha - VK SLOVAN Bratislava\" \/>\n<meta property=\"og:description\" content=\"V\u00a0novej sez\u00f3ne aj s\u00a0nov\u00fdm realiza\u010dn\u00fdm t\u00edmom. Pri \u017eenskom \u00e1\u010dku bude hlavn\u00e9mu kormideln\u00edkovu Pavlovi Bern\u00e1thovi robi\u0165 asistenta ml\u00e1de\u017en\u00edcky tr\u00e9ner Jakub Hronsk\u00fd, ktor\u00e9ho sme vyspovedali pred \u0161tartom letnej pr\u00edpravy.\" \/>\n<meta property=\"og:url\" content=\"https:\/\/www.vkpbratislava.sk\/?p=14093\" \/>\n<meta property=\"og:site_name\" content=\"VK SLOVAN Bratislava\" \/>\n<meta property=\"article:published_time\" content=\"2022-08-08T08:00:25+00:00\" \/>\n<meta property=\"article:modified_time\" content=\"2022-08-08T08:57:41+00:00\" \/>\n<meta property=\"og:image\" content=\"https:\/\/www.vkpbratislava.sk\/wp-content\/uploads\/2022\/01\/DF1A8113.jpg\" \/>\n\t<meta property=\"og:image:width\" content=\"2048\" \/>\n\t<meta property=\"og:image:height\" content=\"1365\" \/>\n\t<meta property=\"og:image:type\" content=\"image\/jpeg\" \/>\n<meta name=\"author\" content=\"jenca\" \/>\n<meta name=\"twitter:card\" content=\"summary_large_image\" \/>\n<meta name=\"twitter:label1\" content=\"Autor\" \/>\n\t<meta name=\"twitter:data1\" content=\"jenca\" \/>\n\t<meta name=\"twitter:label2\" content=\"Predpokladan\u00fd \u010das \u010d\u00edtania\" \/>\n\t<meta name=\"twitter:data2\" content=\"3 min\u00faty\" \/>\n<script type=\"application\/ld+json\" class=\"yoast-schema-graph\">{\"@context\":\"https:\/\/schema.org\",\"@graph\":[{\"@type\":\"Article\",\"@id\":\"https:\/\/www.vkpbratislava.sk\/?p=14093#article\",\"isPartOf\":{\"@id\":\"https:\/\/www.vkpbratislava.sk\/?p=14093\"},\"author\":{\"name\":\"jenca\",\"@id\":\"https:\/\/www.vkpbratislava.sk\/#\/schema\/person\/7037e769f9515aa58493d1b5852c4c50\"},\"headline\":\"Kamar\u00e1ti na lavi\u010dke. Jakub Hronsk\u00fd asistentom Pavla Bern\u00e1tha\",\"datePublished\":\"2022-08-08T08:00:25+00:00\",\"dateModified\":\"2022-08-08T08:57:41+00:00\",\"mainEntityOfPage\":{\"@id\":\"https:\/\/www.vkpbratislava.sk\/?p=14093\"},\"wordCount\":507,\"publisher\":{\"@id\":\"https:\/\/www.vkpbratislava.sk\/#organization\"},\"image\":{\"@id\":\"https:\/\/www.vkpbratislava.sk\/?p=14093#primaryimage\"},\"thumbnailUrl\":\"https:\/\/www.vkpbratislava.sk\/wp-content\/uploads\/2022\/01\/DF1A8113.jpg\",\"articleSection\":[\"Ml\u00e1de\u017e\",\"\u017deny\"],\"inLanguage\":\"sk-SK\"},{\"@type\":\"WebPage\",\"@id\":\"https:\/\/www.vkpbratislava.sk\/?p=14093\",\"url\":\"https:\/\/www.vkpbratislava.sk\/?p=14093\",\"name\":\"Kamar\u00e1ti na lavi\u010dke. Jakub Hronsk\u00fd asistentom Pavla Bern\u00e1tha - VK SLOVAN Bratislava\",\"isPartOf\":{\"@id\":\"https:\/\/www.vkpbratislava.sk\/#website\"},\"primaryImageOfPage\":{\"@id\":\"https:\/\/www.vkpbratislava.sk\/?p=14093#primaryimage\"},\"image\":{\"@id\":\"https:\/\/www.vkpbratislava.sk\/?p=14093#primaryimage\"},\"thumbnailUrl\":\"https:\/\/www.vkpbratislava.sk\/wp-content\/uploads\/2022\/01\/DF1A8113.jpg\",\"datePublished\":\"2022-08-08T08:00:25+00:00\",\"dateModified\":\"2022-08-08T08:57:41+00:00\",\"description\":\"V\u00a0novej sez\u00f3ne aj s\u00a0nov\u00fdm realiza\u010dn\u00fdm t\u00edmom. Pri \u017eenskom \u00e1\u010dku bude hlavn\u00e9mu kormideln\u00edkovu Pavlovi Bern\u00e1thovi robi\u0165 asistenta ml\u00e1de\u017en\u00edcky tr\u00e9ner Jakub Hronsk\u00fd, ktor\u00e9ho sme vyspovedali pred \u0161tartom letnej pr\u00edpravy.\",\"breadcrumb\":{\"@id\":\"https:\/\/www.vkpbratislava.sk\/?p=14093#breadcrumb\"},\"inLanguage\":\"sk-SK\",\"potentialAction\":[{\"@type\":\"ReadAction\",\"target\":[\"https:\/\/www.vkpbratislava.sk\/?p=14093\"]}]},{\"@type\":\"ImageObject\",\"inLanguage\":\"sk-SK\",\"@id\":\"https:\/\/www.vkpbratislava.sk\/?p=14093#primaryimage\",\"url\":\"https:\/\/www.vkpbratislava.sk\/wp-content\/uploads\/2022\/01\/DF1A8113.jpg\",\"contentUrl\":\"https:\/\/www.vkpbratislava.sk\/wp-content\/uploads\/2022\/01\/DF1A8113.jpg\",\"width\":2048,\"height\":1365},{\"@type\":\"BreadcrumbList\",\"@id\":\"https:\/\/www.vkpbratislava.sk\/?p=14093#breadcrumb\",\"itemListElement\":[{\"@type\":\"ListItem\",\"position\":1,\"name\":\"Domov\",\"item\":\"https:\/\/www.vkpbratislava.sk\/\"},{\"@type\":\"ListItem\",\"position\":2,\"name\":\"Kamar\u00e1ti na lavi\u010dke. Jakub Hronsk\u00fd asistentom Pavla Bern\u00e1tha\"}]},{\"@type\":\"WebSite\",\"@id\":\"https:\/\/www.vkpbratislava.sk\/#website\",\"url\":\"https:\/\/www.vkpbratislava.sk\/\",\"name\":\"VK SLOVAN Bratislava\",\"description\":\"Volejbalov\u00fd klub\",\"publisher\":{\"@id\":\"https:\/\/www.vkpbratislava.sk\/#organization\"},\"potentialAction\":[{\"@type\":\"SearchAction\",\"target\":{\"@type\":\"EntryPoint\",\"urlTemplate\":\"https:\/\/www.vkpbratislava.sk\/?s={search_term_string}\"},\"query-input\":{\"@type\":\"PropertyValueSpecification\",\"valueRequired\":true,\"valueName\":\"search_term_string\"}}],\"inLanguage\":\"sk-SK\"},{\"@type\":\"Organization\",\"@id\":\"https:\/\/www.vkpbratislava.sk\/#organization\",\"name\":\"VKP Bratislava\",\"url\":\"https:\/\/www.vkpbratislava.sk\/\",\"logo\":{\"@type\":\"ImageObject\",\"inLanguage\":\"sk-SK\",\"@id\":\"https:\/\/www.vkpbratislava.sk\/#\/schema\/logo\/image\/\",\"url\":\"https:\/\/www.vkpbratislava.sk\/wp-content\/uploads\/2020\/10\/vkpBA.png\",\"contentUrl\":\"https:\/\/www.vkpbratislava.sk\/wp-content\/uploads\/2020\/10\/vkpBA.png\",\"width\":600,\"height\":600,\"caption\":\"VKP Bratislava\"},\"image\":{\"@id\":\"https:\/\/www.vkpbratislava.sk\/#\/schema\/logo\/image\/\"}},{\"@type\":\"Person\",\"@id\":\"https:\/\/www.vkpbratislava.sk\/#\/schema\/person\/7037e769f9515aa58493d1b5852c4c50\",\"name\":\"jenca\",\"image\":{\"@type\":\"ImageObject\",\"inLanguage\":\"sk-SK\",\"@id\":\"https:\/\/www.vkpbratislava.sk\/#\/schema\/person\/image\/\",\"url\":\"https:\/\/secure.gravatar.com\/avatar\/67aa89e9aab2911bbd0c6fbf0a891ea8d80c207c9b6a6e2c96e13fc2f16e536d?s=96&d=mm&r=g\",\"contentUrl\":\"https:\/\/secure.gravatar.com\/avatar\/67aa89e9aab2911bbd0c6fbf0a891ea8d80c207c9b6a6e2c96e13fc2f16e536d?s=96&d=mm&r=g\",\"caption\":\"jenca\"},\"url\":\"https:\/\/www.vkpbratislava.sk\/?author=3\"}]}<\/script>\n<!-- \/ Yoast SEO plugin. -->","yoast_head_json":{"title":"Kamar\u00e1ti na lavi\u010dke. Jakub Hronsk\u00fd asistentom Pavla Bern\u00e1tha - VK SLOVAN Bratislava","description":"V\u00a0novej sez\u00f3ne aj s\u00a0nov\u00fdm realiza\u010dn\u00fdm t\u00edmom. Pri \u017eenskom \u00e1\u010dku bude hlavn\u00e9mu kormideln\u00edkovu Pavlovi Bern\u00e1thovi robi\u0165 asistenta ml\u00e1de\u017en\u00edcky tr\u00e9ner Jakub Hronsk\u00fd, ktor\u00e9ho sme vyspovedali pred \u0161tartom letnej pr\u00edpravy.","robots":{"index":"index","follow":"follow","max-snippet":"max-snippet:-1","max-image-preview":"max-image-preview:large","max-video-preview":"max-video-preview:-1"},"canonical":"https:\/\/www.vkpbratislava.sk\/?p=14093","og_locale":"sk_SK","og_type":"article","og_title":"Kamar\u00e1ti na lavi\u010dke. Jakub Hronsk\u00fd asistentom Pavla Bern\u00e1tha - VK SLOVAN Bratislava","og_description":"V\u00a0novej sez\u00f3ne aj s\u00a0nov\u00fdm realiza\u010dn\u00fdm t\u00edmom. Pri \u017eenskom \u00e1\u010dku bude hlavn\u00e9mu kormideln\u00edkovu Pavlovi Bern\u00e1thovi robi\u0165 asistenta ml\u00e1de\u017en\u00edcky tr\u00e9ner Jakub Hronsk\u00fd, ktor\u00e9ho sme vyspovedali pred \u0161tartom letnej pr\u00edpravy.","og_url":"https:\/\/www.vkpbratislava.sk\/?p=14093","og_site_name":"VK SLOVAN Bratislava","article_published_time":"2022-08-08T08:00:25+00:00","article_modified_time":"2022-08-08T08:57:41+00:00","og_image":[{"width":2048,"height":1365,"url":"https:\/\/www.vkpbratislava.sk\/wp-content\/uploads\/2022\/01\/DF1A8113.jpg","type":"image\/jpeg"}],"author":"jenca","twitter_card":"summary_large_image","twitter_misc":{"Autor":"jenca","Predpokladan\u00fd \u010das \u010d\u00edtania":"3 min\u00faty"},"schema":{"@context":"https:\/\/schema.org","@graph":[{"@type":"Article","@id":"https:\/\/www.vkpbratislava.sk\/?p=14093#article","isPartOf":{"@id":"https:\/\/www.vkpbratislava.sk\/?p=14093"},"author":{"name":"jenca","@id":"https:\/\/www.vkpbratislava.sk\/#\/schema\/person\/7037e769f9515aa58493d1b5852c4c50"},"headline":"Kamar\u00e1ti na lavi\u010dke. Jakub Hronsk\u00fd asistentom Pavla Bern\u00e1tha","datePublished":"2022-08-08T08:00:25+00:00","dateModified":"2022-08-08T08:57:41+00:00","mainEntityOfPage":{"@id":"https:\/\/www.vkpbratislava.sk\/?p=14093"},"wordCount":507,"publisher":{"@id":"https:\/\/www.vkpbratislava.sk\/#organization"},"image":{"@id":"https:\/\/www.vkpbratislava.sk\/?p=14093#primaryimage"},"thumbnailUrl":"https:\/\/www.vkpbratislava.sk\/wp-content\/uploads\/2022\/01\/DF1A8113.jpg","articleSection":["Ml\u00e1de\u017e","\u017deny"],"inLanguage":"sk-SK"},{"@type":"WebPage","@id":"https:\/\/www.vkpbratislava.sk\/?p=14093","url":"https:\/\/www.vkpbratislava.sk\/?p=14093","name":"Kamar\u00e1ti na lavi\u010dke. Jakub Hronsk\u00fd asistentom Pavla Bern\u00e1tha - VK SLOVAN Bratislava","isPartOf":{"@id":"https:\/\/www.vkpbratislava.sk\/#website"},"primaryImageOfPage":{"@id":"https:\/\/www.vkpbratislava.sk\/?p=14093#primaryimage"},"image":{"@id":"https:\/\/www.vkpbratislava.sk\/?p=14093#primaryimage"},"thumbnailUrl":"https:\/\/www.vkpbratislava.sk\/wp-content\/uploads\/2022\/01\/DF1A8113.jpg","datePublished":"2022-08-08T08:00:25+00:00","dateModified":"2022-08-08T08:57:41+00:00","description":"V\u00a0novej sez\u00f3ne aj s\u00a0nov\u00fdm realiza\u010dn\u00fdm t\u00edmom. Pri \u017eenskom \u00e1\u010dku bude hlavn\u00e9mu kormideln\u00edkovu Pavlovi Bern\u00e1thovi robi\u0165 asistenta ml\u00e1de\u017en\u00edcky tr\u00e9ner Jakub Hronsk\u00fd, ktor\u00e9ho sme vyspovedali pred \u0161tartom letnej pr\u00edpravy.","breadcrumb":{"@id":"https:\/\/www.vkpbratislava.sk\/?p=14093#breadcrumb"},"inLanguage":"sk-SK","potentialAction":[{"@type":"ReadAction","target":["https:\/\/www.vkpbratislava.sk\/?p=14093"]}]},{"@type":"ImageObject","inLanguage":"sk-SK","@id":"https:\/\/www.vkpbratislava.sk\/?p=14093#primaryimage","url":"https:\/\/www.vkpbratislava.sk\/wp-content\/uploads\/2022\/01\/DF1A8113.jpg","contentUrl":"https:\/\/www.vkpbratislava.sk\/wp-content\/uploads\/2022\/01\/DF1A8113.jpg","width":2048,"height":1365},{"@type":"BreadcrumbList","@id":"https:\/\/www.vkpbratislava.sk\/?p=14093#breadcrumb","itemListElement":[{"@type":"ListItem","position":1,"name":"Domov","item":"https:\/\/www.vkpbratislava.sk\/"},{"@type":"ListItem","position":2,"name":"Kamar\u00e1ti na lavi\u010dke. Jakub Hronsk\u00fd asistentom Pavla Bern\u00e1tha"}]},{"@type":"WebSite","@id":"https:\/\/www.vkpbratislava.sk\/#website","url":"https:\/\/www.vkpbratislava.sk\/","name":"VK SLOVAN Bratislava","description":"Volejbalov\u00fd klub","publisher":{"@id":"https:\/\/www.vkpbratislava.sk\/#organization"},"potentialAction":[{"@type":"SearchAction","target":{"@type":"EntryPoint","urlTemplate":"https:\/\/www.vkpbratislava.sk\/?s={search_term_string}"},"query-input":{"@type":"PropertyValueSpecification","valueRequired":true,"valueName":"search_term_string"}}],"inLanguage":"sk-SK"},{"@type":"Organization","@id":"https:\/\/www.vkpbratislava.sk\/#organization","name":"VKP Bratislava","url":"https:\/\/www.vkpbratislava.sk\/","logo":{"@type":"ImageObject","inLanguage":"sk-SK","@id":"https:\/\/www.vkpbratislava.sk\/#\/schema\/logo\/image\/","url":"https:\/\/www.vkpbratislava.sk\/wp-content\/uploads\/2020\/10\/vkpBA.png","contentUrl":"https:\/\/www.vkpbratislava.sk\/wp-content\/uploads\/2020\/10\/vkpBA.png","width":600,"height":600,"caption":"VKP Bratislava"},"image":{"@id":"https:\/\/www.vkpbratislava.sk\/#\/schema\/logo\/image\/"}},{"@type":"Person","@id":"https:\/\/www.vkpbratislava.sk\/#\/schema\/person\/7037e769f9515aa58493d1b5852c4c50","name":"jenca","image":{"@type":"ImageObject","inLanguage":"sk-SK","@id":"https:\/\/www.vkpbratislava.sk\/#\/schema\/person\/image\/","url":"https:\/\/secure.gravatar.com\/avatar\/67aa89e9aab2911bbd0c6fbf0a891ea8d80c207c9b6a6e2c96e13fc2f16e536d?s=96&d=mm&r=g","contentUrl":"https:\/\/secure.gravatar.com\/avatar\/67aa89e9aab2911bbd0c6fbf0a891ea8d80c207c9b6a6e2c96e13fc2f16e536d?s=96&d=mm&r=g","caption":"jenca"},"url":"https:\/\/www.vkpbratislava.sk\/?author=3"}]}},"_links":{"self":[{"href":"https:\/\/www.vkpbratislava.sk\/index.php?rest_route=\/wp\/v2\/posts\/14093","targetHints":{"allow":["GET"]}}],"collection":[{"href":"https:\/\/www.vkpbratislava.sk\/index.php?rest_route=\/wp\/v2\/posts"}],"about":[{"href":"https:\/\/www.vkpbratislava.sk\/index.php?rest_route=\/wp\/v2\/types\/post"}],"author":[{"embeddable":true,"href":"https:\/\/www.vkpbratislava.sk\/index.php?rest_route=\/wp\/v2\/users\/3"}],"replies":[{"embeddable":true,"href":"https:\/\/www.vkpbratislava.sk\/index.php?rest_route=%2Fwp%2Fv2%2Fcomments&post=14093"}],"version-history":[{"count":2,"href":"https:\/\/www.vkpbratislava.sk\/index.php?rest_route=\/wp\/v2\/posts\/14093\/revisions"}],"predecessor-version":[{"id":14095,"href":"https:\/\/www.vkpbratislava.sk\/index.php?rest_route=\/wp\/v2\/posts\/14093\/revisions\/14095"}],"wp:featuredmedia":[{"embeddable":true,"href":"https:\/\/www.vkpbratislava.sk\/index.php?rest_route=\/wp\/v2\/media\/10723"}],"wp:attachment":[{"href":"https:\/\/www.vkpbratislava.sk\/index.php?rest_route=%2Fwp%2Fv2%2Fmedia&parent=14093"}],"wp:term":[{"taxonomy":"category","embeddable":true,"href":"https:\/\/www.vkpbratislava.sk\/index.php?rest_route=%2Fwp%2Fv2%2Fcategories&post=14093"},{"taxonomy":"post_tag","embeddable":true,"href":"https:\/\/www.vkpbratislava.sk\/index.php?rest_route=%2Fwp%2Fv2%2Ftags&post=14093"}],"curies":[{"name":"wp","href":"https:\/\/api.w.org\/{rel}","templated":true}]}}