{"id":14710,"date":"2022-09-19T19:00:45","date_gmt":"2022-09-19T17:00:45","guid":{"rendered":"https:\/\/www.vkpbratislava.sk\/?p=14710"},"modified":"2022-09-19T19:04:45","modified_gmt":"2022-09-19T17:04:45","slug":"z-piesku-do-haly-po-roku-sa-do-vkp-vracia-libero-lubos-nemec","status":"publish","type":"post","link":"https:\/\/www.vkpbratislava.sk\/?p=14710","title":{"rendered":"Z\u00a0piesku do haly. Po roku sa do VKP vracia libero \u013dubo\u0161 Nemec"},"content":{"rendered":"<p><strong>Minul\u00fd t\u00fd\u017ede\u0148 bojoval na piesku o\u00a0titul majstra Slovenska, teraz u\u017e zarez\u00e1va v\u00a0hale s\u00a0VKP Bratislava. Po ro\u010dnej pauze sa do k\u00e1dra \u201epolicajtov\u201c vracia libero \u013dubo\u0161 Nemec.<\/strong><\/p>\n<p>Rod\u00e1k zo Zvolena bol pri n\u00e1vrate VKP do Bratislavy, po ro\u010dnej pauze op\u00e4\u0165 oble\u010die jeho dres. \u201eS ponukou pri\u0161iel tr\u00e9ner Robin P\u011blucha a\u00a0viceprezident Eduard Hronsk\u00fd. Oslovili ma, \u010di by som mal z\u00e1ujem v\u00a0tejto sez\u00f3ne sa vr\u00e1ti\u0165 sp\u00e4\u0165 do t\u00edmu. Zmenilo sa dos\u0165 hr\u00e1\u010dov, niektor\u00ed skon\u010dili pri\u0161li nov\u00ed. Pred p\u00e1r d\u0148ami som bol prv\u00fd raz v\u00a0novej hale Domu \u0161portu, ale inak sa nezmenilo ni\u010d, akur\u00e1t je tu tr\u00e9ner Robin P\u011blucha, \u010do vn\u00edmam ako ve\u013ek\u00e9 plus. Mysl\u00edm si, \u017ee sa tu zi\u0161lo dos\u0165 mlad\u00fdch ambici\u00f3znych hr\u00e1\u010dov. Tvrdou pr\u00e1cou m\u00f4\u017eeme dosiahnu\u0165 nejak\u00fd pekn\u00fd v\u00fdsledok,\u201c prezradil \u013dubo\u0161 Nemec, ktor\u00fd patr\u00ed medzi najlep\u0161\u00edch slovensk\u00fdch beachvolejbalistov. Po minuloro\u010dnom titule s\u00a0Marekom Ludhom, tento rok sa s\u00a0Marekom J\u00e1nym stali vicemajstrami Slovenska. \u201ePrechod z\u00a0piesku do haly bol ve\u013emi r\u00fdchly. K\u00a0chalanom som sa pripojil len p\u00e1r dn\u00ed po fin\u00e1lovom turnaji v\u00a0\u0160amor\u00edne. Oni u\u017e mali za sebou mesiac pr\u00edpravy, tr\u00e9ningy aj pr\u00edpravn\u00e9 z\u00e1pasy. Mus\u00edm sa \u010d\u00edm sk\u00f4r adaptova\u0165 a\u00a0nasko\u010di\u0165 do ich tempa,\u201c uviedol \u013dubo\u0161 Nemec. Mu\u017estvo sa bude spolieha\u0165 na jeho ve\u013ek\u00e9 sk\u00fasenosti. \u201eJe to mlad\u00fd k\u00e1der, nejak\u00e9 chybi\u010dky sa v\u00a0z\u00e1pasoch vyskytn\u00fa, ale tvrdou pr\u00e1cou, aj s\u00a0\u010eurim Za\u0165kom im pom\u00f4\u017eeme a\u00a0podar\u00ed sa n\u00e1m zlep\u0161i\u0165 umiestnenie z\u00a0posledn\u00fdch dvoch sez\u00f3n a\u00a0dok\u00e1\u017eeme sa dosta\u0165 aspo\u0148 do semifin\u00e1le,\u201c uzavrel Nemec.<\/p>\n","protected":false},"excerpt":{"rendered":"<p>Minul\u00fd t\u00fd\u017ede\u0148 bojoval na piesku o\u00a0titul majstra Slovenska, teraz u\u017e zarez\u00e1va v\u00a0hale s\u00a0VKP Bratislava. Po ro\u010dnej pauze sa do k\u00e1dra \u201epolicajtov\u201c vracia libero \u013dubo\u0161 Nemec.<\/p>\n","protected":false},"author":3,"featured_media":14712,"comment_status":"closed","ping_status":"closed","sticky":false,"template":"","format":"standard","meta":{"_monsterinsights_skip_tracking":false,"_monsterinsights_sitenote_active":false,"_monsterinsights_sitenote_note":"","_monsterinsights_sitenote_category":0,"footnotes":""},"categories":[47],"tags":[],"class_list":["post-14710","post","type-post","status-publish","format-standard","has-post-thumbnail","hentry","category-muzi"],"yoast_head":"<!-- This site is optimized with the Yoast SEO plugin v25.6 - https:\/\/yoast.com\/wordpress\/plugins\/seo\/ -->\n<title>Z\u00a0piesku do haly. Po roku sa do VKP vracia libero \u013dubo\u0161 Nemec - VK SLOVAN Bratislava<\/title>\n<meta name=\"description\" content=\"Minul\u00fd t\u00fd\u017ede\u0148 bojoval na piesku o\u00a0titul majstra Slovenska, teraz u\u017e zarez\u00e1va v\u00a0hale s\u00a0VKP Bratislava. Po ro\u010dnej pauze sa do k\u00e1dra \u201epolicajtov\u201c vracia libero \u013dubo\u0161 Nemec.\" \/>\n<meta name=\"robots\" content=\"index, follow, max-snippet:-1, max-image-preview:large, max-video-preview:-1\" \/>\n<link rel=\"canonical\" href=\"https:\/\/www.vkpbratislava.sk\/?p=14710\" \/>\n<meta property=\"og:locale\" content=\"sk_SK\" \/>\n<meta property=\"og:type\" content=\"article\" \/>\n<meta property=\"og:title\" content=\"Z\u00a0piesku do haly. Po roku sa do VKP vracia libero \u013dubo\u0161 Nemec - VK SLOVAN Bratislava\" \/>\n<meta property=\"og:description\" content=\"Minul\u00fd t\u00fd\u017ede\u0148 bojoval na piesku o\u00a0titul majstra Slovenska, teraz u\u017e zarez\u00e1va v\u00a0hale s\u00a0VKP Bratislava. Po ro\u010dnej pauze sa do k\u00e1dra \u201epolicajtov\u201c vracia libero \u013dubo\u0161 Nemec.\" \/>\n<meta property=\"og:url\" content=\"https:\/\/www.vkpbratislava.sk\/?p=14710\" \/>\n<meta property=\"og:site_name\" content=\"VK SLOVAN Bratislava\" \/>\n<meta property=\"article:published_time\" content=\"2022-09-19T17:00:45+00:00\" \/>\n<meta property=\"article:modified_time\" content=\"2022-09-19T17:04:45+00:00\" \/>\n<meta property=\"og:image\" content=\"https:\/\/www.vkpbratislava.sk\/wp-content\/uploads\/2022\/09\/DF1A7923.jpg\" \/>\n\t<meta property=\"og:image:width\" content=\"1249\" \/>\n\t<meta property=\"og:image:height\" content=\"742\" \/>\n\t<meta property=\"og:image:type\" content=\"image\/jpeg\" \/>\n<meta name=\"author\" content=\"jenca\" \/>\n<meta name=\"twitter:card\" content=\"summary_large_image\" \/>\n<meta name=\"twitter:label1\" content=\"Autor\" \/>\n\t<meta name=\"twitter:data1\" content=\"jenca\" \/>\n\t<meta name=\"twitter:label2\" content=\"Predpokladan\u00fd \u010das \u010d\u00edtania\" \/>\n\t<meta name=\"twitter:data2\" content=\"2 min\u00faty\" \/>\n<script type=\"application\/ld+json\" class=\"yoast-schema-graph\">{\"@context\":\"https:\/\/schema.org\",\"@graph\":[{\"@type\":\"Article\",\"@id\":\"https:\/\/www.vkpbratislava.sk\/?p=14710#article\",\"isPartOf\":{\"@id\":\"https:\/\/www.vkpbratislava.sk\/?p=14710\"},\"author\":{\"name\":\"jenca\",\"@id\":\"https:\/\/www.vkpbratislava.sk\/#\/schema\/person\/7037e769f9515aa58493d1b5852c4c50\"},\"headline\":\"Z\u00a0piesku do haly. Po roku sa do VKP vracia libero \u013dubo\u0161 Nemec\",\"datePublished\":\"2022-09-19T17:00:45+00:00\",\"dateModified\":\"2022-09-19T17:04:45+00:00\",\"mainEntityOfPage\":{\"@id\":\"https:\/\/www.vkpbratislava.sk\/?p=14710\"},\"wordCount\":314,\"publisher\":{\"@id\":\"https:\/\/www.vkpbratislava.sk\/#organization\"},\"image\":{\"@id\":\"https:\/\/www.vkpbratislava.sk\/?p=14710#primaryimage\"},\"thumbnailUrl\":\"https:\/\/www.vkpbratislava.sk\/wp-content\/uploads\/2022\/09\/DF1A7923.jpg\",\"articleSection\":[\"Mu\u017ei\"],\"inLanguage\":\"sk-SK\"},{\"@type\":\"WebPage\",\"@id\":\"https:\/\/www.vkpbratislava.sk\/?p=14710\",\"url\":\"https:\/\/www.vkpbratislava.sk\/?p=14710\",\"name\":\"Z\u00a0piesku do haly. Po roku sa do VKP vracia libero \u013dubo\u0161 Nemec - VK SLOVAN Bratislava\",\"isPartOf\":{\"@id\":\"https:\/\/www.vkpbratislava.sk\/#website\"},\"primaryImageOfPage\":{\"@id\":\"https:\/\/www.vkpbratislava.sk\/?p=14710#primaryimage\"},\"image\":{\"@id\":\"https:\/\/www.vkpbratislava.sk\/?p=14710#primaryimage\"},\"thumbnailUrl\":\"https:\/\/www.vkpbratislava.sk\/wp-content\/uploads\/2022\/09\/DF1A7923.jpg\",\"datePublished\":\"2022-09-19T17:00:45+00:00\",\"dateModified\":\"2022-09-19T17:04:45+00:00\",\"description\":\"Minul\u00fd t\u00fd\u017ede\u0148 bojoval na piesku o\u00a0titul majstra Slovenska, teraz u\u017e zarez\u00e1va v\u00a0hale s\u00a0VKP Bratislava. Po ro\u010dnej pauze sa do k\u00e1dra \u201epolicajtov\u201c vracia libero \u013dubo\u0161 Nemec.\",\"breadcrumb\":{\"@id\":\"https:\/\/www.vkpbratislava.sk\/?p=14710#breadcrumb\"},\"inLanguage\":\"sk-SK\",\"potentialAction\":[{\"@type\":\"ReadAction\",\"target\":[\"https:\/\/www.vkpbratislava.sk\/?p=14710\"]}]},{\"@type\":\"ImageObject\",\"inLanguage\":\"sk-SK\",\"@id\":\"https:\/\/www.vkpbratislava.sk\/?p=14710#primaryimage\",\"url\":\"https:\/\/www.vkpbratislava.sk\/wp-content\/uploads\/2022\/09\/DF1A7923.jpg\",\"contentUrl\":\"https:\/\/www.vkpbratislava.sk\/wp-content\/uploads\/2022\/09\/DF1A7923.jpg\",\"width\":1249,\"height\":742},{\"@type\":\"BreadcrumbList\",\"@id\":\"https:\/\/www.vkpbratislava.sk\/?p=14710#breadcrumb\",\"itemListElement\":[{\"@type\":\"ListItem\",\"position\":1,\"name\":\"Domov\",\"item\":\"https:\/\/www.vkpbratislava.sk\/\"},{\"@type\":\"ListItem\",\"position\":2,\"name\":\"Z\u00a0piesku do haly. Po roku sa do VKP vracia libero \u013dubo\u0161 Nemec\"}]},{\"@type\":\"WebSite\",\"@id\":\"https:\/\/www.vkpbratislava.sk\/#website\",\"url\":\"https:\/\/www.vkpbratislava.sk\/\",\"name\":\"VK SLOVAN Bratislava\",\"description\":\"Volejbalov\u00fd klub\",\"publisher\":{\"@id\":\"https:\/\/www.vkpbratislava.sk\/#organization\"},\"potentialAction\":[{\"@type\":\"SearchAction\",\"target\":{\"@type\":\"EntryPoint\",\"urlTemplate\":\"https:\/\/www.vkpbratislava.sk\/?s={search_term_string}\"},\"query-input\":{\"@type\":\"PropertyValueSpecification\",\"valueRequired\":true,\"valueName\":\"search_term_string\"}}],\"inLanguage\":\"sk-SK\"},{\"@type\":\"Organization\",\"@id\":\"https:\/\/www.vkpbratislava.sk\/#organization\",\"name\":\"VKP Bratislava\",\"url\":\"https:\/\/www.vkpbratislava.sk\/\",\"logo\":{\"@type\":\"ImageObject\",\"inLanguage\":\"sk-SK\",\"@id\":\"https:\/\/www.vkpbratislava.sk\/#\/schema\/logo\/image\/\",\"url\":\"https:\/\/www.vkpbratislava.sk\/wp-content\/uploads\/2020\/10\/vkpBA.png\",\"contentUrl\":\"https:\/\/www.vkpbratislava.sk\/wp-content\/uploads\/2020\/10\/vkpBA.png\",\"width\":600,\"height\":600,\"caption\":\"VKP Bratislava\"},\"image\":{\"@id\":\"https:\/\/www.vkpbratislava.sk\/#\/schema\/logo\/image\/\"}},{\"@type\":\"Person\",\"@id\":\"https:\/\/www.vkpbratislava.sk\/#\/schema\/person\/7037e769f9515aa58493d1b5852c4c50\",\"name\":\"jenca\",\"image\":{\"@type\":\"ImageObject\",\"inLanguage\":\"sk-SK\",\"@id\":\"https:\/\/www.vkpbratislava.sk\/#\/schema\/person\/image\/\",\"url\":\"https:\/\/secure.gravatar.com\/avatar\/67aa89e9aab2911bbd0c6fbf0a891ea8d80c207c9b6a6e2c96e13fc2f16e536d?s=96&d=mm&r=g\",\"contentUrl\":\"https:\/\/secure.gravatar.com\/avatar\/67aa89e9aab2911bbd0c6fbf0a891ea8d80c207c9b6a6e2c96e13fc2f16e536d?s=96&d=mm&r=g\",\"caption\":\"jenca\"},\"url\":\"https:\/\/www.vkpbratislava.sk\/?author=3\"}]}<\/script>\n<!-- \/ Yoast SEO plugin. -->","yoast_head_json":{"title":"Z\u00a0piesku do haly. Po roku sa do VKP vracia libero \u013dubo\u0161 Nemec - VK SLOVAN Bratislava","description":"Minul\u00fd t\u00fd\u017ede\u0148 bojoval na piesku o\u00a0titul majstra Slovenska, teraz u\u017e zarez\u00e1va v\u00a0hale s\u00a0VKP Bratislava. Po ro\u010dnej pauze sa do k\u00e1dra \u201epolicajtov\u201c vracia libero \u013dubo\u0161 Nemec.","robots":{"index":"index","follow":"follow","max-snippet":"max-snippet:-1","max-image-preview":"max-image-preview:large","max-video-preview":"max-video-preview:-1"},"canonical":"https:\/\/www.vkpbratislava.sk\/?p=14710","og_locale":"sk_SK","og_type":"article","og_title":"Z\u00a0piesku do haly. Po roku sa do VKP vracia libero \u013dubo\u0161 Nemec - VK SLOVAN Bratislava","og_description":"Minul\u00fd t\u00fd\u017ede\u0148 bojoval na piesku o\u00a0titul majstra Slovenska, teraz u\u017e zarez\u00e1va v\u00a0hale s\u00a0VKP Bratislava. Po ro\u010dnej pauze sa do k\u00e1dra \u201epolicajtov\u201c vracia libero \u013dubo\u0161 Nemec.","og_url":"https:\/\/www.vkpbratislava.sk\/?p=14710","og_site_name":"VK SLOVAN Bratislava","article_published_time":"2022-09-19T17:00:45+00:00","article_modified_time":"2022-09-19T17:04:45+00:00","og_image":[{"width":1249,"height":742,"url":"https:\/\/www.vkpbratislava.sk\/wp-content\/uploads\/2022\/09\/DF1A7923.jpg","type":"image\/jpeg"}],"author":"jenca","twitter_card":"summary_large_image","twitter_misc":{"Autor":"jenca","Predpokladan\u00fd \u010das \u010d\u00edtania":"2 min\u00faty"},"schema":{"@context":"https:\/\/schema.org","@graph":[{"@type":"Article","@id":"https:\/\/www.vkpbratislava.sk\/?p=14710#article","isPartOf":{"@id":"https:\/\/www.vkpbratislava.sk\/?p=14710"},"author":{"name":"jenca","@id":"https:\/\/www.vkpbratislava.sk\/#\/schema\/person\/7037e769f9515aa58493d1b5852c4c50"},"headline":"Z\u00a0piesku do haly. Po roku sa do VKP vracia libero \u013dubo\u0161 Nemec","datePublished":"2022-09-19T17:00:45+00:00","dateModified":"2022-09-19T17:04:45+00:00","mainEntityOfPage":{"@id":"https:\/\/www.vkpbratislava.sk\/?p=14710"},"wordCount":314,"publisher":{"@id":"https:\/\/www.vkpbratislava.sk\/#organization"},"image":{"@id":"https:\/\/www.vkpbratislava.sk\/?p=14710#primaryimage"},"thumbnailUrl":"https:\/\/www.vkpbratislava.sk\/wp-content\/uploads\/2022\/09\/DF1A7923.jpg","articleSection":["Mu\u017ei"],"inLanguage":"sk-SK"},{"@type":"WebPage","@id":"https:\/\/www.vkpbratislava.sk\/?p=14710","url":"https:\/\/www.vkpbratislava.sk\/?p=14710","name":"Z\u00a0piesku do haly. Po roku sa do VKP vracia libero \u013dubo\u0161 Nemec - VK SLOVAN Bratislava","isPartOf":{"@id":"https:\/\/www.vkpbratislava.sk\/#website"},"primaryImageOfPage":{"@id":"https:\/\/www.vkpbratislava.sk\/?p=14710#primaryimage"},"image":{"@id":"https:\/\/www.vkpbratislava.sk\/?p=14710#primaryimage"},"thumbnailUrl":"https:\/\/www.vkpbratislava.sk\/wp-content\/uploads\/2022\/09\/DF1A7923.jpg","datePublished":"2022-09-19T17:00:45+00:00","dateModified":"2022-09-19T17:04:45+00:00","description":"Minul\u00fd t\u00fd\u017ede\u0148 bojoval na piesku o\u00a0titul majstra Slovenska, teraz u\u017e zarez\u00e1va v\u00a0hale s\u00a0VKP Bratislava. Po ro\u010dnej pauze sa do k\u00e1dra \u201epolicajtov\u201c vracia libero \u013dubo\u0161 Nemec.","breadcrumb":{"@id":"https:\/\/www.vkpbratislava.sk\/?p=14710#breadcrumb"},"inLanguage":"sk-SK","potentialAction":[{"@type":"ReadAction","target":["https:\/\/www.vkpbratislava.sk\/?p=14710"]}]},{"@type":"ImageObject","inLanguage":"sk-SK","@id":"https:\/\/www.vkpbratislava.sk\/?p=14710#primaryimage","url":"https:\/\/www.vkpbratislava.sk\/wp-content\/uploads\/2022\/09\/DF1A7923.jpg","contentUrl":"https:\/\/www.vkpbratislava.sk\/wp-content\/uploads\/2022\/09\/DF1A7923.jpg","width":1249,"height":742},{"@type":"BreadcrumbList","@id":"https:\/\/www.vkpbratislava.sk\/?p=14710#breadcrumb","itemListElement":[{"@type":"ListItem","position":1,"name":"Domov","item":"https:\/\/www.vkpbratislava.sk\/"},{"@type":"ListItem","position":2,"name":"Z\u00a0piesku do haly. Po roku sa do VKP vracia libero \u013dubo\u0161 Nemec"}]},{"@type":"WebSite","@id":"https:\/\/www.vkpbratislava.sk\/#website","url":"https:\/\/www.vkpbratislava.sk\/","name":"VK SLOVAN Bratislava","description":"Volejbalov\u00fd klub","publisher":{"@id":"https:\/\/www.vkpbratislava.sk\/#organization"},"potentialAction":[{"@type":"SearchAction","target":{"@type":"EntryPoint","urlTemplate":"https:\/\/www.vkpbratislava.sk\/?s={search_term_string}"},"query-input":{"@type":"PropertyValueSpecification","valueRequired":true,"valueName":"search_term_string"}}],"inLanguage":"sk-SK"},{"@type":"Organization","@id":"https:\/\/www.vkpbratislava.sk\/#organization","name":"VKP Bratislava","url":"https:\/\/www.vkpbratislava.sk\/","logo":{"@type":"ImageObject","inLanguage":"sk-SK","@id":"https:\/\/www.vkpbratislava.sk\/#\/schema\/logo\/image\/","url":"https:\/\/www.vkpbratislava.sk\/wp-content\/uploads\/2020\/10\/vkpBA.png","contentUrl":"https:\/\/www.vkpbratislava.sk\/wp-content\/uploads\/2020\/10\/vkpBA.png","width":600,"height":600,"caption":"VKP Bratislava"},"image":{"@id":"https:\/\/www.vkpbratislava.sk\/#\/schema\/logo\/image\/"}},{"@type":"Person","@id":"https:\/\/www.vkpbratislava.sk\/#\/schema\/person\/7037e769f9515aa58493d1b5852c4c50","name":"jenca","image":{"@type":"ImageObject","inLanguage":"sk-SK","@id":"https:\/\/www.vkpbratislava.sk\/#\/schema\/person\/image\/","url":"https:\/\/secure.gravatar.com\/avatar\/67aa89e9aab2911bbd0c6fbf0a891ea8d80c207c9b6a6e2c96e13fc2f16e536d?s=96&d=mm&r=g","contentUrl":"https:\/\/secure.gravatar.com\/avatar\/67aa89e9aab2911bbd0c6fbf0a891ea8d80c207c9b6a6e2c96e13fc2f16e536d?s=96&d=mm&r=g","caption":"jenca"},"url":"https:\/\/www.vkpbratislava.sk\/?author=3"}]}},"_links":{"self":[{"href":"https:\/\/www.vkpbratislava.sk\/index.php?rest_route=\/wp\/v2\/posts\/14710","targetHints":{"allow":["GET"]}}],"collection":[{"href":"https:\/\/www.vkpbratislava.sk\/index.php?rest_route=\/wp\/v2\/posts"}],"about":[{"href":"https:\/\/www.vkpbratislava.sk\/index.php?rest_route=\/wp\/v2\/types\/post"}],"author":[{"embeddable":true,"href":"https:\/\/www.vkpbratislava.sk\/index.php?rest_route=\/wp\/v2\/users\/3"}],"replies":[{"embeddable":true,"href":"https:\/\/www.vkpbratislava.sk\/index.php?rest_route=%2Fwp%2Fv2%2Fcomments&post=14710"}],"version-history":[{"count":1,"href":"https:\/\/www.vkpbratislava.sk\/index.php?rest_route=\/wp\/v2\/posts\/14710\/revisions"}],"predecessor-version":[{"id":14711,"href":"https:\/\/www.vkpbratislava.sk\/index.php?rest_route=\/wp\/v2\/posts\/14710\/revisions\/14711"}],"wp:featuredmedia":[{"embeddable":true,"href":"https:\/\/www.vkpbratislava.sk\/index.php?rest_route=\/wp\/v2\/media\/14712"}],"wp:attachment":[{"href":"https:\/\/www.vkpbratislava.sk\/index.php?rest_route=%2Fwp%2Fv2%2Fmedia&parent=14710"}],"wp:term":[{"taxonomy":"category","embeddable":true,"href":"https:\/\/www.vkpbratislava.sk\/index.php?rest_route=%2Fwp%2Fv2%2Fcategories&post=14710"},{"taxonomy":"post_tag","embeddable":true,"href":"https:\/\/www.vkpbratislava.sk\/index.php?rest_route=%2Fwp%2Fv2%2Ftags&post=14710"}],"curies":[{"name":"wp","href":"https:\/\/api.w.org\/{rel}","templated":true}]}}