{"id":14724,"date":"2022-09-25T15:15:57","date_gmt":"2022-09-25T13:15:57","guid":{"rendered":"https:\/\/www.vkpbratislava.sk\/?p=14724"},"modified":"2022-09-25T15:15:57","modified_gmt":"2022-09-25T13:15:57","slug":"paradny-vstup-do-sezony-v-brusne-jasne-vitazstvo","status":"publish","type":"post","link":"https:\/\/www.vkpbratislava.sk\/?p=14724","title":{"rendered":"Par\u00e1dny vstup do sez\u00f3ny, v Brusne jasn\u00e9 v\u00ed\u0165azstvo"},"content":{"rendered":"<p><strong>\u017deny VKP Bratislava v\u00fdborne vst\u00fapili do novej sez\u00f3ny, ke\u010f na palubovke Brusna v Slovenskej \u013dup\u010di zv\u00ed\u0165azili s preh\u013eadom 3:0.<\/strong><\/p>\n<p>Na \u00favodn\u00fd z\u00e1pas Nik\u00e9 extraligy \u017eien cestovali \u017eeny VKP bez dvojice legion\u00e1rok &#8211; Fiorella Murillo pre administrat\u00edvne z\u00e1le\u017eitosti a Agostina Pelozo je v nomin\u00e1cii Argent\u00edny na majstrovstv\u00e1ch sveta, ktor\u00e9 v nede\u013eu od\u0161tartovali v Holandsku.<\/p>\n<p><strong>VK Pirane Brusno \u2013 VKP Bratislava 0:3 (-16, -16, -18)<\/strong><br \/>\nRozhodovali: Hol\u010d\u00edk a Niklov\u00e1, 350 div\u00e1kov.<\/p>\n<p><strong>VK Pirane: <\/strong>N. Kubov\u00e1 1, Nikolova 10, Lipov\u00e1 0, M. Jan\u010dov\u00e1 12, Bir\u010d\u00e1kov\u00e1 8, \u0160m\u00eddov\u00e1 2, liberky Hilbrychtov\u00e1 a\u00a0Pat\u00e1kov\u00e1 (Mederly 0, Pe\u0165kov\u00e1 2). Tr\u00e9ner: M. Nemec.<br \/>\n<strong>VKP: <\/strong>Matal\u00edkov\u00e1 9, Spev\u00e1r 10, Koh\u00fatov\u00e1 3, Ta. Hru\u0161eck\u00e1 9, Smie\u0161kov\u00e1 11, N\u00e1vratov\u00e1 0, liberka Tak\u00e1\u010dov\u00e1 (Paz\u00farikov\u00e1 1, \u0160termensk\u00e1 0, Z. P\u00edse\u010dn\u00e1 8). Tr\u00e9ner: P. Bern\u00e1th.<\/p>\n<p><strong>Hr\u00e1\u010dky z\u00e1pasu:<\/strong> Michaela Jan\u010dov\u00e1 (VK Pirane Brusno) \u2013 Karol\u00edna Matal\u00edkov\u00e1 (VKP Bratislava)<\/p>\n<p><strong>Martin Nemec, tr\u00e9ner VK Pirane:<\/strong> <i>\u201eChcem pogratulova\u0165 t\u00edmu VKP k\u00a0v\u00ed\u0165azstvu a\u00a0proti n\u00e1m uk\u00e1zali svoju silu a\u00a0predviedli, \u017ee patria k\u00a0najlep\u0161\u00edm t\u00edmom v\u00a0na\u0161ej Nik\u00e9 Extralige. Som ve\u013emi hrd\u00fd na svoje diev\u010dat\u00e1, ako odprezentovali na\u0161u hru a\u00a0obrovsk\u00fd level bojovnosti. Nebolo to \u013eahk\u00e9 hra\u0165 prv\u00fd z\u00e1pas pre hr\u00e1\u010dky, ktor\u00e9 maj\u00fa nulov\u00e9 extraligov\u00e9 sk\u00fasenosti. Chcem po\u010fakova\u0165 \u013eu\u010fom a\u00a0cel\u00e9mu t\u00edmu, ako pri n\u00e1s po\u010das pr\u00edpravy st\u00e1li. Ver\u00edm, \u017ee v\u00ed\u0165azstv\u00e1 uk\u00e1\u017eeme v\u00a0najbli\u017e\u0161\u00edch z\u00e1pasoch.\u201c<\/i><\/p>\n<p><strong>Pavel Bern\u00e1th, tr\u00e9ner VKP:<\/strong> <i>\u201eHrali sme jednoducho a \u00fa\u010delne. Bolo c\u00edti\u0165, \u017ee je za\u010diatok sez\u00f3ny. Mnoh\u00e9 veci e\u0161te potrebuj\u00fa doladi\u0165. My sme dobre a hlavne stabilne pod\u00e1vali. Potrebujeme e\u0161te ust\u00e1li\u0165 medzihru.\u201c<\/i><\/p>\n<p>zdroj: vkp, svf<\/p>\n","protected":false},"excerpt":{"rendered":"<p>\u017deny VKP Bratislava v\u00fdborne vst\u00fapili do novej sez\u00f3ny, ke\u010f na palubovke Brusna v Slovenskej \u013dup\u010di zv\u00ed\u0165azili s preh\u013eadom 3:0.<\/p>\n","protected":false},"author":3,"featured_media":14725,"comment_status":"closed","ping_status":"closed","sticky":false,"template":"","format":"standard","meta":{"_monsterinsights_skip_tracking":false,"_monsterinsights_sitenote_active":false,"_monsterinsights_sitenote_note":"","_monsterinsights_sitenote_category":0,"footnotes":""},"categories":[48],"tags":[],"class_list":["post-14724","post","type-post","status-publish","format-standard","has-post-thumbnail","hentry","category-zeny"],"yoast_head":"<!-- This site is optimized with the Yoast SEO plugin v25.6 - https:\/\/yoast.com\/wordpress\/plugins\/seo\/ -->\n<title>Par\u00e1dny vstup do sez\u00f3ny, v Brusne jasn\u00e9 v\u00ed\u0165azstvo - VK SLOVAN Bratislava<\/title>\n<meta name=\"description\" content=\"\u017deny VKP Bratislava v\u00fdborne vst\u00fapili do novej sez\u00f3ny, ke\u010f na palubovke Brusna v Slovenskej \u013dup\u010di zv\u00ed\u0165azili s preh\u013eadom 3:0.\" \/>\n<meta name=\"robots\" content=\"index, follow, max-snippet:-1, max-image-preview:large, max-video-preview:-1\" \/>\n<link rel=\"canonical\" href=\"https:\/\/www.vkpbratislava.sk\/?p=14724\" \/>\n<meta property=\"og:locale\" content=\"sk_SK\" \/>\n<meta property=\"og:type\" content=\"article\" \/>\n<meta property=\"og:title\" content=\"Par\u00e1dny vstup do sez\u00f3ny, v Brusne jasn\u00e9 v\u00ed\u0165azstvo - VK SLOVAN Bratislava\" \/>\n<meta property=\"og:description\" content=\"\u017deny VKP Bratislava v\u00fdborne vst\u00fapili do novej sez\u00f3ny, ke\u010f na palubovke Brusna v Slovenskej \u013dup\u010di zv\u00ed\u0165azili s preh\u013eadom 3:0.\" \/>\n<meta property=\"og:url\" content=\"https:\/\/www.vkpbratislava.sk\/?p=14724\" \/>\n<meta property=\"og:site_name\" content=\"VK SLOVAN Bratislava\" \/>\n<meta property=\"article:published_time\" content=\"2022-09-25T13:15:57+00:00\" \/>\n<meta property=\"og:image\" content=\"https:\/\/www.vkpbratislava.sk\/wp-content\/uploads\/2022\/09\/ac7cb248-4796-4a06-bf73-b2283a5b4450.jpg\" \/>\n\t<meta property=\"og:image:width\" content=\"881\" \/>\n\t<meta property=\"og:image:height\" content=\"547\" \/>\n\t<meta property=\"og:image:type\" content=\"image\/jpeg\" \/>\n<meta name=\"author\" content=\"jenca\" \/>\n<meta name=\"twitter:card\" content=\"summary_large_image\" \/>\n<meta name=\"twitter:label1\" content=\"Autor\" \/>\n\t<meta name=\"twitter:data1\" content=\"jenca\" \/>\n\t<meta name=\"twitter:label2\" content=\"Predpokladan\u00fd \u010das \u010d\u00edtania\" \/>\n\t<meta name=\"twitter:data2\" content=\"2 min\u00faty\" \/>\n<script type=\"application\/ld+json\" class=\"yoast-schema-graph\">{\"@context\":\"https:\/\/schema.org\",\"@graph\":[{\"@type\":\"Article\",\"@id\":\"https:\/\/www.vkpbratislava.sk\/?p=14724#article\",\"isPartOf\":{\"@id\":\"https:\/\/www.vkpbratislava.sk\/?p=14724\"},\"author\":{\"name\":\"jenca\",\"@id\":\"https:\/\/www.vkpbratislava.sk\/#\/schema\/person\/7037e769f9515aa58493d1b5852c4c50\"},\"headline\":\"Par\u00e1dny vstup do sez\u00f3ny, v Brusne jasn\u00e9 v\u00ed\u0165azstvo\",\"datePublished\":\"2022-09-25T13:15:57+00:00\",\"mainEntityOfPage\":{\"@id\":\"https:\/\/www.vkpbratislava.sk\/?p=14724\"},\"wordCount\":308,\"publisher\":{\"@id\":\"https:\/\/www.vkpbratislava.sk\/#organization\"},\"image\":{\"@id\":\"https:\/\/www.vkpbratislava.sk\/?p=14724#primaryimage\"},\"thumbnailUrl\":\"https:\/\/www.vkpbratislava.sk\/wp-content\/uploads\/2022\/09\/ac7cb248-4796-4a06-bf73-b2283a5b4450.jpg\",\"articleSection\":[\"\u017deny\"],\"inLanguage\":\"sk-SK\"},{\"@type\":\"WebPage\",\"@id\":\"https:\/\/www.vkpbratislava.sk\/?p=14724\",\"url\":\"https:\/\/www.vkpbratislava.sk\/?p=14724\",\"name\":\"Par\u00e1dny vstup do sez\u00f3ny, v Brusne jasn\u00e9 v\u00ed\u0165azstvo - VK SLOVAN Bratislava\",\"isPartOf\":{\"@id\":\"https:\/\/www.vkpbratislava.sk\/#website\"},\"primaryImageOfPage\":{\"@id\":\"https:\/\/www.vkpbratislava.sk\/?p=14724#primaryimage\"},\"image\":{\"@id\":\"https:\/\/www.vkpbratislava.sk\/?p=14724#primaryimage\"},\"thumbnailUrl\":\"https:\/\/www.vkpbratislava.sk\/wp-content\/uploads\/2022\/09\/ac7cb248-4796-4a06-bf73-b2283a5b4450.jpg\",\"datePublished\":\"2022-09-25T13:15:57+00:00\",\"description\":\"\u017deny VKP Bratislava v\u00fdborne vst\u00fapili do novej sez\u00f3ny, ke\u010f na palubovke Brusna v Slovenskej \u013dup\u010di zv\u00ed\u0165azili s preh\u013eadom 3:0.\",\"breadcrumb\":{\"@id\":\"https:\/\/www.vkpbratislava.sk\/?p=14724#breadcrumb\"},\"inLanguage\":\"sk-SK\",\"potentialAction\":[{\"@type\":\"ReadAction\",\"target\":[\"https:\/\/www.vkpbratislava.sk\/?p=14724\"]}]},{\"@type\":\"ImageObject\",\"inLanguage\":\"sk-SK\",\"@id\":\"https:\/\/www.vkpbratislava.sk\/?p=14724#primaryimage\",\"url\":\"https:\/\/www.vkpbratislava.sk\/wp-content\/uploads\/2022\/09\/ac7cb248-4796-4a06-bf73-b2283a5b4450.jpg\",\"contentUrl\":\"https:\/\/www.vkpbratislava.sk\/wp-content\/uploads\/2022\/09\/ac7cb248-4796-4a06-bf73-b2283a5b4450.jpg\",\"width\":881,\"height\":547},{\"@type\":\"BreadcrumbList\",\"@id\":\"https:\/\/www.vkpbratislava.sk\/?p=14724#breadcrumb\",\"itemListElement\":[{\"@type\":\"ListItem\",\"position\":1,\"name\":\"Domov\",\"item\":\"https:\/\/www.vkpbratislava.sk\/\"},{\"@type\":\"ListItem\",\"position\":2,\"name\":\"Par\u00e1dny vstup do sez\u00f3ny, v Brusne jasn\u00e9 v\u00ed\u0165azstvo\"}]},{\"@type\":\"WebSite\",\"@id\":\"https:\/\/www.vkpbratislava.sk\/#website\",\"url\":\"https:\/\/www.vkpbratislava.sk\/\",\"name\":\"VK SLOVAN Bratislava\",\"description\":\"Volejbalov\u00fd klub\",\"publisher\":{\"@id\":\"https:\/\/www.vkpbratislava.sk\/#organization\"},\"potentialAction\":[{\"@type\":\"SearchAction\",\"target\":{\"@type\":\"EntryPoint\",\"urlTemplate\":\"https:\/\/www.vkpbratislava.sk\/?s={search_term_string}\"},\"query-input\":{\"@type\":\"PropertyValueSpecification\",\"valueRequired\":true,\"valueName\":\"search_term_string\"}}],\"inLanguage\":\"sk-SK\"},{\"@type\":\"Organization\",\"@id\":\"https:\/\/www.vkpbratislava.sk\/#organization\",\"name\":\"VKP Bratislava\",\"url\":\"https:\/\/www.vkpbratislava.sk\/\",\"logo\":{\"@type\":\"ImageObject\",\"inLanguage\":\"sk-SK\",\"@id\":\"https:\/\/www.vkpbratislava.sk\/#\/schema\/logo\/image\/\",\"url\":\"https:\/\/www.vkpbratislava.sk\/wp-content\/uploads\/2020\/10\/vkpBA.png\",\"contentUrl\":\"https:\/\/www.vkpbratislava.sk\/wp-content\/uploads\/2020\/10\/vkpBA.png\",\"width\":600,\"height\":600,\"caption\":\"VKP Bratislava\"},\"image\":{\"@id\":\"https:\/\/www.vkpbratislava.sk\/#\/schema\/logo\/image\/\"}},{\"@type\":\"Person\",\"@id\":\"https:\/\/www.vkpbratislava.sk\/#\/schema\/person\/7037e769f9515aa58493d1b5852c4c50\",\"name\":\"jenca\",\"image\":{\"@type\":\"ImageObject\",\"inLanguage\":\"sk-SK\",\"@id\":\"https:\/\/www.vkpbratislava.sk\/#\/schema\/person\/image\/\",\"url\":\"https:\/\/secure.gravatar.com\/avatar\/67aa89e9aab2911bbd0c6fbf0a891ea8d80c207c9b6a6e2c96e13fc2f16e536d?s=96&d=mm&r=g\",\"contentUrl\":\"https:\/\/secure.gravatar.com\/avatar\/67aa89e9aab2911bbd0c6fbf0a891ea8d80c207c9b6a6e2c96e13fc2f16e536d?s=96&d=mm&r=g\",\"caption\":\"jenca\"},\"url\":\"https:\/\/www.vkpbratislava.sk\/?author=3\"}]}<\/script>\n<!-- \/ Yoast SEO plugin. -->","yoast_head_json":{"title":"Par\u00e1dny vstup do sez\u00f3ny, v Brusne jasn\u00e9 v\u00ed\u0165azstvo - VK SLOVAN Bratislava","description":"\u017deny VKP Bratislava v\u00fdborne vst\u00fapili do novej sez\u00f3ny, ke\u010f na palubovke Brusna v Slovenskej \u013dup\u010di zv\u00ed\u0165azili s preh\u013eadom 3:0.","robots":{"index":"index","follow":"follow","max-snippet":"max-snippet:-1","max-image-preview":"max-image-preview:large","max-video-preview":"max-video-preview:-1"},"canonical":"https:\/\/www.vkpbratislava.sk\/?p=14724","og_locale":"sk_SK","og_type":"article","og_title":"Par\u00e1dny vstup do sez\u00f3ny, v Brusne jasn\u00e9 v\u00ed\u0165azstvo - VK SLOVAN Bratislava","og_description":"\u017deny VKP Bratislava v\u00fdborne vst\u00fapili do novej sez\u00f3ny, ke\u010f na palubovke Brusna v Slovenskej \u013dup\u010di zv\u00ed\u0165azili s preh\u013eadom 3:0.","og_url":"https:\/\/www.vkpbratislava.sk\/?p=14724","og_site_name":"VK SLOVAN Bratislava","article_published_time":"2022-09-25T13:15:57+00:00","og_image":[{"width":881,"height":547,"url":"https:\/\/www.vkpbratislava.sk\/wp-content\/uploads\/2022\/09\/ac7cb248-4796-4a06-bf73-b2283a5b4450.jpg","type":"image\/jpeg"}],"author":"jenca","twitter_card":"summary_large_image","twitter_misc":{"Autor":"jenca","Predpokladan\u00fd \u010das \u010d\u00edtania":"2 min\u00faty"},"schema":{"@context":"https:\/\/schema.org","@graph":[{"@type":"Article","@id":"https:\/\/www.vkpbratislava.sk\/?p=14724#article","isPartOf":{"@id":"https:\/\/www.vkpbratislava.sk\/?p=14724"},"author":{"name":"jenca","@id":"https:\/\/www.vkpbratislava.sk\/#\/schema\/person\/7037e769f9515aa58493d1b5852c4c50"},"headline":"Par\u00e1dny vstup do sez\u00f3ny, v Brusne jasn\u00e9 v\u00ed\u0165azstvo","datePublished":"2022-09-25T13:15:57+00:00","mainEntityOfPage":{"@id":"https:\/\/www.vkpbratislava.sk\/?p=14724"},"wordCount":308,"publisher":{"@id":"https:\/\/www.vkpbratislava.sk\/#organization"},"image":{"@id":"https:\/\/www.vkpbratislava.sk\/?p=14724#primaryimage"},"thumbnailUrl":"https:\/\/www.vkpbratislava.sk\/wp-content\/uploads\/2022\/09\/ac7cb248-4796-4a06-bf73-b2283a5b4450.jpg","articleSection":["\u017deny"],"inLanguage":"sk-SK"},{"@type":"WebPage","@id":"https:\/\/www.vkpbratislava.sk\/?p=14724","url":"https:\/\/www.vkpbratislava.sk\/?p=14724","name":"Par\u00e1dny vstup do sez\u00f3ny, v Brusne jasn\u00e9 v\u00ed\u0165azstvo - VK SLOVAN Bratislava","isPartOf":{"@id":"https:\/\/www.vkpbratislava.sk\/#website"},"primaryImageOfPage":{"@id":"https:\/\/www.vkpbratislava.sk\/?p=14724#primaryimage"},"image":{"@id":"https:\/\/www.vkpbratislava.sk\/?p=14724#primaryimage"},"thumbnailUrl":"https:\/\/www.vkpbratislava.sk\/wp-content\/uploads\/2022\/09\/ac7cb248-4796-4a06-bf73-b2283a5b4450.jpg","datePublished":"2022-09-25T13:15:57+00:00","description":"\u017deny VKP Bratislava v\u00fdborne vst\u00fapili do novej sez\u00f3ny, ke\u010f na palubovke Brusna v Slovenskej \u013dup\u010di zv\u00ed\u0165azili s preh\u013eadom 3:0.","breadcrumb":{"@id":"https:\/\/www.vkpbratislava.sk\/?p=14724#breadcrumb"},"inLanguage":"sk-SK","potentialAction":[{"@type":"ReadAction","target":["https:\/\/www.vkpbratislava.sk\/?p=14724"]}]},{"@type":"ImageObject","inLanguage":"sk-SK","@id":"https:\/\/www.vkpbratislava.sk\/?p=14724#primaryimage","url":"https:\/\/www.vkpbratislava.sk\/wp-content\/uploads\/2022\/09\/ac7cb248-4796-4a06-bf73-b2283a5b4450.jpg","contentUrl":"https:\/\/www.vkpbratislava.sk\/wp-content\/uploads\/2022\/09\/ac7cb248-4796-4a06-bf73-b2283a5b4450.jpg","width":881,"height":547},{"@type":"BreadcrumbList","@id":"https:\/\/www.vkpbratislava.sk\/?p=14724#breadcrumb","itemListElement":[{"@type":"ListItem","position":1,"name":"Domov","item":"https:\/\/www.vkpbratislava.sk\/"},{"@type":"ListItem","position":2,"name":"Par\u00e1dny vstup do sez\u00f3ny, v Brusne jasn\u00e9 v\u00ed\u0165azstvo"}]},{"@type":"WebSite","@id":"https:\/\/www.vkpbratislava.sk\/#website","url":"https:\/\/www.vkpbratislava.sk\/","name":"VK SLOVAN Bratislava","description":"Volejbalov\u00fd klub","publisher":{"@id":"https:\/\/www.vkpbratislava.sk\/#organization"},"potentialAction":[{"@type":"SearchAction","target":{"@type":"EntryPoint","urlTemplate":"https:\/\/www.vkpbratislava.sk\/?s={search_term_string}"},"query-input":{"@type":"PropertyValueSpecification","valueRequired":true,"valueName":"search_term_string"}}],"inLanguage":"sk-SK"},{"@type":"Organization","@id":"https:\/\/www.vkpbratislava.sk\/#organization","name":"VKP Bratislava","url":"https:\/\/www.vkpbratislava.sk\/","logo":{"@type":"ImageObject","inLanguage":"sk-SK","@id":"https:\/\/www.vkpbratislava.sk\/#\/schema\/logo\/image\/","url":"https:\/\/www.vkpbratislava.sk\/wp-content\/uploads\/2020\/10\/vkpBA.png","contentUrl":"https:\/\/www.vkpbratislava.sk\/wp-content\/uploads\/2020\/10\/vkpBA.png","width":600,"height":600,"caption":"VKP Bratislava"},"image":{"@id":"https:\/\/www.vkpbratislava.sk\/#\/schema\/logo\/image\/"}},{"@type":"Person","@id":"https:\/\/www.vkpbratislava.sk\/#\/schema\/person\/7037e769f9515aa58493d1b5852c4c50","name":"jenca","image":{"@type":"ImageObject","inLanguage":"sk-SK","@id":"https:\/\/www.vkpbratislava.sk\/#\/schema\/person\/image\/","url":"https:\/\/secure.gravatar.com\/avatar\/67aa89e9aab2911bbd0c6fbf0a891ea8d80c207c9b6a6e2c96e13fc2f16e536d?s=96&d=mm&r=g","contentUrl":"https:\/\/secure.gravatar.com\/avatar\/67aa89e9aab2911bbd0c6fbf0a891ea8d80c207c9b6a6e2c96e13fc2f16e536d?s=96&d=mm&r=g","caption":"jenca"},"url":"https:\/\/www.vkpbratislava.sk\/?author=3"}]}},"_links":{"self":[{"href":"https:\/\/www.vkpbratislava.sk\/index.php?rest_route=\/wp\/v2\/posts\/14724","targetHints":{"allow":["GET"]}}],"collection":[{"href":"https:\/\/www.vkpbratislava.sk\/index.php?rest_route=\/wp\/v2\/posts"}],"about":[{"href":"https:\/\/www.vkpbratislava.sk\/index.php?rest_route=\/wp\/v2\/types\/post"}],"author":[{"embeddable":true,"href":"https:\/\/www.vkpbratislava.sk\/index.php?rest_route=\/wp\/v2\/users\/3"}],"replies":[{"embeddable":true,"href":"https:\/\/www.vkpbratislava.sk\/index.php?rest_route=%2Fwp%2Fv2%2Fcomments&post=14724"}],"version-history":[{"count":1,"href":"https:\/\/www.vkpbratislava.sk\/index.php?rest_route=\/wp\/v2\/posts\/14724\/revisions"}],"predecessor-version":[{"id":14727,"href":"https:\/\/www.vkpbratislava.sk\/index.php?rest_route=\/wp\/v2\/posts\/14724\/revisions\/14727"}],"wp:featuredmedia":[{"embeddable":true,"href":"https:\/\/www.vkpbratislava.sk\/index.php?rest_route=\/wp\/v2\/media\/14725"}],"wp:attachment":[{"href":"https:\/\/www.vkpbratislava.sk\/index.php?rest_route=%2Fwp%2Fv2%2Fmedia&parent=14724"}],"wp:term":[{"taxonomy":"category","embeddable":true,"href":"https:\/\/www.vkpbratislava.sk\/index.php?rest_route=%2Fwp%2Fv2%2Fcategories&post=14724"},{"taxonomy":"post_tag","embeddable":true,"href":"https:\/\/www.vkpbratislava.sk\/index.php?rest_route=%2Fwp%2Fv2%2Ftags&post=14724"}],"curies":[{"name":"wp","href":"https:\/\/api.w.org\/{rel}","templated":true}]}}