{"id":14737,"date":"2022-09-28T22:33:11","date_gmt":"2022-09-28T20:33:11","guid":{"rendered":"https:\/\/www.vkpbratislava.sk\/?p=14737"},"modified":"2022-09-28T22:35:57","modified_gmt":"2022-09-28T20:35:57","slug":"v-acku-aj-16-rocny-belas-je-to-odmena-za-tvrdu-pracu","status":"publish","type":"post","link":"https:\/\/www.vkpbratislava.sk\/?p=14737","title":{"rendered":"V\u00a0\u00e1\u010dku aj 16-ro\u010dn\u00fd Belas. Je to odmena za tvrd\u00fa pr\u00e1cu"},"content":{"rendered":"<p><strong>Do k\u00e1dra mu\u017eov sa v\u00a0novej sez\u00f3ne 2022\/2023 dostal aj talentovan\u00fd, len 16-ro\u010dn\u00fd nahr\u00e1va\u010d Branislav belas, ktor\u00fd z\u00edskal minul\u00fa sez\u00f3nu tri cenn\u00e9 kovy, ke\u010f\u017ee bol na v\u0161etk\u00fdch troch ml\u00e1de\u017en\u00edckych fin\u00e1lov\u00fdch turnajoch v\u00a0drese VKP Bratislava.<\/strong><\/p>\n<p>Na s\u00fapiske \u00e1\u010dka VKP Bratislava v\u00a0extralige s\u00fa traja nahr\u00e1va\u010di. Navr\u00e1tilec z\u00a0Kom\u00e1rna Mat\u00fa\u0161 Jaloveck\u00fd, rekord\u00e9r v\u00a0po\u010dte \u0161tartov za slovensk\u00fa reprezent\u00e1ciu Juraj Za\u0165ko a\u00a0benjam\u00ednok Branislav Belas. \u201eVe\u013emi sa te\u0161\u00edm, z\u00e1rove\u0148 si to ve\u013emi v\u00e1\u017eim, \u017ee m\u00f4\u017eem by\u0165 v\u00a0\u00e1\u010dku. Budem na sebe maxim\u00e1lne pracova\u0165, aby som si miesto aj udr\u017eal. Mojim vzorom je odmali\u010dka Juraj Za\u0165ko, ur\u010dite by som chcel \u00eds\u0165 v\u00a0jeho \u0161\u013eapajach. Teraz sme sa spolu stretli v\u00a0jednom t\u00edme, te\u0161\u00edm sa, \u017ee sa m\u00f4\u017eem zdokona\u013eova\u0165 pr\u00e1ve pri \u0148om,\u201c prezradil odchovanec VKP Bratislava Branislav Belas. \u201eBra\u0148o to dostal tro\u0161ku aj za odmenu. Vo veku star\u0161ieho \u017eiaka odohral v\u0161etky tri ml\u00e1de\u017en\u00edcke fin\u00e1lov\u00e9 turnaje, \u010do je neskuto\u010dn\u00e9 a\u00a0nesmierne n\u00e1ro\u010dn\u00e9. Juniorsk\u00fd turnaj s\u00edce len na servise, kadetsk\u00fd turnaj musel za\u010da\u0165 na bloku a\u00a0dohr\u00e1va\u0165 na sme\u010di. \u017diacky turnaj odohral na svojej poz\u00edcii a\u00a0ust\u00e1l to. Jeho miestenka v\u00a0\u00e1\u010dku je tvrdo vybojovan\u00e1. Z\u00e1rove\u0148 je to odzrkadlen\u00edm, \u017ee je to mlad\u00fd perspekt\u00edvny nahr\u00e1va\u010d s\u00a0parametrami, ktor\u00fdch je na Slovensku ako \u0161afr\u00e1nu. Je to pre\u0148ho len \u0161anca sa uchyti\u0165 a\u00a0uk\u00e1za\u0165 sa v\u00a0dobrom svetle. Z\u00e1rove\u0148 bude vy\u0165a\u017eovan\u00ed v\u00a0prvej lige a ml\u00e1de\u017en\u00edckych z\u00e1pasoch. Pri Mat\u00fa\u0161ovi Jaloveckom a\u00a0Jurajovi Za\u0165kovi ve\u013ea priestoru nedostane, aj ke\u010f tam bude snaha, aby ho dostal. Jeho stabiln\u00e9 miesto bude v\u00a0prvej lige a\u00a0ml\u00e1de\u017en\u00edckych t\u00edmoch, kde bude ur\u010dite vy\u0165a\u017eovan\u00fd,\u201c ozrejmil asistent tr\u00e9nera a\u00a0\u0161\u00e9ftr\u00e9ner ml\u00e1de\u017ee Juraj Ti\u0148o.<\/p>\n<h4>Bra\u0148ova cesta a\u017e do \u00e1\u010dka<\/h4>\n<p><img loading=\"lazy\" decoding=\"async\" class=\"alignnone size-medium wp-image-14738\" src=\"https:\/\/www.vkpbratislava.sk\/wp-content\/uploads\/2022\/09\/brano3-640x480.jpeg\" alt=\"\" width=\"640\" height=\"480\" srcset=\"https:\/\/www.vkpbratislava.sk\/wp-content\/uploads\/2022\/09\/brano3-640x480.jpeg 640w, https:\/\/www.vkpbratislava.sk\/wp-content\/uploads\/2022\/09\/brano3-1280x960.jpeg 1280w, https:\/\/www.vkpbratislava.sk\/wp-content\/uploads\/2022\/09\/brano3-768x576.jpeg 768w, https:\/\/www.vkpbratislava.sk\/wp-content\/uploads\/2022\/09\/brano3-1536x1152.jpeg 1536w, https:\/\/www.vkpbratislava.sk\/wp-content\/uploads\/2022\/09\/brano3-320x240.jpeg 320w, https:\/\/www.vkpbratislava.sk\/wp-content\/uploads\/2022\/09\/brano3-600x450.jpeg 600w, https:\/\/www.vkpbratislava.sk\/wp-content\/uploads\/2022\/09\/brano3.jpeg 1600w\" sizes=\"auto, (max-width: 640px) 100vw, 640px\" \/> <img loading=\"lazy\" decoding=\"async\" class=\"alignnone size-medium wp-image-14739\" src=\"https:\/\/www.vkpbratislava.sk\/wp-content\/uploads\/2022\/09\/brano2-640x360.jpeg\" alt=\"\" width=\"640\" height=\"360\" srcset=\"https:\/\/www.vkpbratislava.sk\/wp-content\/uploads\/2022\/09\/brano2-640x360.jpeg 640w, https:\/\/www.vkpbratislava.sk\/wp-content\/uploads\/2022\/09\/brano2-1280x720.jpeg 1280w, https:\/\/www.vkpbratislava.sk\/wp-content\/uploads\/2022\/09\/brano2-768x432.jpeg 768w, https:\/\/www.vkpbratislava.sk\/wp-content\/uploads\/2022\/09\/brano2-1536x864.jpeg 1536w, https:\/\/www.vkpbratislava.sk\/wp-content\/uploads\/2022\/09\/brano2-320x180.jpeg 320w, https:\/\/www.vkpbratislava.sk\/wp-content\/uploads\/2022\/09\/brano2-600x338.jpeg 600w, https:\/\/www.vkpbratislava.sk\/wp-content\/uploads\/2022\/09\/brano2.jpeg 1600w\" sizes=\"auto, (max-width: 640px) 100vw, 640px\" \/> <img loading=\"lazy\" decoding=\"async\" class=\"alignnone size-medium wp-image-14740\" src=\"https:\/\/www.vkpbratislava.sk\/wp-content\/uploads\/2022\/09\/brano-640x480.jpeg\" alt=\"\" width=\"640\" height=\"480\" srcset=\"https:\/\/www.vkpbratislava.sk\/wp-content\/uploads\/2022\/09\/brano-640x480.jpeg 640w, https:\/\/www.vkpbratislava.sk\/wp-content\/uploads\/2022\/09\/brano-1280x960.jpeg 1280w, https:\/\/www.vkpbratislava.sk\/wp-content\/uploads\/2022\/09\/brano-768x576.jpeg 768w, https:\/\/www.vkpbratislava.sk\/wp-content\/uploads\/2022\/09\/brano-1536x1152.jpeg 1536w, https:\/\/www.vkpbratislava.sk\/wp-content\/uploads\/2022\/09\/brano-320x240.jpeg 320w, https:\/\/www.vkpbratislava.sk\/wp-content\/uploads\/2022\/09\/brano-600x450.jpeg 600w, https:\/\/www.vkpbratislava.sk\/wp-content\/uploads\/2022\/09\/brano.jpeg 1600w\" sizes=\"auto, (max-width: 640px) 100vw, 640px\" \/> <img loading=\"lazy\" decoding=\"async\" class=\"alignnone size-medium wp-image-14741\" src=\"https:\/\/www.vkpbratislava.sk\/wp-content\/uploads\/2022\/09\/brano5-640x640.jpeg\" alt=\"\" width=\"640\" height=\"640\" srcset=\"https:\/\/www.vkpbratislava.sk\/wp-content\/uploads\/2022\/09\/brano5-640x640.jpeg 640w, https:\/\/www.vkpbratislava.sk\/wp-content\/uploads\/2022\/09\/brano5-1280x1280.jpeg 1280w, https:\/\/www.vkpbratislava.sk\/wp-content\/uploads\/2022\/09\/brano5-160x160.jpeg 160w, https:\/\/www.vkpbratislava.sk\/wp-content\/uploads\/2022\/09\/brano5-768x768.jpeg 768w, https:\/\/www.vkpbratislava.sk\/wp-content\/uploads\/2022\/09\/brano5-1536x1536.jpeg 1536w, https:\/\/www.vkpbratislava.sk\/wp-content\/uploads\/2022\/09\/brano5-320x320.jpeg 320w, https:\/\/www.vkpbratislava.sk\/wp-content\/uploads\/2022\/09\/brano5-600x600.jpeg 600w, https:\/\/www.vkpbratislava.sk\/wp-content\/uploads\/2022\/09\/brano5-100x100.jpeg 100w, https:\/\/www.vkpbratislava.sk\/wp-content\/uploads\/2022\/09\/brano5.jpeg 1600w\" sizes=\"auto, (max-width: 640px) 100vw, 640px\" \/> <img loading=\"lazy\" decoding=\"async\" class=\"alignnone size-medium wp-image-14742\" src=\"https:\/\/www.vkpbratislava.sk\/wp-content\/uploads\/2022\/09\/brano6-640x480.jpeg\" alt=\"\" width=\"640\" height=\"480\" srcset=\"https:\/\/www.vkpbratislava.sk\/wp-content\/uploads\/2022\/09\/brano6-640x480.jpeg 640w, https:\/\/www.vkpbratislava.sk\/wp-content\/uploads\/2022\/09\/brano6-768x576.jpeg 768w, https:\/\/www.vkpbratislava.sk\/wp-content\/uploads\/2022\/09\/brano6-320x240.jpeg 320w, https:\/\/www.vkpbratislava.sk\/wp-content\/uploads\/2022\/09\/brano6-600x450.jpeg 600w, https:\/\/www.vkpbratislava.sk\/wp-content\/uploads\/2022\/09\/brano6.jpeg 1024w\" sizes=\"auto, (max-width: 640px) 100vw, 640px\" \/> <img loading=\"lazy\" decoding=\"async\" class=\"alignnone size-medium wp-image-14743\" src=\"https:\/\/www.vkpbratislava.sk\/wp-content\/uploads\/2022\/09\/brano7-640x480.jpeg\" alt=\"\" width=\"640\" height=\"480\" srcset=\"https:\/\/www.vkpbratislava.sk\/wp-content\/uploads\/2022\/09\/brano7-640x480.jpeg 640w, https:\/\/www.vkpbratislava.sk\/wp-content\/uploads\/2022\/09\/brano7-1280x960.jpeg 1280w, https:\/\/www.vkpbratislava.sk\/wp-content\/uploads\/2022\/09\/brano7-768x576.jpeg 768w, https:\/\/www.vkpbratislava.sk\/wp-content\/uploads\/2022\/09\/brano7-1536x1152.jpeg 1536w, https:\/\/www.vkpbratislava.sk\/wp-content\/uploads\/2022\/09\/brano7-320x240.jpeg 320w, https:\/\/www.vkpbratislava.sk\/wp-content\/uploads\/2022\/09\/brano7-600x450.jpeg 600w, https:\/\/www.vkpbratislava.sk\/wp-content\/uploads\/2022\/09\/brano7.jpeg 2048w\" sizes=\"auto, (max-width: 640px) 100vw, 640px\" \/> <img loading=\"lazy\" decoding=\"async\" class=\"alignnone size-medium wp-image-14744\" src=\"https:\/\/www.vkpbratislava.sk\/wp-content\/uploads\/2022\/09\/brano10-640x480.jpeg\" alt=\"\" width=\"640\" height=\"480\" srcset=\"https:\/\/www.vkpbratislava.sk\/wp-content\/uploads\/2022\/09\/brano10-640x480.jpeg 640w, https:\/\/www.vkpbratislava.sk\/wp-content\/uploads\/2022\/09\/brano10-1280x960.jpeg 1280w, https:\/\/www.vkpbratislava.sk\/wp-content\/uploads\/2022\/09\/brano10-768x576.jpeg 768w, https:\/\/www.vkpbratislava.sk\/wp-content\/uploads\/2022\/09\/brano10-1536x1152.jpeg 1536w, https:\/\/www.vkpbratislava.sk\/wp-content\/uploads\/2022\/09\/brano10-320x240.jpeg 320w, https:\/\/www.vkpbratislava.sk\/wp-content\/uploads\/2022\/09\/brano10-600x450.jpeg 600w, https:\/\/www.vkpbratislava.sk\/wp-content\/uploads\/2022\/09\/brano10.jpeg 2048w\" sizes=\"auto, (max-width: 640px) 100vw, 640px\" \/> <img loading=\"lazy\" decoding=\"async\" class=\"alignnone size-medium wp-image-14745\" src=\"https:\/\/www.vkpbratislava.sk\/wp-content\/uploads\/2022\/09\/brano9-640x480.jpeg\" alt=\"\" width=\"640\" height=\"480\" srcset=\"https:\/\/www.vkpbratislava.sk\/wp-content\/uploads\/2022\/09\/brano9-640x480.jpeg 640w, https:\/\/www.vkpbratislava.sk\/wp-content\/uploads\/2022\/09\/brano9-1280x960.jpeg 1280w, https:\/\/www.vkpbratislava.sk\/wp-content\/uploads\/2022\/09\/brano9-768x576.jpeg 768w, https:\/\/www.vkpbratislava.sk\/wp-content\/uploads\/2022\/09\/brano9-1536x1152.jpeg 1536w, https:\/\/www.vkpbratislava.sk\/wp-content\/uploads\/2022\/09\/brano9-320x240.jpeg 320w, https:\/\/www.vkpbratislava.sk\/wp-content\/uploads\/2022\/09\/brano9-600x450.jpeg 600w, https:\/\/www.vkpbratislava.sk\/wp-content\/uploads\/2022\/09\/brano9.jpeg 2048w\" sizes=\"auto, (max-width: 640px) 100vw, 640px\" \/> <img loading=\"lazy\" decoding=\"async\" class=\"alignnone size-medium wp-image-14746\" src=\"https:\/\/www.vkpbratislava.sk\/wp-content\/uploads\/2022\/09\/brano8-640x480.jpeg\" alt=\"\" width=\"640\" height=\"480\" srcset=\"https:\/\/www.vkpbratislava.sk\/wp-content\/uploads\/2022\/09\/brano8-640x480.jpeg 640w, https:\/\/www.vkpbratislava.sk\/wp-content\/uploads\/2022\/09\/brano8-1280x960.jpeg 1280w, https:\/\/www.vkpbratislava.sk\/wp-content\/uploads\/2022\/09\/brano8-768x576.jpeg 768w, https:\/\/www.vkpbratislava.sk\/wp-content\/uploads\/2022\/09\/brano8-1536x1152.jpeg 1536w, https:\/\/www.vkpbratislava.sk\/wp-content\/uploads\/2022\/09\/brano8-320x240.jpeg 320w, https:\/\/www.vkpbratislava.sk\/wp-content\/uploads\/2022\/09\/brano8-600x450.jpeg 600w, https:\/\/www.vkpbratislava.sk\/wp-content\/uploads\/2022\/09\/brano8.jpeg 2048w\" sizes=\"auto, (max-width: 640px) 100vw, 640px\" \/> <img loading=\"lazy\" decoding=\"async\" class=\"alignnone size-medium wp-image-14747\" src=\"https:\/\/www.vkpbratislava.sk\/wp-content\/uploads\/2022\/09\/brano4-640x480.jpeg\" alt=\"\" width=\"640\" height=\"480\" srcset=\"https:\/\/www.vkpbratislava.sk\/wp-content\/uploads\/2022\/09\/brano4-640x480.jpeg 640w, https:\/\/www.vkpbratislava.sk\/wp-content\/uploads\/2022\/09\/brano4-768x576.jpeg 768w, https:\/\/www.vkpbratislava.sk\/wp-content\/uploads\/2022\/09\/brano4-320x240.jpeg 320w, https:\/\/www.vkpbratislava.sk\/wp-content\/uploads\/2022\/09\/brano4-600x450.jpeg 600w, https:\/\/www.vkpbratislava.sk\/wp-content\/uploads\/2022\/09\/brano4.jpeg 1080w\" sizes=\"auto, (max-width: 640px) 100vw, 640px\" \/><\/p>\n","protected":false},"excerpt":{"rendered":"<p>Do k\u00e1dra mu\u017eov sa v\u00a0novej sez\u00f3ne 2022\/2023 dostal aj talentovan\u00fd, len 16-ro\u010dn\u00fd nahr\u00e1va\u010d Branislav belas, ktor\u00fd z\u00edskal minul\u00fa sez\u00f3nu tri cenn\u00e9 kovy, ke\u010f\u017ee bol na v\u0161etk\u00fdch troch ml\u00e1de\u017en\u00edckych fin\u00e1lov\u00fdch turnajoch v\u00a0drese VKP Bratislava.<\/p>\n","protected":false},"author":3,"featured_media":14149,"comment_status":"closed","ping_status":"closed","sticky":false,"template":"","format":"standard","meta":{"_monsterinsights_skip_tracking":false,"_monsterinsights_sitenote_active":false,"_monsterinsights_sitenote_note":"","_monsterinsights_sitenote_category":0,"footnotes":""},"categories":[50,47],"tags":[],"class_list":["post-14737","post","type-post","status-publish","format-standard","has-post-thumbnail","hentry","category-mladez","category-muzi"],"yoast_head":"<!-- This site is optimized with the Yoast SEO plugin v25.6 - https:\/\/yoast.com\/wordpress\/plugins\/seo\/ -->\n<title>V\u00a0\u00e1\u010dku aj 16-ro\u010dn\u00fd Belas. Je to odmena za tvrd\u00fa pr\u00e1cu - VK SLOVAN Bratislava<\/title>\n<meta name=\"description\" content=\"Do k\u00e1dra mu\u017eov sa v\u00a0novej sez\u00f3ne 2022\/2023 dostal aj talentovan\u00fd, len 16-ro\u010dn\u00fd nahr\u00e1va\u010d Branislav belas, ktor\u00fd z\u00edskal minul\u00fa sez\u00f3nu tri cenn\u00e9 kovy, ke\u010f\u017ee bol na v\u0161etk\u00fdch troch ml\u00e1de\u017en\u00edckych fin\u00e1lov\u00fdch turnajoch v\u00a0drese VKP Bratislava.\" \/>\n<meta name=\"robots\" content=\"index, follow, max-snippet:-1, max-image-preview:large, max-video-preview:-1\" \/>\n<link rel=\"canonical\" href=\"https:\/\/www.vkpbratislava.sk\/?p=14737\" \/>\n<meta property=\"og:locale\" content=\"sk_SK\" \/>\n<meta property=\"og:type\" content=\"article\" \/>\n<meta property=\"og:title\" content=\"V\u00a0\u00e1\u010dku aj 16-ro\u010dn\u00fd Belas. Je to odmena za tvrd\u00fa pr\u00e1cu - VK SLOVAN Bratislava\" \/>\n<meta property=\"og:description\" content=\"Do k\u00e1dra mu\u017eov sa v\u00a0novej sez\u00f3ne 2022\/2023 dostal aj talentovan\u00fd, len 16-ro\u010dn\u00fd nahr\u00e1va\u010d Branislav belas, ktor\u00fd z\u00edskal minul\u00fa sez\u00f3nu tri cenn\u00e9 kovy, ke\u010f\u017ee bol na v\u0161etk\u00fdch troch ml\u00e1de\u017en\u00edckych fin\u00e1lov\u00fdch turnajoch v\u00a0drese VKP Bratislava.\" \/>\n<meta property=\"og:url\" content=\"https:\/\/www.vkpbratislava.sk\/?p=14737\" \/>\n<meta property=\"og:site_name\" content=\"VK SLOVAN Bratislava\" \/>\n<meta property=\"article:published_time\" content=\"2022-09-28T20:33:11+00:00\" \/>\n<meta property=\"article:modified_time\" content=\"2022-09-28T20:35:57+00:00\" \/>\n<meta property=\"og:image\" content=\"https:\/\/www.vkpbratislava.sk\/wp-content\/uploads\/2022\/08\/DF1A4468-e1664397268316.jpg\" \/>\n\t<meta property=\"og:image:width\" content=\"1474\" \/>\n\t<meta property=\"og:image:height\" content=\"1167\" \/>\n\t<meta property=\"og:image:type\" content=\"image\/jpeg\" \/>\n<meta name=\"author\" content=\"jenca\" \/>\n<meta name=\"twitter:card\" content=\"summary_large_image\" \/>\n<meta name=\"twitter:label1\" content=\"Autor\" \/>\n\t<meta name=\"twitter:data1\" content=\"jenca\" \/>\n\t<meta name=\"twitter:label2\" content=\"Predpokladan\u00fd \u010das \u010d\u00edtania\" \/>\n\t<meta name=\"twitter:data2\" content=\"4 min\u00faty\" \/>\n<script type=\"application\/ld+json\" class=\"yoast-schema-graph\">{\"@context\":\"https:\/\/schema.org\",\"@graph\":[{\"@type\":\"Article\",\"@id\":\"https:\/\/www.vkpbratislava.sk\/?p=14737#article\",\"isPartOf\":{\"@id\":\"https:\/\/www.vkpbratislava.sk\/?p=14737\"},\"author\":{\"name\":\"jenca\",\"@id\":\"https:\/\/www.vkpbratislava.sk\/#\/schema\/person\/7037e769f9515aa58493d1b5852c4c50\"},\"headline\":\"V\u00a0\u00e1\u010dku aj 16-ro\u010dn\u00fd Belas. Je to odmena za tvrd\u00fa pr\u00e1cu\",\"datePublished\":\"2022-09-28T20:33:11+00:00\",\"dateModified\":\"2022-09-28T20:35:57+00:00\",\"mainEntityOfPage\":{\"@id\":\"https:\/\/www.vkpbratislava.sk\/?p=14737\"},\"wordCount\":364,\"publisher\":{\"@id\":\"https:\/\/www.vkpbratislava.sk\/#organization\"},\"image\":{\"@id\":\"https:\/\/www.vkpbratislava.sk\/?p=14737#primaryimage\"},\"thumbnailUrl\":\"https:\/\/www.vkpbratislava.sk\/wp-content\/uploads\/2022\/08\/DF1A4468-e1664397268316.jpg\",\"articleSection\":[\"Ml\u00e1de\u017e\",\"Mu\u017ei\"],\"inLanguage\":\"sk-SK\"},{\"@type\":\"WebPage\",\"@id\":\"https:\/\/www.vkpbratislava.sk\/?p=14737\",\"url\":\"https:\/\/www.vkpbratislava.sk\/?p=14737\",\"name\":\"V\u00a0\u00e1\u010dku aj 16-ro\u010dn\u00fd Belas. Je to odmena za tvrd\u00fa pr\u00e1cu - VK SLOVAN Bratislava\",\"isPartOf\":{\"@id\":\"https:\/\/www.vkpbratislava.sk\/#website\"},\"primaryImageOfPage\":{\"@id\":\"https:\/\/www.vkpbratislava.sk\/?p=14737#primaryimage\"},\"image\":{\"@id\":\"https:\/\/www.vkpbratislava.sk\/?p=14737#primaryimage\"},\"thumbnailUrl\":\"https:\/\/www.vkpbratislava.sk\/wp-content\/uploads\/2022\/08\/DF1A4468-e1664397268316.jpg\",\"datePublished\":\"2022-09-28T20:33:11+00:00\",\"dateModified\":\"2022-09-28T20:35:57+00:00\",\"description\":\"Do k\u00e1dra mu\u017eov sa v\u00a0novej sez\u00f3ne 2022\/2023 dostal aj talentovan\u00fd, len 16-ro\u010dn\u00fd nahr\u00e1va\u010d Branislav belas, ktor\u00fd z\u00edskal minul\u00fa sez\u00f3nu tri cenn\u00e9 kovy, ke\u010f\u017ee bol na v\u0161etk\u00fdch troch ml\u00e1de\u017en\u00edckych fin\u00e1lov\u00fdch turnajoch v\u00a0drese VKP Bratislava.\",\"breadcrumb\":{\"@id\":\"https:\/\/www.vkpbratislava.sk\/?p=14737#breadcrumb\"},\"inLanguage\":\"sk-SK\",\"potentialAction\":[{\"@type\":\"ReadAction\",\"target\":[\"https:\/\/www.vkpbratislava.sk\/?p=14737\"]}]},{\"@type\":\"ImageObject\",\"inLanguage\":\"sk-SK\",\"@id\":\"https:\/\/www.vkpbratislava.sk\/?p=14737#primaryimage\",\"url\":\"https:\/\/www.vkpbratislava.sk\/wp-content\/uploads\/2022\/08\/DF1A4468-e1664397268316.jpg\",\"contentUrl\":\"https:\/\/www.vkpbratislava.sk\/wp-content\/uploads\/2022\/08\/DF1A4468-e1664397268316.jpg\",\"width\":1474,\"height\":1167},{\"@type\":\"BreadcrumbList\",\"@id\":\"https:\/\/www.vkpbratislava.sk\/?p=14737#breadcrumb\",\"itemListElement\":[{\"@type\":\"ListItem\",\"position\":1,\"name\":\"Domov\",\"item\":\"https:\/\/www.vkpbratislava.sk\/\"},{\"@type\":\"ListItem\",\"position\":2,\"name\":\"V\u00a0\u00e1\u010dku aj 16-ro\u010dn\u00fd Belas. Je to odmena za tvrd\u00fa pr\u00e1cu\"}]},{\"@type\":\"WebSite\",\"@id\":\"https:\/\/www.vkpbratislava.sk\/#website\",\"url\":\"https:\/\/www.vkpbratislava.sk\/\",\"name\":\"VK SLOVAN Bratislava\",\"description\":\"Volejbalov\u00fd klub\",\"publisher\":{\"@id\":\"https:\/\/www.vkpbratislava.sk\/#organization\"},\"potentialAction\":[{\"@type\":\"SearchAction\",\"target\":{\"@type\":\"EntryPoint\",\"urlTemplate\":\"https:\/\/www.vkpbratislava.sk\/?s={search_term_string}\"},\"query-input\":{\"@type\":\"PropertyValueSpecification\",\"valueRequired\":true,\"valueName\":\"search_term_string\"}}],\"inLanguage\":\"sk-SK\"},{\"@type\":\"Organization\",\"@id\":\"https:\/\/www.vkpbratislava.sk\/#organization\",\"name\":\"VKP Bratislava\",\"url\":\"https:\/\/www.vkpbratislava.sk\/\",\"logo\":{\"@type\":\"ImageObject\",\"inLanguage\":\"sk-SK\",\"@id\":\"https:\/\/www.vkpbratislava.sk\/#\/schema\/logo\/image\/\",\"url\":\"https:\/\/www.vkpbratislava.sk\/wp-content\/uploads\/2020\/10\/vkpBA.png\",\"contentUrl\":\"https:\/\/www.vkpbratislava.sk\/wp-content\/uploads\/2020\/10\/vkpBA.png\",\"width\":600,\"height\":600,\"caption\":\"VKP Bratislava\"},\"image\":{\"@id\":\"https:\/\/www.vkpbratislava.sk\/#\/schema\/logo\/image\/\"}},{\"@type\":\"Person\",\"@id\":\"https:\/\/www.vkpbratislava.sk\/#\/schema\/person\/7037e769f9515aa58493d1b5852c4c50\",\"name\":\"jenca\",\"image\":{\"@type\":\"ImageObject\",\"inLanguage\":\"sk-SK\",\"@id\":\"https:\/\/www.vkpbratislava.sk\/#\/schema\/person\/image\/\",\"url\":\"https:\/\/secure.gravatar.com\/avatar\/67aa89e9aab2911bbd0c6fbf0a891ea8d80c207c9b6a6e2c96e13fc2f16e536d?s=96&d=mm&r=g\",\"contentUrl\":\"https:\/\/secure.gravatar.com\/avatar\/67aa89e9aab2911bbd0c6fbf0a891ea8d80c207c9b6a6e2c96e13fc2f16e536d?s=96&d=mm&r=g\",\"caption\":\"jenca\"},\"url\":\"https:\/\/www.vkpbratislava.sk\/?author=3\"}]}<\/script>\n<!-- \/ Yoast SEO plugin. -->","yoast_head_json":{"title":"V\u00a0\u00e1\u010dku aj 16-ro\u010dn\u00fd Belas. Je to odmena za tvrd\u00fa pr\u00e1cu - VK SLOVAN Bratislava","description":"Do k\u00e1dra mu\u017eov sa v\u00a0novej sez\u00f3ne 2022\/2023 dostal aj talentovan\u00fd, len 16-ro\u010dn\u00fd nahr\u00e1va\u010d Branislav belas, ktor\u00fd z\u00edskal minul\u00fa sez\u00f3nu tri cenn\u00e9 kovy, ke\u010f\u017ee bol na v\u0161etk\u00fdch troch ml\u00e1de\u017en\u00edckych fin\u00e1lov\u00fdch turnajoch v\u00a0drese VKP Bratislava.","robots":{"index":"index","follow":"follow","max-snippet":"max-snippet:-1","max-image-preview":"max-image-preview:large","max-video-preview":"max-video-preview:-1"},"canonical":"https:\/\/www.vkpbratislava.sk\/?p=14737","og_locale":"sk_SK","og_type":"article","og_title":"V\u00a0\u00e1\u010dku aj 16-ro\u010dn\u00fd Belas. Je to odmena za tvrd\u00fa pr\u00e1cu - VK SLOVAN Bratislava","og_description":"Do k\u00e1dra mu\u017eov sa v\u00a0novej sez\u00f3ne 2022\/2023 dostal aj talentovan\u00fd, len 16-ro\u010dn\u00fd nahr\u00e1va\u010d Branislav belas, ktor\u00fd z\u00edskal minul\u00fa sez\u00f3nu tri cenn\u00e9 kovy, ke\u010f\u017ee bol na v\u0161etk\u00fdch troch ml\u00e1de\u017en\u00edckych fin\u00e1lov\u00fdch turnajoch v\u00a0drese VKP Bratislava.","og_url":"https:\/\/www.vkpbratislava.sk\/?p=14737","og_site_name":"VK SLOVAN Bratislava","article_published_time":"2022-09-28T20:33:11+00:00","article_modified_time":"2022-09-28T20:35:57+00:00","og_image":[{"width":1474,"height":1167,"url":"https:\/\/www.vkpbratislava.sk\/wp-content\/uploads\/2022\/08\/DF1A4468-e1664397268316.jpg","type":"image\/jpeg"}],"author":"jenca","twitter_card":"summary_large_image","twitter_misc":{"Autor":"jenca","Predpokladan\u00fd \u010das \u010d\u00edtania":"4 min\u00faty"},"schema":{"@context":"https:\/\/schema.org","@graph":[{"@type":"Article","@id":"https:\/\/www.vkpbratislava.sk\/?p=14737#article","isPartOf":{"@id":"https:\/\/www.vkpbratislava.sk\/?p=14737"},"author":{"name":"jenca","@id":"https:\/\/www.vkpbratislava.sk\/#\/schema\/person\/7037e769f9515aa58493d1b5852c4c50"},"headline":"V\u00a0\u00e1\u010dku aj 16-ro\u010dn\u00fd Belas. Je to odmena za tvrd\u00fa pr\u00e1cu","datePublished":"2022-09-28T20:33:11+00:00","dateModified":"2022-09-28T20:35:57+00:00","mainEntityOfPage":{"@id":"https:\/\/www.vkpbratislava.sk\/?p=14737"},"wordCount":364,"publisher":{"@id":"https:\/\/www.vkpbratislava.sk\/#organization"},"image":{"@id":"https:\/\/www.vkpbratislava.sk\/?p=14737#primaryimage"},"thumbnailUrl":"https:\/\/www.vkpbratislava.sk\/wp-content\/uploads\/2022\/08\/DF1A4468-e1664397268316.jpg","articleSection":["Ml\u00e1de\u017e","Mu\u017ei"],"inLanguage":"sk-SK"},{"@type":"WebPage","@id":"https:\/\/www.vkpbratislava.sk\/?p=14737","url":"https:\/\/www.vkpbratislava.sk\/?p=14737","name":"V\u00a0\u00e1\u010dku aj 16-ro\u010dn\u00fd Belas. Je to odmena za tvrd\u00fa pr\u00e1cu - VK SLOVAN Bratislava","isPartOf":{"@id":"https:\/\/www.vkpbratislava.sk\/#website"},"primaryImageOfPage":{"@id":"https:\/\/www.vkpbratislava.sk\/?p=14737#primaryimage"},"image":{"@id":"https:\/\/www.vkpbratislava.sk\/?p=14737#primaryimage"},"thumbnailUrl":"https:\/\/www.vkpbratislava.sk\/wp-content\/uploads\/2022\/08\/DF1A4468-e1664397268316.jpg","datePublished":"2022-09-28T20:33:11+00:00","dateModified":"2022-09-28T20:35:57+00:00","description":"Do k\u00e1dra mu\u017eov sa v\u00a0novej sez\u00f3ne 2022\/2023 dostal aj talentovan\u00fd, len 16-ro\u010dn\u00fd nahr\u00e1va\u010d Branislav belas, ktor\u00fd z\u00edskal minul\u00fa sez\u00f3nu tri cenn\u00e9 kovy, ke\u010f\u017ee bol na v\u0161etk\u00fdch troch ml\u00e1de\u017en\u00edckych fin\u00e1lov\u00fdch turnajoch v\u00a0drese VKP Bratislava.","breadcrumb":{"@id":"https:\/\/www.vkpbratislava.sk\/?p=14737#breadcrumb"},"inLanguage":"sk-SK","potentialAction":[{"@type":"ReadAction","target":["https:\/\/www.vkpbratislava.sk\/?p=14737"]}]},{"@type":"ImageObject","inLanguage":"sk-SK","@id":"https:\/\/www.vkpbratislava.sk\/?p=14737#primaryimage","url":"https:\/\/www.vkpbratislava.sk\/wp-content\/uploads\/2022\/08\/DF1A4468-e1664397268316.jpg","contentUrl":"https:\/\/www.vkpbratislava.sk\/wp-content\/uploads\/2022\/08\/DF1A4468-e1664397268316.jpg","width":1474,"height":1167},{"@type":"BreadcrumbList","@id":"https:\/\/www.vkpbratislava.sk\/?p=14737#breadcrumb","itemListElement":[{"@type":"ListItem","position":1,"name":"Domov","item":"https:\/\/www.vkpbratislava.sk\/"},{"@type":"ListItem","position":2,"name":"V\u00a0\u00e1\u010dku aj 16-ro\u010dn\u00fd Belas. Je to odmena za tvrd\u00fa pr\u00e1cu"}]},{"@type":"WebSite","@id":"https:\/\/www.vkpbratislava.sk\/#website","url":"https:\/\/www.vkpbratislava.sk\/","name":"VK SLOVAN Bratislava","description":"Volejbalov\u00fd klub","publisher":{"@id":"https:\/\/www.vkpbratislava.sk\/#organization"},"potentialAction":[{"@type":"SearchAction","target":{"@type":"EntryPoint","urlTemplate":"https:\/\/www.vkpbratislava.sk\/?s={search_term_string}"},"query-input":{"@type":"PropertyValueSpecification","valueRequired":true,"valueName":"search_term_string"}}],"inLanguage":"sk-SK"},{"@type":"Organization","@id":"https:\/\/www.vkpbratislava.sk\/#organization","name":"VKP Bratislava","url":"https:\/\/www.vkpbratislava.sk\/","logo":{"@type":"ImageObject","inLanguage":"sk-SK","@id":"https:\/\/www.vkpbratislava.sk\/#\/schema\/logo\/image\/","url":"https:\/\/www.vkpbratislava.sk\/wp-content\/uploads\/2020\/10\/vkpBA.png","contentUrl":"https:\/\/www.vkpbratislava.sk\/wp-content\/uploads\/2020\/10\/vkpBA.png","width":600,"height":600,"caption":"VKP Bratislava"},"image":{"@id":"https:\/\/www.vkpbratislava.sk\/#\/schema\/logo\/image\/"}},{"@type":"Person","@id":"https:\/\/www.vkpbratislava.sk\/#\/schema\/person\/7037e769f9515aa58493d1b5852c4c50","name":"jenca","image":{"@type":"ImageObject","inLanguage":"sk-SK","@id":"https:\/\/www.vkpbratislava.sk\/#\/schema\/person\/image\/","url":"https:\/\/secure.gravatar.com\/avatar\/67aa89e9aab2911bbd0c6fbf0a891ea8d80c207c9b6a6e2c96e13fc2f16e536d?s=96&d=mm&r=g","contentUrl":"https:\/\/secure.gravatar.com\/avatar\/67aa89e9aab2911bbd0c6fbf0a891ea8d80c207c9b6a6e2c96e13fc2f16e536d?s=96&d=mm&r=g","caption":"jenca"},"url":"https:\/\/www.vkpbratislava.sk\/?author=3"}]}},"_links":{"self":[{"href":"https:\/\/www.vkpbratislava.sk\/index.php?rest_route=\/wp\/v2\/posts\/14737","targetHints":{"allow":["GET"]}}],"collection":[{"href":"https:\/\/www.vkpbratislava.sk\/index.php?rest_route=\/wp\/v2\/posts"}],"about":[{"href":"https:\/\/www.vkpbratislava.sk\/index.php?rest_route=\/wp\/v2\/types\/post"}],"author":[{"embeddable":true,"href":"https:\/\/www.vkpbratislava.sk\/index.php?rest_route=\/wp\/v2\/users\/3"}],"replies":[{"embeddable":true,"href":"https:\/\/www.vkpbratislava.sk\/index.php?rest_route=%2Fwp%2Fv2%2Fcomments&post=14737"}],"version-history":[{"count":2,"href":"https:\/\/www.vkpbratislava.sk\/index.php?rest_route=\/wp\/v2\/posts\/14737\/revisions"}],"predecessor-version":[{"id":14749,"href":"https:\/\/www.vkpbratislava.sk\/index.php?rest_route=\/wp\/v2\/posts\/14737\/revisions\/14749"}],"wp:featuredmedia":[{"embeddable":true,"href":"https:\/\/www.vkpbratislava.sk\/index.php?rest_route=\/wp\/v2\/media\/14149"}],"wp:attachment":[{"href":"https:\/\/www.vkpbratislava.sk\/index.php?rest_route=%2Fwp%2Fv2%2Fmedia&parent=14737"}],"wp:term":[{"taxonomy":"category","embeddable":true,"href":"https:\/\/www.vkpbratislava.sk\/index.php?rest_route=%2Fwp%2Fv2%2Fcategories&post=14737"},{"taxonomy":"post_tag","embeddable":true,"href":"https:\/\/www.vkpbratislava.sk\/index.php?rest_route=%2Fwp%2Fv2%2Ftags&post=14737"}],"curies":[{"name":"wp","href":"https:\/\/api.w.org\/{rel}","templated":true}]}}