{"id":14960,"date":"2022-09-30T22:23:20","date_gmt":"2022-09-30T20:23:20","guid":{"rendered":"https:\/\/www.vkpbratislava.sk\/?p=14960"},"modified":"2022-09-30T22:24:16","modified_gmt":"2022-09-30T20:24:16","slug":"po-dvoch-zapasoch-stopercentne-vitazna-premiera-murillovej","status":"publish","type":"post","link":"https:\/\/www.vkpbratislava.sk\/?p=14960","title":{"rendered":"Po dvoch z\u00e1pasoch stopercentn\u00e9, v\u00ed\u0165azn\u00e1 premi\u00e9ra Murillovej"},"content":{"rendered":"<p><strong>\u017deny VKP Bratislava aj vo svojom druhom vyst\u00fapen\u00ed v Nik\u00e9 Extralige \u017eien zv\u00ed\u0165azili 3:0, tentoraz si na dom\u00e1cej palubovke v predohr\u00e1vke 2. kola poradili s Projekt RD SVF.<\/strong><\/p>\n<p>Prv\u00fdkr\u00e1t si dres &#8222;policajtiek&#8220; v s\u00fa\u0165a\u017enom z\u00e1pase obliekla Kolumbij\u010danka Fiorella Murillo a hne\u010f sa stala najlep\u0161ou hr\u00e1\u010dkou VKP v z\u00e1pase. Na dia\u013eku gratulujeme argent\u00ednskej liberke Agostine Pelozo, ktor\u00e1 post\u00fapila s reprezent\u00e1ciou na majstrovstv\u00e1ch sveta v Holandsku do \u010fal\u0161ej f\u00e1zy.<\/p>\n<p><strong>VKP Bratislava \u2013 Projekt RD SVF 3:0 (22, 24, 19)<\/strong><br \/>\nRozhodovali: Svoren\u010d\u00edk a\u00a0Viktor\u00edni-Lis\u00e1, 100 div\u00e1kov.<br \/>\n<strong>VKP: <\/strong>Koh\u00fatov\u00e1 1, Matal\u00edkov\u00e1 6, Smie\u0161kov\u00e1 11, Murillo 14, Ta. Hru\u0161eck\u00e1 12, Boledovi\u010dov\u00e1 6, liberka Tak\u00e1\u010dov\u00e1 (\u0160termensk\u00e1 2, Z. P\u00edse\u010dn\u00e1 1). Tr\u00e9ner: P. Bern\u00e1th.<br \/>\n<strong>Projekt RD: <\/strong>Hvozdov\u00e1 2, Dreisigov\u00e1 7, Ondrejkov\u00e1 5, Sil\u00e1diov\u00e1 13, Valentov\u00e1 11, Kart\u00edkov\u00e1 7, liberky Mikov\u00e1 a Pu\u0161k\u00e1rov\u00e1 (Petr\u00e1\u0161ov\u00e1 1, Mac\u00e1kov\u00e1, I. Fri\u010dov\u00e1, Vr\u00e1belov\u00e1 1). Tr\u00e9ner: M. Mali\u010dk\u00fd.<\/p>\n<p><strong>Hr\u00e1\u010dky z\u00e1pasu:<\/strong>\u00a0Fiorella Murillov\u00e1 (VKP Bratislava) \u2013 Mar\u00edna Sil\u00e1diov\u00e1 (Projekt RD SVF)<\/p>\n<p><strong>Pavel Bern\u00e1th, tr\u00e9ner VKP:<\/strong> <i>\u201ePre n\u00e1s to bol komplikovan\u00fd duel. Na ihrisko hrali proti sebe spoluhr\u00e1\u010dky z\u00a0ml\u00e1de\u017en\u00edckej reprezent\u00e1cie. Tr\u00e1pili sme sa na prihr\u00e1vke a\u00a0aj so servisom. Hra bola strnul\u00e1, ale d\u00f4le\u017eit\u00e9 je, \u017ee sme zvl\u00e1dli koncovky v\u00a0prv\u00fdch dvoch setoch a\u00a0v\u00a0tre\u0165om sme u\u017e mali v\u00fdvoj setu pod kontrolou. Aj napriek niektor\u00fdch chyb\u00e1m, to bolo z\u00a0na\u0161ej strany fajn.\u201c <\/i><\/p>\n<p><i><br \/>\n<\/i><strong>Marek Mali\u010dk\u00fd, tr\u00e9ner Projekt RD:<\/strong> <i>\u201e<\/i><i>Pre n\u00e1s to bol v\u00a0tejto zostave len druh\u00fd z\u00e1pas. M\u00e1me omladen\u00e9 dru\u017estvo. Sna\u017eili sme sa napravi\u0165 veci, ktor\u00e9 n\u00e1m v\u00a0stretnut\u00ed s\u00a0Pre\u0161ovom nefungovali. Nerobili sme s\u00e9rie ch\u00fdb na servise, \u010di in\u00e9 \u010dinnosti, ktor\u00e9 n\u00e1m nefungovali. Po druhom sete sme si hru a\u00a0mo\u017enosti dohrania zbyto\u010dne komplikovali<\/i><i>. Dostali sme sa do dvoch tesn\u00fdch koncoviek. Mrz\u00ed ma, \u017ee sme v\u00a0prvom sete v\u00a0jeho z\u00e1vere dostali dva razy eso cez p\u00e1sku a\u00a0nezlo\u017eili sme dva razy dobre nahran\u00fa loptu. S\u00fa to ale sk\u00fasenosti, ktor\u00e9 sa budeme sna\u017ei\u0165 v\u00a0\u010fal\u0161\u00edch kol\u00e1ch zu\u017eitkova\u0165.\u201c<\/i><\/p>\n<p>zdroj: VKP, svf.sk<\/p>\n","protected":false},"excerpt":{"rendered":"<p>\u017deny VKP Bratislava aj vo svojom druhom vyst\u00fapen\u00ed v Nik\u00e9 Extralige \u017eien zv\u00ed\u0165azili 3:0, tentoraz si na dom\u00e1cej palubovke v predohr\u00e1vke 2. kola poradili s Projekt RD SVF.<\/p>\n","protected":false},"author":3,"featured_media":14942,"comment_status":"closed","ping_status":"closed","sticky":false,"template":"","format":"standard","meta":{"_monsterinsights_skip_tracking":false,"_monsterinsights_sitenote_active":false,"_monsterinsights_sitenote_note":"","_monsterinsights_sitenote_category":0,"footnotes":""},"categories":[48],"tags":[],"class_list":["post-14960","post","type-post","status-publish","format-standard","has-post-thumbnail","hentry","category-zeny"],"yoast_head":"<!-- This site is optimized with the Yoast SEO plugin v25.6 - https:\/\/yoast.com\/wordpress\/plugins\/seo\/ -->\n<title>Po dvoch z\u00e1pasoch stopercentn\u00e9, v\u00ed\u0165azn\u00e1 premi\u00e9ra Murillovej - VK SLOVAN Bratislava<\/title>\n<meta name=\"description\" content=\"\u017deny VKP Bratislava aj vo svojom druhom vyst\u00fapen\u00ed v Nik\u00e9 Extralige \u017eien zv\u00ed\u0165azili 3:0, tentoraz si na dom\u00e1cej palubovke v predohr\u00e1vke 2. kola poradili s Projekt RD SVF.\" \/>\n<meta name=\"robots\" content=\"index, follow, max-snippet:-1, max-image-preview:large, max-video-preview:-1\" \/>\n<link rel=\"canonical\" href=\"https:\/\/www.vkpbratislava.sk\/?p=14960\" \/>\n<meta property=\"og:locale\" content=\"sk_SK\" \/>\n<meta property=\"og:type\" content=\"article\" \/>\n<meta property=\"og:title\" content=\"Po dvoch z\u00e1pasoch stopercentn\u00e9, v\u00ed\u0165azn\u00e1 premi\u00e9ra Murillovej - VK SLOVAN Bratislava\" \/>\n<meta property=\"og:description\" content=\"\u017deny VKP Bratislava aj vo svojom druhom vyst\u00fapen\u00ed v Nik\u00e9 Extralige \u017eien zv\u00ed\u0165azili 3:0, tentoraz si na dom\u00e1cej palubovke v predohr\u00e1vke 2. kola poradili s Projekt RD SVF.\" \/>\n<meta property=\"og:url\" content=\"https:\/\/www.vkpbratislava.sk\/?p=14960\" \/>\n<meta property=\"og:site_name\" content=\"VK SLOVAN Bratislava\" \/>\n<meta property=\"article:published_time\" content=\"2022-09-30T20:23:20+00:00\" \/>\n<meta property=\"article:modified_time\" content=\"2022-09-30T20:24:16+00:00\" \/>\n<meta property=\"og:image\" content=\"https:\/\/www.vkpbratislava.sk\/wp-content\/uploads\/2022\/09\/20220930_iurban79_VKP-Z-vs-COP-Nitra_DSC00228-1280x854.jpg\" \/>\n\t<meta property=\"og:image:width\" content=\"1280\" \/>\n\t<meta property=\"og:image:height\" content=\"854\" \/>\n\t<meta property=\"og:image:type\" content=\"image\/jpeg\" \/>\n<meta name=\"author\" content=\"jenca\" \/>\n<meta name=\"twitter:card\" content=\"summary_large_image\" \/>\n<meta name=\"twitter:label1\" content=\"Autor\" \/>\n\t<meta name=\"twitter:data1\" content=\"jenca\" \/>\n\t<meta name=\"twitter:label2\" content=\"Predpokladan\u00fd \u010das \u010d\u00edtania\" \/>\n\t<meta name=\"twitter:data2\" content=\"2 min\u00faty\" \/>\n<script type=\"application\/ld+json\" class=\"yoast-schema-graph\">{\"@context\":\"https:\/\/schema.org\",\"@graph\":[{\"@type\":\"Article\",\"@id\":\"https:\/\/www.vkpbratislava.sk\/?p=14960#article\",\"isPartOf\":{\"@id\":\"https:\/\/www.vkpbratislava.sk\/?p=14960\"},\"author\":{\"name\":\"jenca\",\"@id\":\"https:\/\/www.vkpbratislava.sk\/#\/schema\/person\/7037e769f9515aa58493d1b5852c4c50\"},\"headline\":\"Po dvoch z\u00e1pasoch stopercentn\u00e9, v\u00ed\u0165azn\u00e1 premi\u00e9ra Murillovej\",\"datePublished\":\"2022-09-30T20:23:20+00:00\",\"dateModified\":\"2022-09-30T20:24:16+00:00\",\"mainEntityOfPage\":{\"@id\":\"https:\/\/www.vkpbratislava.sk\/?p=14960\"},\"wordCount\":383,\"publisher\":{\"@id\":\"https:\/\/www.vkpbratislava.sk\/#organization\"},\"image\":{\"@id\":\"https:\/\/www.vkpbratislava.sk\/?p=14960#primaryimage\"},\"thumbnailUrl\":\"https:\/\/www.vkpbratislava.sk\/wp-content\/uploads\/2022\/09\/20220930_iurban79_VKP-Z-vs-COP-Nitra_DSC00228.jpg\",\"articleSection\":[\"\u017deny\"],\"inLanguage\":\"sk-SK\"},{\"@type\":\"WebPage\",\"@id\":\"https:\/\/www.vkpbratislava.sk\/?p=14960\",\"url\":\"https:\/\/www.vkpbratislava.sk\/?p=14960\",\"name\":\"Po dvoch z\u00e1pasoch stopercentn\u00e9, v\u00ed\u0165azn\u00e1 premi\u00e9ra Murillovej - VK SLOVAN Bratislava\",\"isPartOf\":{\"@id\":\"https:\/\/www.vkpbratislava.sk\/#website\"},\"primaryImageOfPage\":{\"@id\":\"https:\/\/www.vkpbratislava.sk\/?p=14960#primaryimage\"},\"image\":{\"@id\":\"https:\/\/www.vkpbratislava.sk\/?p=14960#primaryimage\"},\"thumbnailUrl\":\"https:\/\/www.vkpbratislava.sk\/wp-content\/uploads\/2022\/09\/20220930_iurban79_VKP-Z-vs-COP-Nitra_DSC00228.jpg\",\"datePublished\":\"2022-09-30T20:23:20+00:00\",\"dateModified\":\"2022-09-30T20:24:16+00:00\",\"description\":\"\u017deny VKP Bratislava aj vo svojom druhom vyst\u00fapen\u00ed v Nik\u00e9 Extralige \u017eien zv\u00ed\u0165azili 3:0, tentoraz si na dom\u00e1cej palubovke v predohr\u00e1vke 2. kola poradili s Projekt RD SVF.\",\"breadcrumb\":{\"@id\":\"https:\/\/www.vkpbratislava.sk\/?p=14960#breadcrumb\"},\"inLanguage\":\"sk-SK\",\"potentialAction\":[{\"@type\":\"ReadAction\",\"target\":[\"https:\/\/www.vkpbratislava.sk\/?p=14960\"]}]},{\"@type\":\"ImageObject\",\"inLanguage\":\"sk-SK\",\"@id\":\"https:\/\/www.vkpbratislava.sk\/?p=14960#primaryimage\",\"url\":\"https:\/\/www.vkpbratislava.sk\/wp-content\/uploads\/2022\/09\/20220930_iurban79_VKP-Z-vs-COP-Nitra_DSC00228.jpg\",\"contentUrl\":\"https:\/\/www.vkpbratislava.sk\/wp-content\/uploads\/2022\/09\/20220930_iurban79_VKP-Z-vs-COP-Nitra_DSC00228.jpg\",\"width\":2500,\"height\":1667},{\"@type\":\"BreadcrumbList\",\"@id\":\"https:\/\/www.vkpbratislava.sk\/?p=14960#breadcrumb\",\"itemListElement\":[{\"@type\":\"ListItem\",\"position\":1,\"name\":\"Domov\",\"item\":\"https:\/\/www.vkpbratislava.sk\/\"},{\"@type\":\"ListItem\",\"position\":2,\"name\":\"Po dvoch z\u00e1pasoch stopercentn\u00e9, v\u00ed\u0165azn\u00e1 premi\u00e9ra Murillovej\"}]},{\"@type\":\"WebSite\",\"@id\":\"https:\/\/www.vkpbratislava.sk\/#website\",\"url\":\"https:\/\/www.vkpbratislava.sk\/\",\"name\":\"VK SLOVAN Bratislava\",\"description\":\"Volejbalov\u00fd klub\",\"publisher\":{\"@id\":\"https:\/\/www.vkpbratislava.sk\/#organization\"},\"potentialAction\":[{\"@type\":\"SearchAction\",\"target\":{\"@type\":\"EntryPoint\",\"urlTemplate\":\"https:\/\/www.vkpbratislava.sk\/?s={search_term_string}\"},\"query-input\":{\"@type\":\"PropertyValueSpecification\",\"valueRequired\":true,\"valueName\":\"search_term_string\"}}],\"inLanguage\":\"sk-SK\"},{\"@type\":\"Organization\",\"@id\":\"https:\/\/www.vkpbratislava.sk\/#organization\",\"name\":\"VKP Bratislava\",\"url\":\"https:\/\/www.vkpbratislava.sk\/\",\"logo\":{\"@type\":\"ImageObject\",\"inLanguage\":\"sk-SK\",\"@id\":\"https:\/\/www.vkpbratislava.sk\/#\/schema\/logo\/image\/\",\"url\":\"https:\/\/www.vkpbratislava.sk\/wp-content\/uploads\/2020\/10\/vkpBA.png\",\"contentUrl\":\"https:\/\/www.vkpbratislava.sk\/wp-content\/uploads\/2020\/10\/vkpBA.png\",\"width\":600,\"height\":600,\"caption\":\"VKP Bratislava\"},\"image\":{\"@id\":\"https:\/\/www.vkpbratislava.sk\/#\/schema\/logo\/image\/\"}},{\"@type\":\"Person\",\"@id\":\"https:\/\/www.vkpbratislava.sk\/#\/schema\/person\/7037e769f9515aa58493d1b5852c4c50\",\"name\":\"jenca\",\"image\":{\"@type\":\"ImageObject\",\"inLanguage\":\"sk-SK\",\"@id\":\"https:\/\/www.vkpbratislava.sk\/#\/schema\/person\/image\/\",\"url\":\"https:\/\/secure.gravatar.com\/avatar\/67aa89e9aab2911bbd0c6fbf0a891ea8d80c207c9b6a6e2c96e13fc2f16e536d?s=96&d=mm&r=g\",\"contentUrl\":\"https:\/\/secure.gravatar.com\/avatar\/67aa89e9aab2911bbd0c6fbf0a891ea8d80c207c9b6a6e2c96e13fc2f16e536d?s=96&d=mm&r=g\",\"caption\":\"jenca\"},\"url\":\"https:\/\/www.vkpbratislava.sk\/?author=3\"}]}<\/script>\n<!-- \/ Yoast SEO plugin. -->","yoast_head_json":{"title":"Po dvoch z\u00e1pasoch stopercentn\u00e9, v\u00ed\u0165azn\u00e1 premi\u00e9ra Murillovej - VK SLOVAN Bratislava","description":"\u017deny VKP Bratislava aj vo svojom druhom vyst\u00fapen\u00ed v Nik\u00e9 Extralige \u017eien zv\u00ed\u0165azili 3:0, tentoraz si na dom\u00e1cej palubovke v predohr\u00e1vke 2. kola poradili s Projekt RD SVF.","robots":{"index":"index","follow":"follow","max-snippet":"max-snippet:-1","max-image-preview":"max-image-preview:large","max-video-preview":"max-video-preview:-1"},"canonical":"https:\/\/www.vkpbratislava.sk\/?p=14960","og_locale":"sk_SK","og_type":"article","og_title":"Po dvoch z\u00e1pasoch stopercentn\u00e9, v\u00ed\u0165azn\u00e1 premi\u00e9ra Murillovej - VK SLOVAN Bratislava","og_description":"\u017deny VKP Bratislava aj vo svojom druhom vyst\u00fapen\u00ed v Nik\u00e9 Extralige \u017eien zv\u00ed\u0165azili 3:0, tentoraz si na dom\u00e1cej palubovke v predohr\u00e1vke 2. kola poradili s Projekt RD SVF.","og_url":"https:\/\/www.vkpbratislava.sk\/?p=14960","og_site_name":"VK SLOVAN Bratislava","article_published_time":"2022-09-30T20:23:20+00:00","article_modified_time":"2022-09-30T20:24:16+00:00","og_image":[{"width":1280,"height":854,"url":"https:\/\/www.vkpbratislava.sk\/wp-content\/uploads\/2022\/09\/20220930_iurban79_VKP-Z-vs-COP-Nitra_DSC00228-1280x854.jpg","type":"image\/jpeg"}],"author":"jenca","twitter_card":"summary_large_image","twitter_misc":{"Autor":"jenca","Predpokladan\u00fd \u010das \u010d\u00edtania":"2 min\u00faty"},"schema":{"@context":"https:\/\/schema.org","@graph":[{"@type":"Article","@id":"https:\/\/www.vkpbratislava.sk\/?p=14960#article","isPartOf":{"@id":"https:\/\/www.vkpbratislava.sk\/?p=14960"},"author":{"name":"jenca","@id":"https:\/\/www.vkpbratislava.sk\/#\/schema\/person\/7037e769f9515aa58493d1b5852c4c50"},"headline":"Po dvoch z\u00e1pasoch stopercentn\u00e9, v\u00ed\u0165azn\u00e1 premi\u00e9ra Murillovej","datePublished":"2022-09-30T20:23:20+00:00","dateModified":"2022-09-30T20:24:16+00:00","mainEntityOfPage":{"@id":"https:\/\/www.vkpbratislava.sk\/?p=14960"},"wordCount":383,"publisher":{"@id":"https:\/\/www.vkpbratislava.sk\/#organization"},"image":{"@id":"https:\/\/www.vkpbratislava.sk\/?p=14960#primaryimage"},"thumbnailUrl":"https:\/\/www.vkpbratislava.sk\/wp-content\/uploads\/2022\/09\/20220930_iurban79_VKP-Z-vs-COP-Nitra_DSC00228.jpg","articleSection":["\u017deny"],"inLanguage":"sk-SK"},{"@type":"WebPage","@id":"https:\/\/www.vkpbratislava.sk\/?p=14960","url":"https:\/\/www.vkpbratislava.sk\/?p=14960","name":"Po dvoch z\u00e1pasoch stopercentn\u00e9, v\u00ed\u0165azn\u00e1 premi\u00e9ra Murillovej - VK SLOVAN Bratislava","isPartOf":{"@id":"https:\/\/www.vkpbratislava.sk\/#website"},"primaryImageOfPage":{"@id":"https:\/\/www.vkpbratislava.sk\/?p=14960#primaryimage"},"image":{"@id":"https:\/\/www.vkpbratislava.sk\/?p=14960#primaryimage"},"thumbnailUrl":"https:\/\/www.vkpbratislava.sk\/wp-content\/uploads\/2022\/09\/20220930_iurban79_VKP-Z-vs-COP-Nitra_DSC00228.jpg","datePublished":"2022-09-30T20:23:20+00:00","dateModified":"2022-09-30T20:24:16+00:00","description":"\u017deny VKP Bratislava aj vo svojom druhom vyst\u00fapen\u00ed v Nik\u00e9 Extralige \u017eien zv\u00ed\u0165azili 3:0, tentoraz si na dom\u00e1cej palubovke v predohr\u00e1vke 2. kola poradili s Projekt RD SVF.","breadcrumb":{"@id":"https:\/\/www.vkpbratislava.sk\/?p=14960#breadcrumb"},"inLanguage":"sk-SK","potentialAction":[{"@type":"ReadAction","target":["https:\/\/www.vkpbratislava.sk\/?p=14960"]}]},{"@type":"ImageObject","inLanguage":"sk-SK","@id":"https:\/\/www.vkpbratislava.sk\/?p=14960#primaryimage","url":"https:\/\/www.vkpbratislava.sk\/wp-content\/uploads\/2022\/09\/20220930_iurban79_VKP-Z-vs-COP-Nitra_DSC00228.jpg","contentUrl":"https:\/\/www.vkpbratislava.sk\/wp-content\/uploads\/2022\/09\/20220930_iurban79_VKP-Z-vs-COP-Nitra_DSC00228.jpg","width":2500,"height":1667},{"@type":"BreadcrumbList","@id":"https:\/\/www.vkpbratislava.sk\/?p=14960#breadcrumb","itemListElement":[{"@type":"ListItem","position":1,"name":"Domov","item":"https:\/\/www.vkpbratislava.sk\/"},{"@type":"ListItem","position":2,"name":"Po dvoch z\u00e1pasoch stopercentn\u00e9, v\u00ed\u0165azn\u00e1 premi\u00e9ra Murillovej"}]},{"@type":"WebSite","@id":"https:\/\/www.vkpbratislava.sk\/#website","url":"https:\/\/www.vkpbratislava.sk\/","name":"VK SLOVAN Bratislava","description":"Volejbalov\u00fd klub","publisher":{"@id":"https:\/\/www.vkpbratislava.sk\/#organization"},"potentialAction":[{"@type":"SearchAction","target":{"@type":"EntryPoint","urlTemplate":"https:\/\/www.vkpbratislava.sk\/?s={search_term_string}"},"query-input":{"@type":"PropertyValueSpecification","valueRequired":true,"valueName":"search_term_string"}}],"inLanguage":"sk-SK"},{"@type":"Organization","@id":"https:\/\/www.vkpbratislava.sk\/#organization","name":"VKP Bratislava","url":"https:\/\/www.vkpbratislava.sk\/","logo":{"@type":"ImageObject","inLanguage":"sk-SK","@id":"https:\/\/www.vkpbratislava.sk\/#\/schema\/logo\/image\/","url":"https:\/\/www.vkpbratislava.sk\/wp-content\/uploads\/2020\/10\/vkpBA.png","contentUrl":"https:\/\/www.vkpbratislava.sk\/wp-content\/uploads\/2020\/10\/vkpBA.png","width":600,"height":600,"caption":"VKP Bratislava"},"image":{"@id":"https:\/\/www.vkpbratislava.sk\/#\/schema\/logo\/image\/"}},{"@type":"Person","@id":"https:\/\/www.vkpbratislava.sk\/#\/schema\/person\/7037e769f9515aa58493d1b5852c4c50","name":"jenca","image":{"@type":"ImageObject","inLanguage":"sk-SK","@id":"https:\/\/www.vkpbratislava.sk\/#\/schema\/person\/image\/","url":"https:\/\/secure.gravatar.com\/avatar\/67aa89e9aab2911bbd0c6fbf0a891ea8d80c207c9b6a6e2c96e13fc2f16e536d?s=96&d=mm&r=g","contentUrl":"https:\/\/secure.gravatar.com\/avatar\/67aa89e9aab2911bbd0c6fbf0a891ea8d80c207c9b6a6e2c96e13fc2f16e536d?s=96&d=mm&r=g","caption":"jenca"},"url":"https:\/\/www.vkpbratislava.sk\/?author=3"}]}},"_links":{"self":[{"href":"https:\/\/www.vkpbratislava.sk\/index.php?rest_route=\/wp\/v2\/posts\/14960","targetHints":{"allow":["GET"]}}],"collection":[{"href":"https:\/\/www.vkpbratislava.sk\/index.php?rest_route=\/wp\/v2\/posts"}],"about":[{"href":"https:\/\/www.vkpbratislava.sk\/index.php?rest_route=\/wp\/v2\/types\/post"}],"author":[{"embeddable":true,"href":"https:\/\/www.vkpbratislava.sk\/index.php?rest_route=\/wp\/v2\/users\/3"}],"replies":[{"embeddable":true,"href":"https:\/\/www.vkpbratislava.sk\/index.php?rest_route=%2Fwp%2Fv2%2Fcomments&post=14960"}],"version-history":[{"count":2,"href":"https:\/\/www.vkpbratislava.sk\/index.php?rest_route=\/wp\/v2\/posts\/14960\/revisions"}],"predecessor-version":[{"id":14962,"href":"https:\/\/www.vkpbratislava.sk\/index.php?rest_route=\/wp\/v2\/posts\/14960\/revisions\/14962"}],"wp:featuredmedia":[{"embeddable":true,"href":"https:\/\/www.vkpbratislava.sk\/index.php?rest_route=\/wp\/v2\/media\/14942"}],"wp:attachment":[{"href":"https:\/\/www.vkpbratislava.sk\/index.php?rest_route=%2Fwp%2Fv2%2Fmedia&parent=14960"}],"wp:term":[{"taxonomy":"category","embeddable":true,"href":"https:\/\/www.vkpbratislava.sk\/index.php?rest_route=%2Fwp%2Fv2%2Fcategories&post=14960"},{"taxonomy":"post_tag","embeddable":true,"href":"https:\/\/www.vkpbratislava.sk\/index.php?rest_route=%2Fwp%2Fv2%2Ftags&post=14960"}],"curies":[{"name":"wp","href":"https:\/\/api.w.org\/{rel}","templated":true}]}}