{"id":14966,"date":"2022-10-02T10:51:20","date_gmt":"2022-10-02T08:51:20","guid":{"rendered":"https:\/\/www.vkpbratislava.sk\/?p=14966"},"modified":"2022-10-02T10:51:20","modified_gmt":"2022-10-02T08:51:20","slug":"skvely-uvod-do-sezony-muzi-ziskali-tri-body-v-myjave","status":"publish","type":"post","link":"https:\/\/www.vkpbratislava.sk\/?p=14966","title":{"rendered":"Skvel\u00fd \u00favod do sez\u00f3ny. Mu\u017ei z\u00edskali tri body v Myjave"},"content":{"rendered":"<p><strong>Mu\u017ei VKP Bratislava zv\u00ed\u0165azili vo svojom prvom z\u00e1pase novej sez\u00f3ny na palubovke Spartaka Myjava.<\/strong><\/p>\n<p><strong>TJ Spartak Myjava \u2013 VKP Bratislava 1:3 (-15, 22, -15, -22)<\/strong><br \/>\nRozhodovali: Tir\u0161el a\u00a0Kov\u00e1\u010d.<\/p>\n<p><strong>TJ SPARTAK: <\/strong>\u0160. Rzyman 2, Valo 2, Konc 5, M. Zeman 6, Viskup 20, Watzka 12, liber\u00e1 S. Pa\u0148ko a \u0160\u00edma (Poll\u00e1k 0, M. Donec 0, A. Donec 0, O. Zeman 6). Tr\u00e9ner: V. Osipov.<br \/>\n<strong>VKP: <\/strong>Za\u0165ko 6, Truba\u010d 17, Billich 11, Van\u010do 22, Rak 9, Marjov 10, libero \u013d. Nemec (\u010cerven\u00e1k 0). Tr\u00e9ner: R. P\u011blucha.<\/p>\n<p><strong>Hr\u00e1\u010di z\u00e1pasu:<\/strong> Erik Watzka (Myjava) a Adri\u00e1n Van\u010do (VKP Bratislava)<\/p>\n<p><strong>Vitalij Osipov, tr\u00e9ner TJ Spartak:<\/strong> <i>\u201e<\/i><i>Z\u00e1pas sme prehrali. O\u010dak\u00e1val som, \u017ee to bude nerv\u00f3zny duel, \u010do sa aj potvrdilo. Je to za\u010diatok sez\u00f3ny, ale s\u00a0v\u00fdkonnom m\u00f4jho dru\u017estva nie som spokojn\u00fd. O\u010dak\u00e1val som lep\u0161\u00ed v\u00fdkon, v\u00a0pr\u00edprave sme dobre pracovali a\u00a0splnili v\u0161etko, \u010do sme si napl\u00e1novali. V\u00a0pr\u00edprave sme hrali ove\u013ea lep\u0161ie ako proti VKP a\u00a0som z toho sklaman\u00fd<\/i><i>.\u201c<\/i><\/p>\n<p><b><strong>Robin P\u011blucha, tr\u00e9ner VKP:<\/strong><\/b> <i>\u201e<\/i><i>Bol to pekn\u00fd a bojovn\u00fd z\u00e1pas. Samozrejme, boli tam dobr\u00e9 aj hor\u0161ie momenty. Dom\u00e1ci mali t\u00fdch hor\u0161\u00edch v\u00fdrazne viac, a\u00a0preto sme vyhrali za tri body, z\u00a0\u010doho sa te\u0161\u00edme.<\/i><i>\u201c<\/i><\/p>\n<p>Zdroj: vkp, svf.sk<\/p>\n<p>&nbsp;<\/p>\n","protected":false},"excerpt":{"rendered":"<p>Mu\u017ei VKP Bratislava zv\u00ed\u0165azili vo svojom prvom z\u00e1pase novej sez\u00f3ny na palubovke Spartaka Myjava.<\/p>\n","protected":false},"author":3,"featured_media":14972,"comment_status":"closed","ping_status":"closed","sticky":false,"template":"","format":"standard","meta":{"_monsterinsights_skip_tracking":false,"_monsterinsights_sitenote_active":false,"_monsterinsights_sitenote_note":"","_monsterinsights_sitenote_category":0,"footnotes":""},"categories":[47],"tags":[],"class_list":["post-14966","post","type-post","status-publish","format-standard","has-post-thumbnail","hentry","category-muzi"],"yoast_head":"<!-- This site is optimized with the Yoast SEO plugin v25.6 - https:\/\/yoast.com\/wordpress\/plugins\/seo\/ -->\n<title>Skvel\u00fd \u00favod do sez\u00f3ny. Mu\u017ei z\u00edskali tri body v Myjave - VK SLOVAN Bratislava<\/title>\n<meta name=\"description\" content=\"Mu\u017ei VKP Bratislava zv\u00ed\u0165azili vo svojom prvom z\u00e1pase novej sez\u00f3ny na palubovke Spartaka Myjava.\" \/>\n<meta name=\"robots\" content=\"index, follow, max-snippet:-1, max-image-preview:large, max-video-preview:-1\" \/>\n<link rel=\"canonical\" href=\"https:\/\/www.vkpbratislava.sk\/?p=14966\" \/>\n<meta property=\"og:locale\" content=\"sk_SK\" \/>\n<meta property=\"og:type\" content=\"article\" \/>\n<meta property=\"og:title\" content=\"Skvel\u00fd \u00favod do sez\u00f3ny. Mu\u017ei z\u00edskali tri body v Myjave - VK SLOVAN Bratislava\" \/>\n<meta property=\"og:description\" content=\"Mu\u017ei VKP Bratislava zv\u00ed\u0165azili vo svojom prvom z\u00e1pase novej sez\u00f3ny na palubovke Spartaka Myjava.\" \/>\n<meta property=\"og:url\" content=\"https:\/\/www.vkpbratislava.sk\/?p=14966\" \/>\n<meta property=\"og:site_name\" content=\"VK SLOVAN Bratislava\" \/>\n<meta property=\"article:published_time\" content=\"2022-10-02T08:51:20+00:00\" \/>\n<meta property=\"og:image\" content=\"https:\/\/www.vkpbratislava.sk\/wp-content\/uploads\/2022\/10\/B2F6EAA0-8145-4719-8BE0-85F787EBA9EC.jpeg\" \/>\n\t<meta property=\"og:image:width\" content=\"1000\" \/>\n\t<meta property=\"og:image:height\" content=\"666\" \/>\n\t<meta property=\"og:image:type\" content=\"image\/jpeg\" \/>\n<meta name=\"author\" content=\"jenca\" \/>\n<meta name=\"twitter:card\" content=\"summary_large_image\" \/>\n<meta name=\"twitter:label1\" content=\"Autor\" \/>\n\t<meta name=\"twitter:data1\" content=\"jenca\" \/>\n\t<meta name=\"twitter:label2\" content=\"Predpokladan\u00fd \u010das \u010d\u00edtania\" \/>\n\t<meta name=\"twitter:data2\" content=\"1 min\u00fata\" \/>\n<script type=\"application\/ld+json\" class=\"yoast-schema-graph\">{\"@context\":\"https:\/\/schema.org\",\"@graph\":[{\"@type\":\"Article\",\"@id\":\"https:\/\/www.vkpbratislava.sk\/?p=14966#article\",\"isPartOf\":{\"@id\":\"https:\/\/www.vkpbratislava.sk\/?p=14966\"},\"author\":{\"name\":\"jenca\",\"@id\":\"https:\/\/www.vkpbratislava.sk\/#\/schema\/person\/7037e769f9515aa58493d1b5852c4c50\"},\"headline\":\"Skvel\u00fd \u00favod do sez\u00f3ny. Mu\u017ei z\u00edskali tri body v Myjave\",\"datePublished\":\"2022-10-02T08:51:20+00:00\",\"mainEntityOfPage\":{\"@id\":\"https:\/\/www.vkpbratislava.sk\/?p=14966\"},\"wordCount\":231,\"publisher\":{\"@id\":\"https:\/\/www.vkpbratislava.sk\/#organization\"},\"image\":{\"@id\":\"https:\/\/www.vkpbratislava.sk\/?p=14966#primaryimage\"},\"thumbnailUrl\":\"https:\/\/www.vkpbratislava.sk\/wp-content\/uploads\/2022\/10\/B2F6EAA0-8145-4719-8BE0-85F787EBA9EC.jpeg\",\"articleSection\":[\"Mu\u017ei\"],\"inLanguage\":\"sk-SK\"},{\"@type\":\"WebPage\",\"@id\":\"https:\/\/www.vkpbratislava.sk\/?p=14966\",\"url\":\"https:\/\/www.vkpbratislava.sk\/?p=14966\",\"name\":\"Skvel\u00fd \u00favod do sez\u00f3ny. Mu\u017ei z\u00edskali tri body v Myjave - VK SLOVAN Bratislava\",\"isPartOf\":{\"@id\":\"https:\/\/www.vkpbratislava.sk\/#website\"},\"primaryImageOfPage\":{\"@id\":\"https:\/\/www.vkpbratislava.sk\/?p=14966#primaryimage\"},\"image\":{\"@id\":\"https:\/\/www.vkpbratislava.sk\/?p=14966#primaryimage\"},\"thumbnailUrl\":\"https:\/\/www.vkpbratislava.sk\/wp-content\/uploads\/2022\/10\/B2F6EAA0-8145-4719-8BE0-85F787EBA9EC.jpeg\",\"datePublished\":\"2022-10-02T08:51:20+00:00\",\"description\":\"Mu\u017ei VKP Bratislava zv\u00ed\u0165azili vo svojom prvom z\u00e1pase novej sez\u00f3ny na palubovke Spartaka Myjava.\",\"breadcrumb\":{\"@id\":\"https:\/\/www.vkpbratislava.sk\/?p=14966#breadcrumb\"},\"inLanguage\":\"sk-SK\",\"potentialAction\":[{\"@type\":\"ReadAction\",\"target\":[\"https:\/\/www.vkpbratislava.sk\/?p=14966\"]}]},{\"@type\":\"ImageObject\",\"inLanguage\":\"sk-SK\",\"@id\":\"https:\/\/www.vkpbratislava.sk\/?p=14966#primaryimage\",\"url\":\"https:\/\/www.vkpbratislava.sk\/wp-content\/uploads\/2022\/10\/B2F6EAA0-8145-4719-8BE0-85F787EBA9EC.jpeg\",\"contentUrl\":\"https:\/\/www.vkpbratislava.sk\/wp-content\/uploads\/2022\/10\/B2F6EAA0-8145-4719-8BE0-85F787EBA9EC.jpeg\",\"width\":1000,\"height\":666},{\"@type\":\"BreadcrumbList\",\"@id\":\"https:\/\/www.vkpbratislava.sk\/?p=14966#breadcrumb\",\"itemListElement\":[{\"@type\":\"ListItem\",\"position\":1,\"name\":\"Domov\",\"item\":\"https:\/\/www.vkpbratislava.sk\/\"},{\"@type\":\"ListItem\",\"position\":2,\"name\":\"Skvel\u00fd \u00favod do sez\u00f3ny. Mu\u017ei z\u00edskali tri body v Myjave\"}]},{\"@type\":\"WebSite\",\"@id\":\"https:\/\/www.vkpbratislava.sk\/#website\",\"url\":\"https:\/\/www.vkpbratislava.sk\/\",\"name\":\"VK SLOVAN Bratislava\",\"description\":\"Volejbalov\u00fd klub\",\"publisher\":{\"@id\":\"https:\/\/www.vkpbratislava.sk\/#organization\"},\"potentialAction\":[{\"@type\":\"SearchAction\",\"target\":{\"@type\":\"EntryPoint\",\"urlTemplate\":\"https:\/\/www.vkpbratislava.sk\/?s={search_term_string}\"},\"query-input\":{\"@type\":\"PropertyValueSpecification\",\"valueRequired\":true,\"valueName\":\"search_term_string\"}}],\"inLanguage\":\"sk-SK\"},{\"@type\":\"Organization\",\"@id\":\"https:\/\/www.vkpbratislava.sk\/#organization\",\"name\":\"VKP Bratislava\",\"url\":\"https:\/\/www.vkpbratislava.sk\/\",\"logo\":{\"@type\":\"ImageObject\",\"inLanguage\":\"sk-SK\",\"@id\":\"https:\/\/www.vkpbratislava.sk\/#\/schema\/logo\/image\/\",\"url\":\"https:\/\/www.vkpbratislava.sk\/wp-content\/uploads\/2020\/10\/vkpBA.png\",\"contentUrl\":\"https:\/\/www.vkpbratislava.sk\/wp-content\/uploads\/2020\/10\/vkpBA.png\",\"width\":600,\"height\":600,\"caption\":\"VKP Bratislava\"},\"image\":{\"@id\":\"https:\/\/www.vkpbratislava.sk\/#\/schema\/logo\/image\/\"}},{\"@type\":\"Person\",\"@id\":\"https:\/\/www.vkpbratislava.sk\/#\/schema\/person\/7037e769f9515aa58493d1b5852c4c50\",\"name\":\"jenca\",\"image\":{\"@type\":\"ImageObject\",\"inLanguage\":\"sk-SK\",\"@id\":\"https:\/\/www.vkpbratislava.sk\/#\/schema\/person\/image\/\",\"url\":\"https:\/\/secure.gravatar.com\/avatar\/67aa89e9aab2911bbd0c6fbf0a891ea8d80c207c9b6a6e2c96e13fc2f16e536d?s=96&d=mm&r=g\",\"contentUrl\":\"https:\/\/secure.gravatar.com\/avatar\/67aa89e9aab2911bbd0c6fbf0a891ea8d80c207c9b6a6e2c96e13fc2f16e536d?s=96&d=mm&r=g\",\"caption\":\"jenca\"},\"url\":\"https:\/\/www.vkpbratislava.sk\/?author=3\"}]}<\/script>\n<!-- \/ Yoast SEO plugin. -->","yoast_head_json":{"title":"Skvel\u00fd \u00favod do sez\u00f3ny. Mu\u017ei z\u00edskali tri body v Myjave - VK SLOVAN Bratislava","description":"Mu\u017ei VKP Bratislava zv\u00ed\u0165azili vo svojom prvom z\u00e1pase novej sez\u00f3ny na palubovke Spartaka Myjava.","robots":{"index":"index","follow":"follow","max-snippet":"max-snippet:-1","max-image-preview":"max-image-preview:large","max-video-preview":"max-video-preview:-1"},"canonical":"https:\/\/www.vkpbratislava.sk\/?p=14966","og_locale":"sk_SK","og_type":"article","og_title":"Skvel\u00fd \u00favod do sez\u00f3ny. Mu\u017ei z\u00edskali tri body v Myjave - VK SLOVAN Bratislava","og_description":"Mu\u017ei VKP Bratislava zv\u00ed\u0165azili vo svojom prvom z\u00e1pase novej sez\u00f3ny na palubovke Spartaka Myjava.","og_url":"https:\/\/www.vkpbratislava.sk\/?p=14966","og_site_name":"VK SLOVAN Bratislava","article_published_time":"2022-10-02T08:51:20+00:00","og_image":[{"width":1000,"height":666,"url":"https:\/\/www.vkpbratislava.sk\/wp-content\/uploads\/2022\/10\/B2F6EAA0-8145-4719-8BE0-85F787EBA9EC.jpeg","type":"image\/jpeg"}],"author":"jenca","twitter_card":"summary_large_image","twitter_misc":{"Autor":"jenca","Predpokladan\u00fd \u010das \u010d\u00edtania":"1 min\u00fata"},"schema":{"@context":"https:\/\/schema.org","@graph":[{"@type":"Article","@id":"https:\/\/www.vkpbratislava.sk\/?p=14966#article","isPartOf":{"@id":"https:\/\/www.vkpbratislava.sk\/?p=14966"},"author":{"name":"jenca","@id":"https:\/\/www.vkpbratislava.sk\/#\/schema\/person\/7037e769f9515aa58493d1b5852c4c50"},"headline":"Skvel\u00fd \u00favod do sez\u00f3ny. Mu\u017ei z\u00edskali tri body v Myjave","datePublished":"2022-10-02T08:51:20+00:00","mainEntityOfPage":{"@id":"https:\/\/www.vkpbratislava.sk\/?p=14966"},"wordCount":231,"publisher":{"@id":"https:\/\/www.vkpbratislava.sk\/#organization"},"image":{"@id":"https:\/\/www.vkpbratislava.sk\/?p=14966#primaryimage"},"thumbnailUrl":"https:\/\/www.vkpbratislava.sk\/wp-content\/uploads\/2022\/10\/B2F6EAA0-8145-4719-8BE0-85F787EBA9EC.jpeg","articleSection":["Mu\u017ei"],"inLanguage":"sk-SK"},{"@type":"WebPage","@id":"https:\/\/www.vkpbratislava.sk\/?p=14966","url":"https:\/\/www.vkpbratislava.sk\/?p=14966","name":"Skvel\u00fd \u00favod do sez\u00f3ny. Mu\u017ei z\u00edskali tri body v Myjave - VK SLOVAN Bratislava","isPartOf":{"@id":"https:\/\/www.vkpbratislava.sk\/#website"},"primaryImageOfPage":{"@id":"https:\/\/www.vkpbratislava.sk\/?p=14966#primaryimage"},"image":{"@id":"https:\/\/www.vkpbratislava.sk\/?p=14966#primaryimage"},"thumbnailUrl":"https:\/\/www.vkpbratislava.sk\/wp-content\/uploads\/2022\/10\/B2F6EAA0-8145-4719-8BE0-85F787EBA9EC.jpeg","datePublished":"2022-10-02T08:51:20+00:00","description":"Mu\u017ei VKP Bratislava zv\u00ed\u0165azili vo svojom prvom z\u00e1pase novej sez\u00f3ny na palubovke Spartaka Myjava.","breadcrumb":{"@id":"https:\/\/www.vkpbratislava.sk\/?p=14966#breadcrumb"},"inLanguage":"sk-SK","potentialAction":[{"@type":"ReadAction","target":["https:\/\/www.vkpbratislava.sk\/?p=14966"]}]},{"@type":"ImageObject","inLanguage":"sk-SK","@id":"https:\/\/www.vkpbratislava.sk\/?p=14966#primaryimage","url":"https:\/\/www.vkpbratislava.sk\/wp-content\/uploads\/2022\/10\/B2F6EAA0-8145-4719-8BE0-85F787EBA9EC.jpeg","contentUrl":"https:\/\/www.vkpbratislava.sk\/wp-content\/uploads\/2022\/10\/B2F6EAA0-8145-4719-8BE0-85F787EBA9EC.jpeg","width":1000,"height":666},{"@type":"BreadcrumbList","@id":"https:\/\/www.vkpbratislava.sk\/?p=14966#breadcrumb","itemListElement":[{"@type":"ListItem","position":1,"name":"Domov","item":"https:\/\/www.vkpbratislava.sk\/"},{"@type":"ListItem","position":2,"name":"Skvel\u00fd \u00favod do sez\u00f3ny. Mu\u017ei z\u00edskali tri body v Myjave"}]},{"@type":"WebSite","@id":"https:\/\/www.vkpbratislava.sk\/#website","url":"https:\/\/www.vkpbratislava.sk\/","name":"VK SLOVAN Bratislava","description":"Volejbalov\u00fd klub","publisher":{"@id":"https:\/\/www.vkpbratislava.sk\/#organization"},"potentialAction":[{"@type":"SearchAction","target":{"@type":"EntryPoint","urlTemplate":"https:\/\/www.vkpbratislava.sk\/?s={search_term_string}"},"query-input":{"@type":"PropertyValueSpecification","valueRequired":true,"valueName":"search_term_string"}}],"inLanguage":"sk-SK"},{"@type":"Organization","@id":"https:\/\/www.vkpbratislava.sk\/#organization","name":"VKP Bratislava","url":"https:\/\/www.vkpbratislava.sk\/","logo":{"@type":"ImageObject","inLanguage":"sk-SK","@id":"https:\/\/www.vkpbratislava.sk\/#\/schema\/logo\/image\/","url":"https:\/\/www.vkpbratislava.sk\/wp-content\/uploads\/2020\/10\/vkpBA.png","contentUrl":"https:\/\/www.vkpbratislava.sk\/wp-content\/uploads\/2020\/10\/vkpBA.png","width":600,"height":600,"caption":"VKP Bratislava"},"image":{"@id":"https:\/\/www.vkpbratislava.sk\/#\/schema\/logo\/image\/"}},{"@type":"Person","@id":"https:\/\/www.vkpbratislava.sk\/#\/schema\/person\/7037e769f9515aa58493d1b5852c4c50","name":"jenca","image":{"@type":"ImageObject","inLanguage":"sk-SK","@id":"https:\/\/www.vkpbratislava.sk\/#\/schema\/person\/image\/","url":"https:\/\/secure.gravatar.com\/avatar\/67aa89e9aab2911bbd0c6fbf0a891ea8d80c207c9b6a6e2c96e13fc2f16e536d?s=96&d=mm&r=g","contentUrl":"https:\/\/secure.gravatar.com\/avatar\/67aa89e9aab2911bbd0c6fbf0a891ea8d80c207c9b6a6e2c96e13fc2f16e536d?s=96&d=mm&r=g","caption":"jenca"},"url":"https:\/\/www.vkpbratislava.sk\/?author=3"}]}},"_links":{"self":[{"href":"https:\/\/www.vkpbratislava.sk\/index.php?rest_route=\/wp\/v2\/posts\/14966","targetHints":{"allow":["GET"]}}],"collection":[{"href":"https:\/\/www.vkpbratislava.sk\/index.php?rest_route=\/wp\/v2\/posts"}],"about":[{"href":"https:\/\/www.vkpbratislava.sk\/index.php?rest_route=\/wp\/v2\/types\/post"}],"author":[{"embeddable":true,"href":"https:\/\/www.vkpbratislava.sk\/index.php?rest_route=\/wp\/v2\/users\/3"}],"replies":[{"embeddable":true,"href":"https:\/\/www.vkpbratislava.sk\/index.php?rest_route=%2Fwp%2Fv2%2Fcomments&post=14966"}],"version-history":[{"count":1,"href":"https:\/\/www.vkpbratislava.sk\/index.php?rest_route=\/wp\/v2\/posts\/14966\/revisions"}],"predecessor-version":[{"id":14976,"href":"https:\/\/www.vkpbratislava.sk\/index.php?rest_route=\/wp\/v2\/posts\/14966\/revisions\/14976"}],"wp:featuredmedia":[{"embeddable":true,"href":"https:\/\/www.vkpbratislava.sk\/index.php?rest_route=\/wp\/v2\/media\/14972"}],"wp:attachment":[{"href":"https:\/\/www.vkpbratislava.sk\/index.php?rest_route=%2Fwp%2Fv2%2Fmedia&parent=14966"}],"wp:term":[{"taxonomy":"category","embeddable":true,"href":"https:\/\/www.vkpbratislava.sk\/index.php?rest_route=%2Fwp%2Fv2%2Fcategories&post=14966"},{"taxonomy":"post_tag","embeddable":true,"href":"https:\/\/www.vkpbratislava.sk\/index.php?rest_route=%2Fwp%2Fv2%2Ftags&post=14966"}],"curies":[{"name":"wp","href":"https:\/\/api.w.org\/{rel}","templated":true}]}}