{"id":15320,"date":"2022-10-09T17:46:44","date_gmt":"2022-10-09T15:46:44","guid":{"rendered":"https:\/\/www.vkpbratislava.sk\/?p=15320"},"modified":"2022-10-09T18:04:23","modified_gmt":"2022-10-09T16:04:23","slug":"po-drame-nadalej-bez-prehry","status":"publish","type":"post","link":"https:\/\/www.vkpbratislava.sk\/?p=15320","title":{"rendered":"Po dr\u00e1me na\u010falej bez prehry"},"content":{"rendered":"<p>Po v\u00fdhre v Myjave chceli mu\u017ei VKP nadviaza\u0165 v\u00fdhrou aj v dom\u00e1com prostred\u00ed so Svidn\u00edkom. Napokon sa im to podarilo, ale a\u017e po dramatickom z\u00e1vere v tajbrejku.<\/p>\n<p><b>VKP BRATISLAVA \u2013 TJ SL\u00c1VIA SVIDN\u00cdK 3:2 (18, -19, -19, 13, 11)<\/b><\/p>\n<p><b>Rozhodovali: <\/b>Sarka a\u00a0Viktor\u00edni-Lis\u00e1, 150 div\u00e1kov.<\/p>\n<p><b>VKP: <\/b>Za\u0165ko 5, Truba\u010d 21, Billich 13, Van\u010do 21, Rak 3, Marjov 6, libero \u013d. Nemec (Fekete 1, \u010cerven\u00e1k 5). Tr\u00e9ner: R. P\u011blucha.<\/p>\n<p><b>TJ Sl\u00e1via: <\/b>\u0160ellong 15, R. Vitko 3, B. Skasko 9, Matu\u0161ovsk\u00fd 6, Hor\u0148\u00e1k 18, M. Sopko ml. 11, liber\u00e1 M. Vitko a\u00a0B. Pa\u0148ko (Gula 2, \u013d. Skasko 0, Vikhliaiev 1, Genco 0).<b> <\/b>Tr\u00e9ner: R. Pa\u0148ko.<\/p>\n<p><b>Hr\u00e1\u010di z\u00e1pasu: <\/b>Mari\u00e1n Vitko (TJ Sl\u00e1via Svidn\u00edk) &#8211;\u00a0\u0160imon \u010cerven\u00e1k (VKP Bratislava)<\/p>\n<p><b>Robin P\u011blucha, tr\u00e9ner VKP:<\/b> <i>\u201eSvidn\u00edk bol h\u00fa\u017eevnat\u00fd s\u00faper. Mali sme slab\u0161ie chv\u00edle. Druh\u00fd a\u00a0tret\u00ed set bol z\u00a0na\u0161ej strany slab\u0161\u00ed. Potom sme sa aj v\u010faka chyb\u00e1m s\u00fapera chytili a\u00a0na\u0161\u0165astie sme z\u00e1pas v\u00a0tajbrejku vyhrali.\u201c<\/i><\/p>\n<p><b>Rastislav Pa\u0148ko, tr\u00e9ner TJ Sl\u00e1via: <\/b><i>\u201eV prvom sete sme neprihr\u00e1vali dobre a\u00a0ke\u010f sme prihr\u00e1vku zlep\u0161ili, zlep\u0161ila sa na\u0161a hra a\u00a0v\u00fdborne sme hrali stredom. Z\u00e1pas bol o\u00a0koncentr\u00e1cii. My sme ju stratili vo \u0161tvrtom sete a\u00a0u\u017e sme nevedeli ni\u010d spravi\u0165 so z\u00e1pasom. Na za\u010diatku \u0161tvrt\u00e9ho setu sme neza\u00fato\u010dili tak, aby sme polo\u017eili loptu na zem a\u00a0viackr\u00e1t sme sa aj vyautovali. To n\u00e1s st\u00e1lo z\u00e1pas.\u201c<\/i><\/p>\n<p><a href=\"https:\/\/www.nike.sk\/highlighty\/stream\/307\/8.10.2022-VKP_Bratislava_v_Sl\u00e1via_Svidn%C3%ADk\">https:\/\/www.nike.sk\/highlighty\/stream\/307\/8.10.2022-VKP_Bratislava_v_Sl\u00e1via_Svidn%C3%ADk<\/a><\/p>\n","protected":false},"excerpt":{"rendered":"<p>Po v\u00fdhre v Myjave chceli mu\u017ei VKP nadviaza\u0165 v\u00fdhrou aj v dom\u00e1com prostred\u00ed so Svidn\u00edkom. Napokon sa im to podarilo, ale a\u017e po dramatickom z\u00e1vere v tajbrejku.<\/p>\n","protected":false},"author":3,"featured_media":15312,"comment_status":"closed","ping_status":"closed","sticky":false,"template":"","format":"standard","meta":{"_monsterinsights_skip_tracking":false,"_monsterinsights_sitenote_active":false,"_monsterinsights_sitenote_note":"","_monsterinsights_sitenote_category":0,"footnotes":""},"categories":[47,1],"tags":[],"class_list":["post-15320","post","type-post","status-publish","format-standard","has-post-thumbnail","hentry","category-muzi","category-nezaradene"],"yoast_head":"<!-- This site is optimized with the Yoast SEO plugin v25.6 - https:\/\/yoast.com\/wordpress\/plugins\/seo\/ -->\n<title>Po dr\u00e1me na\u010falej bez prehry - VK SLOVAN Bratislava<\/title>\n<meta name=\"description\" content=\"Po v\u00fdhre v Myjave chceli mu\u017ei VKP nadviaza\u0165 v\u00fdhrou aj v dom\u00e1com prostred\u00ed so Svidn\u00edkom. Napokon sa im to podarilo, ale a\u017e po dramatickom z\u00e1vere v tajbrejku.\" \/>\n<meta name=\"robots\" content=\"index, follow, max-snippet:-1, max-image-preview:large, max-video-preview:-1\" \/>\n<link rel=\"canonical\" href=\"https:\/\/www.vkpbratislava.sk\/?p=15320\" \/>\n<meta property=\"og:locale\" content=\"sk_SK\" \/>\n<meta property=\"og:type\" content=\"article\" \/>\n<meta property=\"og:title\" content=\"Po dr\u00e1me na\u010falej bez prehry - VK SLOVAN Bratislava\" \/>\n<meta property=\"og:description\" content=\"Po v\u00fdhre v Myjave chceli mu\u017ei VKP nadviaza\u0165 v\u00fdhrou aj v dom\u00e1com prostred\u00ed so Svidn\u00edkom. Napokon sa im to podarilo, ale a\u017e po dramatickom z\u00e1vere v tajbrejku.\" \/>\n<meta property=\"og:url\" content=\"https:\/\/www.vkpbratislava.sk\/?p=15320\" \/>\n<meta property=\"og:site_name\" content=\"VK SLOVAN Bratislava\" \/>\n<meta property=\"article:published_time\" content=\"2022-10-09T15:46:44+00:00\" \/>\n<meta property=\"article:modified_time\" content=\"2022-10-09T16:04:23+00:00\" \/>\n<meta property=\"og:image\" content=\"https:\/\/www.vkpbratislava.sk\/wp-content\/uploads\/2022\/10\/DF1A1573-2-1280x853.jpg\" \/>\n\t<meta property=\"og:image:width\" content=\"1280\" \/>\n\t<meta property=\"og:image:height\" content=\"853\" \/>\n\t<meta property=\"og:image:type\" content=\"image\/jpeg\" \/>\n<meta name=\"author\" content=\"jenca\" \/>\n<meta name=\"twitter:card\" content=\"summary_large_image\" \/>\n<meta name=\"twitter:label1\" content=\"Autor\" \/>\n\t<meta name=\"twitter:data1\" content=\"jenca\" \/>\n\t<meta name=\"twitter:label2\" content=\"Predpokladan\u00fd \u010das \u010d\u00edtania\" \/>\n\t<meta name=\"twitter:data2\" content=\"2 min\u00faty\" \/>\n<script type=\"application\/ld+json\" class=\"yoast-schema-graph\">{\"@context\":\"https:\/\/schema.org\",\"@graph\":[{\"@type\":\"Article\",\"@id\":\"https:\/\/www.vkpbratislava.sk\/?p=15320#article\",\"isPartOf\":{\"@id\":\"https:\/\/www.vkpbratislava.sk\/?p=15320\"},\"author\":{\"name\":\"jenca\",\"@id\":\"https:\/\/www.vkpbratislava.sk\/#\/schema\/person\/7037e769f9515aa58493d1b5852c4c50\"},\"headline\":\"Po dr\u00e1me na\u010falej bez prehry\",\"datePublished\":\"2022-10-09T15:46:44+00:00\",\"dateModified\":\"2022-10-09T16:04:23+00:00\",\"mainEntityOfPage\":{\"@id\":\"https:\/\/www.vkpbratislava.sk\/?p=15320\"},\"wordCount\":275,\"publisher\":{\"@id\":\"https:\/\/www.vkpbratislava.sk\/#organization\"},\"image\":{\"@id\":\"https:\/\/www.vkpbratislava.sk\/?p=15320#primaryimage\"},\"thumbnailUrl\":\"https:\/\/www.vkpbratislava.sk\/wp-content\/uploads\/2022\/10\/DF1A1573-2.jpg\",\"articleSection\":[\"Mu\u017ei\"],\"inLanguage\":\"sk-SK\"},{\"@type\":\"WebPage\",\"@id\":\"https:\/\/www.vkpbratislava.sk\/?p=15320\",\"url\":\"https:\/\/www.vkpbratislava.sk\/?p=15320\",\"name\":\"Po dr\u00e1me na\u010falej bez prehry - VK SLOVAN Bratislava\",\"isPartOf\":{\"@id\":\"https:\/\/www.vkpbratislava.sk\/#website\"},\"primaryImageOfPage\":{\"@id\":\"https:\/\/www.vkpbratislava.sk\/?p=15320#primaryimage\"},\"image\":{\"@id\":\"https:\/\/www.vkpbratislava.sk\/?p=15320#primaryimage\"},\"thumbnailUrl\":\"https:\/\/www.vkpbratislava.sk\/wp-content\/uploads\/2022\/10\/DF1A1573-2.jpg\",\"datePublished\":\"2022-10-09T15:46:44+00:00\",\"dateModified\":\"2022-10-09T16:04:23+00:00\",\"description\":\"Po v\u00fdhre v Myjave chceli mu\u017ei VKP nadviaza\u0165 v\u00fdhrou aj v dom\u00e1com prostred\u00ed so Svidn\u00edkom. Napokon sa im to podarilo, ale a\u017e po dramatickom z\u00e1vere v tajbrejku.\",\"breadcrumb\":{\"@id\":\"https:\/\/www.vkpbratislava.sk\/?p=15320#breadcrumb\"},\"inLanguage\":\"sk-SK\",\"potentialAction\":[{\"@type\":\"ReadAction\",\"target\":[\"https:\/\/www.vkpbratislava.sk\/?p=15320\"]}]},{\"@type\":\"ImageObject\",\"inLanguage\":\"sk-SK\",\"@id\":\"https:\/\/www.vkpbratislava.sk\/?p=15320#primaryimage\",\"url\":\"https:\/\/www.vkpbratislava.sk\/wp-content\/uploads\/2022\/10\/DF1A1573-2.jpg\",\"contentUrl\":\"https:\/\/www.vkpbratislava.sk\/wp-content\/uploads\/2022\/10\/DF1A1573-2.jpg\",\"width\":2048,\"height\":1365},{\"@type\":\"BreadcrumbList\",\"@id\":\"https:\/\/www.vkpbratislava.sk\/?p=15320#breadcrumb\",\"itemListElement\":[{\"@type\":\"ListItem\",\"position\":1,\"name\":\"Domov\",\"item\":\"https:\/\/www.vkpbratislava.sk\/\"},{\"@type\":\"ListItem\",\"position\":2,\"name\":\"Po dr\u00e1me na\u010falej bez prehry\"}]},{\"@type\":\"WebSite\",\"@id\":\"https:\/\/www.vkpbratislava.sk\/#website\",\"url\":\"https:\/\/www.vkpbratislava.sk\/\",\"name\":\"VK SLOVAN Bratislava\",\"description\":\"Volejbalov\u00fd klub\",\"publisher\":{\"@id\":\"https:\/\/www.vkpbratislava.sk\/#organization\"},\"potentialAction\":[{\"@type\":\"SearchAction\",\"target\":{\"@type\":\"EntryPoint\",\"urlTemplate\":\"https:\/\/www.vkpbratislava.sk\/?s={search_term_string}\"},\"query-input\":{\"@type\":\"PropertyValueSpecification\",\"valueRequired\":true,\"valueName\":\"search_term_string\"}}],\"inLanguage\":\"sk-SK\"},{\"@type\":\"Organization\",\"@id\":\"https:\/\/www.vkpbratislava.sk\/#organization\",\"name\":\"VKP Bratislava\",\"url\":\"https:\/\/www.vkpbratislava.sk\/\",\"logo\":{\"@type\":\"ImageObject\",\"inLanguage\":\"sk-SK\",\"@id\":\"https:\/\/www.vkpbratislava.sk\/#\/schema\/logo\/image\/\",\"url\":\"https:\/\/www.vkpbratislava.sk\/wp-content\/uploads\/2020\/10\/vkpBA.png\",\"contentUrl\":\"https:\/\/www.vkpbratislava.sk\/wp-content\/uploads\/2020\/10\/vkpBA.png\",\"width\":600,\"height\":600,\"caption\":\"VKP Bratislava\"},\"image\":{\"@id\":\"https:\/\/www.vkpbratislava.sk\/#\/schema\/logo\/image\/\"}},{\"@type\":\"Person\",\"@id\":\"https:\/\/www.vkpbratislava.sk\/#\/schema\/person\/7037e769f9515aa58493d1b5852c4c50\",\"name\":\"jenca\",\"image\":{\"@type\":\"ImageObject\",\"inLanguage\":\"sk-SK\",\"@id\":\"https:\/\/www.vkpbratislava.sk\/#\/schema\/person\/image\/\",\"url\":\"https:\/\/secure.gravatar.com\/avatar\/67aa89e9aab2911bbd0c6fbf0a891ea8d80c207c9b6a6e2c96e13fc2f16e536d?s=96&d=mm&r=g\",\"contentUrl\":\"https:\/\/secure.gravatar.com\/avatar\/67aa89e9aab2911bbd0c6fbf0a891ea8d80c207c9b6a6e2c96e13fc2f16e536d?s=96&d=mm&r=g\",\"caption\":\"jenca\"},\"url\":\"https:\/\/www.vkpbratislava.sk\/?author=3\"}]}<\/script>\n<!-- \/ Yoast SEO plugin. -->","yoast_head_json":{"title":"Po dr\u00e1me na\u010falej bez prehry - VK SLOVAN Bratislava","description":"Po v\u00fdhre v Myjave chceli mu\u017ei VKP nadviaza\u0165 v\u00fdhrou aj v dom\u00e1com prostred\u00ed so Svidn\u00edkom. Napokon sa im to podarilo, ale a\u017e po dramatickom z\u00e1vere v tajbrejku.","robots":{"index":"index","follow":"follow","max-snippet":"max-snippet:-1","max-image-preview":"max-image-preview:large","max-video-preview":"max-video-preview:-1"},"canonical":"https:\/\/www.vkpbratislava.sk\/?p=15320","og_locale":"sk_SK","og_type":"article","og_title":"Po dr\u00e1me na\u010falej bez prehry - VK SLOVAN Bratislava","og_description":"Po v\u00fdhre v Myjave chceli mu\u017ei VKP nadviaza\u0165 v\u00fdhrou aj v dom\u00e1com prostred\u00ed so Svidn\u00edkom. Napokon sa im to podarilo, ale a\u017e po dramatickom z\u00e1vere v tajbrejku.","og_url":"https:\/\/www.vkpbratislava.sk\/?p=15320","og_site_name":"VK SLOVAN Bratislava","article_published_time":"2022-10-09T15:46:44+00:00","article_modified_time":"2022-10-09T16:04:23+00:00","og_image":[{"width":1280,"height":853,"url":"https:\/\/www.vkpbratislava.sk\/wp-content\/uploads\/2022\/10\/DF1A1573-2-1280x853.jpg","type":"image\/jpeg"}],"author":"jenca","twitter_card":"summary_large_image","twitter_misc":{"Autor":"jenca","Predpokladan\u00fd \u010das \u010d\u00edtania":"2 min\u00faty"},"schema":{"@context":"https:\/\/schema.org","@graph":[{"@type":"Article","@id":"https:\/\/www.vkpbratislava.sk\/?p=15320#article","isPartOf":{"@id":"https:\/\/www.vkpbratislava.sk\/?p=15320"},"author":{"name":"jenca","@id":"https:\/\/www.vkpbratislava.sk\/#\/schema\/person\/7037e769f9515aa58493d1b5852c4c50"},"headline":"Po dr\u00e1me na\u010falej bez prehry","datePublished":"2022-10-09T15:46:44+00:00","dateModified":"2022-10-09T16:04:23+00:00","mainEntityOfPage":{"@id":"https:\/\/www.vkpbratislava.sk\/?p=15320"},"wordCount":275,"publisher":{"@id":"https:\/\/www.vkpbratislava.sk\/#organization"},"image":{"@id":"https:\/\/www.vkpbratislava.sk\/?p=15320#primaryimage"},"thumbnailUrl":"https:\/\/www.vkpbratislava.sk\/wp-content\/uploads\/2022\/10\/DF1A1573-2.jpg","articleSection":["Mu\u017ei"],"inLanguage":"sk-SK"},{"@type":"WebPage","@id":"https:\/\/www.vkpbratislava.sk\/?p=15320","url":"https:\/\/www.vkpbratislava.sk\/?p=15320","name":"Po dr\u00e1me na\u010falej bez prehry - VK SLOVAN Bratislava","isPartOf":{"@id":"https:\/\/www.vkpbratislava.sk\/#website"},"primaryImageOfPage":{"@id":"https:\/\/www.vkpbratislava.sk\/?p=15320#primaryimage"},"image":{"@id":"https:\/\/www.vkpbratislava.sk\/?p=15320#primaryimage"},"thumbnailUrl":"https:\/\/www.vkpbratislava.sk\/wp-content\/uploads\/2022\/10\/DF1A1573-2.jpg","datePublished":"2022-10-09T15:46:44+00:00","dateModified":"2022-10-09T16:04:23+00:00","description":"Po v\u00fdhre v Myjave chceli mu\u017ei VKP nadviaza\u0165 v\u00fdhrou aj v dom\u00e1com prostred\u00ed so Svidn\u00edkom. Napokon sa im to podarilo, ale a\u017e po dramatickom z\u00e1vere v tajbrejku.","breadcrumb":{"@id":"https:\/\/www.vkpbratislava.sk\/?p=15320#breadcrumb"},"inLanguage":"sk-SK","potentialAction":[{"@type":"ReadAction","target":["https:\/\/www.vkpbratislava.sk\/?p=15320"]}]},{"@type":"ImageObject","inLanguage":"sk-SK","@id":"https:\/\/www.vkpbratislava.sk\/?p=15320#primaryimage","url":"https:\/\/www.vkpbratislava.sk\/wp-content\/uploads\/2022\/10\/DF1A1573-2.jpg","contentUrl":"https:\/\/www.vkpbratislava.sk\/wp-content\/uploads\/2022\/10\/DF1A1573-2.jpg","width":2048,"height":1365},{"@type":"BreadcrumbList","@id":"https:\/\/www.vkpbratislava.sk\/?p=15320#breadcrumb","itemListElement":[{"@type":"ListItem","position":1,"name":"Domov","item":"https:\/\/www.vkpbratislava.sk\/"},{"@type":"ListItem","position":2,"name":"Po dr\u00e1me na\u010falej bez prehry"}]},{"@type":"WebSite","@id":"https:\/\/www.vkpbratislava.sk\/#website","url":"https:\/\/www.vkpbratislava.sk\/","name":"VK SLOVAN Bratislava","description":"Volejbalov\u00fd klub","publisher":{"@id":"https:\/\/www.vkpbratislava.sk\/#organization"},"potentialAction":[{"@type":"SearchAction","target":{"@type":"EntryPoint","urlTemplate":"https:\/\/www.vkpbratislava.sk\/?s={search_term_string}"},"query-input":{"@type":"PropertyValueSpecification","valueRequired":true,"valueName":"search_term_string"}}],"inLanguage":"sk-SK"},{"@type":"Organization","@id":"https:\/\/www.vkpbratislava.sk\/#organization","name":"VKP Bratislava","url":"https:\/\/www.vkpbratislava.sk\/","logo":{"@type":"ImageObject","inLanguage":"sk-SK","@id":"https:\/\/www.vkpbratislava.sk\/#\/schema\/logo\/image\/","url":"https:\/\/www.vkpbratislava.sk\/wp-content\/uploads\/2020\/10\/vkpBA.png","contentUrl":"https:\/\/www.vkpbratislava.sk\/wp-content\/uploads\/2020\/10\/vkpBA.png","width":600,"height":600,"caption":"VKP Bratislava"},"image":{"@id":"https:\/\/www.vkpbratislava.sk\/#\/schema\/logo\/image\/"}},{"@type":"Person","@id":"https:\/\/www.vkpbratislava.sk\/#\/schema\/person\/7037e769f9515aa58493d1b5852c4c50","name":"jenca","image":{"@type":"ImageObject","inLanguage":"sk-SK","@id":"https:\/\/www.vkpbratislava.sk\/#\/schema\/person\/image\/","url":"https:\/\/secure.gravatar.com\/avatar\/67aa89e9aab2911bbd0c6fbf0a891ea8d80c207c9b6a6e2c96e13fc2f16e536d?s=96&d=mm&r=g","contentUrl":"https:\/\/secure.gravatar.com\/avatar\/67aa89e9aab2911bbd0c6fbf0a891ea8d80c207c9b6a6e2c96e13fc2f16e536d?s=96&d=mm&r=g","caption":"jenca"},"url":"https:\/\/www.vkpbratislava.sk\/?author=3"}]}},"_links":{"self":[{"href":"https:\/\/www.vkpbratislava.sk\/index.php?rest_route=\/wp\/v2\/posts\/15320","targetHints":{"allow":["GET"]}}],"collection":[{"href":"https:\/\/www.vkpbratislava.sk\/index.php?rest_route=\/wp\/v2\/posts"}],"about":[{"href":"https:\/\/www.vkpbratislava.sk\/index.php?rest_route=\/wp\/v2\/types\/post"}],"author":[{"embeddable":true,"href":"https:\/\/www.vkpbratislava.sk\/index.php?rest_route=\/wp\/v2\/users\/3"}],"replies":[{"embeddable":true,"href":"https:\/\/www.vkpbratislava.sk\/index.php?rest_route=%2Fwp%2Fv2%2Fcomments&post=15320"}],"version-history":[{"count":1,"href":"https:\/\/www.vkpbratislava.sk\/index.php?rest_route=\/wp\/v2\/posts\/15320\/revisions"}],"predecessor-version":[{"id":15321,"href":"https:\/\/www.vkpbratislava.sk\/index.php?rest_route=\/wp\/v2\/posts\/15320\/revisions\/15321"}],"wp:featuredmedia":[{"embeddable":true,"href":"https:\/\/www.vkpbratislava.sk\/index.php?rest_route=\/wp\/v2\/media\/15312"}],"wp:attachment":[{"href":"https:\/\/www.vkpbratislava.sk\/index.php?rest_route=%2Fwp%2Fv2%2Fmedia&parent=15320"}],"wp:term":[{"taxonomy":"category","embeddable":true,"href":"https:\/\/www.vkpbratislava.sk\/index.php?rest_route=%2Fwp%2Fv2%2Fcategories&post=15320"},{"taxonomy":"post_tag","embeddable":true,"href":"https:\/\/www.vkpbratislava.sk\/index.php?rest_route=%2Fwp%2Fv2%2Ftags&post=15320"}],"curies":[{"name":"wp","href":"https:\/\/api.w.org\/{rel}","templated":true}]}}