{"id":15384,"date":"2022-10-16T12:35:56","date_gmt":"2022-10-16T10:35:56","guid":{"rendered":"https:\/\/www.vkpbratislava.sk\/?p=15384"},"modified":"2022-10-16T12:35:56","modified_gmt":"2022-10-16T10:35:56","slug":"k-obratu-chybal-len-krocik-prehra-v-trnave-32","status":"publish","type":"post","link":"https:\/\/www.vkpbratislava.sk\/?p=15384","title":{"rendered":"K obratu ch\u00fdbal len kr\u00f4\u010dik, prehra v Trnave 3:2"},"content":{"rendered":"<p><strong>Volejbalistky VKP Bratislava ok\u00fasili trpkos\u0165 prehry a\u017e vo svojom \u0161tvrtom z\u00e1pase, ke\u010f prehrali v Trnave 3:2, hoci sa im podarilo urobi\u0165 obrat z 2:0 na 2:2, ale v tajbrejku mali viac \u0161\u0165astia dom\u00e1ce Trnav\u010danky.<\/strong><\/p>\n<p><b>HIT UCM TRNAVA \u2013 VKP BRATISLAVA 3:2 (19, 21, -17, -23, 10)<\/b><\/p>\n<p><b>Rozhodovali: <\/b>Kov\u00e1\u010d a\u00a0Dovi\u010dovi\u010d, <strong>250<\/strong> div\u00e1kov.<\/p>\n<p><b>TRNAVA:<\/b> Sivi\u010dekov\u00e1 6, Rosinsk\u00e1 18, L\u00edmov\u00e1 10, Povrazn\u00edkov\u00e1 16, Kon\u00e1rov\u00e1 19, Sukovsk\u00e1 9, liberka Pol\u00e1\u010dkov\u00e1 (Tom\u010d\u00edkov\u00e1 0, J\u00e1no\u0161\u00edkov\u00e1 1, Mlynar\u010d\u00edkov\u00e1 1). Tr\u00e9ner: R. Fil\u00edpek.<\/p>\n<p><b>VKP:<\/b> Ta. Hru\u0161eck\u00e1 12, Smie\u0161kov\u00e1 10, \u0160termensk\u00e1 2, Murillo 21, Spev\u00e1r 12, Matal\u00edkov\u00e1 1, liberka Pelozo (Ma\u0165a\u0161ov\u00e1 2, Tak\u00e1\u010dov\u00e1 0, Z. P\u00edse\u010dn\u00e1 13, Koh\u00fatov\u00e1 1).<b> <\/b>Tr\u00e9ner: P. Bern\u00e1th.<\/p>\n<p><b>Hr\u00e1\u010dky z\u00e1pasu: <\/b>Michaela Rosinsk\u00e1 (Trnava) \u2013 Murillo (VKP Bratislava)<\/p>\n<p><b>Rastislav Fil\u00edpek, tr\u00e9ner Hit UCM: <\/b><i>\u201e\u0164a\u017ek\u00fd a dlh\u00fd z\u00e1pas, \u010d\u00edselne \u00faplne vyrovnan\u00fd. Rozhodlo p\u00e1r detailov, ktor\u00e9 sme zvl\u00e1dli lep\u0161ie. \u0164ahali sme sa navz\u00e1jom a aj po nejakej nevyhnutnej chybe bolo vidie\u0165 na na\u0161ej strane lep\u0161iu reakciu<\/i><i>.\u201c<\/i><\/p>\n<p><b>Pavel Bern\u00e1th, tr\u00e9ner VKP: <\/b><i>\u201eBol to \u0165a\u017ek\u00fd, bojovn\u00fd a\u00a0emocion\u00e1lny z\u00e1pas s\u00a0mnoh\u00fdmi chybami na na\u0161ej aj s\u00faperovej strane. V\u00a0niektor\u00fdch veciach sme niektor\u00e9 situ\u00e1cie neust\u00e1li. Neubr\u00e1nili sme \u00fatoky zo z\u00f3ny jedna. Mali sme nov\u00e9 libero, ktor\u00e9 s\u00a0nami bolo len tri dni, ale jej hra bude v\u00fdborn\u00e1. Ak by sme prehrali 1:3, bol by som mrzutej\u0161\u00ed, ale bojovnos\u0165ou sme dotiahli z\u00e1pas do tajbrejku, ktor\u00fd sme ale nevyhrali.\u201c<\/i><\/p>\n","protected":false},"excerpt":{"rendered":"<p>Volejbalistky VKP Bratislava ok\u00fasili trpkos\u0165 prehry a\u017e vo svojom \u0161tvrtom z\u00e1pase, ke\u010f prehrali v Trnave 3:2.<\/p>\n","protected":false},"author":3,"featured_media":15385,"comment_status":"closed","ping_status":"closed","sticky":false,"template":"","format":"standard","meta":{"_monsterinsights_skip_tracking":false,"_monsterinsights_sitenote_active":false,"_monsterinsights_sitenote_note":"","_monsterinsights_sitenote_category":0,"footnotes":""},"categories":[48],"tags":[],"class_list":["post-15384","post","type-post","status-publish","format-standard","has-post-thumbnail","hentry","category-zeny"],"yoast_head":"<!-- This site is optimized with the Yoast SEO plugin v25.6 - https:\/\/yoast.com\/wordpress\/plugins\/seo\/ -->\n<title>K obratu ch\u00fdbal len kr\u00f4\u010dik, prehra v Trnave 3:2 - VK SLOVAN Bratislava<\/title>\n<meta name=\"description\" content=\"Volejbalistky VKP Bratislava ok\u00fasili trpkos\u0165 prehry a\u017e vo svojom \u0161tvrtom z\u00e1pase, ke\u010f prehrali v Trnave 3:2\" \/>\n<meta name=\"robots\" content=\"index, follow, max-snippet:-1, max-image-preview:large, max-video-preview:-1\" \/>\n<link rel=\"canonical\" href=\"https:\/\/www.vkpbratislava.sk\/?p=15384\" \/>\n<meta property=\"og:locale\" content=\"sk_SK\" \/>\n<meta property=\"og:type\" content=\"article\" \/>\n<meta property=\"og:title\" content=\"K obratu ch\u00fdbal len kr\u00f4\u010dik, prehra v Trnave 3:2 - VK SLOVAN Bratislava\" \/>\n<meta property=\"og:description\" content=\"Volejbalistky VKP Bratislava ok\u00fasili trpkos\u0165 prehry a\u017e vo svojom \u0161tvrtom z\u00e1pase, ke\u010f prehrali v Trnave 3:2\" \/>\n<meta property=\"og:url\" content=\"https:\/\/www.vkpbratislava.sk\/?p=15384\" \/>\n<meta property=\"og:site_name\" content=\"VK SLOVAN Bratislava\" \/>\n<meta property=\"article:published_time\" content=\"2022-10-16T10:35:56+00:00\" \/>\n<meta property=\"og:image\" content=\"https:\/\/www.vkpbratislava.sk\/wp-content\/uploads\/2022\/10\/IMG_4699-scaled-e1665916318597.jpg\" \/>\n\t<meta property=\"og:image:width\" content=\"2227\" \/>\n\t<meta property=\"og:image:height\" content=\"1248\" \/>\n\t<meta property=\"og:image:type\" content=\"image\/jpeg\" \/>\n<meta name=\"author\" content=\"jenca\" \/>\n<meta name=\"twitter:card\" content=\"summary_large_image\" \/>\n<meta name=\"twitter:label1\" content=\"Autor\" \/>\n\t<meta name=\"twitter:data1\" content=\"jenca\" \/>\n\t<meta name=\"twitter:label2\" content=\"Predpokladan\u00fd \u010das \u010d\u00edtania\" \/>\n\t<meta name=\"twitter:data2\" content=\"2 min\u00faty\" \/>\n<script type=\"application\/ld+json\" class=\"yoast-schema-graph\">{\"@context\":\"https:\/\/schema.org\",\"@graph\":[{\"@type\":\"Article\",\"@id\":\"https:\/\/www.vkpbratislava.sk\/?p=15384#article\",\"isPartOf\":{\"@id\":\"https:\/\/www.vkpbratislava.sk\/?p=15384\"},\"author\":{\"name\":\"jenca\",\"@id\":\"https:\/\/www.vkpbratislava.sk\/#\/schema\/person\/7037e769f9515aa58493d1b5852c4c50\"},\"headline\":\"K obratu ch\u00fdbal len kr\u00f4\u010dik, prehra v Trnave 3:2\",\"datePublished\":\"2022-10-16T10:35:56+00:00\",\"mainEntityOfPage\":{\"@id\":\"https:\/\/www.vkpbratislava.sk\/?p=15384\"},\"wordCount\":254,\"publisher\":{\"@id\":\"https:\/\/www.vkpbratislava.sk\/#organization\"},\"image\":{\"@id\":\"https:\/\/www.vkpbratislava.sk\/?p=15384#primaryimage\"},\"thumbnailUrl\":\"https:\/\/www.vkpbratislava.sk\/wp-content\/uploads\/2022\/10\/IMG_4699-scaled-e1665916318597.jpg\",\"articleSection\":[\"\u017deny\"],\"inLanguage\":\"sk-SK\"},{\"@type\":\"WebPage\",\"@id\":\"https:\/\/www.vkpbratislava.sk\/?p=15384\",\"url\":\"https:\/\/www.vkpbratislava.sk\/?p=15384\",\"name\":\"K obratu ch\u00fdbal len kr\u00f4\u010dik, prehra v Trnave 3:2 - VK SLOVAN Bratislava\",\"isPartOf\":{\"@id\":\"https:\/\/www.vkpbratislava.sk\/#website\"},\"primaryImageOfPage\":{\"@id\":\"https:\/\/www.vkpbratislava.sk\/?p=15384#primaryimage\"},\"image\":{\"@id\":\"https:\/\/www.vkpbratislava.sk\/?p=15384#primaryimage\"},\"thumbnailUrl\":\"https:\/\/www.vkpbratislava.sk\/wp-content\/uploads\/2022\/10\/IMG_4699-scaled-e1665916318597.jpg\",\"datePublished\":\"2022-10-16T10:35:56+00:00\",\"description\":\"Volejbalistky VKP Bratislava ok\u00fasili trpkos\u0165 prehry a\u017e vo svojom \u0161tvrtom z\u00e1pase, ke\u010f prehrali v Trnave 3:2\",\"breadcrumb\":{\"@id\":\"https:\/\/www.vkpbratislava.sk\/?p=15384#breadcrumb\"},\"inLanguage\":\"sk-SK\",\"potentialAction\":[{\"@type\":\"ReadAction\",\"target\":[\"https:\/\/www.vkpbratislava.sk\/?p=15384\"]}]},{\"@type\":\"ImageObject\",\"inLanguage\":\"sk-SK\",\"@id\":\"https:\/\/www.vkpbratislava.sk\/?p=15384#primaryimage\",\"url\":\"https:\/\/www.vkpbratislava.sk\/wp-content\/uploads\/2022\/10\/IMG_4699-scaled-e1665916318597.jpg\",\"contentUrl\":\"https:\/\/www.vkpbratislava.sk\/wp-content\/uploads\/2022\/10\/IMG_4699-scaled-e1665916318597.jpg\",\"width\":2227,\"height\":1248},{\"@type\":\"BreadcrumbList\",\"@id\":\"https:\/\/www.vkpbratislava.sk\/?p=15384#breadcrumb\",\"itemListElement\":[{\"@type\":\"ListItem\",\"position\":1,\"name\":\"Domov\",\"item\":\"https:\/\/www.vkpbratislava.sk\/\"},{\"@type\":\"ListItem\",\"position\":2,\"name\":\"K obratu ch\u00fdbal len kr\u00f4\u010dik, prehra v Trnave 3:2\"}]},{\"@type\":\"WebSite\",\"@id\":\"https:\/\/www.vkpbratislava.sk\/#website\",\"url\":\"https:\/\/www.vkpbratislava.sk\/\",\"name\":\"VK SLOVAN Bratislava\",\"description\":\"Volejbalov\u00fd klub\",\"publisher\":{\"@id\":\"https:\/\/www.vkpbratislava.sk\/#organization\"},\"potentialAction\":[{\"@type\":\"SearchAction\",\"target\":{\"@type\":\"EntryPoint\",\"urlTemplate\":\"https:\/\/www.vkpbratislava.sk\/?s={search_term_string}\"},\"query-input\":{\"@type\":\"PropertyValueSpecification\",\"valueRequired\":true,\"valueName\":\"search_term_string\"}}],\"inLanguage\":\"sk-SK\"},{\"@type\":\"Organization\",\"@id\":\"https:\/\/www.vkpbratislava.sk\/#organization\",\"name\":\"VKP Bratislava\",\"url\":\"https:\/\/www.vkpbratislava.sk\/\",\"logo\":{\"@type\":\"ImageObject\",\"inLanguage\":\"sk-SK\",\"@id\":\"https:\/\/www.vkpbratislava.sk\/#\/schema\/logo\/image\/\",\"url\":\"https:\/\/www.vkpbratislava.sk\/wp-content\/uploads\/2020\/10\/vkpBA.png\",\"contentUrl\":\"https:\/\/www.vkpbratislava.sk\/wp-content\/uploads\/2020\/10\/vkpBA.png\",\"width\":600,\"height\":600,\"caption\":\"VKP Bratislava\"},\"image\":{\"@id\":\"https:\/\/www.vkpbratislava.sk\/#\/schema\/logo\/image\/\"}},{\"@type\":\"Person\",\"@id\":\"https:\/\/www.vkpbratislava.sk\/#\/schema\/person\/7037e769f9515aa58493d1b5852c4c50\",\"name\":\"jenca\",\"image\":{\"@type\":\"ImageObject\",\"inLanguage\":\"sk-SK\",\"@id\":\"https:\/\/www.vkpbratislava.sk\/#\/schema\/person\/image\/\",\"url\":\"https:\/\/secure.gravatar.com\/avatar\/67aa89e9aab2911bbd0c6fbf0a891ea8d80c207c9b6a6e2c96e13fc2f16e536d?s=96&d=mm&r=g\",\"contentUrl\":\"https:\/\/secure.gravatar.com\/avatar\/67aa89e9aab2911bbd0c6fbf0a891ea8d80c207c9b6a6e2c96e13fc2f16e536d?s=96&d=mm&r=g\",\"caption\":\"jenca\"},\"url\":\"https:\/\/www.vkpbratislava.sk\/?author=3\"}]}<\/script>\n<!-- \/ Yoast SEO plugin. -->","yoast_head_json":{"title":"K obratu ch\u00fdbal len kr\u00f4\u010dik, prehra v Trnave 3:2 - VK SLOVAN Bratislava","description":"Volejbalistky VKP Bratislava ok\u00fasili trpkos\u0165 prehry a\u017e vo svojom \u0161tvrtom z\u00e1pase, ke\u010f prehrali v Trnave 3:2","robots":{"index":"index","follow":"follow","max-snippet":"max-snippet:-1","max-image-preview":"max-image-preview:large","max-video-preview":"max-video-preview:-1"},"canonical":"https:\/\/www.vkpbratislava.sk\/?p=15384","og_locale":"sk_SK","og_type":"article","og_title":"K obratu ch\u00fdbal len kr\u00f4\u010dik, prehra v Trnave 3:2 - VK SLOVAN Bratislava","og_description":"Volejbalistky VKP Bratislava ok\u00fasili trpkos\u0165 prehry a\u017e vo svojom \u0161tvrtom z\u00e1pase, ke\u010f prehrali v Trnave 3:2","og_url":"https:\/\/www.vkpbratislava.sk\/?p=15384","og_site_name":"VK SLOVAN Bratislava","article_published_time":"2022-10-16T10:35:56+00:00","og_image":[{"width":2227,"height":1248,"url":"https:\/\/www.vkpbratislava.sk\/wp-content\/uploads\/2022\/10\/IMG_4699-scaled-e1665916318597.jpg","type":"image\/jpeg"}],"author":"jenca","twitter_card":"summary_large_image","twitter_misc":{"Autor":"jenca","Predpokladan\u00fd \u010das \u010d\u00edtania":"2 min\u00faty"},"schema":{"@context":"https:\/\/schema.org","@graph":[{"@type":"Article","@id":"https:\/\/www.vkpbratislava.sk\/?p=15384#article","isPartOf":{"@id":"https:\/\/www.vkpbratislava.sk\/?p=15384"},"author":{"name":"jenca","@id":"https:\/\/www.vkpbratislava.sk\/#\/schema\/person\/7037e769f9515aa58493d1b5852c4c50"},"headline":"K obratu ch\u00fdbal len kr\u00f4\u010dik, prehra v Trnave 3:2","datePublished":"2022-10-16T10:35:56+00:00","mainEntityOfPage":{"@id":"https:\/\/www.vkpbratislava.sk\/?p=15384"},"wordCount":254,"publisher":{"@id":"https:\/\/www.vkpbratislava.sk\/#organization"},"image":{"@id":"https:\/\/www.vkpbratislava.sk\/?p=15384#primaryimage"},"thumbnailUrl":"https:\/\/www.vkpbratislava.sk\/wp-content\/uploads\/2022\/10\/IMG_4699-scaled-e1665916318597.jpg","articleSection":["\u017deny"],"inLanguage":"sk-SK"},{"@type":"WebPage","@id":"https:\/\/www.vkpbratislava.sk\/?p=15384","url":"https:\/\/www.vkpbratislava.sk\/?p=15384","name":"K obratu ch\u00fdbal len kr\u00f4\u010dik, prehra v Trnave 3:2 - VK SLOVAN Bratislava","isPartOf":{"@id":"https:\/\/www.vkpbratislava.sk\/#website"},"primaryImageOfPage":{"@id":"https:\/\/www.vkpbratislava.sk\/?p=15384#primaryimage"},"image":{"@id":"https:\/\/www.vkpbratislava.sk\/?p=15384#primaryimage"},"thumbnailUrl":"https:\/\/www.vkpbratislava.sk\/wp-content\/uploads\/2022\/10\/IMG_4699-scaled-e1665916318597.jpg","datePublished":"2022-10-16T10:35:56+00:00","description":"Volejbalistky VKP Bratislava ok\u00fasili trpkos\u0165 prehry a\u017e vo svojom \u0161tvrtom z\u00e1pase, ke\u010f prehrali v Trnave 3:2","breadcrumb":{"@id":"https:\/\/www.vkpbratislava.sk\/?p=15384#breadcrumb"},"inLanguage":"sk-SK","potentialAction":[{"@type":"ReadAction","target":["https:\/\/www.vkpbratislava.sk\/?p=15384"]}]},{"@type":"ImageObject","inLanguage":"sk-SK","@id":"https:\/\/www.vkpbratislava.sk\/?p=15384#primaryimage","url":"https:\/\/www.vkpbratislava.sk\/wp-content\/uploads\/2022\/10\/IMG_4699-scaled-e1665916318597.jpg","contentUrl":"https:\/\/www.vkpbratislava.sk\/wp-content\/uploads\/2022\/10\/IMG_4699-scaled-e1665916318597.jpg","width":2227,"height":1248},{"@type":"BreadcrumbList","@id":"https:\/\/www.vkpbratislava.sk\/?p=15384#breadcrumb","itemListElement":[{"@type":"ListItem","position":1,"name":"Domov","item":"https:\/\/www.vkpbratislava.sk\/"},{"@type":"ListItem","position":2,"name":"K obratu ch\u00fdbal len kr\u00f4\u010dik, prehra v Trnave 3:2"}]},{"@type":"WebSite","@id":"https:\/\/www.vkpbratislava.sk\/#website","url":"https:\/\/www.vkpbratislava.sk\/","name":"VK SLOVAN Bratislava","description":"Volejbalov\u00fd klub","publisher":{"@id":"https:\/\/www.vkpbratislava.sk\/#organization"},"potentialAction":[{"@type":"SearchAction","target":{"@type":"EntryPoint","urlTemplate":"https:\/\/www.vkpbratislava.sk\/?s={search_term_string}"},"query-input":{"@type":"PropertyValueSpecification","valueRequired":true,"valueName":"search_term_string"}}],"inLanguage":"sk-SK"},{"@type":"Organization","@id":"https:\/\/www.vkpbratislava.sk\/#organization","name":"VKP Bratislava","url":"https:\/\/www.vkpbratislava.sk\/","logo":{"@type":"ImageObject","inLanguage":"sk-SK","@id":"https:\/\/www.vkpbratislava.sk\/#\/schema\/logo\/image\/","url":"https:\/\/www.vkpbratislava.sk\/wp-content\/uploads\/2020\/10\/vkpBA.png","contentUrl":"https:\/\/www.vkpbratislava.sk\/wp-content\/uploads\/2020\/10\/vkpBA.png","width":600,"height":600,"caption":"VKP Bratislava"},"image":{"@id":"https:\/\/www.vkpbratislava.sk\/#\/schema\/logo\/image\/"}},{"@type":"Person","@id":"https:\/\/www.vkpbratislava.sk\/#\/schema\/person\/7037e769f9515aa58493d1b5852c4c50","name":"jenca","image":{"@type":"ImageObject","inLanguage":"sk-SK","@id":"https:\/\/www.vkpbratislava.sk\/#\/schema\/person\/image\/","url":"https:\/\/secure.gravatar.com\/avatar\/67aa89e9aab2911bbd0c6fbf0a891ea8d80c207c9b6a6e2c96e13fc2f16e536d?s=96&d=mm&r=g","contentUrl":"https:\/\/secure.gravatar.com\/avatar\/67aa89e9aab2911bbd0c6fbf0a891ea8d80c207c9b6a6e2c96e13fc2f16e536d?s=96&d=mm&r=g","caption":"jenca"},"url":"https:\/\/www.vkpbratislava.sk\/?author=3"}]}},"_links":{"self":[{"href":"https:\/\/www.vkpbratislava.sk\/index.php?rest_route=\/wp\/v2\/posts\/15384","targetHints":{"allow":["GET"]}}],"collection":[{"href":"https:\/\/www.vkpbratislava.sk\/index.php?rest_route=\/wp\/v2\/posts"}],"about":[{"href":"https:\/\/www.vkpbratislava.sk\/index.php?rest_route=\/wp\/v2\/types\/post"}],"author":[{"embeddable":true,"href":"https:\/\/www.vkpbratislava.sk\/index.php?rest_route=\/wp\/v2\/users\/3"}],"replies":[{"embeddable":true,"href":"https:\/\/www.vkpbratislava.sk\/index.php?rest_route=%2Fwp%2Fv2%2Fcomments&post=15384"}],"version-history":[{"count":1,"href":"https:\/\/www.vkpbratislava.sk\/index.php?rest_route=\/wp\/v2\/posts\/15384\/revisions"}],"predecessor-version":[{"id":15386,"href":"https:\/\/www.vkpbratislava.sk\/index.php?rest_route=\/wp\/v2\/posts\/15384\/revisions\/15386"}],"wp:featuredmedia":[{"embeddable":true,"href":"https:\/\/www.vkpbratislava.sk\/index.php?rest_route=\/wp\/v2\/media\/15385"}],"wp:attachment":[{"href":"https:\/\/www.vkpbratislava.sk\/index.php?rest_route=%2Fwp%2Fv2%2Fmedia&parent=15384"}],"wp:term":[{"taxonomy":"category","embeddable":true,"href":"https:\/\/www.vkpbratislava.sk\/index.php?rest_route=%2Fwp%2Fv2%2Fcategories&post=15384"},{"taxonomy":"post_tag","embeddable":true,"href":"https:\/\/www.vkpbratislava.sk\/index.php?rest_route=%2Fwp%2Fv2%2Ftags&post=15384"}],"curies":[{"name":"wp","href":"https:\/\/api.w.org\/{rel}","templated":true}]}}