{"id":15632,"date":"2022-10-24T13:15:41","date_gmt":"2022-10-24T11:15:41","guid":{"rendered":"https:\/\/www.vkpbratislava.sk\/?p=15632"},"modified":"2022-10-24T13:15:41","modified_gmt":"2022-10-24T11:15:41","slug":"po-vyhre-nad-presovom-do-cela-tabulky","status":"publish","type":"post","link":"https:\/\/www.vkpbratislava.sk\/?p=15632","title":{"rendered":"Po v\u00fdhre nad Pre\u0161ovom do \u010dela tabu\u013eky"},"content":{"rendered":"<p><strong>Volejbalisti VKP Bratislava zv\u00ed\u0165azili v dom\u00e1com prostred\u00ed proti Pre\u0161ovu 3:0 a zost\u00e1vaj\u00fa jedin\u00fdm nezdolan\u00fdm t\u00edmom v extralige, \u010d\u00edm sa dostali na l\u00eddersk\u00fa poz\u00edciu v tabu\u013eke.<\/strong><\/p>\n<p><b>VKP BRATISLAVA \u2013 VK MIRAD UNIPO PRE\u0160OV 3:0 (20, 23, 20)<\/b><\/p>\n<p>Rozhodovli: Sarka a\u00a0Svoren\u010d\u00edk, 300 div\u00e1kov.<\/p>\n<p><b>VKP: <\/b>Jaloveck\u00fd 1, Truba\u010d 16, Billich 7, Van\u010do 18, Rak 4, Marjov 9, libero \u013d. Nemec. Tr\u00e9ner: R. P\u011blucha.<\/p>\n<p><b>VK MIRAD UNIPO: <\/b>Go\u010d 1, Smolej 16, Mikov\u010d\u00edk 5, Gul\u00e1k 2, \u0160\u010derba 7, Jendrej\u010d\u00e1k 4, libero Turis (Suchani\u010d 0, Hud\u00e1k 0, V. Rzyman 8). Tr\u00e9ner: E. Diga\u0148a.<\/p>\n<p><b>Hr\u00e1\u010di z\u00e1pasu: <\/b>Michal Truba\u010d (VKP Bratislava) \u2013 Luk\u00e1\u0161 Smolej (VK MIRAD UNIPO Pre\u0161ov)<\/p>\n<p><b>Robin P\u011blucha, tr\u00e9ner VKP:<\/b><i> \u201eTe\u0161\u00ed ma v\u00ed\u0165azstvo proti s\u00faperovi, ak\u00fdm je Pre\u0161ov. Je to konsolidovan\u00e9 dru\u017estvo. Mali sme striedav\u00e9 pas\u00e1\u017ee. Ideme krok po kroku. Zatia\u013e vyhr\u00e1vame, tak\u017ee je to fajn. Pre\u0161ov je nepr\u00edjemn\u00fd s\u00faper, ale sme radi, \u017ee sme vyhrali.\u201c<\/i><\/p>\n<p><b>Erik Diga\u0148a, tr\u00e9ner VK MIRAD UNIPO: <\/b><i>\u201eGratulujem VKP. Z\u00a0na\u0161ej strany to bolo pokra\u010dovanie v\u00fdkonu e\u0161te z\u00a0minul\u00e9ho t\u00fd\u017ed\u0148a vo Svidn\u00edku. Mus\u00edme si ve\u013ea vec\u00ed s\u00a0mojimi zverencami poveda\u0165 a\u00a0za\u010da\u0165 tvrdo tr\u00e9nova\u0165, aby sme sa dostali s\u00a0nimi tam, kde chceme by\u0165.\u201c<\/i><\/p>\n","protected":false},"excerpt":{"rendered":"<p>Volejbalisti VKP Bratislava zv\u00ed\u0165azili v dom\u00e1com prostred\u00ed proti Pre\u0161ovu 3:0 a zost\u00e1vaj\u00fa jedin\u00fdm nezdolan\u00fdm t\u00edmom v extralige, \u010d\u00edm sa dostali na l\u00eddersk\u00fa poz\u00edciu v tabu\u013eke.<\/p>\n","protected":false},"author":3,"featured_media":15633,"comment_status":"closed","ping_status":"closed","sticky":false,"template":"","format":"standard","meta":{"_monsterinsights_skip_tracking":false,"_monsterinsights_sitenote_active":false,"_monsterinsights_sitenote_note":"","_monsterinsights_sitenote_category":0,"footnotes":""},"categories":[47],"tags":[],"class_list":["post-15632","post","type-post","status-publish","format-standard","has-post-thumbnail","hentry","category-muzi"],"yoast_head":"<!-- This site is optimized with the Yoast SEO plugin v25.6 - https:\/\/yoast.com\/wordpress\/plugins\/seo\/ -->\n<title>Po v\u00fdhre nad Pre\u0161ovom do \u010dela tabu\u013eky - VK SLOVAN Bratislava<\/title>\n<meta name=\"description\" content=\"Volejbalisti VKP Bratislava zv\u00ed\u0165azili v dom\u00e1com prostred\u00ed proti Pre\u0161ovu 3:0 a zost\u00e1vaj\u00fa jedin\u00fdm nezdolan\u00fdm t\u00edmom v extralige, \u010d\u00edm sa dostali na l\u00eddersk\u00fa poz\u00edciu v tabu\u013eke.\" \/>\n<meta name=\"robots\" content=\"index, follow, max-snippet:-1, max-image-preview:large, max-video-preview:-1\" \/>\n<link rel=\"canonical\" href=\"https:\/\/www.vkpbratislava.sk\/?p=15632\" \/>\n<meta property=\"og:locale\" content=\"sk_SK\" \/>\n<meta property=\"og:type\" content=\"article\" \/>\n<meta property=\"og:title\" content=\"Po v\u00fdhre nad Pre\u0161ovom do \u010dela tabu\u013eky - VK SLOVAN Bratislava\" \/>\n<meta property=\"og:description\" content=\"Volejbalisti VKP Bratislava zv\u00ed\u0165azili v dom\u00e1com prostred\u00ed proti Pre\u0161ovu 3:0 a zost\u00e1vaj\u00fa jedin\u00fdm nezdolan\u00fdm t\u00edmom v extralige, \u010d\u00edm sa dostali na l\u00eddersk\u00fa poz\u00edciu v tabu\u013eke.\" \/>\n<meta property=\"og:url\" content=\"https:\/\/www.vkpbratislava.sk\/?p=15632\" \/>\n<meta property=\"og:site_name\" content=\"VK SLOVAN Bratislava\" \/>\n<meta property=\"article:published_time\" content=\"2022-10-24T11:15:41+00:00\" \/>\n<meta property=\"og:image\" content=\"https:\/\/www.vkpbratislava.sk\/wp-content\/uploads\/2022\/10\/DF1A4398-1280x853.jpg\" \/>\n\t<meta property=\"og:image:width\" content=\"1280\" \/>\n\t<meta property=\"og:image:height\" content=\"853\" \/>\n\t<meta property=\"og:image:type\" content=\"image\/jpeg\" \/>\n<meta name=\"author\" content=\"jenca\" \/>\n<meta name=\"twitter:card\" content=\"summary_large_image\" \/>\n<meta name=\"twitter:label1\" content=\"Autor\" \/>\n\t<meta name=\"twitter:data1\" content=\"jenca\" \/>\n\t<meta name=\"twitter:label2\" content=\"Predpokladan\u00fd \u010das \u010d\u00edtania\" \/>\n\t<meta name=\"twitter:data2\" content=\"1 min\u00fata\" \/>\n<script type=\"application\/ld+json\" class=\"yoast-schema-graph\">{\"@context\":\"https:\/\/schema.org\",\"@graph\":[{\"@type\":\"Article\",\"@id\":\"https:\/\/www.vkpbratislava.sk\/?p=15632#article\",\"isPartOf\":{\"@id\":\"https:\/\/www.vkpbratislava.sk\/?p=15632\"},\"author\":{\"name\":\"jenca\",\"@id\":\"https:\/\/www.vkpbratislava.sk\/#\/schema\/person\/7037e769f9515aa58493d1b5852c4c50\"},\"headline\":\"Po v\u00fdhre nad Pre\u0161ovom do \u010dela tabu\u013eky\",\"datePublished\":\"2022-10-24T11:15:41+00:00\",\"mainEntityOfPage\":{\"@id\":\"https:\/\/www.vkpbratislava.sk\/?p=15632\"},\"wordCount\":222,\"publisher\":{\"@id\":\"https:\/\/www.vkpbratislava.sk\/#organization\"},\"image\":{\"@id\":\"https:\/\/www.vkpbratislava.sk\/?p=15632#primaryimage\"},\"thumbnailUrl\":\"https:\/\/www.vkpbratislava.sk\/wp-content\/uploads\/2022\/10\/DF1A4398.jpg\",\"articleSection\":[\"Mu\u017ei\"],\"inLanguage\":\"sk-SK\"},{\"@type\":\"WebPage\",\"@id\":\"https:\/\/www.vkpbratislava.sk\/?p=15632\",\"url\":\"https:\/\/www.vkpbratislava.sk\/?p=15632\",\"name\":\"Po v\u00fdhre nad Pre\u0161ovom do \u010dela tabu\u013eky - VK SLOVAN Bratislava\",\"isPartOf\":{\"@id\":\"https:\/\/www.vkpbratislava.sk\/#website\"},\"primaryImageOfPage\":{\"@id\":\"https:\/\/www.vkpbratislava.sk\/?p=15632#primaryimage\"},\"image\":{\"@id\":\"https:\/\/www.vkpbratislava.sk\/?p=15632#primaryimage\"},\"thumbnailUrl\":\"https:\/\/www.vkpbratislava.sk\/wp-content\/uploads\/2022\/10\/DF1A4398.jpg\",\"datePublished\":\"2022-10-24T11:15:41+00:00\",\"description\":\"Volejbalisti VKP Bratislava zv\u00ed\u0165azili v dom\u00e1com prostred\u00ed proti Pre\u0161ovu 3:0 a zost\u00e1vaj\u00fa jedin\u00fdm nezdolan\u00fdm t\u00edmom v extralige, \u010d\u00edm sa dostali na l\u00eddersk\u00fa poz\u00edciu v tabu\u013eke.\",\"breadcrumb\":{\"@id\":\"https:\/\/www.vkpbratislava.sk\/?p=15632#breadcrumb\"},\"inLanguage\":\"sk-SK\",\"potentialAction\":[{\"@type\":\"ReadAction\",\"target\":[\"https:\/\/www.vkpbratislava.sk\/?p=15632\"]}]},{\"@type\":\"ImageObject\",\"inLanguage\":\"sk-SK\",\"@id\":\"https:\/\/www.vkpbratislava.sk\/?p=15632#primaryimage\",\"url\":\"https:\/\/www.vkpbratislava.sk\/wp-content\/uploads\/2022\/10\/DF1A4398.jpg\",\"contentUrl\":\"https:\/\/www.vkpbratislava.sk\/wp-content\/uploads\/2022\/10\/DF1A4398.jpg\",\"width\":2048,\"height\":1365},{\"@type\":\"BreadcrumbList\",\"@id\":\"https:\/\/www.vkpbratislava.sk\/?p=15632#breadcrumb\",\"itemListElement\":[{\"@type\":\"ListItem\",\"position\":1,\"name\":\"Domov\",\"item\":\"https:\/\/www.vkpbratislava.sk\/\"},{\"@type\":\"ListItem\",\"position\":2,\"name\":\"Po v\u00fdhre nad Pre\u0161ovom do \u010dela tabu\u013eky\"}]},{\"@type\":\"WebSite\",\"@id\":\"https:\/\/www.vkpbratislava.sk\/#website\",\"url\":\"https:\/\/www.vkpbratislava.sk\/\",\"name\":\"VK SLOVAN Bratislava\",\"description\":\"Volejbalov\u00fd klub\",\"publisher\":{\"@id\":\"https:\/\/www.vkpbratislava.sk\/#organization\"},\"potentialAction\":[{\"@type\":\"SearchAction\",\"target\":{\"@type\":\"EntryPoint\",\"urlTemplate\":\"https:\/\/www.vkpbratislava.sk\/?s={search_term_string}\"},\"query-input\":{\"@type\":\"PropertyValueSpecification\",\"valueRequired\":true,\"valueName\":\"search_term_string\"}}],\"inLanguage\":\"sk-SK\"},{\"@type\":\"Organization\",\"@id\":\"https:\/\/www.vkpbratislava.sk\/#organization\",\"name\":\"VKP Bratislava\",\"url\":\"https:\/\/www.vkpbratislava.sk\/\",\"logo\":{\"@type\":\"ImageObject\",\"inLanguage\":\"sk-SK\",\"@id\":\"https:\/\/www.vkpbratislava.sk\/#\/schema\/logo\/image\/\",\"url\":\"https:\/\/www.vkpbratislava.sk\/wp-content\/uploads\/2020\/10\/vkpBA.png\",\"contentUrl\":\"https:\/\/www.vkpbratislava.sk\/wp-content\/uploads\/2020\/10\/vkpBA.png\",\"width\":600,\"height\":600,\"caption\":\"VKP Bratislava\"},\"image\":{\"@id\":\"https:\/\/www.vkpbratislava.sk\/#\/schema\/logo\/image\/\"}},{\"@type\":\"Person\",\"@id\":\"https:\/\/www.vkpbratislava.sk\/#\/schema\/person\/7037e769f9515aa58493d1b5852c4c50\",\"name\":\"jenca\",\"image\":{\"@type\":\"ImageObject\",\"inLanguage\":\"sk-SK\",\"@id\":\"https:\/\/www.vkpbratislava.sk\/#\/schema\/person\/image\/\",\"url\":\"https:\/\/secure.gravatar.com\/avatar\/67aa89e9aab2911bbd0c6fbf0a891ea8d80c207c9b6a6e2c96e13fc2f16e536d?s=96&d=mm&r=g\",\"contentUrl\":\"https:\/\/secure.gravatar.com\/avatar\/67aa89e9aab2911bbd0c6fbf0a891ea8d80c207c9b6a6e2c96e13fc2f16e536d?s=96&d=mm&r=g\",\"caption\":\"jenca\"},\"url\":\"https:\/\/www.vkpbratislava.sk\/?author=3\"}]}<\/script>\n<!-- \/ Yoast SEO plugin. -->","yoast_head_json":{"title":"Po v\u00fdhre nad Pre\u0161ovom do \u010dela tabu\u013eky - VK SLOVAN Bratislava","description":"Volejbalisti VKP Bratislava zv\u00ed\u0165azili v dom\u00e1com prostred\u00ed proti Pre\u0161ovu 3:0 a zost\u00e1vaj\u00fa jedin\u00fdm nezdolan\u00fdm t\u00edmom v extralige, \u010d\u00edm sa dostali na l\u00eddersk\u00fa poz\u00edciu v tabu\u013eke.","robots":{"index":"index","follow":"follow","max-snippet":"max-snippet:-1","max-image-preview":"max-image-preview:large","max-video-preview":"max-video-preview:-1"},"canonical":"https:\/\/www.vkpbratislava.sk\/?p=15632","og_locale":"sk_SK","og_type":"article","og_title":"Po v\u00fdhre nad Pre\u0161ovom do \u010dela tabu\u013eky - VK SLOVAN Bratislava","og_description":"Volejbalisti VKP Bratislava zv\u00ed\u0165azili v dom\u00e1com prostred\u00ed proti Pre\u0161ovu 3:0 a zost\u00e1vaj\u00fa jedin\u00fdm nezdolan\u00fdm t\u00edmom v extralige, \u010d\u00edm sa dostali na l\u00eddersk\u00fa poz\u00edciu v tabu\u013eke.","og_url":"https:\/\/www.vkpbratislava.sk\/?p=15632","og_site_name":"VK SLOVAN Bratislava","article_published_time":"2022-10-24T11:15:41+00:00","og_image":[{"width":1280,"height":853,"url":"https:\/\/www.vkpbratislava.sk\/wp-content\/uploads\/2022\/10\/DF1A4398-1280x853.jpg","type":"image\/jpeg"}],"author":"jenca","twitter_card":"summary_large_image","twitter_misc":{"Autor":"jenca","Predpokladan\u00fd \u010das \u010d\u00edtania":"1 min\u00fata"},"schema":{"@context":"https:\/\/schema.org","@graph":[{"@type":"Article","@id":"https:\/\/www.vkpbratislava.sk\/?p=15632#article","isPartOf":{"@id":"https:\/\/www.vkpbratislava.sk\/?p=15632"},"author":{"name":"jenca","@id":"https:\/\/www.vkpbratislava.sk\/#\/schema\/person\/7037e769f9515aa58493d1b5852c4c50"},"headline":"Po v\u00fdhre nad Pre\u0161ovom do \u010dela tabu\u013eky","datePublished":"2022-10-24T11:15:41+00:00","mainEntityOfPage":{"@id":"https:\/\/www.vkpbratislava.sk\/?p=15632"},"wordCount":222,"publisher":{"@id":"https:\/\/www.vkpbratislava.sk\/#organization"},"image":{"@id":"https:\/\/www.vkpbratislava.sk\/?p=15632#primaryimage"},"thumbnailUrl":"https:\/\/www.vkpbratislava.sk\/wp-content\/uploads\/2022\/10\/DF1A4398.jpg","articleSection":["Mu\u017ei"],"inLanguage":"sk-SK"},{"@type":"WebPage","@id":"https:\/\/www.vkpbratislava.sk\/?p=15632","url":"https:\/\/www.vkpbratislava.sk\/?p=15632","name":"Po v\u00fdhre nad Pre\u0161ovom do \u010dela tabu\u013eky - VK SLOVAN Bratislava","isPartOf":{"@id":"https:\/\/www.vkpbratislava.sk\/#website"},"primaryImageOfPage":{"@id":"https:\/\/www.vkpbratislava.sk\/?p=15632#primaryimage"},"image":{"@id":"https:\/\/www.vkpbratislava.sk\/?p=15632#primaryimage"},"thumbnailUrl":"https:\/\/www.vkpbratislava.sk\/wp-content\/uploads\/2022\/10\/DF1A4398.jpg","datePublished":"2022-10-24T11:15:41+00:00","description":"Volejbalisti VKP Bratislava zv\u00ed\u0165azili v dom\u00e1com prostred\u00ed proti Pre\u0161ovu 3:0 a zost\u00e1vaj\u00fa jedin\u00fdm nezdolan\u00fdm t\u00edmom v extralige, \u010d\u00edm sa dostali na l\u00eddersk\u00fa poz\u00edciu v tabu\u013eke.","breadcrumb":{"@id":"https:\/\/www.vkpbratislava.sk\/?p=15632#breadcrumb"},"inLanguage":"sk-SK","potentialAction":[{"@type":"ReadAction","target":["https:\/\/www.vkpbratislava.sk\/?p=15632"]}]},{"@type":"ImageObject","inLanguage":"sk-SK","@id":"https:\/\/www.vkpbratislava.sk\/?p=15632#primaryimage","url":"https:\/\/www.vkpbratislava.sk\/wp-content\/uploads\/2022\/10\/DF1A4398.jpg","contentUrl":"https:\/\/www.vkpbratislava.sk\/wp-content\/uploads\/2022\/10\/DF1A4398.jpg","width":2048,"height":1365},{"@type":"BreadcrumbList","@id":"https:\/\/www.vkpbratislava.sk\/?p=15632#breadcrumb","itemListElement":[{"@type":"ListItem","position":1,"name":"Domov","item":"https:\/\/www.vkpbratislava.sk\/"},{"@type":"ListItem","position":2,"name":"Po v\u00fdhre nad Pre\u0161ovom do \u010dela tabu\u013eky"}]},{"@type":"WebSite","@id":"https:\/\/www.vkpbratislava.sk\/#website","url":"https:\/\/www.vkpbratislava.sk\/","name":"VK SLOVAN Bratislava","description":"Volejbalov\u00fd klub","publisher":{"@id":"https:\/\/www.vkpbratislava.sk\/#organization"},"potentialAction":[{"@type":"SearchAction","target":{"@type":"EntryPoint","urlTemplate":"https:\/\/www.vkpbratislava.sk\/?s={search_term_string}"},"query-input":{"@type":"PropertyValueSpecification","valueRequired":true,"valueName":"search_term_string"}}],"inLanguage":"sk-SK"},{"@type":"Organization","@id":"https:\/\/www.vkpbratislava.sk\/#organization","name":"VKP Bratislava","url":"https:\/\/www.vkpbratislava.sk\/","logo":{"@type":"ImageObject","inLanguage":"sk-SK","@id":"https:\/\/www.vkpbratislava.sk\/#\/schema\/logo\/image\/","url":"https:\/\/www.vkpbratislava.sk\/wp-content\/uploads\/2020\/10\/vkpBA.png","contentUrl":"https:\/\/www.vkpbratislava.sk\/wp-content\/uploads\/2020\/10\/vkpBA.png","width":600,"height":600,"caption":"VKP Bratislava"},"image":{"@id":"https:\/\/www.vkpbratislava.sk\/#\/schema\/logo\/image\/"}},{"@type":"Person","@id":"https:\/\/www.vkpbratislava.sk\/#\/schema\/person\/7037e769f9515aa58493d1b5852c4c50","name":"jenca","image":{"@type":"ImageObject","inLanguage":"sk-SK","@id":"https:\/\/www.vkpbratislava.sk\/#\/schema\/person\/image\/","url":"https:\/\/secure.gravatar.com\/avatar\/67aa89e9aab2911bbd0c6fbf0a891ea8d80c207c9b6a6e2c96e13fc2f16e536d?s=96&d=mm&r=g","contentUrl":"https:\/\/secure.gravatar.com\/avatar\/67aa89e9aab2911bbd0c6fbf0a891ea8d80c207c9b6a6e2c96e13fc2f16e536d?s=96&d=mm&r=g","caption":"jenca"},"url":"https:\/\/www.vkpbratislava.sk\/?author=3"}]}},"_links":{"self":[{"href":"https:\/\/www.vkpbratislava.sk\/index.php?rest_route=\/wp\/v2\/posts\/15632","targetHints":{"allow":["GET"]}}],"collection":[{"href":"https:\/\/www.vkpbratislava.sk\/index.php?rest_route=\/wp\/v2\/posts"}],"about":[{"href":"https:\/\/www.vkpbratislava.sk\/index.php?rest_route=\/wp\/v2\/types\/post"}],"author":[{"embeddable":true,"href":"https:\/\/www.vkpbratislava.sk\/index.php?rest_route=\/wp\/v2\/users\/3"}],"replies":[{"embeddable":true,"href":"https:\/\/www.vkpbratislava.sk\/index.php?rest_route=%2Fwp%2Fv2%2Fcomments&post=15632"}],"version-history":[{"count":1,"href":"https:\/\/www.vkpbratislava.sk\/index.php?rest_route=\/wp\/v2\/posts\/15632\/revisions"}],"predecessor-version":[{"id":15634,"href":"https:\/\/www.vkpbratislava.sk\/index.php?rest_route=\/wp\/v2\/posts\/15632\/revisions\/15634"}],"wp:featuredmedia":[{"embeddable":true,"href":"https:\/\/www.vkpbratislava.sk\/index.php?rest_route=\/wp\/v2\/media\/15633"}],"wp:attachment":[{"href":"https:\/\/www.vkpbratislava.sk\/index.php?rest_route=%2Fwp%2Fv2%2Fmedia&parent=15632"}],"wp:term":[{"taxonomy":"category","embeddable":true,"href":"https:\/\/www.vkpbratislava.sk\/index.php?rest_route=%2Fwp%2Fv2%2Fcategories&post=15632"},{"taxonomy":"post_tag","embeddable":true,"href":"https:\/\/www.vkpbratislava.sk\/index.php?rest_route=%2Fwp%2Fv2%2Ftags&post=15632"}],"curies":[{"name":"wp","href":"https:\/\/api.w.org\/{rel}","templated":true}]}}