{"id":15877,"date":"2022-11-04T11:18:31","date_gmt":"2022-11-04T10:18:31","guid":{"rendered":"https:\/\/www.vkpbratislava.sk\/?p=15877"},"modified":"2022-11-04T11:18:31","modified_gmt":"2022-11-04T10:18:31","slug":"skvela-praca-tri-mladeznicke-kovy-rastuci-zaujem-o-volejbal","status":"publish","type":"post","link":"https:\/\/www.vkpbratislava.sk\/?p=15877","title":{"rendered":"Skvel\u00e1 pr\u00e1ca. Tri ml\u00e1de\u017en\u00edcke kovy, rast\u00faci z\u00e1ujem o\u00a0volejbal"},"content":{"rendered":"<p><em><strong>V rozhovore so \u0161\u00e9ftr\u00e9nerom ml\u00e1de\u017ee vo VKP Bratislava Jurajom Ti\u0148om o\u00a0\u00faspe\u0161nej uplynulej sez\u00f3ne, zv\u00fd\u0161enom z\u00e1ujme mlad\u00fdch chlapcov o\u00a0volejbal i\u00a0ceste dosta\u0165 do \u00e1\u010dka \u010do najviac talentovan\u00fdch hr\u00e1\u010dov.<\/strong><\/em><\/p>\n<p><strong>Ako si spokojn\u00fd s\u00a0v\u00fdsledkami ml\u00e1de\u017en\u00edckych t\u00edmov v\u00a0uplynulej sez\u00f3ne?<\/strong><\/p>\n<p>&#8211; V\u00a0chlap\u010densk\u00fdch kateg\u00f3ri\u00e1ch sme hrali v\u0161etky fin\u00e1lov\u00e9 turnaje. Mrz\u00ed ma, \u017ee sa n\u00e1m nepodarilo zlomi\u0165 strieborn\u00e9 miesto a\u00a0nebola z\u00a0toho aspo\u0148 jedna zlat\u00e1 medaila. V\u00a0hist\u00f3rii klubu sme v\u0161ak nemali \u00faspe\u0161nej\u0161iu ml\u00e1de\u017en\u00edcku sez\u00f3nu. Z\u00edskali sme dve striebra, jeden bronz. Aj ke\u010f to mohlo dopadn\u00fa\u0165 lep\u0161ie, je to asi spravodliv\u00e9.<\/p>\n<p><strong>Juniorsk\u00e9 fin\u00e1le v\u00a0Slovenskej \u013dup\u010di proti Svidn\u00edku bolo nap\u00ednav\u00e9, v\u00fdborn\u00e1 reklama na slovensk\u00fd volejbal aj v\u00a0podan\u00ed VKP. Ako si to videl?<\/strong><\/p>\n<p>&#8211; Bol to vynikaj\u00faci z\u00e1pas dospel\u00e9ho volejbalu. Svidn\u00ed\u010dania boli \u0161\u0165astnej\u0161\u00ed a\u00a0vyhratej\u0161\u00ed, ke\u010f\u017ee mali v\u00a0zostave viac hr\u00e1\u010dov z\u00a0mu\u017eskej extraligy. N\u00e1m u\u017e doch\u00e1dzali sily, vzdorovali sme, ako sa dalo, ale boli lep\u0161\u00ed. Mali sme ve\u013emi \u0165a\u017ek\u00fa skupinu, chalani si postup doslova vydreli. Chu\u0165 po zlatej medaile bola vo fin\u00e1le ve\u013ek\u00e1. Bohu\u017eia\u013e, niekedy \u0161\u0165ast\u00ed\u010dko praje, inokedy nie.<\/p>\n<p><strong>Kadetsk\u00e9 fin\u00e1le sa hralo v\u00a0bratislavskom Dome \u0161portu, ktor\u00e9 klub zorganizoval v\u00a0spolupr\u00e1ci s\u00a0Oblastn\u00fdm v\u00fdborom Bratislava. Ako by si to zhodnotil po \u0161portovej i\u00a0organiza\u010dnej str\u00e1nke?<\/strong><\/p>\n<p>&#8211; Turnaj sme sa rozhodli pripravi\u0165 v\u00a0hale Domu \u0161portu, kde maj\u00fa domovsk\u00fd st\u00e1nok tri extraligov\u00e9 t\u00edmy. Chlapci si to za cel\u00fa sez\u00f3nu zasl\u00fa\u017eili. Chceli sme fin\u00e1lov\u00fd turnaj dosta\u0165 na vy\u0161\u0161iu \u00farove\u0148. Aby bolo kvalitat\u00edvne zabezpe\u010den\u00e9 v\u0161etko, \u010do m\u00e1 by\u0165, aby bol turnaj so v\u0161etkou par\u00e1dou a\u00a0to sa n\u00e1m pod\u013ea m\u0148a podarilo. A\u00a0ke\u010f chce \u010dlovek nie\u010do lep\u0161ie, zvy\u010dajne to \u010dosi stoj\u00ed a\u00a0to je t\u00e1 da\u0148, ktor\u00fa sme zaplatili. Turnaj bol organiza\u010dne kvalitne zabezpe\u010den\u00fd a\u00a0kone\u010dne chlap\u010densk\u00fd fin\u00e1lov\u00fd turnaj zav\u00edtal aj do Bratislavy, \u010do bolo naposledy v\u00a0roku 2010.<\/p>\n<p><img loading=\"lazy\" decoding=\"async\" class=\"alignnone size-medium wp-image-13982\" src=\"https:\/\/www.vkpbratislava.sk\/wp-content\/uploads\/2022\/05\/DF1A5943-640x427.jpg\" alt=\"\" width=\"640\" height=\"427\" srcset=\"https:\/\/www.vkpbratislava.sk\/wp-content\/uploads\/2022\/05\/DF1A5943-640x427.jpg 640w, https:\/\/www.vkpbratislava.sk\/wp-content\/uploads\/2022\/05\/DF1A5943-1280x853.jpg 1280w, https:\/\/www.vkpbratislava.sk\/wp-content\/uploads\/2022\/05\/DF1A5943-768x512.jpg 768w, https:\/\/www.vkpbratislava.sk\/wp-content\/uploads\/2022\/05\/DF1A5943-1536x1024.jpg 1536w, https:\/\/www.vkpbratislava.sk\/wp-content\/uploads\/2022\/05\/DF1A5943-320x213.jpg 320w, https:\/\/www.vkpbratislava.sk\/wp-content\/uploads\/2022\/05\/DF1A5943-600x400.jpg 600w, https:\/\/www.vkpbratislava.sk\/wp-content\/uploads\/2022\/05\/DF1A5943.jpg 2048w\" sizes=\"auto, (max-width: 640px) 100vw, 640px\" \/><\/p>\n<p><strong>Trochu to pokazila len ne\u00fa\u010das\u0165 Pre\u0161ov\u010danov, \u010d\u00edm bol nep\u00e1rny po\u010det \u00fa\u010dastn\u00edkov&#8230; Ovplyvnilo to priebeh turnaja?<\/strong><\/p>\n<p>&#8211; Tu\u0161il som, \u017ee to tak m\u00f4\u017ee vyzera\u0165. T\u00fd\u017ede\u0148 predt\u00fdm som bol na kvalifik\u00e1cii do 22 rokov s\u00a0Erikom Diga\u0148om, ktor\u00fd je tr\u00e9ner Pre\u0161ova a\u00a0nazna\u010doval mi probl\u00e9my, ktor\u00e9 maj\u00fa. Jedna nekompletn\u00e1 skupina, okrem organiza\u010dn\u00fdch probl\u00e9mov spojen\u00fdch s\u00a0pren\u00e1jmom haly, boli aj hern\u00e9, ke\u010f\u017ee v\u00a0jednej skupine bolo menej z\u00e1pasov, hr\u00e1\u010di boli odd\u00fdchnut\u00ed a\u00a0pre\u0161li \u013eah\u0161ie zo skupiny. Je ve\u013ek\u00e1 \u0161koda a\u00a0smola, \u017ee sa nena\u0161lo aspo\u0148 jedno dru\u017estvo, ktor\u00e9 by dieru dok\u00e1zalo zapl\u00e1ta\u0165. Pre\u0161ov pre\u0161iel cez bar\u00e1\u017e a\u00a0skrz predpis, ktor\u00fd mala Slovensk\u00e1 volejbalov\u00e1 feder\u00e1cia minul\u00fd rok, \u017ee na fin\u00e1lov\u00fd turnaj si m\u00f4\u017eete zobra\u0165 dvoch hr\u00e1\u010dov z\u00a0in\u00e9ho klubu bez \u010dasov\u00e9ho obmedzenia, hr\u00e1\u010di z\u00a0nepostupov\u00fdch t\u00edmov sa rozp\u0155chli do t\u00edmov s\u00a0fin\u00e1lovou \u00fa\u010das\u0165ou. Ostatn\u00e9 kluby nemali \u0161ancu posklada\u0165 sa do optim\u00e1lneho zlo\u017eenia.<\/p>\n<p><strong>Napokon z\u00a0toho bol pre zverencov Jaroslava Noseka bronz. Spokojnos\u0165 \u010di mierne sklamanie?<\/strong><\/p>\n<p>&#8211; Hra\u0165 fin\u00e1le doma, pred vynikaj\u00facou kulisou by bolo \u00fa\u017easn\u00e9. Odohrali sme tro\u0161ku smutn\u00e9 semifin\u00e1le so Starou \u013dubov\u0148ou, ktor\u00e9 sme mohli zvl\u00e1dnu\u0165. Videl som po prehre na chalanoch tak\u00e9 sklamanie, \u017ee som nepochyboval, \u017ee z\u00e1pas o\u00a0bronz zvl\u00e1dnu.<\/p>\n<p><strong>A\u00a0\u010do \u017eiaci, ktor\u00ed z\u00edskali striebro na turnaji v\u00a0Liptovskom Mikul\u00e1\u0161i?<\/strong><\/p>\n<p>&#8211; Hralo sa ved\u013ea Tatralandie v\u00a0obrovskej hale na ne\u0161tandardnom povrchu, ale Liptovsk\u00fd Mikul\u00e1\u0161 sa postaral o\u00a0to, \u017ee to bolo pr\u00edjemne nastaven\u00e9. Vedel som, \u017ee budeme relat\u00edvne siln\u00ed a\u00a0to sa aj potvrdilo. Vyhrali sme skupinu, ve\u013emi \u0165a\u017ek\u00e9 semifin\u00e1le so Svidn\u00edkom sme neuverite\u013ene zvl\u00e1dli a\u00a0spravili obrat v\u00a0tajbrejku z\u00a03:9 a\u00a017:15. To sa v\u00a0chlap\u010denskom volejbale \u010dasto nevid\u00ed. Aj to ukazovalo silu dru\u017estva. Tr\u00fafal som si tam na zlat\u00fa medailu, lebo som vedel, \u017ee tam m\u00e1me v\u00fdborn\u00fd a\u00a0vyspel\u00fd ro\u010dn\u00edk. \u017dia\u013e, v\u00a0tajbrejku fin\u00e1lov\u00e9ho z\u00e1pasu sa \u0161\u0165astie priklonilo inam.<\/p>\n<p><strong>V\u00a0glob\u00e1le tri cenn\u00e9 kovy &#8211; 2 striebra, 1 bronz. Suma sum\u00e1rum?<\/strong><\/p>\n<p>&#8211; Ten hlad po zlate m\u00e1me st\u00e1le, to sa ned\u00e1 uprie\u0165. \u0164a\u017eko sa to vyhodnocuje, lebo \u010dlovek je sklaman\u00fd, \u017ee sme nesiahli na prvenstvo, ale z\u00e1rove\u0148 som ve\u013emi \u0161\u0165astn\u00fd, \u017ee sme jedin\u00fd klub na Slovensku, ktor\u00fd z\u00edskal tri medaily na v\u0161etk\u00fdch troch turnajoch. O\u010dividne, je to zrkadlo ve\u013emi dobrej pr\u00e1ce s\u00a0ml\u00e1de\u017eou a\u00a0z\u00e1rove\u0148 sk\u013abenie aktu\u00e1lne v\u00fdborn\u00fdch ro\u010dn\u00edkov, ktor\u00e9 u\u00a0n\u00e1s m\u00e1me.<\/p>\n<p><img loading=\"lazy\" decoding=\"async\" class=\"alignnone size-medium wp-image-13986\" src=\"https:\/\/www.vkpbratislava.sk\/wp-content\/uploads\/2022\/05\/IMG_9248-640x525.jpg\" alt=\"\" width=\"640\" height=\"525\" srcset=\"https:\/\/www.vkpbratislava.sk\/wp-content\/uploads\/2022\/05\/IMG_9248-640x525.jpg 640w, https:\/\/www.vkpbratislava.sk\/wp-content\/uploads\/2022\/05\/IMG_9248-1280x1051.jpg 1280w, https:\/\/www.vkpbratislava.sk\/wp-content\/uploads\/2022\/05\/IMG_9248-768x630.jpg 768w, https:\/\/www.vkpbratislava.sk\/wp-content\/uploads\/2022\/05\/IMG_9248-320x263.jpg 320w, https:\/\/www.vkpbratislava.sk\/wp-content\/uploads\/2022\/05\/IMG_9248-600x493.jpg 600w, https:\/\/www.vkpbratislava.sk\/wp-content\/uploads\/2022\/05\/IMG_9248.jpg 1440w\" sizes=\"auto, (max-width: 640px) 100vw, 640px\" \/><\/p>\n<p><strong>Uk\u00e1zali turnaje zv\u00fd\u0161en\u00fd z\u00e1ujem mlad\u00fdch chlapcov o\u00a0volejbal v\u00a0Bratislave?<\/strong><\/p>\n<p>&#8211; V\u00a0poslednej dobe vn\u00edmam v\u00e4\u010d\u0161\u00ed z\u00e1ujem hra\u0165 volejbal aj v\u00a0Bratislave a\u00a0dokonca aj u\u00a0chlapcov, \u010do nebolo zvykom. Dnes m\u00e1me pln\u00e9 po\u010dty v\u00a0ka\u017edej kateg\u00f3rii, otvorili sme pr\u00edpravku, kde tr\u00e9nuje 35 det\u00ed. Je to \u00fa\u017easn\u00e9! Dokonca sa dost\u00e1vame do situ\u00e1cie, \u017ee nerob\u00edme n\u00e1bor, ale v\u00fdber. Je to d\u00f4le\u017eit\u00e9 pre vrcholov\u00fd \u0161port a\u00a0pre kvalitu, ktor\u00fa chceme Slovensku pon\u00faka\u0165. Cie\u013e je vychova\u0165 reprezentantov a\u00a0k\u00a0tomu s\u00fa chalani vo VKP veden\u00ed, a\u00a0preto je na nich vyv\u00edjan\u00fd aj tlak na v\u00fdsledky.<\/p>\n<p><strong>Okrem ml\u00e1de\u017ee p\u00f4sob\u00ed\u0161 aj pri \u00e1\u010dku, ktor\u00e9 sa po dlh\u00fdch rokoch vr\u00e1tilo do Bratislavy. Dost\u00e1vaj\u00fa tam \u0161ancu aj mlad\u00ed talentovan\u00ed hr\u00e1\u010di. Tento rok sa viacer\u00ed dostali na s\u00fapisku pre mu\u017esk\u00fa extraligu. Je to cesta uk\u00e1za\u0165 aj ostatn\u00fdm, \u017ee s\u00fa na o\u010diach a\u00a0m\u00f4\u017ee sa s\u00a0nimi r\u00e1ta\u0165?<\/strong><\/p>\n<p>&#8211; Mot\u00edv a\u00a0smerovanie \u0161portovca je to najd\u00f4le\u017eitej\u0161ie \u010do v\u00a0\u017eivote m\u00e1. Ak strat\u00ed z\u00e1pal a\u00a0motiv\u00e1ciu, tak dohral a\u00a0m\u00f4\u017ee to by\u0165 najlep\u0161\u00ed \u0161portovec na svete. T\u00e1 cesta, pr\u00e1ca a\u00a0produkcia vlastn\u00fdch hr\u00e1\u010dov v\u00a0A-mu\u017estve je to, \u010do sme v\u017edy v\u00a0klube chceli. Nep\u00f4jde to asi len s\u00a0vlastn\u00fdmi odchovancami, ale ak sa k\u00a0\u0161iestim dom\u00e1cim pridaj\u00fa traja \u201eturisti\u201c, zauj\u00edmav\u00e9 typy zo zvy\u0161ku Slovenska, tak na\u0161e mu\u017estvo m\u00f4\u017ee by\u0165 \u00faspe\u0161n\u00e9. A\u00a0presne to sa deje aj teraz. Je to tret\u00ed rok a\u00a0aktu\u00e1lne je tam Samo Fekete, Mi\u0161o Truba\u010d, Ber\u0165o Jakub\u00edk, Bra\u0148o Belas, vr\u00e1til sa odchovanec Mat\u00fa\u0161 Jaloveck\u00fd, s\u00fa tam juniori Billich s\u00a0Van\u010dom, ktor\u00fdch sme z\u00edskali z\u00a0ich matersk\u00fdch klubov. Dru\u017estvo m\u00e1 hlad vyhr\u00e1va\u0165 a\u00a0to je to, \u010do potrebujeme.<\/p>\n<p><strong>\u010co poveda\u0165 k\u00a0Samovi Feketemu, ktor\u00fd hr\u00e1 dospel\u00e1cky volejbal dva roky a\u00a0u\u017e je na s\u00fapiske \u00e1\u010dka?<\/strong><\/p>\n<p>&#8211; Je to oneskorenec, ja mu hovor\u00edm samorast. Je ako \u0161pongia, veci nas\u00e1va za pochodu a\u00a0v\u00fdrazne sa pos\u00fava. Ver\u00edm, \u017ee mu extraligov\u00fd rok ve\u013emi pom\u00f4\u017ee a\u00a0vystrel\u00ed e\u0161te viac vpred. Vicemajster v\u00a0strihan\u00ed vini\u010da hr\u00e1 s\u00edce len dva roky, ale od prv\u00e9ho tr\u00e9ningu som videl jeho rast, turnaje, kde sa tr\u00e1pil a\u017e po vynikaj\u00faci juniorsk\u00fd turnaj. Hral tam nad moje o\u010dak\u00e1vania, netu\u0161il som, \u017ee je schopn\u00fd takej stabilnej hry v\u00a0takom silnom kolekt\u00edve. Naozaj ma prekvapil.<\/p>\n<p><strong>V\u00a0poslednej dobe sa hovor\u00ed, \u017ee na Slovensku je probl\u00e9m s\u00a0nahr\u00e1va\u010dmi. Zd\u00e1 sa v\u0161ak, \u017ee vo VKP toto nehroz\u00ed. Je to tak?<\/strong><\/p>\n<p>&#8211; Nikdy sme probl\u00e9m s\u00a0nahr\u00e1va\u010dmi nemali. Za posledn\u00e9 roky sme mali \u00faspe\u0161n\u00fdch a \u0161ikovn\u00fdch nahr\u00e1va\u010dov v ka\u017edej kateg\u00f3ri\u00ed &#8211; ro\u010dn\u00edk 1997 Jaloveck\u00fd, 1999 \u010cizmazia, 2001 Pavli\u010dko, 2003 Kov\u00e1\u010dik, 2006 Belas, a\u00a0teraz to je novovznikaj\u00faca repre 2007 s\u00a0Michalicom. Za posledn\u00fdch desa\u0165 rokov sme mali v\u00a0dvojro\u010dn\u00edku v ka\u017edej kateg\u00f3rii ve\u013emi dobr\u00e9ho a\u00a0kvalitn\u00e9ho nahr\u00e1va\u010da a\u00a0tento trend pokra\u010duje. Pr\u00faser je ten, ke\u010f s\u00fa dvaja vynikaj\u00faci nahr\u00e1va\u010di ako Ma\u0165o Michalica a\u00a0Bra\u0148o Belas, ktor\u00fdch del\u00ed jeden rok a\u00a0potrebujete obom da\u0165 dostato\u010dn\u00fa hern\u00fa prax, aby to ne\u0161lo na \u00fakor ani jedn\u00e9ho. Nie s\u00fa s\u00faperi, obaja s\u00fa typologicky in\u00ed nahr\u00e1va\u010di a\u00a0to je ich v\u00fdhoda, ktor\u00e1 ich \u017eenie vpred.<\/p>\n<p><img loading=\"lazy\" decoding=\"async\" class=\"alignnone size-medium wp-image-13976\" src=\"https:\/\/www.vkpbratislava.sk\/wp-content\/uploads\/2022\/05\/DF1A5920-640x427.jpg\" alt=\"\" width=\"640\" height=\"427\" srcset=\"https:\/\/www.vkpbratislava.sk\/wp-content\/uploads\/2022\/05\/DF1A5920-640x427.jpg 640w, https:\/\/www.vkpbratislava.sk\/wp-content\/uploads\/2022\/05\/DF1A5920-1280x853.jpg 1280w, https:\/\/www.vkpbratislava.sk\/wp-content\/uploads\/2022\/05\/DF1A5920-768x512.jpg 768w, https:\/\/www.vkpbratislava.sk\/wp-content\/uploads\/2022\/05\/DF1A5920-1536x1024.jpg 1536w, https:\/\/www.vkpbratislava.sk\/wp-content\/uploads\/2022\/05\/DF1A5920-320x213.jpg 320w, https:\/\/www.vkpbratislava.sk\/wp-content\/uploads\/2022\/05\/DF1A5920-600x400.jpg 600w, https:\/\/www.vkpbratislava.sk\/wp-content\/uploads\/2022\/05\/DF1A5920.jpg 2048w\" sizes=\"auto, (max-width: 640px) 100vw, 640px\" \/><\/p>\n","protected":false},"excerpt":{"rendered":"<p>V rozhovore so \u0161\u00e9ftr\u00e9nerom ml\u00e1de\u017ee vo VKP Bratislava Jurajom Ti\u0148om o\u00a0\u00faspe\u0161nej uplynulej sez\u00f3ne, zv\u00fd\u0161enom z\u00e1ujme mlad\u00fdch chlapcov o\u00a0volejbal i\u00a0ceste dosta\u0165 do \u00e1\u010dka \u010do najviac talentovan\u00fdch hr\u00e1\u010dov.<\/p>\n","protected":false},"author":3,"featured_media":12791,"comment_status":"closed","ping_status":"closed","sticky":false,"template":"","format":"standard","meta":{"_monsterinsights_skip_tracking":false,"_monsterinsights_sitenote_active":false,"_monsterinsights_sitenote_note":"","_monsterinsights_sitenote_category":0,"footnotes":""},"categories":[50],"tags":[],"class_list":["post-15877","post","type-post","status-publish","format-standard","has-post-thumbnail","hentry","category-mladez"],"yoast_head":"<!-- This site is optimized with the Yoast SEO plugin v25.6 - https:\/\/yoast.com\/wordpress\/plugins\/seo\/ -->\n<title>Skvel\u00e1 pr\u00e1ca. Tri ml\u00e1de\u017en\u00edcke kovy, rast\u00faci z\u00e1ujem o\u00a0volejbal - VK SLOVAN Bratislava<\/title>\n<meta name=\"description\" content=\"V rozhovore so \u0161\u00e9ftr\u00e9nerom ml\u00e1de\u017ee vo VKP Bratislava Jurajom Ti\u0148om o\u00a0\u00faspe\u0161nej uplynulej sez\u00f3ne, zv\u00fd\u0161enom z\u00e1ujme mlad\u00fdch chlapcov o\u00a0volejbal i\u00a0ceste dosta\u0165 do \u00e1\u010dka \u010do najviac talentovan\u00fdch hr\u00e1\u010dov.\" \/>\n<meta name=\"robots\" content=\"index, follow, max-snippet:-1, max-image-preview:large, max-video-preview:-1\" \/>\n<link rel=\"canonical\" href=\"https:\/\/www.vkpbratislava.sk\/?p=15877\" \/>\n<meta property=\"og:locale\" content=\"sk_SK\" \/>\n<meta property=\"og:type\" content=\"article\" \/>\n<meta property=\"og:title\" content=\"Skvel\u00e1 pr\u00e1ca. Tri ml\u00e1de\u017en\u00edcke kovy, rast\u00faci z\u00e1ujem o\u00a0volejbal - VK SLOVAN Bratislava\" \/>\n<meta property=\"og:description\" content=\"V rozhovore so \u0161\u00e9ftr\u00e9nerom ml\u00e1de\u017ee vo VKP Bratislava Jurajom Ti\u0148om o\u00a0\u00faspe\u0161nej uplynulej sez\u00f3ne, zv\u00fd\u0161enom z\u00e1ujme mlad\u00fdch chlapcov o\u00a0volejbal i\u00a0ceste dosta\u0165 do \u00e1\u010dka \u010do najviac talentovan\u00fdch hr\u00e1\u010dov.\" \/>\n<meta property=\"og:url\" content=\"https:\/\/www.vkpbratislava.sk\/?p=15877\" \/>\n<meta property=\"og:site_name\" content=\"VK SLOVAN Bratislava\" \/>\n<meta property=\"article:published_time\" content=\"2022-11-04T10:18:31+00:00\" \/>\n<meta property=\"og:image\" content=\"https:\/\/www.vkpbratislava.sk\/wp-content\/uploads\/2022\/02\/DF1A4669.jpg\" \/>\n\t<meta property=\"og:image:width\" content=\"2048\" \/>\n\t<meta property=\"og:image:height\" content=\"1365\" \/>\n\t<meta property=\"og:image:type\" content=\"image\/jpeg\" \/>\n<meta name=\"author\" content=\"jenca\" \/>\n<meta name=\"twitter:card\" content=\"summary_large_image\" \/>\n<meta name=\"twitter:label1\" content=\"Autor\" \/>\n\t<meta name=\"twitter:data1\" content=\"jenca\" \/>\n\t<meta name=\"twitter:label2\" content=\"Predpokladan\u00fd \u010das \u010d\u00edtania\" \/>\n\t<meta name=\"twitter:data2\" content=\"7 min\u00fat\" \/>\n<script type=\"application\/ld+json\" class=\"yoast-schema-graph\">{\"@context\":\"https:\/\/schema.org\",\"@graph\":[{\"@type\":\"Article\",\"@id\":\"https:\/\/www.vkpbratislava.sk\/?p=15877#article\",\"isPartOf\":{\"@id\":\"https:\/\/www.vkpbratislava.sk\/?p=15877\"},\"author\":{\"name\":\"jenca\",\"@id\":\"https:\/\/www.vkpbratislava.sk\/#\/schema\/person\/7037e769f9515aa58493d1b5852c4c50\"},\"headline\":\"Skvel\u00e1 pr\u00e1ca. Tri ml\u00e1de\u017en\u00edcke kovy, rast\u00faci z\u00e1ujem o\u00a0volejbal\",\"datePublished\":\"2022-11-04T10:18:31+00:00\",\"mainEntityOfPage\":{\"@id\":\"https:\/\/www.vkpbratislava.sk\/?p=15877\"},\"wordCount\":1461,\"publisher\":{\"@id\":\"https:\/\/www.vkpbratislava.sk\/#organization\"},\"image\":{\"@id\":\"https:\/\/www.vkpbratislava.sk\/?p=15877#primaryimage\"},\"thumbnailUrl\":\"https:\/\/www.vkpbratislava.sk\/wp-content\/uploads\/2022\/02\/DF1A4669.jpg\",\"articleSection\":[\"Ml\u00e1de\u017e\"],\"inLanguage\":\"sk-SK\"},{\"@type\":\"WebPage\",\"@id\":\"https:\/\/www.vkpbratislava.sk\/?p=15877\",\"url\":\"https:\/\/www.vkpbratislava.sk\/?p=15877\",\"name\":\"Skvel\u00e1 pr\u00e1ca. Tri ml\u00e1de\u017en\u00edcke kovy, rast\u00faci z\u00e1ujem o\u00a0volejbal - VK SLOVAN Bratislava\",\"isPartOf\":{\"@id\":\"https:\/\/www.vkpbratislava.sk\/#website\"},\"primaryImageOfPage\":{\"@id\":\"https:\/\/www.vkpbratislava.sk\/?p=15877#primaryimage\"},\"image\":{\"@id\":\"https:\/\/www.vkpbratislava.sk\/?p=15877#primaryimage\"},\"thumbnailUrl\":\"https:\/\/www.vkpbratislava.sk\/wp-content\/uploads\/2022\/02\/DF1A4669.jpg\",\"datePublished\":\"2022-11-04T10:18:31+00:00\",\"description\":\"V rozhovore so \u0161\u00e9ftr\u00e9nerom ml\u00e1de\u017ee vo VKP Bratislava Jurajom Ti\u0148om o\u00a0\u00faspe\u0161nej uplynulej sez\u00f3ne, zv\u00fd\u0161enom z\u00e1ujme mlad\u00fdch chlapcov o\u00a0volejbal i\u00a0ceste dosta\u0165 do \u00e1\u010dka \u010do najviac talentovan\u00fdch hr\u00e1\u010dov.\",\"breadcrumb\":{\"@id\":\"https:\/\/www.vkpbratislava.sk\/?p=15877#breadcrumb\"},\"inLanguage\":\"sk-SK\",\"potentialAction\":[{\"@type\":\"ReadAction\",\"target\":[\"https:\/\/www.vkpbratislava.sk\/?p=15877\"]}]},{\"@type\":\"ImageObject\",\"inLanguage\":\"sk-SK\",\"@id\":\"https:\/\/www.vkpbratislava.sk\/?p=15877#primaryimage\",\"url\":\"https:\/\/www.vkpbratislava.sk\/wp-content\/uploads\/2022\/02\/DF1A4669.jpg\",\"contentUrl\":\"https:\/\/www.vkpbratislava.sk\/wp-content\/uploads\/2022\/02\/DF1A4669.jpg\",\"width\":2048,\"height\":1365},{\"@type\":\"BreadcrumbList\",\"@id\":\"https:\/\/www.vkpbratislava.sk\/?p=15877#breadcrumb\",\"itemListElement\":[{\"@type\":\"ListItem\",\"position\":1,\"name\":\"Domov\",\"item\":\"https:\/\/www.vkpbratislava.sk\/\"},{\"@type\":\"ListItem\",\"position\":2,\"name\":\"Skvel\u00e1 pr\u00e1ca. Tri ml\u00e1de\u017en\u00edcke kovy, rast\u00faci z\u00e1ujem o\u00a0volejbal\"}]},{\"@type\":\"WebSite\",\"@id\":\"https:\/\/www.vkpbratislava.sk\/#website\",\"url\":\"https:\/\/www.vkpbratislava.sk\/\",\"name\":\"VK SLOVAN Bratislava\",\"description\":\"Volejbalov\u00fd klub\",\"publisher\":{\"@id\":\"https:\/\/www.vkpbratislava.sk\/#organization\"},\"potentialAction\":[{\"@type\":\"SearchAction\",\"target\":{\"@type\":\"EntryPoint\",\"urlTemplate\":\"https:\/\/www.vkpbratislava.sk\/?s={search_term_string}\"},\"query-input\":{\"@type\":\"PropertyValueSpecification\",\"valueRequired\":true,\"valueName\":\"search_term_string\"}}],\"inLanguage\":\"sk-SK\"},{\"@type\":\"Organization\",\"@id\":\"https:\/\/www.vkpbratislava.sk\/#organization\",\"name\":\"VKP Bratislava\",\"url\":\"https:\/\/www.vkpbratislava.sk\/\",\"logo\":{\"@type\":\"ImageObject\",\"inLanguage\":\"sk-SK\",\"@id\":\"https:\/\/www.vkpbratislava.sk\/#\/schema\/logo\/image\/\",\"url\":\"https:\/\/www.vkpbratislava.sk\/wp-content\/uploads\/2020\/10\/vkpBA.png\",\"contentUrl\":\"https:\/\/www.vkpbratislava.sk\/wp-content\/uploads\/2020\/10\/vkpBA.png\",\"width\":600,\"height\":600,\"caption\":\"VKP Bratislava\"},\"image\":{\"@id\":\"https:\/\/www.vkpbratislava.sk\/#\/schema\/logo\/image\/\"}},{\"@type\":\"Person\",\"@id\":\"https:\/\/www.vkpbratislava.sk\/#\/schema\/person\/7037e769f9515aa58493d1b5852c4c50\",\"name\":\"jenca\",\"image\":{\"@type\":\"ImageObject\",\"inLanguage\":\"sk-SK\",\"@id\":\"https:\/\/www.vkpbratislava.sk\/#\/schema\/person\/image\/\",\"url\":\"https:\/\/secure.gravatar.com\/avatar\/67aa89e9aab2911bbd0c6fbf0a891ea8d80c207c9b6a6e2c96e13fc2f16e536d?s=96&d=mm&r=g\",\"contentUrl\":\"https:\/\/secure.gravatar.com\/avatar\/67aa89e9aab2911bbd0c6fbf0a891ea8d80c207c9b6a6e2c96e13fc2f16e536d?s=96&d=mm&r=g\",\"caption\":\"jenca\"},\"url\":\"https:\/\/www.vkpbratislava.sk\/?author=3\"}]}<\/script>\n<!-- \/ Yoast SEO plugin. -->","yoast_head_json":{"title":"Skvel\u00e1 pr\u00e1ca. Tri ml\u00e1de\u017en\u00edcke kovy, rast\u00faci z\u00e1ujem o\u00a0volejbal - VK SLOVAN Bratislava","description":"V rozhovore so \u0161\u00e9ftr\u00e9nerom ml\u00e1de\u017ee vo VKP Bratislava Jurajom Ti\u0148om o\u00a0\u00faspe\u0161nej uplynulej sez\u00f3ne, zv\u00fd\u0161enom z\u00e1ujme mlad\u00fdch chlapcov o\u00a0volejbal i\u00a0ceste dosta\u0165 do \u00e1\u010dka \u010do najviac talentovan\u00fdch hr\u00e1\u010dov.","robots":{"index":"index","follow":"follow","max-snippet":"max-snippet:-1","max-image-preview":"max-image-preview:large","max-video-preview":"max-video-preview:-1"},"canonical":"https:\/\/www.vkpbratislava.sk\/?p=15877","og_locale":"sk_SK","og_type":"article","og_title":"Skvel\u00e1 pr\u00e1ca. Tri ml\u00e1de\u017en\u00edcke kovy, rast\u00faci z\u00e1ujem o\u00a0volejbal - VK SLOVAN Bratislava","og_description":"V rozhovore so \u0161\u00e9ftr\u00e9nerom ml\u00e1de\u017ee vo VKP Bratislava Jurajom Ti\u0148om o\u00a0\u00faspe\u0161nej uplynulej sez\u00f3ne, zv\u00fd\u0161enom z\u00e1ujme mlad\u00fdch chlapcov o\u00a0volejbal i\u00a0ceste dosta\u0165 do \u00e1\u010dka \u010do najviac talentovan\u00fdch hr\u00e1\u010dov.","og_url":"https:\/\/www.vkpbratislava.sk\/?p=15877","og_site_name":"VK SLOVAN Bratislava","article_published_time":"2022-11-04T10:18:31+00:00","og_image":[{"width":2048,"height":1365,"url":"https:\/\/www.vkpbratislava.sk\/wp-content\/uploads\/2022\/02\/DF1A4669.jpg","type":"image\/jpeg"}],"author":"jenca","twitter_card":"summary_large_image","twitter_misc":{"Autor":"jenca","Predpokladan\u00fd \u010das \u010d\u00edtania":"7 min\u00fat"},"schema":{"@context":"https:\/\/schema.org","@graph":[{"@type":"Article","@id":"https:\/\/www.vkpbratislava.sk\/?p=15877#article","isPartOf":{"@id":"https:\/\/www.vkpbratislava.sk\/?p=15877"},"author":{"name":"jenca","@id":"https:\/\/www.vkpbratislava.sk\/#\/schema\/person\/7037e769f9515aa58493d1b5852c4c50"},"headline":"Skvel\u00e1 pr\u00e1ca. Tri ml\u00e1de\u017en\u00edcke kovy, rast\u00faci z\u00e1ujem o\u00a0volejbal","datePublished":"2022-11-04T10:18:31+00:00","mainEntityOfPage":{"@id":"https:\/\/www.vkpbratislava.sk\/?p=15877"},"wordCount":1461,"publisher":{"@id":"https:\/\/www.vkpbratislava.sk\/#organization"},"image":{"@id":"https:\/\/www.vkpbratislava.sk\/?p=15877#primaryimage"},"thumbnailUrl":"https:\/\/www.vkpbratislava.sk\/wp-content\/uploads\/2022\/02\/DF1A4669.jpg","articleSection":["Ml\u00e1de\u017e"],"inLanguage":"sk-SK"},{"@type":"WebPage","@id":"https:\/\/www.vkpbratislava.sk\/?p=15877","url":"https:\/\/www.vkpbratislava.sk\/?p=15877","name":"Skvel\u00e1 pr\u00e1ca. Tri ml\u00e1de\u017en\u00edcke kovy, rast\u00faci z\u00e1ujem o\u00a0volejbal - VK SLOVAN Bratislava","isPartOf":{"@id":"https:\/\/www.vkpbratislava.sk\/#website"},"primaryImageOfPage":{"@id":"https:\/\/www.vkpbratislava.sk\/?p=15877#primaryimage"},"image":{"@id":"https:\/\/www.vkpbratislava.sk\/?p=15877#primaryimage"},"thumbnailUrl":"https:\/\/www.vkpbratislava.sk\/wp-content\/uploads\/2022\/02\/DF1A4669.jpg","datePublished":"2022-11-04T10:18:31+00:00","description":"V rozhovore so \u0161\u00e9ftr\u00e9nerom ml\u00e1de\u017ee vo VKP Bratislava Jurajom Ti\u0148om o\u00a0\u00faspe\u0161nej uplynulej sez\u00f3ne, zv\u00fd\u0161enom z\u00e1ujme mlad\u00fdch chlapcov o\u00a0volejbal i\u00a0ceste dosta\u0165 do \u00e1\u010dka \u010do najviac talentovan\u00fdch hr\u00e1\u010dov.","breadcrumb":{"@id":"https:\/\/www.vkpbratislava.sk\/?p=15877#breadcrumb"},"inLanguage":"sk-SK","potentialAction":[{"@type":"ReadAction","target":["https:\/\/www.vkpbratislava.sk\/?p=15877"]}]},{"@type":"ImageObject","inLanguage":"sk-SK","@id":"https:\/\/www.vkpbratislava.sk\/?p=15877#primaryimage","url":"https:\/\/www.vkpbratislava.sk\/wp-content\/uploads\/2022\/02\/DF1A4669.jpg","contentUrl":"https:\/\/www.vkpbratislava.sk\/wp-content\/uploads\/2022\/02\/DF1A4669.jpg","width":2048,"height":1365},{"@type":"BreadcrumbList","@id":"https:\/\/www.vkpbratislava.sk\/?p=15877#breadcrumb","itemListElement":[{"@type":"ListItem","position":1,"name":"Domov","item":"https:\/\/www.vkpbratislava.sk\/"},{"@type":"ListItem","position":2,"name":"Skvel\u00e1 pr\u00e1ca. Tri ml\u00e1de\u017en\u00edcke kovy, rast\u00faci z\u00e1ujem o\u00a0volejbal"}]},{"@type":"WebSite","@id":"https:\/\/www.vkpbratislava.sk\/#website","url":"https:\/\/www.vkpbratislava.sk\/","name":"VK SLOVAN Bratislava","description":"Volejbalov\u00fd klub","publisher":{"@id":"https:\/\/www.vkpbratislava.sk\/#organization"},"potentialAction":[{"@type":"SearchAction","target":{"@type":"EntryPoint","urlTemplate":"https:\/\/www.vkpbratislava.sk\/?s={search_term_string}"},"query-input":{"@type":"PropertyValueSpecification","valueRequired":true,"valueName":"search_term_string"}}],"inLanguage":"sk-SK"},{"@type":"Organization","@id":"https:\/\/www.vkpbratislava.sk\/#organization","name":"VKP Bratislava","url":"https:\/\/www.vkpbratislava.sk\/","logo":{"@type":"ImageObject","inLanguage":"sk-SK","@id":"https:\/\/www.vkpbratislava.sk\/#\/schema\/logo\/image\/","url":"https:\/\/www.vkpbratislava.sk\/wp-content\/uploads\/2020\/10\/vkpBA.png","contentUrl":"https:\/\/www.vkpbratislava.sk\/wp-content\/uploads\/2020\/10\/vkpBA.png","width":600,"height":600,"caption":"VKP Bratislava"},"image":{"@id":"https:\/\/www.vkpbratislava.sk\/#\/schema\/logo\/image\/"}},{"@type":"Person","@id":"https:\/\/www.vkpbratislava.sk\/#\/schema\/person\/7037e769f9515aa58493d1b5852c4c50","name":"jenca","image":{"@type":"ImageObject","inLanguage":"sk-SK","@id":"https:\/\/www.vkpbratislava.sk\/#\/schema\/person\/image\/","url":"https:\/\/secure.gravatar.com\/avatar\/67aa89e9aab2911bbd0c6fbf0a891ea8d80c207c9b6a6e2c96e13fc2f16e536d?s=96&d=mm&r=g","contentUrl":"https:\/\/secure.gravatar.com\/avatar\/67aa89e9aab2911bbd0c6fbf0a891ea8d80c207c9b6a6e2c96e13fc2f16e536d?s=96&d=mm&r=g","caption":"jenca"},"url":"https:\/\/www.vkpbratislava.sk\/?author=3"}]}},"_links":{"self":[{"href":"https:\/\/www.vkpbratislava.sk\/index.php?rest_route=\/wp\/v2\/posts\/15877","targetHints":{"allow":["GET"]}}],"collection":[{"href":"https:\/\/www.vkpbratislava.sk\/index.php?rest_route=\/wp\/v2\/posts"}],"about":[{"href":"https:\/\/www.vkpbratislava.sk\/index.php?rest_route=\/wp\/v2\/types\/post"}],"author":[{"embeddable":true,"href":"https:\/\/www.vkpbratislava.sk\/index.php?rest_route=\/wp\/v2\/users\/3"}],"replies":[{"embeddable":true,"href":"https:\/\/www.vkpbratislava.sk\/index.php?rest_route=%2Fwp%2Fv2%2Fcomments&post=15877"}],"version-history":[{"count":1,"href":"https:\/\/www.vkpbratislava.sk\/index.php?rest_route=\/wp\/v2\/posts\/15877\/revisions"}],"predecessor-version":[{"id":15878,"href":"https:\/\/www.vkpbratislava.sk\/index.php?rest_route=\/wp\/v2\/posts\/15877\/revisions\/15878"}],"wp:featuredmedia":[{"embeddable":true,"href":"https:\/\/www.vkpbratislava.sk\/index.php?rest_route=\/wp\/v2\/media\/12791"}],"wp:attachment":[{"href":"https:\/\/www.vkpbratislava.sk\/index.php?rest_route=%2Fwp%2Fv2%2Fmedia&parent=15877"}],"wp:term":[{"taxonomy":"category","embeddable":true,"href":"https:\/\/www.vkpbratislava.sk\/index.php?rest_route=%2Fwp%2Fv2%2Fcategories&post=15877"},{"taxonomy":"post_tag","embeddable":true,"href":"https:\/\/www.vkpbratislava.sk\/index.php?rest_route=%2Fwp%2Fv2%2Ftags&post=15877"}],"curies":[{"name":"wp","href":"https:\/\/api.w.org\/{rel}","templated":true}]}}