{"id":15885,"date":"2022-11-05T22:33:55","date_gmt":"2022-11-05T21:33:55","guid":{"rendered":"https:\/\/www.vkpbratislava.sk\/?p=15885"},"modified":"2022-11-05T22:33:55","modified_gmt":"2022-11-05T21:33:55","slug":"v-skvelom-zapase-prva-prehra-v-sezone","status":"publish","type":"post","link":"https:\/\/www.vkpbratislava.sk\/?p=15885","title":{"rendered":"V skvelom z\u00e1pase prv\u00e1 prehra v sez\u00f3ne"},"content":{"rendered":"<p><strong>Mu\u017ei VKP Bratislava zaznamenali prv\u00fa prehru v tejto sez\u00f3ne, ke\u010f vo v\u00fdbornom z\u00e1pase pred skvelou kulisou prehrali doma s Myjavou 1:3.<\/strong><\/p>\n<p><b>VKP BRATISLAVA &#8211; TJ SPARTAK MYJAVA 1:3 (-22, -23, 18, -22)<\/b><\/p>\n<p><b>Rozhodovali:<\/b> Sarka a Morav\u010d\u00edk, 250 div\u00e1kov.<\/p>\n<p><b>VKP: <\/b>Jaloveck\u00fd 2, Truba\u010d 11, Billich 14, Van\u010do 25, Rak 5, Marjov 9, libero \u013d. Nemec (Fekete 2, Jur\u00edk 0, \u010cerven\u00e1k 2). Tr\u00e9ner: R. P\u011blucha.<\/p>\n<p><b>TJ SPARTAK:<\/b> Poll\u00e1k 5, Vallo 2, Konc 18, M. Zeman 12, Viskup 20, Watzka 9, libero \u0160\u00edma (M. Donec 0, A. Donec 0, \u0160. Rzyman 0, O. Zeman 0). Tr\u00e9ner: V. Osipov.<\/p>\n<p><b>Hr\u00e1\u010di z\u00e1pasu: <\/b>Adri\u00e1n Van\u010do (VKP Bratislava) \u2013 Dominik Vallo (TJ Spartak Myjava)<\/p>\n<p><b>Robin P\u011blucha, tr\u00e9ner VKP: <\/b><i>\u201eBol to dobr\u00fd z\u00e1pas proti dobr\u00e9mu s\u00faperovi. Myjava m\u00e1 v\u00fdborn\u00fd man\u010daft. My sme u\u00a0nich vyhrali, oni n\u00e1m to teraz vr\u00e1tili. Zaspali sme za\u010diatok, striedaniami sme to e\u0161te tro\u0161ku o\u017eivili. Z\u00e1pas bol na hojda\u010dke a\u00a0s\u00faper bol v\u00a0\u0148om \u0161\u0165astnej\u0161\u00ed.\u201c<\/i><\/p>\n<p><b>Vitalij Osipov, tr\u00e9ner TJ Spartak: <\/b><i>\u201eSom r\u00e1d, \u017ee sme vyhrali. Najviac som sa b\u00e1l, \u017ee chlapci nevydr\u017eia fyzicky. Za posledn\u00fdch osem dn\u00ed sme odohrali p\u00e4\u0165 z\u00e1pasov a\u00a0nem\u00e1me tak\u00fd \u0161irok\u00fd k\u00e1der, aby sme mohli v\u00a0ka\u017edom z\u00e1pase strieda\u0165 in\u00fdch hr\u00e1\u010dov. Preto to bolo pre n\u00e1s ve\u013emi d\u00f4le\u017eit\u00e9 a\u00a0dopadlo to takto pre n\u00e1s. Som ve\u013emi v\u010fa\u010dn\u00fd chlapcom, ktor\u00ed boli na ihrisku, pretrpeli to a\u00a0vydr\u017eali to.\u201c<\/i><\/p>\n","protected":false},"excerpt":{"rendered":"<p>Mu\u017ei VKP Bratislava zaznamenali prv\u00fa prehru v tejto sez\u00f3ne, ke\u010f vo v\u00fdbornom z\u00e1pase pred skvelou kulisou prehrali doma s Myjavou 1:3.<\/p>\n","protected":false},"author":3,"featured_media":15886,"comment_status":"closed","ping_status":"closed","sticky":false,"template":"","format":"standard","meta":{"_monsterinsights_skip_tracking":false,"_monsterinsights_sitenote_active":false,"_monsterinsights_sitenote_note":"","_monsterinsights_sitenote_category":0,"footnotes":""},"categories":[47],"tags":[],"class_list":["post-15885","post","type-post","status-publish","format-standard","has-post-thumbnail","hentry","category-muzi"],"yoast_head":"<!-- This site is optimized with the Yoast SEO plugin v25.6 - https:\/\/yoast.com\/wordpress\/plugins\/seo\/ -->\n<title>V skvelom z\u00e1pase prv\u00e1 prehra v sez\u00f3ne - VK SLOVAN Bratislava<\/title>\n<meta name=\"description\" content=\"Mu\u017ei VKP Bratislava zaznamenali prv\u00fa prehru v tejto sez\u00f3ne, ke\u010f vo v\u00fdbornom z\u00e1pase pred skvelou kulisou prehrali doma s Myjavou 1:3.\" \/>\n<meta name=\"robots\" content=\"index, follow, max-snippet:-1, max-image-preview:large, max-video-preview:-1\" \/>\n<link rel=\"canonical\" href=\"https:\/\/www.vkpbratislava.sk\/?p=15885\" \/>\n<meta property=\"og:locale\" content=\"sk_SK\" \/>\n<meta property=\"og:type\" content=\"article\" \/>\n<meta property=\"og:title\" content=\"V skvelom z\u00e1pase prv\u00e1 prehra v sez\u00f3ne - VK SLOVAN Bratislava\" \/>\n<meta property=\"og:description\" content=\"Mu\u017ei VKP Bratislava zaznamenali prv\u00fa prehru v tejto sez\u00f3ne, ke\u010f vo v\u00fdbornom z\u00e1pase pred skvelou kulisou prehrali doma s Myjavou 1:3.\" \/>\n<meta property=\"og:url\" content=\"https:\/\/www.vkpbratislava.sk\/?p=15885\" \/>\n<meta property=\"og:site_name\" content=\"VK SLOVAN Bratislava\" \/>\n<meta property=\"article:published_time\" content=\"2022-11-05T21:33:55+00:00\" \/>\n<meta property=\"og:image\" content=\"https:\/\/www.vkpbratislava.sk\/wp-content\/uploads\/2022\/11\/DF1A5955-1280x853.jpg\" \/>\n\t<meta property=\"og:image:width\" content=\"1280\" \/>\n\t<meta property=\"og:image:height\" content=\"853\" \/>\n\t<meta property=\"og:image:type\" content=\"image\/jpeg\" \/>\n<meta name=\"author\" content=\"jenca\" \/>\n<meta name=\"twitter:card\" content=\"summary_large_image\" \/>\n<meta name=\"twitter:label1\" content=\"Autor\" \/>\n\t<meta name=\"twitter:data1\" content=\"jenca\" \/>\n\t<meta name=\"twitter:label2\" content=\"Predpokladan\u00fd \u010das \u010d\u00edtania\" \/>\n\t<meta name=\"twitter:data2\" content=\"2 min\u00faty\" \/>\n<script type=\"application\/ld+json\" class=\"yoast-schema-graph\">{\"@context\":\"https:\/\/schema.org\",\"@graph\":[{\"@type\":\"Article\",\"@id\":\"https:\/\/www.vkpbratislava.sk\/?p=15885#article\",\"isPartOf\":{\"@id\":\"https:\/\/www.vkpbratislava.sk\/?p=15885\"},\"author\":{\"name\":\"jenca\",\"@id\":\"https:\/\/www.vkpbratislava.sk\/#\/schema\/person\/7037e769f9515aa58493d1b5852c4c50\"},\"headline\":\"V skvelom z\u00e1pase prv\u00e1 prehra v sez\u00f3ne\",\"datePublished\":\"2022-11-05T21:33:55+00:00\",\"mainEntityOfPage\":{\"@id\":\"https:\/\/www.vkpbratislava.sk\/?p=15885\"},\"wordCount\":254,\"publisher\":{\"@id\":\"https:\/\/www.vkpbratislava.sk\/#organization\"},\"image\":{\"@id\":\"https:\/\/www.vkpbratislava.sk\/?p=15885#primaryimage\"},\"thumbnailUrl\":\"https:\/\/www.vkpbratislava.sk\/wp-content\/uploads\/2022\/11\/DF1A5955.jpg\",\"articleSection\":[\"Mu\u017ei\"],\"inLanguage\":\"sk-SK\"},{\"@type\":\"WebPage\",\"@id\":\"https:\/\/www.vkpbratislava.sk\/?p=15885\",\"url\":\"https:\/\/www.vkpbratislava.sk\/?p=15885\",\"name\":\"V skvelom z\u00e1pase prv\u00e1 prehra v sez\u00f3ne - VK SLOVAN Bratislava\",\"isPartOf\":{\"@id\":\"https:\/\/www.vkpbratislava.sk\/#website\"},\"primaryImageOfPage\":{\"@id\":\"https:\/\/www.vkpbratislava.sk\/?p=15885#primaryimage\"},\"image\":{\"@id\":\"https:\/\/www.vkpbratislava.sk\/?p=15885#primaryimage\"},\"thumbnailUrl\":\"https:\/\/www.vkpbratislava.sk\/wp-content\/uploads\/2022\/11\/DF1A5955.jpg\",\"datePublished\":\"2022-11-05T21:33:55+00:00\",\"description\":\"Mu\u017ei VKP Bratislava zaznamenali prv\u00fa prehru v tejto sez\u00f3ne, ke\u010f vo v\u00fdbornom z\u00e1pase pred skvelou kulisou prehrali doma s Myjavou 1:3.\",\"breadcrumb\":{\"@id\":\"https:\/\/www.vkpbratislava.sk\/?p=15885#breadcrumb\"},\"inLanguage\":\"sk-SK\",\"potentialAction\":[{\"@type\":\"ReadAction\",\"target\":[\"https:\/\/www.vkpbratislava.sk\/?p=15885\"]}]},{\"@type\":\"ImageObject\",\"inLanguage\":\"sk-SK\",\"@id\":\"https:\/\/www.vkpbratislava.sk\/?p=15885#primaryimage\",\"url\":\"https:\/\/www.vkpbratislava.sk\/wp-content\/uploads\/2022\/11\/DF1A5955.jpg\",\"contentUrl\":\"https:\/\/www.vkpbratislava.sk\/wp-content\/uploads\/2022\/11\/DF1A5955.jpg\",\"width\":2048,\"height\":1365},{\"@type\":\"BreadcrumbList\",\"@id\":\"https:\/\/www.vkpbratislava.sk\/?p=15885#breadcrumb\",\"itemListElement\":[{\"@type\":\"ListItem\",\"position\":1,\"name\":\"Domov\",\"item\":\"https:\/\/www.vkpbratislava.sk\/\"},{\"@type\":\"ListItem\",\"position\":2,\"name\":\"V skvelom z\u00e1pase prv\u00e1 prehra v sez\u00f3ne\"}]},{\"@type\":\"WebSite\",\"@id\":\"https:\/\/www.vkpbratislava.sk\/#website\",\"url\":\"https:\/\/www.vkpbratislava.sk\/\",\"name\":\"VK SLOVAN Bratislava\",\"description\":\"Volejbalov\u00fd klub\",\"publisher\":{\"@id\":\"https:\/\/www.vkpbratislava.sk\/#organization\"},\"potentialAction\":[{\"@type\":\"SearchAction\",\"target\":{\"@type\":\"EntryPoint\",\"urlTemplate\":\"https:\/\/www.vkpbratislava.sk\/?s={search_term_string}\"},\"query-input\":{\"@type\":\"PropertyValueSpecification\",\"valueRequired\":true,\"valueName\":\"search_term_string\"}}],\"inLanguage\":\"sk-SK\"},{\"@type\":\"Organization\",\"@id\":\"https:\/\/www.vkpbratislava.sk\/#organization\",\"name\":\"VKP Bratislava\",\"url\":\"https:\/\/www.vkpbratislava.sk\/\",\"logo\":{\"@type\":\"ImageObject\",\"inLanguage\":\"sk-SK\",\"@id\":\"https:\/\/www.vkpbratislava.sk\/#\/schema\/logo\/image\/\",\"url\":\"https:\/\/www.vkpbratislava.sk\/wp-content\/uploads\/2020\/10\/vkpBA.png\",\"contentUrl\":\"https:\/\/www.vkpbratislava.sk\/wp-content\/uploads\/2020\/10\/vkpBA.png\",\"width\":600,\"height\":600,\"caption\":\"VKP Bratislava\"},\"image\":{\"@id\":\"https:\/\/www.vkpbratislava.sk\/#\/schema\/logo\/image\/\"}},{\"@type\":\"Person\",\"@id\":\"https:\/\/www.vkpbratislava.sk\/#\/schema\/person\/7037e769f9515aa58493d1b5852c4c50\",\"name\":\"jenca\",\"image\":{\"@type\":\"ImageObject\",\"inLanguage\":\"sk-SK\",\"@id\":\"https:\/\/www.vkpbratislava.sk\/#\/schema\/person\/image\/\",\"url\":\"https:\/\/secure.gravatar.com\/avatar\/67aa89e9aab2911bbd0c6fbf0a891ea8d80c207c9b6a6e2c96e13fc2f16e536d?s=96&d=mm&r=g\",\"contentUrl\":\"https:\/\/secure.gravatar.com\/avatar\/67aa89e9aab2911bbd0c6fbf0a891ea8d80c207c9b6a6e2c96e13fc2f16e536d?s=96&d=mm&r=g\",\"caption\":\"jenca\"},\"url\":\"https:\/\/www.vkpbratislava.sk\/?author=3\"}]}<\/script>\n<!-- \/ Yoast SEO plugin. -->","yoast_head_json":{"title":"V skvelom z\u00e1pase prv\u00e1 prehra v sez\u00f3ne - VK SLOVAN Bratislava","description":"Mu\u017ei VKP Bratislava zaznamenali prv\u00fa prehru v tejto sez\u00f3ne, ke\u010f vo v\u00fdbornom z\u00e1pase pred skvelou kulisou prehrali doma s Myjavou 1:3.","robots":{"index":"index","follow":"follow","max-snippet":"max-snippet:-1","max-image-preview":"max-image-preview:large","max-video-preview":"max-video-preview:-1"},"canonical":"https:\/\/www.vkpbratislava.sk\/?p=15885","og_locale":"sk_SK","og_type":"article","og_title":"V skvelom z\u00e1pase prv\u00e1 prehra v sez\u00f3ne - VK SLOVAN Bratislava","og_description":"Mu\u017ei VKP Bratislava zaznamenali prv\u00fa prehru v tejto sez\u00f3ne, ke\u010f vo v\u00fdbornom z\u00e1pase pred skvelou kulisou prehrali doma s Myjavou 1:3.","og_url":"https:\/\/www.vkpbratislava.sk\/?p=15885","og_site_name":"VK SLOVAN Bratislava","article_published_time":"2022-11-05T21:33:55+00:00","og_image":[{"width":1280,"height":853,"url":"https:\/\/www.vkpbratislava.sk\/wp-content\/uploads\/2022\/11\/DF1A5955-1280x853.jpg","type":"image\/jpeg"}],"author":"jenca","twitter_card":"summary_large_image","twitter_misc":{"Autor":"jenca","Predpokladan\u00fd \u010das \u010d\u00edtania":"2 min\u00faty"},"schema":{"@context":"https:\/\/schema.org","@graph":[{"@type":"Article","@id":"https:\/\/www.vkpbratislava.sk\/?p=15885#article","isPartOf":{"@id":"https:\/\/www.vkpbratislava.sk\/?p=15885"},"author":{"name":"jenca","@id":"https:\/\/www.vkpbratislava.sk\/#\/schema\/person\/7037e769f9515aa58493d1b5852c4c50"},"headline":"V skvelom z\u00e1pase prv\u00e1 prehra v sez\u00f3ne","datePublished":"2022-11-05T21:33:55+00:00","mainEntityOfPage":{"@id":"https:\/\/www.vkpbratislava.sk\/?p=15885"},"wordCount":254,"publisher":{"@id":"https:\/\/www.vkpbratislava.sk\/#organization"},"image":{"@id":"https:\/\/www.vkpbratislava.sk\/?p=15885#primaryimage"},"thumbnailUrl":"https:\/\/www.vkpbratislava.sk\/wp-content\/uploads\/2022\/11\/DF1A5955.jpg","articleSection":["Mu\u017ei"],"inLanguage":"sk-SK"},{"@type":"WebPage","@id":"https:\/\/www.vkpbratislava.sk\/?p=15885","url":"https:\/\/www.vkpbratislava.sk\/?p=15885","name":"V skvelom z\u00e1pase prv\u00e1 prehra v sez\u00f3ne - VK SLOVAN Bratislava","isPartOf":{"@id":"https:\/\/www.vkpbratislava.sk\/#website"},"primaryImageOfPage":{"@id":"https:\/\/www.vkpbratislava.sk\/?p=15885#primaryimage"},"image":{"@id":"https:\/\/www.vkpbratislava.sk\/?p=15885#primaryimage"},"thumbnailUrl":"https:\/\/www.vkpbratislava.sk\/wp-content\/uploads\/2022\/11\/DF1A5955.jpg","datePublished":"2022-11-05T21:33:55+00:00","description":"Mu\u017ei VKP Bratislava zaznamenali prv\u00fa prehru v tejto sez\u00f3ne, ke\u010f vo v\u00fdbornom z\u00e1pase pred skvelou kulisou prehrali doma s Myjavou 1:3.","breadcrumb":{"@id":"https:\/\/www.vkpbratislava.sk\/?p=15885#breadcrumb"},"inLanguage":"sk-SK","potentialAction":[{"@type":"ReadAction","target":["https:\/\/www.vkpbratislava.sk\/?p=15885"]}]},{"@type":"ImageObject","inLanguage":"sk-SK","@id":"https:\/\/www.vkpbratislava.sk\/?p=15885#primaryimage","url":"https:\/\/www.vkpbratislava.sk\/wp-content\/uploads\/2022\/11\/DF1A5955.jpg","contentUrl":"https:\/\/www.vkpbratislava.sk\/wp-content\/uploads\/2022\/11\/DF1A5955.jpg","width":2048,"height":1365},{"@type":"BreadcrumbList","@id":"https:\/\/www.vkpbratislava.sk\/?p=15885#breadcrumb","itemListElement":[{"@type":"ListItem","position":1,"name":"Domov","item":"https:\/\/www.vkpbratislava.sk\/"},{"@type":"ListItem","position":2,"name":"V skvelom z\u00e1pase prv\u00e1 prehra v sez\u00f3ne"}]},{"@type":"WebSite","@id":"https:\/\/www.vkpbratislava.sk\/#website","url":"https:\/\/www.vkpbratislava.sk\/","name":"VK SLOVAN Bratislava","description":"Volejbalov\u00fd klub","publisher":{"@id":"https:\/\/www.vkpbratislava.sk\/#organization"},"potentialAction":[{"@type":"SearchAction","target":{"@type":"EntryPoint","urlTemplate":"https:\/\/www.vkpbratislava.sk\/?s={search_term_string}"},"query-input":{"@type":"PropertyValueSpecification","valueRequired":true,"valueName":"search_term_string"}}],"inLanguage":"sk-SK"},{"@type":"Organization","@id":"https:\/\/www.vkpbratislava.sk\/#organization","name":"VKP Bratislava","url":"https:\/\/www.vkpbratislava.sk\/","logo":{"@type":"ImageObject","inLanguage":"sk-SK","@id":"https:\/\/www.vkpbratislava.sk\/#\/schema\/logo\/image\/","url":"https:\/\/www.vkpbratislava.sk\/wp-content\/uploads\/2020\/10\/vkpBA.png","contentUrl":"https:\/\/www.vkpbratislava.sk\/wp-content\/uploads\/2020\/10\/vkpBA.png","width":600,"height":600,"caption":"VKP Bratislava"},"image":{"@id":"https:\/\/www.vkpbratislava.sk\/#\/schema\/logo\/image\/"}},{"@type":"Person","@id":"https:\/\/www.vkpbratislava.sk\/#\/schema\/person\/7037e769f9515aa58493d1b5852c4c50","name":"jenca","image":{"@type":"ImageObject","inLanguage":"sk-SK","@id":"https:\/\/www.vkpbratislava.sk\/#\/schema\/person\/image\/","url":"https:\/\/secure.gravatar.com\/avatar\/67aa89e9aab2911bbd0c6fbf0a891ea8d80c207c9b6a6e2c96e13fc2f16e536d?s=96&d=mm&r=g","contentUrl":"https:\/\/secure.gravatar.com\/avatar\/67aa89e9aab2911bbd0c6fbf0a891ea8d80c207c9b6a6e2c96e13fc2f16e536d?s=96&d=mm&r=g","caption":"jenca"},"url":"https:\/\/www.vkpbratislava.sk\/?author=3"}]}},"_links":{"self":[{"href":"https:\/\/www.vkpbratislava.sk\/index.php?rest_route=\/wp\/v2\/posts\/15885","targetHints":{"allow":["GET"]}}],"collection":[{"href":"https:\/\/www.vkpbratislava.sk\/index.php?rest_route=\/wp\/v2\/posts"}],"about":[{"href":"https:\/\/www.vkpbratislava.sk\/index.php?rest_route=\/wp\/v2\/types\/post"}],"author":[{"embeddable":true,"href":"https:\/\/www.vkpbratislava.sk\/index.php?rest_route=\/wp\/v2\/users\/3"}],"replies":[{"embeddable":true,"href":"https:\/\/www.vkpbratislava.sk\/index.php?rest_route=%2Fwp%2Fv2%2Fcomments&post=15885"}],"version-history":[{"count":1,"href":"https:\/\/www.vkpbratislava.sk\/index.php?rest_route=\/wp\/v2\/posts\/15885\/revisions"}],"predecessor-version":[{"id":15887,"href":"https:\/\/www.vkpbratislava.sk\/index.php?rest_route=\/wp\/v2\/posts\/15885\/revisions\/15887"}],"wp:featuredmedia":[{"embeddable":true,"href":"https:\/\/www.vkpbratislava.sk\/index.php?rest_route=\/wp\/v2\/media\/15886"}],"wp:attachment":[{"href":"https:\/\/www.vkpbratislava.sk\/index.php?rest_route=%2Fwp%2Fv2%2Fmedia&parent=15885"}],"wp:term":[{"taxonomy":"category","embeddable":true,"href":"https:\/\/www.vkpbratislava.sk\/index.php?rest_route=%2Fwp%2Fv2%2Fcategories&post=15885"},{"taxonomy":"post_tag","embeddable":true,"href":"https:\/\/www.vkpbratislava.sk\/index.php?rest_route=%2Fwp%2Fv2%2Ftags&post=15885"}],"curies":[{"name":"wp","href":"https:\/\/api.w.org\/{rel}","templated":true}]}}