{"id":16146,"date":"2022-11-06T21:55:30","date_gmt":"2022-11-06T20:55:30","guid":{"rendered":"https:\/\/www.vkpbratislava.sk\/?p=16146"},"modified":"2022-11-06T21:55:30","modified_gmt":"2022-11-06T20:55:30","slug":"po-vyhre-nad-komarnom-opat-lidrom-tabulky","status":"publish","type":"post","link":"https:\/\/www.vkpbratislava.sk\/?p=16146","title":{"rendered":"Po v\u00fdhre nad Kom\u00e1rnom op\u00e4\u0165 l\u00eddrom tabu\u013eky"},"content":{"rendered":"<p><strong>V dohr\u00e1vke 3. kola extraligy zv\u00ed\u0165azili mu\u017ei VKP Bratislava nad Kom\u00e1rnom 3:1 a po jednod\u0148ovej pauze sa vr\u00e1tili na 1. miesto tabu\u013eky.<\/strong><\/p>\n<p><b>VKP BRATISLAVA \u2013 RIEKER UJS KOM\u00c1RNO 3:1 (19, -21, 26, 19)<\/b><\/p>\n<p><b>Rozhodovali:<\/b> Schimpl a Jur\u00e1\u010dek, 200 div\u00e1kov.<\/p>\n<p><b>VKP: <\/b>Jaloveck\u00fd 2, Truba\u010d 25, Billich 8, Van\u010do 21, Rak 7, Marjov 10, libero \u013d. Nemec (Jur\u00edk 0, \u010cerven\u00e1k 0). Tr\u00e9ner: R. P\u011blucha.<\/p>\n<p><b>RIEKER UJS:<\/b> S\u00e1nta 12, Ma\u010duha 14, Szarek 15, Gergely 6, Koh\u00fat 9, Kasperkevi\u010d 0, liber\u00e1 Pati-Nagy a Kraj\u010do (Tur\u010d\u00e1ni 3, Sz\u00e1zvai 1). Tr\u00e9ner: G. Chocho\u013eak.<\/p>\n<p><b>Hr\u00e1\u010di z\u00e1pasu: <\/b>Patrik Marjov (VKP Bratislava) \u2013 Filip Ma\u010duha (Rieker UJS Kom\u00e1rno)<\/p>\n<p><b>Robin P\u011blucha, tr\u00e9ner VKP: <\/b><i>\u201eProti Kom\u00e1rnu to bol n\u00e1ro\u010dn\u00fd z\u00e1pas. S\u00faper m\u00e1 v\u00fdborn\u00e9 dru\u017estvo. V\u00a0porovnan\u00ed so sobotou, sme hrali podobne, ale tro\u0161ku uvo\u013enenej\u0161ie. Mali sme lep\u0161ie aj hor\u0161ie pas\u00e1\u017ee hry. Tret\u00ed set, ktor\u00fd sme prehr\u00e1vali, sme oto\u010dili. To n\u00e1s vzpru\u017eilo a\u00a0\u0161tvrt\u00fd sme dobojovali \u00faspe\u0161ne. V\u00a0priebehu dvoch dn\u00ed to bol druh\u00fd \u0165a\u017ek\u00fd z\u00e1pas, a\u00a0preto som ve\u013emi r\u00e1d, \u017ee sme vyhrali.\u201c<\/i><\/p>\n<p><b>Gabriel Chocho\u013eak, tr\u00e9ner Rieker UJS: <\/b><i>\u201eS VKP sme prehrali a\u00a0moment\u00e1lne sa nach\u00e1dzame v\u00a0\u0165a\u017ekej situ\u00e1cii. V\u00fdkon tomu zodpovedal. Chlapci sa sna\u017eili a\u00a0za to, ako bojovali, im nem\u00f4\u017eem ni\u010d vytkn\u00fa\u0165. Nezost\u00e1va n\u00e1m ni\u010d in\u00e9, len bojova\u0165 \u010falej.\u201c<\/i><\/p>\n","protected":false},"excerpt":{"rendered":"<p>V dohr\u00e1vke 3. kola extraligy zv\u00ed\u0165azili mu\u017ei VKP Bratislava nad Kom\u00e1rnom 3:1 a po jednod\u0148ovej pauze sa vr\u00e1tili na 1. miesto tabu\u013eky.<\/p>\n","protected":false},"author":3,"featured_media":16151,"comment_status":"closed","ping_status":"closed","sticky":false,"template":"","format":"standard","meta":{"_monsterinsights_skip_tracking":false,"_monsterinsights_sitenote_active":false,"_monsterinsights_sitenote_note":"","_monsterinsights_sitenote_category":0,"footnotes":""},"categories":[47],"tags":[],"class_list":["post-16146","post","type-post","status-publish","format-standard","has-post-thumbnail","hentry","category-muzi"],"yoast_head":"<!-- This site is optimized with the Yoast SEO plugin v25.6 - https:\/\/yoast.com\/wordpress\/plugins\/seo\/ -->\n<title>Po v\u00fdhre nad Kom\u00e1rnom op\u00e4\u0165 l\u00eddrom tabu\u013eky - VK SLOVAN Bratislava<\/title>\n<meta name=\"description\" content=\"V dohr\u00e1vke 3. kola extraligy zv\u00ed\u0165azili mu\u017ei VKP Bratislava nad Kom\u00e1rnom 3:1 a po jednod\u0148ovej pauze sa vr\u00e1tili na 1. miesto tabu\u013eky.\" \/>\n<meta name=\"robots\" content=\"index, follow, max-snippet:-1, max-image-preview:large, max-video-preview:-1\" \/>\n<link rel=\"canonical\" href=\"https:\/\/www.vkpbratislava.sk\/?p=16146\" \/>\n<meta property=\"og:locale\" content=\"sk_SK\" \/>\n<meta property=\"og:type\" content=\"article\" \/>\n<meta property=\"og:title\" content=\"Po v\u00fdhre nad Kom\u00e1rnom op\u00e4\u0165 l\u00eddrom tabu\u013eky - VK SLOVAN Bratislava\" \/>\n<meta property=\"og:description\" content=\"V dohr\u00e1vke 3. kola extraligy zv\u00ed\u0165azili mu\u017ei VKP Bratislava nad Kom\u00e1rnom 3:1 a po jednod\u0148ovej pauze sa vr\u00e1tili na 1. miesto tabu\u013eky.\" \/>\n<meta property=\"og:url\" content=\"https:\/\/www.vkpbratislava.sk\/?p=16146\" \/>\n<meta property=\"og:site_name\" content=\"VK SLOVAN Bratislava\" \/>\n<meta property=\"article:published_time\" content=\"2022-11-06T20:55:30+00:00\" \/>\n<meta property=\"og:image\" content=\"https:\/\/www.vkpbratislava.sk\/wp-content\/uploads\/2022\/11\/DF1A6563-1280x853.jpg\" \/>\n\t<meta property=\"og:image:width\" content=\"1280\" \/>\n\t<meta property=\"og:image:height\" content=\"853\" \/>\n\t<meta property=\"og:image:type\" content=\"image\/jpeg\" \/>\n<meta name=\"author\" content=\"jenca\" \/>\n<meta name=\"twitter:card\" content=\"summary_large_image\" \/>\n<meta name=\"twitter:label1\" content=\"Autor\" \/>\n\t<meta name=\"twitter:data1\" content=\"jenca\" \/>\n\t<meta name=\"twitter:label2\" content=\"Predpokladan\u00fd \u010das \u010d\u00edtania\" \/>\n\t<meta name=\"twitter:data2\" content=\"2 min\u00faty\" \/>\n<script type=\"application\/ld+json\" class=\"yoast-schema-graph\">{\"@context\":\"https:\/\/schema.org\",\"@graph\":[{\"@type\":\"Article\",\"@id\":\"https:\/\/www.vkpbratislava.sk\/?p=16146#article\",\"isPartOf\":{\"@id\":\"https:\/\/www.vkpbratislava.sk\/?p=16146\"},\"author\":{\"name\":\"jenca\",\"@id\":\"https:\/\/www.vkpbratislava.sk\/#\/schema\/person\/7037e769f9515aa58493d1b5852c4c50\"},\"headline\":\"Po v\u00fdhre nad Kom\u00e1rnom op\u00e4\u0165 l\u00eddrom tabu\u013eky\",\"datePublished\":\"2022-11-06T20:55:30+00:00\",\"mainEntityOfPage\":{\"@id\":\"https:\/\/www.vkpbratislava.sk\/?p=16146\"},\"wordCount\":246,\"publisher\":{\"@id\":\"https:\/\/www.vkpbratislava.sk\/#organization\"},\"image\":{\"@id\":\"https:\/\/www.vkpbratislava.sk\/?p=16146#primaryimage\"},\"thumbnailUrl\":\"https:\/\/www.vkpbratislava.sk\/wp-content\/uploads\/2022\/11\/DF1A6563.jpg\",\"articleSection\":[\"Mu\u017ei\"],\"inLanguage\":\"sk-SK\"},{\"@type\":\"WebPage\",\"@id\":\"https:\/\/www.vkpbratislava.sk\/?p=16146\",\"url\":\"https:\/\/www.vkpbratislava.sk\/?p=16146\",\"name\":\"Po v\u00fdhre nad Kom\u00e1rnom op\u00e4\u0165 l\u00eddrom tabu\u013eky - VK SLOVAN Bratislava\",\"isPartOf\":{\"@id\":\"https:\/\/www.vkpbratislava.sk\/#website\"},\"primaryImageOfPage\":{\"@id\":\"https:\/\/www.vkpbratislava.sk\/?p=16146#primaryimage\"},\"image\":{\"@id\":\"https:\/\/www.vkpbratislava.sk\/?p=16146#primaryimage\"},\"thumbnailUrl\":\"https:\/\/www.vkpbratislava.sk\/wp-content\/uploads\/2022\/11\/DF1A6563.jpg\",\"datePublished\":\"2022-11-06T20:55:30+00:00\",\"description\":\"V dohr\u00e1vke 3. kola extraligy zv\u00ed\u0165azili mu\u017ei VKP Bratislava nad Kom\u00e1rnom 3:1 a po jednod\u0148ovej pauze sa vr\u00e1tili na 1. miesto tabu\u013eky.\",\"breadcrumb\":{\"@id\":\"https:\/\/www.vkpbratislava.sk\/?p=16146#breadcrumb\"},\"inLanguage\":\"sk-SK\",\"potentialAction\":[{\"@type\":\"ReadAction\",\"target\":[\"https:\/\/www.vkpbratislava.sk\/?p=16146\"]}]},{\"@type\":\"ImageObject\",\"inLanguage\":\"sk-SK\",\"@id\":\"https:\/\/www.vkpbratislava.sk\/?p=16146#primaryimage\",\"url\":\"https:\/\/www.vkpbratislava.sk\/wp-content\/uploads\/2022\/11\/DF1A6563.jpg\",\"contentUrl\":\"https:\/\/www.vkpbratislava.sk\/wp-content\/uploads\/2022\/11\/DF1A6563.jpg\",\"width\":2048,\"height\":1365},{\"@type\":\"BreadcrumbList\",\"@id\":\"https:\/\/www.vkpbratislava.sk\/?p=16146#breadcrumb\",\"itemListElement\":[{\"@type\":\"ListItem\",\"position\":1,\"name\":\"Domov\",\"item\":\"https:\/\/www.vkpbratislava.sk\/\"},{\"@type\":\"ListItem\",\"position\":2,\"name\":\"Po v\u00fdhre nad Kom\u00e1rnom op\u00e4\u0165 l\u00eddrom tabu\u013eky\"}]},{\"@type\":\"WebSite\",\"@id\":\"https:\/\/www.vkpbratislava.sk\/#website\",\"url\":\"https:\/\/www.vkpbratislava.sk\/\",\"name\":\"VK SLOVAN Bratislava\",\"description\":\"Volejbalov\u00fd klub\",\"publisher\":{\"@id\":\"https:\/\/www.vkpbratislava.sk\/#organization\"},\"potentialAction\":[{\"@type\":\"SearchAction\",\"target\":{\"@type\":\"EntryPoint\",\"urlTemplate\":\"https:\/\/www.vkpbratislava.sk\/?s={search_term_string}\"},\"query-input\":{\"@type\":\"PropertyValueSpecification\",\"valueRequired\":true,\"valueName\":\"search_term_string\"}}],\"inLanguage\":\"sk-SK\"},{\"@type\":\"Organization\",\"@id\":\"https:\/\/www.vkpbratislava.sk\/#organization\",\"name\":\"VKP Bratislava\",\"url\":\"https:\/\/www.vkpbratislava.sk\/\",\"logo\":{\"@type\":\"ImageObject\",\"inLanguage\":\"sk-SK\",\"@id\":\"https:\/\/www.vkpbratislava.sk\/#\/schema\/logo\/image\/\",\"url\":\"https:\/\/www.vkpbratislava.sk\/wp-content\/uploads\/2020\/10\/vkpBA.png\",\"contentUrl\":\"https:\/\/www.vkpbratislava.sk\/wp-content\/uploads\/2020\/10\/vkpBA.png\",\"width\":600,\"height\":600,\"caption\":\"VKP Bratislava\"},\"image\":{\"@id\":\"https:\/\/www.vkpbratislava.sk\/#\/schema\/logo\/image\/\"}},{\"@type\":\"Person\",\"@id\":\"https:\/\/www.vkpbratislava.sk\/#\/schema\/person\/7037e769f9515aa58493d1b5852c4c50\",\"name\":\"jenca\",\"image\":{\"@type\":\"ImageObject\",\"inLanguage\":\"sk-SK\",\"@id\":\"https:\/\/www.vkpbratislava.sk\/#\/schema\/person\/image\/\",\"url\":\"https:\/\/secure.gravatar.com\/avatar\/67aa89e9aab2911bbd0c6fbf0a891ea8d80c207c9b6a6e2c96e13fc2f16e536d?s=96&d=mm&r=g\",\"contentUrl\":\"https:\/\/secure.gravatar.com\/avatar\/67aa89e9aab2911bbd0c6fbf0a891ea8d80c207c9b6a6e2c96e13fc2f16e536d?s=96&d=mm&r=g\",\"caption\":\"jenca\"},\"url\":\"https:\/\/www.vkpbratislava.sk\/?author=3\"}]}<\/script>\n<!-- \/ Yoast SEO plugin. -->","yoast_head_json":{"title":"Po v\u00fdhre nad Kom\u00e1rnom op\u00e4\u0165 l\u00eddrom tabu\u013eky - VK SLOVAN Bratislava","description":"V dohr\u00e1vke 3. kola extraligy zv\u00ed\u0165azili mu\u017ei VKP Bratislava nad Kom\u00e1rnom 3:1 a po jednod\u0148ovej pauze sa vr\u00e1tili na 1. miesto tabu\u013eky.","robots":{"index":"index","follow":"follow","max-snippet":"max-snippet:-1","max-image-preview":"max-image-preview:large","max-video-preview":"max-video-preview:-1"},"canonical":"https:\/\/www.vkpbratislava.sk\/?p=16146","og_locale":"sk_SK","og_type":"article","og_title":"Po v\u00fdhre nad Kom\u00e1rnom op\u00e4\u0165 l\u00eddrom tabu\u013eky - VK SLOVAN Bratislava","og_description":"V dohr\u00e1vke 3. kola extraligy zv\u00ed\u0165azili mu\u017ei VKP Bratislava nad Kom\u00e1rnom 3:1 a po jednod\u0148ovej pauze sa vr\u00e1tili na 1. miesto tabu\u013eky.","og_url":"https:\/\/www.vkpbratislava.sk\/?p=16146","og_site_name":"VK SLOVAN Bratislava","article_published_time":"2022-11-06T20:55:30+00:00","og_image":[{"width":1280,"height":853,"url":"https:\/\/www.vkpbratislava.sk\/wp-content\/uploads\/2022\/11\/DF1A6563-1280x853.jpg","type":"image\/jpeg"}],"author":"jenca","twitter_card":"summary_large_image","twitter_misc":{"Autor":"jenca","Predpokladan\u00fd \u010das \u010d\u00edtania":"2 min\u00faty"},"schema":{"@context":"https:\/\/schema.org","@graph":[{"@type":"Article","@id":"https:\/\/www.vkpbratislava.sk\/?p=16146#article","isPartOf":{"@id":"https:\/\/www.vkpbratislava.sk\/?p=16146"},"author":{"name":"jenca","@id":"https:\/\/www.vkpbratislava.sk\/#\/schema\/person\/7037e769f9515aa58493d1b5852c4c50"},"headline":"Po v\u00fdhre nad Kom\u00e1rnom op\u00e4\u0165 l\u00eddrom tabu\u013eky","datePublished":"2022-11-06T20:55:30+00:00","mainEntityOfPage":{"@id":"https:\/\/www.vkpbratislava.sk\/?p=16146"},"wordCount":246,"publisher":{"@id":"https:\/\/www.vkpbratislava.sk\/#organization"},"image":{"@id":"https:\/\/www.vkpbratislava.sk\/?p=16146#primaryimage"},"thumbnailUrl":"https:\/\/www.vkpbratislava.sk\/wp-content\/uploads\/2022\/11\/DF1A6563.jpg","articleSection":["Mu\u017ei"],"inLanguage":"sk-SK"},{"@type":"WebPage","@id":"https:\/\/www.vkpbratislava.sk\/?p=16146","url":"https:\/\/www.vkpbratislava.sk\/?p=16146","name":"Po v\u00fdhre nad Kom\u00e1rnom op\u00e4\u0165 l\u00eddrom tabu\u013eky - VK SLOVAN Bratislava","isPartOf":{"@id":"https:\/\/www.vkpbratislava.sk\/#website"},"primaryImageOfPage":{"@id":"https:\/\/www.vkpbratislava.sk\/?p=16146#primaryimage"},"image":{"@id":"https:\/\/www.vkpbratislava.sk\/?p=16146#primaryimage"},"thumbnailUrl":"https:\/\/www.vkpbratislava.sk\/wp-content\/uploads\/2022\/11\/DF1A6563.jpg","datePublished":"2022-11-06T20:55:30+00:00","description":"V dohr\u00e1vke 3. kola extraligy zv\u00ed\u0165azili mu\u017ei VKP Bratislava nad Kom\u00e1rnom 3:1 a po jednod\u0148ovej pauze sa vr\u00e1tili na 1. miesto tabu\u013eky.","breadcrumb":{"@id":"https:\/\/www.vkpbratislava.sk\/?p=16146#breadcrumb"},"inLanguage":"sk-SK","potentialAction":[{"@type":"ReadAction","target":["https:\/\/www.vkpbratislava.sk\/?p=16146"]}]},{"@type":"ImageObject","inLanguage":"sk-SK","@id":"https:\/\/www.vkpbratislava.sk\/?p=16146#primaryimage","url":"https:\/\/www.vkpbratislava.sk\/wp-content\/uploads\/2022\/11\/DF1A6563.jpg","contentUrl":"https:\/\/www.vkpbratislava.sk\/wp-content\/uploads\/2022\/11\/DF1A6563.jpg","width":2048,"height":1365},{"@type":"BreadcrumbList","@id":"https:\/\/www.vkpbratislava.sk\/?p=16146#breadcrumb","itemListElement":[{"@type":"ListItem","position":1,"name":"Domov","item":"https:\/\/www.vkpbratislava.sk\/"},{"@type":"ListItem","position":2,"name":"Po v\u00fdhre nad Kom\u00e1rnom op\u00e4\u0165 l\u00eddrom tabu\u013eky"}]},{"@type":"WebSite","@id":"https:\/\/www.vkpbratislava.sk\/#website","url":"https:\/\/www.vkpbratislava.sk\/","name":"VK SLOVAN Bratislava","description":"Volejbalov\u00fd klub","publisher":{"@id":"https:\/\/www.vkpbratislava.sk\/#organization"},"potentialAction":[{"@type":"SearchAction","target":{"@type":"EntryPoint","urlTemplate":"https:\/\/www.vkpbratislava.sk\/?s={search_term_string}"},"query-input":{"@type":"PropertyValueSpecification","valueRequired":true,"valueName":"search_term_string"}}],"inLanguage":"sk-SK"},{"@type":"Organization","@id":"https:\/\/www.vkpbratislava.sk\/#organization","name":"VKP Bratislava","url":"https:\/\/www.vkpbratislava.sk\/","logo":{"@type":"ImageObject","inLanguage":"sk-SK","@id":"https:\/\/www.vkpbratislava.sk\/#\/schema\/logo\/image\/","url":"https:\/\/www.vkpbratislava.sk\/wp-content\/uploads\/2020\/10\/vkpBA.png","contentUrl":"https:\/\/www.vkpbratislava.sk\/wp-content\/uploads\/2020\/10\/vkpBA.png","width":600,"height":600,"caption":"VKP Bratislava"},"image":{"@id":"https:\/\/www.vkpbratislava.sk\/#\/schema\/logo\/image\/"}},{"@type":"Person","@id":"https:\/\/www.vkpbratislava.sk\/#\/schema\/person\/7037e769f9515aa58493d1b5852c4c50","name":"jenca","image":{"@type":"ImageObject","inLanguage":"sk-SK","@id":"https:\/\/www.vkpbratislava.sk\/#\/schema\/person\/image\/","url":"https:\/\/secure.gravatar.com\/avatar\/67aa89e9aab2911bbd0c6fbf0a891ea8d80c207c9b6a6e2c96e13fc2f16e536d?s=96&d=mm&r=g","contentUrl":"https:\/\/secure.gravatar.com\/avatar\/67aa89e9aab2911bbd0c6fbf0a891ea8d80c207c9b6a6e2c96e13fc2f16e536d?s=96&d=mm&r=g","caption":"jenca"},"url":"https:\/\/www.vkpbratislava.sk\/?author=3"}]}},"_links":{"self":[{"href":"https:\/\/www.vkpbratislava.sk\/index.php?rest_route=\/wp\/v2\/posts\/16146","targetHints":{"allow":["GET"]}}],"collection":[{"href":"https:\/\/www.vkpbratislava.sk\/index.php?rest_route=\/wp\/v2\/posts"}],"about":[{"href":"https:\/\/www.vkpbratislava.sk\/index.php?rest_route=\/wp\/v2\/types\/post"}],"author":[{"embeddable":true,"href":"https:\/\/www.vkpbratislava.sk\/index.php?rest_route=\/wp\/v2\/users\/3"}],"replies":[{"embeddable":true,"href":"https:\/\/www.vkpbratislava.sk\/index.php?rest_route=%2Fwp%2Fv2%2Fcomments&post=16146"}],"version-history":[{"count":1,"href":"https:\/\/www.vkpbratislava.sk\/index.php?rest_route=\/wp\/v2\/posts\/16146\/revisions"}],"predecessor-version":[{"id":16157,"href":"https:\/\/www.vkpbratislava.sk\/index.php?rest_route=\/wp\/v2\/posts\/16146\/revisions\/16157"}],"wp:featuredmedia":[{"embeddable":true,"href":"https:\/\/www.vkpbratislava.sk\/index.php?rest_route=\/wp\/v2\/media\/16151"}],"wp:attachment":[{"href":"https:\/\/www.vkpbratislava.sk\/index.php?rest_route=%2Fwp%2Fv2%2Fmedia&parent=16146"}],"wp:term":[{"taxonomy":"category","embeddable":true,"href":"https:\/\/www.vkpbratislava.sk\/index.php?rest_route=%2Fwp%2Fv2%2Fcategories&post=16146"},{"taxonomy":"post_tag","embeddable":true,"href":"https:\/\/www.vkpbratislava.sk\/index.php?rest_route=%2Fwp%2Fv2%2Ftags&post=16146"}],"curies":[{"name":"wp","href":"https:\/\/api.w.org\/{rel}","templated":true}]}}