{"id":16350,"date":"2022-11-12T23:57:47","date_gmt":"2022-11-12T22:57:47","guid":{"rendered":"https:\/\/www.vkpbratislava.sk\/?p=16350"},"modified":"2022-11-12T23:57:47","modified_gmt":"2022-11-12T22:57:47","slug":"po-vyhre-vo-svidniku-na-cele-tabulky-uz-stvorbodovy-naskok","status":"publish","type":"post","link":"https:\/\/www.vkpbratislava.sk\/?p=16350","title":{"rendered":"Po v\u00fdhre vo Svidn\u00edku na \u010dele tabu\u013eky u\u017e \u0161tvorbodov\u00fd n\u00e1skok"},"content":{"rendered":"<p>Po trojbodovej v\u00fdhre vo Svidn\u00edku 3:1 si volejbalisti VKP Bratislava upevnili prv\u00e9 miesto v extraligovej tabu\u013eke a v\u010faka zav\u00e1haniu Myjavy dokonca zv\u00fd\u0161ili n\u00e1skok na \u010dele na 4 body.<\/p>\n<p><b>TJ SL\u00c1VIA SVIDN\u00cdK \u2013 VKP BRATISLAVA 1:3 (-20, 23, -23, -17)<\/b><\/p>\n<p><b>Rozhodovali:<\/b> H\u00f6ger a Smolko, 150 div\u00e1kov.<\/p>\n<p><b>TJ SL\u00c1VIA: <\/b>R. Vitko 3, Gula 6, Matu\u0161ovsk\u00fd 7, Hor\u0148\u00e1k 5, M. Sopko ml. 17, \u0160ellong 6, libero M. Vitko (\u013d. Skasko 0, T. Skasko 9, B. Skasko 7). Tr\u00e9ner: R. Pa\u0148ko.<\/p>\n<p><b>VKP:<\/b> Jaloveck\u00fd 4, Fekete 9, Billich 12, Van\u010do 33, Rak 3, Marjov 11, libero \u013d. Nemec (\u010cerven\u00e1k 2). Tr\u00e9ner: R. P\u011blucha.<\/p>\n<p><b>Hr\u00e1\u010di z\u00e1pasu: <\/b>Martin Sopko ml. (TJ Sl\u00e1via Svidn\u00edk) \u2013 Samuel Fekete (VKP Bratislava)<\/p>\n<p><b>Rastislav Pa\u0148ko, tr\u00e9ner TJ Sl\u00e1via: <\/b><i>\u201e<\/i><i>Dom\u00e1ce prostredie by sme mali vyu\u017e\u00edva\u0165 stopercentne. \u017dia\u013e, z\u00e1pas sme nezvl\u00e1dli. Hlavne koncovky n\u00e1s st\u00e1li duel. Urobili sme mno\u017estvo ch\u00fdb, a\u00a0takto sa nevyhr\u00e1va. V\u00fdkon nesplnil moje o\u010dak\u00e1vania, ani jeden z\u00a0hr\u00e1\u010dov sa nedok\u00e1zal chyti\u0165. Ka\u017edop\u00e1dne gratulujem Bratislave k\u00a0v\u00ed\u0165azstvu<\/i><i>.\u201c<\/i><i><\/i><\/p>\n<p><b>Robin P\u011blucha, tr\u00e9ner VKP: <\/b><i>\u201e<\/i><i>Te\u0161\u00ed ma v\u00fdhra, lebo vo Svidn\u00edku sa vyhr\u00e1va \u0165a\u017eko. \u010co ma v\u0161ak te\u0161\u00ed e\u0161te viac je, \u017ee u\u00a0n\u00e1s zabrali mlad\u00ed chlapci. Bol to dobr\u00fd z\u00e1pas, dynamick\u00fd raz na jednej, raz na druhej strane. Dom\u00e1ci hrali taktie\u017e dobre, no v\u00a0ist\u00fdch momentoch sme mali viac \u0161\u0165astia a\u00a0vyhrali sme<\/i><i>.\u201c<\/i><\/p>\n<p>&nbsp;<\/p>\n","protected":false},"excerpt":{"rendered":"<p>Po trojbodovej v\u00fdhre vo Svidn\u00edku 3:1 si volejbalisti VKP Bratislava upevnili prv\u00e9 miesto v extraligovej tabu\u013eke a v\u010faka zav\u00e1haniu Myjavy dokonca zv\u00fd\u0161ili n\u00e1skok na \u010dele na 4 body.<\/p>\n","protected":false},"author":3,"featured_media":16283,"comment_status":"closed","ping_status":"closed","sticky":false,"template":"","format":"standard","meta":{"_monsterinsights_skip_tracking":false,"_monsterinsights_sitenote_active":false,"_monsterinsights_sitenote_note":"","_monsterinsights_sitenote_category":0,"footnotes":""},"categories":[47],"tags":[],"class_list":["post-16350","post","type-post","status-publish","format-standard","has-post-thumbnail","hentry","category-muzi"],"yoast_head":"<!-- This site is optimized with the Yoast SEO plugin v25.6 - https:\/\/yoast.com\/wordpress\/plugins\/seo\/ -->\n<title>Po v\u00fdhre vo Svidn\u00edku na \u010dele tabu\u013eky u\u017e \u0161tvorbodov\u00fd n\u00e1skok - VK SLOVAN Bratislava<\/title>\n<meta name=\"description\" content=\"Po trojbodovej v\u00fdhre vo Svidn\u00edku 3:1 si volejbalisti VKP Bratislava upevnili prv\u00e9 miesto v extraligovej tabu\u013eke a v\u010faka zav\u00e1haniu Myjavy dokonca zv\u00fd\u0161ili n\u00e1skok na \u010dele na 4 body.\" \/>\n<meta name=\"robots\" content=\"index, follow, max-snippet:-1, max-image-preview:large, max-video-preview:-1\" \/>\n<link rel=\"canonical\" href=\"https:\/\/www.vkpbratislava.sk\/?p=16350\" \/>\n<meta property=\"og:locale\" content=\"sk_SK\" \/>\n<meta property=\"og:type\" content=\"article\" \/>\n<meta property=\"og:title\" content=\"Po v\u00fdhre vo Svidn\u00edku na \u010dele tabu\u013eky u\u017e \u0161tvorbodov\u00fd n\u00e1skok - VK SLOVAN Bratislava\" \/>\n<meta property=\"og:description\" content=\"Po trojbodovej v\u00fdhre vo Svidn\u00edku 3:1 si volejbalisti VKP Bratislava upevnili prv\u00e9 miesto v extraligovej tabu\u013eke a v\u010faka zav\u00e1haniu Myjavy dokonca zv\u00fd\u0161ili n\u00e1skok na \u010dele na 4 body.\" \/>\n<meta property=\"og:url\" content=\"https:\/\/www.vkpbratislava.sk\/?p=16350\" \/>\n<meta property=\"og:site_name\" content=\"VK SLOVAN Bratislava\" \/>\n<meta property=\"article:published_time\" content=\"2022-11-12T22:57:47+00:00\" \/>\n<meta property=\"og:image\" content=\"https:\/\/www.vkpbratislava.sk\/wp-content\/uploads\/2022\/11\/DF1A7754-1280x853.jpg\" \/>\n\t<meta property=\"og:image:width\" content=\"1280\" \/>\n\t<meta property=\"og:image:height\" content=\"853\" \/>\n\t<meta property=\"og:image:type\" content=\"image\/jpeg\" \/>\n<meta name=\"author\" content=\"jenca\" \/>\n<meta name=\"twitter:card\" content=\"summary_large_image\" \/>\n<meta name=\"twitter:label1\" content=\"Autor\" \/>\n\t<meta name=\"twitter:data1\" content=\"jenca\" \/>\n\t<meta name=\"twitter:label2\" content=\"Predpokladan\u00fd \u010das \u010d\u00edtania\" \/>\n\t<meta name=\"twitter:data2\" content=\"2 min\u00faty\" \/>\n<script type=\"application\/ld+json\" class=\"yoast-schema-graph\">{\"@context\":\"https:\/\/schema.org\",\"@graph\":[{\"@type\":\"Article\",\"@id\":\"https:\/\/www.vkpbratislava.sk\/?p=16350#article\",\"isPartOf\":{\"@id\":\"https:\/\/www.vkpbratislava.sk\/?p=16350\"},\"author\":{\"name\":\"jenca\",\"@id\":\"https:\/\/www.vkpbratislava.sk\/#\/schema\/person\/7037e769f9515aa58493d1b5852c4c50\"},\"headline\":\"Po v\u00fdhre vo Svidn\u00edku na \u010dele tabu\u013eky u\u017e \u0161tvorbodov\u00fd n\u00e1skok\",\"datePublished\":\"2022-11-12T22:57:47+00:00\",\"mainEntityOfPage\":{\"@id\":\"https:\/\/www.vkpbratislava.sk\/?p=16350\"},\"wordCount\":255,\"publisher\":{\"@id\":\"https:\/\/www.vkpbratislava.sk\/#organization\"},\"image\":{\"@id\":\"https:\/\/www.vkpbratislava.sk\/?p=16350#primaryimage\"},\"thumbnailUrl\":\"https:\/\/www.vkpbratislava.sk\/wp-content\/uploads\/2022\/11\/DF1A7754.jpg\",\"articleSection\":[\"Mu\u017ei\"],\"inLanguage\":\"sk-SK\"},{\"@type\":\"WebPage\",\"@id\":\"https:\/\/www.vkpbratislava.sk\/?p=16350\",\"url\":\"https:\/\/www.vkpbratislava.sk\/?p=16350\",\"name\":\"Po v\u00fdhre vo Svidn\u00edku na \u010dele tabu\u013eky u\u017e \u0161tvorbodov\u00fd n\u00e1skok - VK SLOVAN Bratislava\",\"isPartOf\":{\"@id\":\"https:\/\/www.vkpbratislava.sk\/#website\"},\"primaryImageOfPage\":{\"@id\":\"https:\/\/www.vkpbratislava.sk\/?p=16350#primaryimage\"},\"image\":{\"@id\":\"https:\/\/www.vkpbratislava.sk\/?p=16350#primaryimage\"},\"thumbnailUrl\":\"https:\/\/www.vkpbratislava.sk\/wp-content\/uploads\/2022\/11\/DF1A7754.jpg\",\"datePublished\":\"2022-11-12T22:57:47+00:00\",\"description\":\"Po trojbodovej v\u00fdhre vo Svidn\u00edku 3:1 si volejbalisti VKP Bratislava upevnili prv\u00e9 miesto v extraligovej tabu\u013eke a v\u010faka zav\u00e1haniu Myjavy dokonca zv\u00fd\u0161ili n\u00e1skok na \u010dele na 4 body.\",\"breadcrumb\":{\"@id\":\"https:\/\/www.vkpbratislava.sk\/?p=16350#breadcrumb\"},\"inLanguage\":\"sk-SK\",\"potentialAction\":[{\"@type\":\"ReadAction\",\"target\":[\"https:\/\/www.vkpbratislava.sk\/?p=16350\"]}]},{\"@type\":\"ImageObject\",\"inLanguage\":\"sk-SK\",\"@id\":\"https:\/\/www.vkpbratislava.sk\/?p=16350#primaryimage\",\"url\":\"https:\/\/www.vkpbratislava.sk\/wp-content\/uploads\/2022\/11\/DF1A7754.jpg\",\"contentUrl\":\"https:\/\/www.vkpbratislava.sk\/wp-content\/uploads\/2022\/11\/DF1A7754.jpg\",\"width\":2048,\"height\":1365},{\"@type\":\"BreadcrumbList\",\"@id\":\"https:\/\/www.vkpbratislava.sk\/?p=16350#breadcrumb\",\"itemListElement\":[{\"@type\":\"ListItem\",\"position\":1,\"name\":\"Domov\",\"item\":\"https:\/\/www.vkpbratislava.sk\/\"},{\"@type\":\"ListItem\",\"position\":2,\"name\":\"Po v\u00fdhre vo Svidn\u00edku na \u010dele tabu\u013eky u\u017e \u0161tvorbodov\u00fd n\u00e1skok\"}]},{\"@type\":\"WebSite\",\"@id\":\"https:\/\/www.vkpbratislava.sk\/#website\",\"url\":\"https:\/\/www.vkpbratislava.sk\/\",\"name\":\"VK SLOVAN Bratislava\",\"description\":\"Volejbalov\u00fd klub\",\"publisher\":{\"@id\":\"https:\/\/www.vkpbratislava.sk\/#organization\"},\"potentialAction\":[{\"@type\":\"SearchAction\",\"target\":{\"@type\":\"EntryPoint\",\"urlTemplate\":\"https:\/\/www.vkpbratislava.sk\/?s={search_term_string}\"},\"query-input\":{\"@type\":\"PropertyValueSpecification\",\"valueRequired\":true,\"valueName\":\"search_term_string\"}}],\"inLanguage\":\"sk-SK\"},{\"@type\":\"Organization\",\"@id\":\"https:\/\/www.vkpbratislava.sk\/#organization\",\"name\":\"VKP Bratislava\",\"url\":\"https:\/\/www.vkpbratislava.sk\/\",\"logo\":{\"@type\":\"ImageObject\",\"inLanguage\":\"sk-SK\",\"@id\":\"https:\/\/www.vkpbratislava.sk\/#\/schema\/logo\/image\/\",\"url\":\"https:\/\/www.vkpbratislava.sk\/wp-content\/uploads\/2020\/10\/vkpBA.png\",\"contentUrl\":\"https:\/\/www.vkpbratislava.sk\/wp-content\/uploads\/2020\/10\/vkpBA.png\",\"width\":600,\"height\":600,\"caption\":\"VKP Bratislava\"},\"image\":{\"@id\":\"https:\/\/www.vkpbratislava.sk\/#\/schema\/logo\/image\/\"}},{\"@type\":\"Person\",\"@id\":\"https:\/\/www.vkpbratislava.sk\/#\/schema\/person\/7037e769f9515aa58493d1b5852c4c50\",\"name\":\"jenca\",\"image\":{\"@type\":\"ImageObject\",\"inLanguage\":\"sk-SK\",\"@id\":\"https:\/\/www.vkpbratislava.sk\/#\/schema\/person\/image\/\",\"url\":\"https:\/\/secure.gravatar.com\/avatar\/67aa89e9aab2911bbd0c6fbf0a891ea8d80c207c9b6a6e2c96e13fc2f16e536d?s=96&d=mm&r=g\",\"contentUrl\":\"https:\/\/secure.gravatar.com\/avatar\/67aa89e9aab2911bbd0c6fbf0a891ea8d80c207c9b6a6e2c96e13fc2f16e536d?s=96&d=mm&r=g\",\"caption\":\"jenca\"},\"url\":\"https:\/\/www.vkpbratislava.sk\/?author=3\"}]}<\/script>\n<!-- \/ Yoast SEO plugin. -->","yoast_head_json":{"title":"Po v\u00fdhre vo Svidn\u00edku na \u010dele tabu\u013eky u\u017e \u0161tvorbodov\u00fd n\u00e1skok - VK SLOVAN Bratislava","description":"Po trojbodovej v\u00fdhre vo Svidn\u00edku 3:1 si volejbalisti VKP Bratislava upevnili prv\u00e9 miesto v extraligovej tabu\u013eke a v\u010faka zav\u00e1haniu Myjavy dokonca zv\u00fd\u0161ili n\u00e1skok na \u010dele na 4 body.","robots":{"index":"index","follow":"follow","max-snippet":"max-snippet:-1","max-image-preview":"max-image-preview:large","max-video-preview":"max-video-preview:-1"},"canonical":"https:\/\/www.vkpbratislava.sk\/?p=16350","og_locale":"sk_SK","og_type":"article","og_title":"Po v\u00fdhre vo Svidn\u00edku na \u010dele tabu\u013eky u\u017e \u0161tvorbodov\u00fd n\u00e1skok - VK SLOVAN Bratislava","og_description":"Po trojbodovej v\u00fdhre vo Svidn\u00edku 3:1 si volejbalisti VKP Bratislava upevnili prv\u00e9 miesto v extraligovej tabu\u013eke a v\u010faka zav\u00e1haniu Myjavy dokonca zv\u00fd\u0161ili n\u00e1skok na \u010dele na 4 body.","og_url":"https:\/\/www.vkpbratislava.sk\/?p=16350","og_site_name":"VK SLOVAN Bratislava","article_published_time":"2022-11-12T22:57:47+00:00","og_image":[{"width":1280,"height":853,"url":"https:\/\/www.vkpbratislava.sk\/wp-content\/uploads\/2022\/11\/DF1A7754-1280x853.jpg","type":"image\/jpeg"}],"author":"jenca","twitter_card":"summary_large_image","twitter_misc":{"Autor":"jenca","Predpokladan\u00fd \u010das \u010d\u00edtania":"2 min\u00faty"},"schema":{"@context":"https:\/\/schema.org","@graph":[{"@type":"Article","@id":"https:\/\/www.vkpbratislava.sk\/?p=16350#article","isPartOf":{"@id":"https:\/\/www.vkpbratislava.sk\/?p=16350"},"author":{"name":"jenca","@id":"https:\/\/www.vkpbratislava.sk\/#\/schema\/person\/7037e769f9515aa58493d1b5852c4c50"},"headline":"Po v\u00fdhre vo Svidn\u00edku na \u010dele tabu\u013eky u\u017e \u0161tvorbodov\u00fd n\u00e1skok","datePublished":"2022-11-12T22:57:47+00:00","mainEntityOfPage":{"@id":"https:\/\/www.vkpbratislava.sk\/?p=16350"},"wordCount":255,"publisher":{"@id":"https:\/\/www.vkpbratislava.sk\/#organization"},"image":{"@id":"https:\/\/www.vkpbratislava.sk\/?p=16350#primaryimage"},"thumbnailUrl":"https:\/\/www.vkpbratislava.sk\/wp-content\/uploads\/2022\/11\/DF1A7754.jpg","articleSection":["Mu\u017ei"],"inLanguage":"sk-SK"},{"@type":"WebPage","@id":"https:\/\/www.vkpbratislava.sk\/?p=16350","url":"https:\/\/www.vkpbratislava.sk\/?p=16350","name":"Po v\u00fdhre vo Svidn\u00edku na \u010dele tabu\u013eky u\u017e \u0161tvorbodov\u00fd n\u00e1skok - VK SLOVAN Bratislava","isPartOf":{"@id":"https:\/\/www.vkpbratislava.sk\/#website"},"primaryImageOfPage":{"@id":"https:\/\/www.vkpbratislava.sk\/?p=16350#primaryimage"},"image":{"@id":"https:\/\/www.vkpbratislava.sk\/?p=16350#primaryimage"},"thumbnailUrl":"https:\/\/www.vkpbratislava.sk\/wp-content\/uploads\/2022\/11\/DF1A7754.jpg","datePublished":"2022-11-12T22:57:47+00:00","description":"Po trojbodovej v\u00fdhre vo Svidn\u00edku 3:1 si volejbalisti VKP Bratislava upevnili prv\u00e9 miesto v extraligovej tabu\u013eke a v\u010faka zav\u00e1haniu Myjavy dokonca zv\u00fd\u0161ili n\u00e1skok na \u010dele na 4 body.","breadcrumb":{"@id":"https:\/\/www.vkpbratislava.sk\/?p=16350#breadcrumb"},"inLanguage":"sk-SK","potentialAction":[{"@type":"ReadAction","target":["https:\/\/www.vkpbratislava.sk\/?p=16350"]}]},{"@type":"ImageObject","inLanguage":"sk-SK","@id":"https:\/\/www.vkpbratislava.sk\/?p=16350#primaryimage","url":"https:\/\/www.vkpbratislava.sk\/wp-content\/uploads\/2022\/11\/DF1A7754.jpg","contentUrl":"https:\/\/www.vkpbratislava.sk\/wp-content\/uploads\/2022\/11\/DF1A7754.jpg","width":2048,"height":1365},{"@type":"BreadcrumbList","@id":"https:\/\/www.vkpbratislava.sk\/?p=16350#breadcrumb","itemListElement":[{"@type":"ListItem","position":1,"name":"Domov","item":"https:\/\/www.vkpbratislava.sk\/"},{"@type":"ListItem","position":2,"name":"Po v\u00fdhre vo Svidn\u00edku na \u010dele tabu\u013eky u\u017e \u0161tvorbodov\u00fd n\u00e1skok"}]},{"@type":"WebSite","@id":"https:\/\/www.vkpbratislava.sk\/#website","url":"https:\/\/www.vkpbratislava.sk\/","name":"VK SLOVAN Bratislava","description":"Volejbalov\u00fd klub","publisher":{"@id":"https:\/\/www.vkpbratislava.sk\/#organization"},"potentialAction":[{"@type":"SearchAction","target":{"@type":"EntryPoint","urlTemplate":"https:\/\/www.vkpbratislava.sk\/?s={search_term_string}"},"query-input":{"@type":"PropertyValueSpecification","valueRequired":true,"valueName":"search_term_string"}}],"inLanguage":"sk-SK"},{"@type":"Organization","@id":"https:\/\/www.vkpbratislava.sk\/#organization","name":"VKP Bratislava","url":"https:\/\/www.vkpbratislava.sk\/","logo":{"@type":"ImageObject","inLanguage":"sk-SK","@id":"https:\/\/www.vkpbratislava.sk\/#\/schema\/logo\/image\/","url":"https:\/\/www.vkpbratislava.sk\/wp-content\/uploads\/2020\/10\/vkpBA.png","contentUrl":"https:\/\/www.vkpbratislava.sk\/wp-content\/uploads\/2020\/10\/vkpBA.png","width":600,"height":600,"caption":"VKP Bratislava"},"image":{"@id":"https:\/\/www.vkpbratislava.sk\/#\/schema\/logo\/image\/"}},{"@type":"Person","@id":"https:\/\/www.vkpbratislava.sk\/#\/schema\/person\/7037e769f9515aa58493d1b5852c4c50","name":"jenca","image":{"@type":"ImageObject","inLanguage":"sk-SK","@id":"https:\/\/www.vkpbratislava.sk\/#\/schema\/person\/image\/","url":"https:\/\/secure.gravatar.com\/avatar\/67aa89e9aab2911bbd0c6fbf0a891ea8d80c207c9b6a6e2c96e13fc2f16e536d?s=96&d=mm&r=g","contentUrl":"https:\/\/secure.gravatar.com\/avatar\/67aa89e9aab2911bbd0c6fbf0a891ea8d80c207c9b6a6e2c96e13fc2f16e536d?s=96&d=mm&r=g","caption":"jenca"},"url":"https:\/\/www.vkpbratislava.sk\/?author=3"}]}},"_links":{"self":[{"href":"https:\/\/www.vkpbratislava.sk\/index.php?rest_route=\/wp\/v2\/posts\/16350","targetHints":{"allow":["GET"]}}],"collection":[{"href":"https:\/\/www.vkpbratislava.sk\/index.php?rest_route=\/wp\/v2\/posts"}],"about":[{"href":"https:\/\/www.vkpbratislava.sk\/index.php?rest_route=\/wp\/v2\/types\/post"}],"author":[{"embeddable":true,"href":"https:\/\/www.vkpbratislava.sk\/index.php?rest_route=\/wp\/v2\/users\/3"}],"replies":[{"embeddable":true,"href":"https:\/\/www.vkpbratislava.sk\/index.php?rest_route=%2Fwp%2Fv2%2Fcomments&post=16350"}],"version-history":[{"count":1,"href":"https:\/\/www.vkpbratislava.sk\/index.php?rest_route=\/wp\/v2\/posts\/16350\/revisions"}],"predecessor-version":[{"id":16351,"href":"https:\/\/www.vkpbratislava.sk\/index.php?rest_route=\/wp\/v2\/posts\/16350\/revisions\/16351"}],"wp:featuredmedia":[{"embeddable":true,"href":"https:\/\/www.vkpbratislava.sk\/index.php?rest_route=\/wp\/v2\/media\/16283"}],"wp:attachment":[{"href":"https:\/\/www.vkpbratislava.sk\/index.php?rest_route=%2Fwp%2Fv2%2Fmedia&parent=16350"}],"wp:term":[{"taxonomy":"category","embeddable":true,"href":"https:\/\/www.vkpbratislava.sk\/index.php?rest_route=%2Fwp%2Fv2%2Fcategories&post=16350"},{"taxonomy":"post_tag","embeddable":true,"href":"https:\/\/www.vkpbratislava.sk\/index.php?rest_route=%2Fwp%2Fv2%2Ftags&post=16350"}],"curies":[{"name":"wp","href":"https:\/\/api.w.org\/{rel}","templated":true}]}}