{"id":16597,"date":"2022-11-19T23:45:54","date_gmt":"2022-11-19T22:45:54","guid":{"rendered":"https:\/\/www.vkpbratislava.sk\/?p=16597"},"modified":"2022-11-19T23:45:54","modified_gmt":"2022-11-19T22:45:54","slug":"po-vyhre-s-pezinkom-na-druhu-priecku-v-tabulke","status":"publish","type":"post","link":"https:\/\/www.vkpbratislava.sk\/?p=16597","title":{"rendered":"Po v\u00fdhre s Pezinkom na druh\u00fa prie\u010dku v tabu\u013eke"},"content":{"rendered":"<p><strong>Po zakopnut\u00ed Trnavy a trojbodovom v\u00ed\u0165azstve proti Pezinku sa \u017eeny VKP Bratislava dostali na 2. prie\u010dku tabu\u013eky.<\/strong><\/p>\n<p><b>VKP BRATISLAVA \u2013 \u0160VK PEZINOK 3:0 (19, 18, 18)<\/b><\/p>\n<p><b>Rozhodovali:<\/b> Viktor\u00edni-Lis\u00e1 a Gerboc, 160 div\u00e1kov.<\/p>\n<p><b>VKP: <\/b>Smie\u0161kov\u00e1 9, Koh\u00fatov\u00e1 4, Ta. Hru\u0161eck\u00e1 14, Boledovi\u010dov\u00e1 8, Z. P\u00edse\u010dn\u00e1 8, Murillo 6, liberka Pelozo (\u0160termensk\u00e1 1, Tak\u00e1\u010dov\u00e1 0, Fartelov\u00e1 1). Tr\u00e9ner: P. Bern\u00e1th.<\/p>\n<p><b>\u0160VK: <\/b>Kraj\u010diov\u00e1 1, \u0160ipo\u0161ov\u00e1 8, Rarigov\u00e1 4, Vere\u0161ov\u00e1 7, \u00daradn\u00ed\u010dkov\u00e1 3, \u013d. P\u00edse\u010dn\u00e1 3, liberky Marcinkov\u00e1 a\u00a0Hre\u0161ov\u00e1 (Hanu\u0161ov\u00e1 0, Ch. Kraj\u010d\u00edrov\u00e1 0, Urbanov\u00e1 0, Jankovi\u010dov\u00e1 0, Pi\u0161tekov\u00e1 1). Tr\u00e9ner: R. Anda.<\/p>\n<p><b>Hr\u00e1\u010dky z\u00e1pasu: <\/b>Ema Smie\u0161kov\u00e1 (VKP Bratislava) \u2013 Dominika Kraj\u010diov\u00e1 (\u0160VK Pezinok)<\/p>\n<p><b>Pavel Bern\u00e1th, tr\u00e9ner VKP: <\/b>\u201eZ na\u0161ej strany to nebol bohvieak\u00fd v\u00fdkon. S\u00faper dobre br\u00e1nil aj blokoval. My sme sa nevedeli dosta\u0165 do tempa. Najd\u00f4le\u017eitej\u0161ie je, \u017ee sme vyhrali 3:0.\u201c<\/p>\n<p><b>R\u00f3bert Anda, tr\u00e9ner \u0160VK: <\/b><i>\u201e<\/i>V hale bola vynikaj\u00faca atmosf\u00e9ra, za \u010do na\u0161im aj dom\u00e1cim fan\u00fa\u0161ikom ve\u013emi \u010fakujem. Kone\u010dne sme lep\u0161ie br\u00e1nili na sieti a d\u00fafam, \u017ee v tomto trende budeme \u010falej pokra\u010dova\u0165. \u0160koda \u0161kol\u00e1ckych ch\u00fdb v d\u00f4le\u017eit\u00fdch momentoch, ktor\u00e9 by sa n\u00e1m nemali st\u00e1va\u0165. Gratulujem s\u00faperovi k v\u00ed\u0165azstvu.<i>\u201c<\/i><\/p>\n","protected":false},"excerpt":{"rendered":"<p>Po zakopnut\u00ed Trnavy a trojbodovom v\u00ed\u0165azstve proti Pezinku sa \u017eeny VKP Bratislava dostali na 2. prie\u010dku tabu\u013eky.<\/p>\n","protected":false},"author":3,"featured_media":16598,"comment_status":"closed","ping_status":"closed","sticky":false,"template":"","format":"standard","meta":{"_monsterinsights_skip_tracking":false,"_monsterinsights_sitenote_active":false,"_monsterinsights_sitenote_note":"","_monsterinsights_sitenote_category":0,"footnotes":""},"categories":[48],"tags":[],"class_list":["post-16597","post","type-post","status-publish","format-standard","has-post-thumbnail","hentry","category-zeny"],"yoast_head":"<!-- This site is optimized with the Yoast SEO plugin v25.6 - https:\/\/yoast.com\/wordpress\/plugins\/seo\/ -->\n<title>Po v\u00fdhre s Pezinkom na druh\u00fa prie\u010dku v tabu\u013eke - VK SLOVAN Bratislava<\/title>\n<meta name=\"description\" content=\"Po zakopnut\u00ed Trnavy a trojbodovom v\u00ed\u0165azstve proti Pezinku sa \u017eeny VKP Bratislava dostali na 2. prie\u010dku tabu\u013eky.\" \/>\n<meta name=\"robots\" content=\"index, follow, max-snippet:-1, max-image-preview:large, max-video-preview:-1\" \/>\n<link rel=\"canonical\" href=\"https:\/\/www.vkpbratislava.sk\/?p=16597\" \/>\n<meta property=\"og:locale\" content=\"sk_SK\" \/>\n<meta property=\"og:type\" content=\"article\" \/>\n<meta property=\"og:title\" content=\"Po v\u00fdhre s Pezinkom na druh\u00fa prie\u010dku v tabu\u013eke - VK SLOVAN Bratislava\" \/>\n<meta property=\"og:description\" content=\"Po zakopnut\u00ed Trnavy a trojbodovom v\u00ed\u0165azstve proti Pezinku sa \u017eeny VKP Bratislava dostali na 2. prie\u010dku tabu\u013eky.\" \/>\n<meta property=\"og:url\" content=\"https:\/\/www.vkpbratislava.sk\/?p=16597\" \/>\n<meta property=\"og:site_name\" content=\"VK SLOVAN Bratislava\" \/>\n<meta property=\"article:published_time\" content=\"2022-11-19T22:45:54+00:00\" \/>\n<meta property=\"og:image\" content=\"https:\/\/www.vkpbratislava.sk\/wp-content\/uploads\/2022\/11\/b6e42c5b-397f-4333-8bdf-bcd7c38427ad.jpg\" \/>\n\t<meta property=\"og:image:width\" content=\"2048\" \/>\n\t<meta property=\"og:image:height\" content=\"1366\" \/>\n\t<meta property=\"og:image:type\" content=\"image\/jpeg\" \/>\n<meta name=\"author\" content=\"jenca\" \/>\n<meta name=\"twitter:card\" content=\"summary_large_image\" \/>\n<meta name=\"twitter:label1\" content=\"Autor\" \/>\n\t<meta name=\"twitter:data1\" content=\"jenca\" \/>\n\t<meta name=\"twitter:label2\" content=\"Predpokladan\u00fd \u010das \u010d\u00edtania\" \/>\n\t<meta name=\"twitter:data2\" content=\"1 min\u00fata\" \/>\n<script type=\"application\/ld+json\" class=\"yoast-schema-graph\">{\"@context\":\"https:\/\/schema.org\",\"@graph\":[{\"@type\":\"Article\",\"@id\":\"https:\/\/www.vkpbratislava.sk\/?p=16597#article\",\"isPartOf\":{\"@id\":\"https:\/\/www.vkpbratislava.sk\/?p=16597\"},\"author\":{\"name\":\"jenca\",\"@id\":\"https:\/\/www.vkpbratislava.sk\/#\/schema\/person\/7037e769f9515aa58493d1b5852c4c50\"},\"headline\":\"Po v\u00fdhre s Pezinkom na druh\u00fa prie\u010dku v tabu\u013eke\",\"datePublished\":\"2022-11-19T22:45:54+00:00\",\"mainEntityOfPage\":{\"@id\":\"https:\/\/www.vkpbratislava.sk\/?p=16597\"},\"wordCount\":221,\"publisher\":{\"@id\":\"https:\/\/www.vkpbratislava.sk\/#organization\"},\"image\":{\"@id\":\"https:\/\/www.vkpbratislava.sk\/?p=16597#primaryimage\"},\"thumbnailUrl\":\"https:\/\/www.vkpbratislava.sk\/wp-content\/uploads\/2022\/11\/b6e42c5b-397f-4333-8bdf-bcd7c38427ad.jpg\",\"articleSection\":[\"\u017deny\"],\"inLanguage\":\"sk-SK\"},{\"@type\":\"WebPage\",\"@id\":\"https:\/\/www.vkpbratislava.sk\/?p=16597\",\"url\":\"https:\/\/www.vkpbratislava.sk\/?p=16597\",\"name\":\"Po v\u00fdhre s Pezinkom na druh\u00fa prie\u010dku v tabu\u013eke - VK SLOVAN Bratislava\",\"isPartOf\":{\"@id\":\"https:\/\/www.vkpbratislava.sk\/#website\"},\"primaryImageOfPage\":{\"@id\":\"https:\/\/www.vkpbratislava.sk\/?p=16597#primaryimage\"},\"image\":{\"@id\":\"https:\/\/www.vkpbratislava.sk\/?p=16597#primaryimage\"},\"thumbnailUrl\":\"https:\/\/www.vkpbratislava.sk\/wp-content\/uploads\/2022\/11\/b6e42c5b-397f-4333-8bdf-bcd7c38427ad.jpg\",\"datePublished\":\"2022-11-19T22:45:54+00:00\",\"description\":\"Po zakopnut\u00ed Trnavy a trojbodovom v\u00ed\u0165azstve proti Pezinku sa \u017eeny VKP Bratislava dostali na 2. prie\u010dku tabu\u013eky.\",\"breadcrumb\":{\"@id\":\"https:\/\/www.vkpbratislava.sk\/?p=16597#breadcrumb\"},\"inLanguage\":\"sk-SK\",\"potentialAction\":[{\"@type\":\"ReadAction\",\"target\":[\"https:\/\/www.vkpbratislava.sk\/?p=16597\"]}]},{\"@type\":\"ImageObject\",\"inLanguage\":\"sk-SK\",\"@id\":\"https:\/\/www.vkpbratislava.sk\/?p=16597#primaryimage\",\"url\":\"https:\/\/www.vkpbratislava.sk\/wp-content\/uploads\/2022\/11\/b6e42c5b-397f-4333-8bdf-bcd7c38427ad.jpg\",\"contentUrl\":\"https:\/\/www.vkpbratislava.sk\/wp-content\/uploads\/2022\/11\/b6e42c5b-397f-4333-8bdf-bcd7c38427ad.jpg\",\"width\":2048,\"height\":1366},{\"@type\":\"BreadcrumbList\",\"@id\":\"https:\/\/www.vkpbratislava.sk\/?p=16597#breadcrumb\",\"itemListElement\":[{\"@type\":\"ListItem\",\"position\":1,\"name\":\"Domov\",\"item\":\"https:\/\/www.vkpbratislava.sk\/\"},{\"@type\":\"ListItem\",\"position\":2,\"name\":\"Po v\u00fdhre s Pezinkom na druh\u00fa prie\u010dku v tabu\u013eke\"}]},{\"@type\":\"WebSite\",\"@id\":\"https:\/\/www.vkpbratislava.sk\/#website\",\"url\":\"https:\/\/www.vkpbratislava.sk\/\",\"name\":\"VK SLOVAN Bratislava\",\"description\":\"Volejbalov\u00fd klub\",\"publisher\":{\"@id\":\"https:\/\/www.vkpbratislava.sk\/#organization\"},\"potentialAction\":[{\"@type\":\"SearchAction\",\"target\":{\"@type\":\"EntryPoint\",\"urlTemplate\":\"https:\/\/www.vkpbratislava.sk\/?s={search_term_string}\"},\"query-input\":{\"@type\":\"PropertyValueSpecification\",\"valueRequired\":true,\"valueName\":\"search_term_string\"}}],\"inLanguage\":\"sk-SK\"},{\"@type\":\"Organization\",\"@id\":\"https:\/\/www.vkpbratislava.sk\/#organization\",\"name\":\"VKP Bratislava\",\"url\":\"https:\/\/www.vkpbratislava.sk\/\",\"logo\":{\"@type\":\"ImageObject\",\"inLanguage\":\"sk-SK\",\"@id\":\"https:\/\/www.vkpbratislava.sk\/#\/schema\/logo\/image\/\",\"url\":\"https:\/\/www.vkpbratislava.sk\/wp-content\/uploads\/2020\/10\/vkpBA.png\",\"contentUrl\":\"https:\/\/www.vkpbratislava.sk\/wp-content\/uploads\/2020\/10\/vkpBA.png\",\"width\":600,\"height\":600,\"caption\":\"VKP Bratislava\"},\"image\":{\"@id\":\"https:\/\/www.vkpbratislava.sk\/#\/schema\/logo\/image\/\"}},{\"@type\":\"Person\",\"@id\":\"https:\/\/www.vkpbratislava.sk\/#\/schema\/person\/7037e769f9515aa58493d1b5852c4c50\",\"name\":\"jenca\",\"image\":{\"@type\":\"ImageObject\",\"inLanguage\":\"sk-SK\",\"@id\":\"https:\/\/www.vkpbratislava.sk\/#\/schema\/person\/image\/\",\"url\":\"https:\/\/secure.gravatar.com\/avatar\/67aa89e9aab2911bbd0c6fbf0a891ea8d80c207c9b6a6e2c96e13fc2f16e536d?s=96&d=mm&r=g\",\"contentUrl\":\"https:\/\/secure.gravatar.com\/avatar\/67aa89e9aab2911bbd0c6fbf0a891ea8d80c207c9b6a6e2c96e13fc2f16e536d?s=96&d=mm&r=g\",\"caption\":\"jenca\"},\"url\":\"https:\/\/www.vkpbratislava.sk\/?author=3\"}]}<\/script>\n<!-- \/ Yoast SEO plugin. -->","yoast_head_json":{"title":"Po v\u00fdhre s Pezinkom na druh\u00fa prie\u010dku v tabu\u013eke - VK SLOVAN Bratislava","description":"Po zakopnut\u00ed Trnavy a trojbodovom v\u00ed\u0165azstve proti Pezinku sa \u017eeny VKP Bratislava dostali na 2. prie\u010dku tabu\u013eky.","robots":{"index":"index","follow":"follow","max-snippet":"max-snippet:-1","max-image-preview":"max-image-preview:large","max-video-preview":"max-video-preview:-1"},"canonical":"https:\/\/www.vkpbratislava.sk\/?p=16597","og_locale":"sk_SK","og_type":"article","og_title":"Po v\u00fdhre s Pezinkom na druh\u00fa prie\u010dku v tabu\u013eke - VK SLOVAN Bratislava","og_description":"Po zakopnut\u00ed Trnavy a trojbodovom v\u00ed\u0165azstve proti Pezinku sa \u017eeny VKP Bratislava dostali na 2. prie\u010dku tabu\u013eky.","og_url":"https:\/\/www.vkpbratislava.sk\/?p=16597","og_site_name":"VK SLOVAN Bratislava","article_published_time":"2022-11-19T22:45:54+00:00","og_image":[{"width":2048,"height":1366,"url":"https:\/\/www.vkpbratislava.sk\/wp-content\/uploads\/2022\/11\/b6e42c5b-397f-4333-8bdf-bcd7c38427ad.jpg","type":"image\/jpeg"}],"author":"jenca","twitter_card":"summary_large_image","twitter_misc":{"Autor":"jenca","Predpokladan\u00fd \u010das \u010d\u00edtania":"1 min\u00fata"},"schema":{"@context":"https:\/\/schema.org","@graph":[{"@type":"Article","@id":"https:\/\/www.vkpbratislava.sk\/?p=16597#article","isPartOf":{"@id":"https:\/\/www.vkpbratislava.sk\/?p=16597"},"author":{"name":"jenca","@id":"https:\/\/www.vkpbratislava.sk\/#\/schema\/person\/7037e769f9515aa58493d1b5852c4c50"},"headline":"Po v\u00fdhre s Pezinkom na druh\u00fa prie\u010dku v tabu\u013eke","datePublished":"2022-11-19T22:45:54+00:00","mainEntityOfPage":{"@id":"https:\/\/www.vkpbratislava.sk\/?p=16597"},"wordCount":221,"publisher":{"@id":"https:\/\/www.vkpbratislava.sk\/#organization"},"image":{"@id":"https:\/\/www.vkpbratislava.sk\/?p=16597#primaryimage"},"thumbnailUrl":"https:\/\/www.vkpbratislava.sk\/wp-content\/uploads\/2022\/11\/b6e42c5b-397f-4333-8bdf-bcd7c38427ad.jpg","articleSection":["\u017deny"],"inLanguage":"sk-SK"},{"@type":"WebPage","@id":"https:\/\/www.vkpbratislava.sk\/?p=16597","url":"https:\/\/www.vkpbratislava.sk\/?p=16597","name":"Po v\u00fdhre s Pezinkom na druh\u00fa prie\u010dku v tabu\u013eke - VK SLOVAN Bratislava","isPartOf":{"@id":"https:\/\/www.vkpbratislava.sk\/#website"},"primaryImageOfPage":{"@id":"https:\/\/www.vkpbratislava.sk\/?p=16597#primaryimage"},"image":{"@id":"https:\/\/www.vkpbratislava.sk\/?p=16597#primaryimage"},"thumbnailUrl":"https:\/\/www.vkpbratislava.sk\/wp-content\/uploads\/2022\/11\/b6e42c5b-397f-4333-8bdf-bcd7c38427ad.jpg","datePublished":"2022-11-19T22:45:54+00:00","description":"Po zakopnut\u00ed Trnavy a trojbodovom v\u00ed\u0165azstve proti Pezinku sa \u017eeny VKP Bratislava dostali na 2. prie\u010dku tabu\u013eky.","breadcrumb":{"@id":"https:\/\/www.vkpbratislava.sk\/?p=16597#breadcrumb"},"inLanguage":"sk-SK","potentialAction":[{"@type":"ReadAction","target":["https:\/\/www.vkpbratislava.sk\/?p=16597"]}]},{"@type":"ImageObject","inLanguage":"sk-SK","@id":"https:\/\/www.vkpbratislava.sk\/?p=16597#primaryimage","url":"https:\/\/www.vkpbratislava.sk\/wp-content\/uploads\/2022\/11\/b6e42c5b-397f-4333-8bdf-bcd7c38427ad.jpg","contentUrl":"https:\/\/www.vkpbratislava.sk\/wp-content\/uploads\/2022\/11\/b6e42c5b-397f-4333-8bdf-bcd7c38427ad.jpg","width":2048,"height":1366},{"@type":"BreadcrumbList","@id":"https:\/\/www.vkpbratislava.sk\/?p=16597#breadcrumb","itemListElement":[{"@type":"ListItem","position":1,"name":"Domov","item":"https:\/\/www.vkpbratislava.sk\/"},{"@type":"ListItem","position":2,"name":"Po v\u00fdhre s Pezinkom na druh\u00fa prie\u010dku v tabu\u013eke"}]},{"@type":"WebSite","@id":"https:\/\/www.vkpbratislava.sk\/#website","url":"https:\/\/www.vkpbratislava.sk\/","name":"VK SLOVAN Bratislava","description":"Volejbalov\u00fd klub","publisher":{"@id":"https:\/\/www.vkpbratislava.sk\/#organization"},"potentialAction":[{"@type":"SearchAction","target":{"@type":"EntryPoint","urlTemplate":"https:\/\/www.vkpbratislava.sk\/?s={search_term_string}"},"query-input":{"@type":"PropertyValueSpecification","valueRequired":true,"valueName":"search_term_string"}}],"inLanguage":"sk-SK"},{"@type":"Organization","@id":"https:\/\/www.vkpbratislava.sk\/#organization","name":"VKP Bratislava","url":"https:\/\/www.vkpbratislava.sk\/","logo":{"@type":"ImageObject","inLanguage":"sk-SK","@id":"https:\/\/www.vkpbratislava.sk\/#\/schema\/logo\/image\/","url":"https:\/\/www.vkpbratislava.sk\/wp-content\/uploads\/2020\/10\/vkpBA.png","contentUrl":"https:\/\/www.vkpbratislava.sk\/wp-content\/uploads\/2020\/10\/vkpBA.png","width":600,"height":600,"caption":"VKP Bratislava"},"image":{"@id":"https:\/\/www.vkpbratislava.sk\/#\/schema\/logo\/image\/"}},{"@type":"Person","@id":"https:\/\/www.vkpbratislava.sk\/#\/schema\/person\/7037e769f9515aa58493d1b5852c4c50","name":"jenca","image":{"@type":"ImageObject","inLanguage":"sk-SK","@id":"https:\/\/www.vkpbratislava.sk\/#\/schema\/person\/image\/","url":"https:\/\/secure.gravatar.com\/avatar\/67aa89e9aab2911bbd0c6fbf0a891ea8d80c207c9b6a6e2c96e13fc2f16e536d?s=96&d=mm&r=g","contentUrl":"https:\/\/secure.gravatar.com\/avatar\/67aa89e9aab2911bbd0c6fbf0a891ea8d80c207c9b6a6e2c96e13fc2f16e536d?s=96&d=mm&r=g","caption":"jenca"},"url":"https:\/\/www.vkpbratislava.sk\/?author=3"}]}},"_links":{"self":[{"href":"https:\/\/www.vkpbratislava.sk\/index.php?rest_route=\/wp\/v2\/posts\/16597","targetHints":{"allow":["GET"]}}],"collection":[{"href":"https:\/\/www.vkpbratislava.sk\/index.php?rest_route=\/wp\/v2\/posts"}],"about":[{"href":"https:\/\/www.vkpbratislava.sk\/index.php?rest_route=\/wp\/v2\/types\/post"}],"author":[{"embeddable":true,"href":"https:\/\/www.vkpbratislava.sk\/index.php?rest_route=\/wp\/v2\/users\/3"}],"replies":[{"embeddable":true,"href":"https:\/\/www.vkpbratislava.sk\/index.php?rest_route=%2Fwp%2Fv2%2Fcomments&post=16597"}],"version-history":[{"count":1,"href":"https:\/\/www.vkpbratislava.sk\/index.php?rest_route=\/wp\/v2\/posts\/16597\/revisions"}],"predecessor-version":[{"id":16599,"href":"https:\/\/www.vkpbratislava.sk\/index.php?rest_route=\/wp\/v2\/posts\/16597\/revisions\/16599"}],"wp:featuredmedia":[{"embeddable":true,"href":"https:\/\/www.vkpbratislava.sk\/index.php?rest_route=\/wp\/v2\/media\/16598"}],"wp:attachment":[{"href":"https:\/\/www.vkpbratislava.sk\/index.php?rest_route=%2Fwp%2Fv2%2Fmedia&parent=16597"}],"wp:term":[{"taxonomy":"category","embeddable":true,"href":"https:\/\/www.vkpbratislava.sk\/index.php?rest_route=%2Fwp%2Fv2%2Fcategories&post=16597"},{"taxonomy":"post_tag","embeddable":true,"href":"https:\/\/www.vkpbratislava.sk\/index.php?rest_route=%2Fwp%2Fv2%2Ftags&post=16597"}],"curies":[{"name":"wp","href":"https:\/\/api.w.org\/{rel}","templated":true}]}}