{"id":16788,"date":"2022-11-20T21:51:44","date_gmt":"2022-11-20T20:51:44","guid":{"rendered":"https:\/\/www.vkpbratislava.sk\/?p=16788"},"modified":"2022-11-20T21:51:44","modified_gmt":"2022-11-20T20:51:44","slug":"v-komarne-druha-prehra-v-sezone","status":"publish","type":"post","link":"https:\/\/www.vkpbratislava.sk\/?p=16788","title":{"rendered":"V Kom\u00e1rne druh\u00e1 prehra v sez\u00f3ne"},"content":{"rendered":"<p><strong>Na v\u00fdhru vo Svidn\u00edku mu\u017ei VKP Bratislava v Kom\u00e1rne nenadviazali a prehrali 3:1.<\/strong><\/p>\n<p><b>RIEKER UJS KOM\u00c1RNO \u2013 VKP BRATISLAVA 3:1 (22, 21, -25, 21)<\/b><\/p>\n<p><b>Rozhodovali: <\/b>Kov\u00e1\u010d a\u00a0Sz\u00e1sz, 300 div\u00e1kov.<\/p>\n<p><b>RIEKER UJS: <\/b>Ogur\u010d\u00e1k 17, Ma\u010duha 9, Szarek 5, S\u00e1nta 8, Koh\u00fat 7, Kasperkevi\u010d 2, liber\u00e1 Pati-Nagy a\u00a0Kraj\u010do (B. Han\u00fasek 0, Gergely 3, Forr\u00f3 0, Sz\u00e1zvai 9). Tr\u00e9ner: G. Chocho\u013eak.<\/p>\n<p><b>VKP: <\/b>Jaloveck\u00fd 0, Truba\u010d 17, Billich 8, Van\u010do 12, Fekete 4, Marjov 12, libero \u013d. Nemec (Rak 4, Jur\u00edk 11, \u010cerven\u00e1k 1). Tr\u00e9ner: R. P\u011blucha.<\/p>\n<p><b>Hr\u00e1\u010di z\u00e1pasu: <\/b>Franti\u0161ek Ogur\u010d\u00e1k (Rieker UJS Kom\u00e1rno) \u2013 Patrik Marjov (VKP Bratislava)<\/p>\n<p><b>Gabriel Chocho\u013eak, tr\u00e9ner Rieker UJS: <\/b><i>\u201eOdohrali sme dva v\u00fdrobn\u00e9 sety, kde sme boli pozorn\u00ed v\u00a0obrane aj v\u00a0\u00fatoku a\u00a0v\u0161etko n\u00e1m vych\u00e1dzalo. V\u00a0tre\u0165om sete sme nepochopite\u013ene po\u013eavili. Vyhr\u00e1vali sme v\u00a0\u0148om 4:0, potom sme o\u00a0tento n\u00e1skok pri\u0161li a\u00a0nerozumiem tomu. \u0160tvrt\u00fd set sme vyhrali a\u00a0st\u00e1lo n\u00e1s to ve\u013ea s\u00edl. Zbyto\u010dne sme si skomplikovali z\u00e1pas, ktor\u00fd sme mali vyhra\u0165 v\u00a0troch setoch a\u00a0pritom sme ho mohli prehra\u0165. Tohoto sa mus\u00edme vyvarova\u0165.\u201c<\/i><\/p>\n<p><b>Robin P\u011blucha, tr\u00e9ner VKP: <\/b><i>\u201eKom\u00e1rno m\u00e1 dobr\u00fd t\u00edm a\u00a0dva sety n\u00e1s \u201ezm\u00e1\u010dkli\u201c. My sme hor\u0161ie pod\u00e1vali aj br\u00e1nili. T\u00fdm p\u00e1dom n\u00e1m tret\u00ed set i\u0161iel lep\u0161ie pod\u013ea predst\u00e1v a\u00a0vyhrali sme ho. Vo \u0161tvrtom n\u00e1m ale dom\u00e1ci odsko\u010dili na rozdiel dvoch bodov a\u00a0u\u017e si to do konca setu aj z\u00e1pasu postr\u00e1\u017eili.\u201c<\/i><\/p>\n","protected":false},"excerpt":{"rendered":"<p>Na v\u00fdhru vo Svidn\u00edku mu\u017ei VKP Bratislava v Kom\u00e1rne nenadviazali a prehrali 3:1.<\/p>\n","protected":false},"author":3,"featured_media":16789,"comment_status":"closed","ping_status":"closed","sticky":false,"template":"","format":"standard","meta":{"_monsterinsights_skip_tracking":false,"_monsterinsights_sitenote_active":false,"_monsterinsights_sitenote_note":"","_monsterinsights_sitenote_category":0,"footnotes":""},"categories":[47],"tags":[],"class_list":["post-16788","post","type-post","status-publish","format-standard","has-post-thumbnail","hentry","category-muzi"],"yoast_head":"<!-- This site is optimized with the Yoast SEO plugin v25.6 - https:\/\/yoast.com\/wordpress\/plugins\/seo\/ -->\n<title>V Kom\u00e1rne druh\u00e1 prehra v sez\u00f3ne - VK SLOVAN Bratislava<\/title>\n<meta name=\"description\" content=\"Na v\u00fdhru vo Svidn\u00edku mu\u017ei VKP Bratislava v Kom\u00e1rne nenadviazali a prehrali 3:1.\" \/>\n<meta name=\"robots\" content=\"index, follow, max-snippet:-1, max-image-preview:large, max-video-preview:-1\" \/>\n<link rel=\"canonical\" href=\"https:\/\/www.vkpbratislava.sk\/?p=16788\" \/>\n<meta property=\"og:locale\" content=\"sk_SK\" \/>\n<meta property=\"og:type\" content=\"article\" \/>\n<meta property=\"og:title\" content=\"V Kom\u00e1rne druh\u00e1 prehra v sez\u00f3ne - VK SLOVAN Bratislava\" \/>\n<meta property=\"og:description\" content=\"Na v\u00fdhru vo Svidn\u00edku mu\u017ei VKP Bratislava v Kom\u00e1rne nenadviazali a prehrali 3:1.\" \/>\n<meta property=\"og:url\" content=\"https:\/\/www.vkpbratislava.sk\/?p=16788\" \/>\n<meta property=\"og:site_name\" content=\"VK SLOVAN Bratislava\" \/>\n<meta property=\"article:published_time\" content=\"2022-11-20T20:51:44+00:00\" \/>\n<meta property=\"og:image\" content=\"https:\/\/www.vkpbratislava.sk\/wp-content\/uploads\/2022\/11\/DF1A8237.jpg\" \/>\n\t<meta property=\"og:image:width\" content=\"2048\" \/>\n\t<meta property=\"og:image:height\" content=\"1365\" \/>\n\t<meta property=\"og:image:type\" content=\"image\/jpeg\" \/>\n<meta name=\"author\" content=\"jenca\" \/>\n<meta name=\"twitter:card\" content=\"summary_large_image\" \/>\n<meta name=\"twitter:label1\" content=\"Autor\" \/>\n\t<meta name=\"twitter:data1\" content=\"jenca\" \/>\n\t<meta name=\"twitter:label2\" content=\"Predpokladan\u00fd \u010das \u010d\u00edtania\" \/>\n\t<meta name=\"twitter:data2\" content=\"2 min\u00faty\" \/>\n<script type=\"application\/ld+json\" class=\"yoast-schema-graph\">{\"@context\":\"https:\/\/schema.org\",\"@graph\":[{\"@type\":\"Article\",\"@id\":\"https:\/\/www.vkpbratislava.sk\/?p=16788#article\",\"isPartOf\":{\"@id\":\"https:\/\/www.vkpbratislava.sk\/?p=16788\"},\"author\":{\"name\":\"jenca\",\"@id\":\"https:\/\/www.vkpbratislava.sk\/#\/schema\/person\/7037e769f9515aa58493d1b5852c4c50\"},\"headline\":\"V Kom\u00e1rne druh\u00e1 prehra v sez\u00f3ne\",\"datePublished\":\"2022-11-20T20:51:44+00:00\",\"mainEntityOfPage\":{\"@id\":\"https:\/\/www.vkpbratislava.sk\/?p=16788\"},\"wordCount\":269,\"publisher\":{\"@id\":\"https:\/\/www.vkpbratislava.sk\/#organization\"},\"image\":{\"@id\":\"https:\/\/www.vkpbratislava.sk\/?p=16788#primaryimage\"},\"thumbnailUrl\":\"https:\/\/www.vkpbratislava.sk\/wp-content\/uploads\/2022\/11\/DF1A8237.jpg\",\"articleSection\":[\"Mu\u017ei\"],\"inLanguage\":\"sk-SK\"},{\"@type\":\"WebPage\",\"@id\":\"https:\/\/www.vkpbratislava.sk\/?p=16788\",\"url\":\"https:\/\/www.vkpbratislava.sk\/?p=16788\",\"name\":\"V Kom\u00e1rne druh\u00e1 prehra v sez\u00f3ne - VK SLOVAN Bratislava\",\"isPartOf\":{\"@id\":\"https:\/\/www.vkpbratislava.sk\/#website\"},\"primaryImageOfPage\":{\"@id\":\"https:\/\/www.vkpbratislava.sk\/?p=16788#primaryimage\"},\"image\":{\"@id\":\"https:\/\/www.vkpbratislava.sk\/?p=16788#primaryimage\"},\"thumbnailUrl\":\"https:\/\/www.vkpbratislava.sk\/wp-content\/uploads\/2022\/11\/DF1A8237.jpg\",\"datePublished\":\"2022-11-20T20:51:44+00:00\",\"description\":\"Na v\u00fdhru vo Svidn\u00edku mu\u017ei VKP Bratislava v Kom\u00e1rne nenadviazali a prehrali 3:1.\",\"breadcrumb\":{\"@id\":\"https:\/\/www.vkpbratislava.sk\/?p=16788#breadcrumb\"},\"inLanguage\":\"sk-SK\",\"potentialAction\":[{\"@type\":\"ReadAction\",\"target\":[\"https:\/\/www.vkpbratislava.sk\/?p=16788\"]}]},{\"@type\":\"ImageObject\",\"inLanguage\":\"sk-SK\",\"@id\":\"https:\/\/www.vkpbratislava.sk\/?p=16788#primaryimage\",\"url\":\"https:\/\/www.vkpbratislava.sk\/wp-content\/uploads\/2022\/11\/DF1A8237.jpg\",\"contentUrl\":\"https:\/\/www.vkpbratislava.sk\/wp-content\/uploads\/2022\/11\/DF1A8237.jpg\",\"width\":2048,\"height\":1365},{\"@type\":\"BreadcrumbList\",\"@id\":\"https:\/\/www.vkpbratislava.sk\/?p=16788#breadcrumb\",\"itemListElement\":[{\"@type\":\"ListItem\",\"position\":1,\"name\":\"Domov\",\"item\":\"https:\/\/www.vkpbratislava.sk\/\"},{\"@type\":\"ListItem\",\"position\":2,\"name\":\"V Kom\u00e1rne druh\u00e1 prehra v sez\u00f3ne\"}]},{\"@type\":\"WebSite\",\"@id\":\"https:\/\/www.vkpbratislava.sk\/#website\",\"url\":\"https:\/\/www.vkpbratislava.sk\/\",\"name\":\"VK SLOVAN Bratislava\",\"description\":\"Volejbalov\u00fd klub\",\"publisher\":{\"@id\":\"https:\/\/www.vkpbratislava.sk\/#organization\"},\"potentialAction\":[{\"@type\":\"SearchAction\",\"target\":{\"@type\":\"EntryPoint\",\"urlTemplate\":\"https:\/\/www.vkpbratislava.sk\/?s={search_term_string}\"},\"query-input\":{\"@type\":\"PropertyValueSpecification\",\"valueRequired\":true,\"valueName\":\"search_term_string\"}}],\"inLanguage\":\"sk-SK\"},{\"@type\":\"Organization\",\"@id\":\"https:\/\/www.vkpbratislava.sk\/#organization\",\"name\":\"VKP Bratislava\",\"url\":\"https:\/\/www.vkpbratislava.sk\/\",\"logo\":{\"@type\":\"ImageObject\",\"inLanguage\":\"sk-SK\",\"@id\":\"https:\/\/www.vkpbratislava.sk\/#\/schema\/logo\/image\/\",\"url\":\"https:\/\/www.vkpbratislava.sk\/wp-content\/uploads\/2020\/10\/vkpBA.png\",\"contentUrl\":\"https:\/\/www.vkpbratislava.sk\/wp-content\/uploads\/2020\/10\/vkpBA.png\",\"width\":600,\"height\":600,\"caption\":\"VKP Bratislava\"},\"image\":{\"@id\":\"https:\/\/www.vkpbratislava.sk\/#\/schema\/logo\/image\/\"}},{\"@type\":\"Person\",\"@id\":\"https:\/\/www.vkpbratislava.sk\/#\/schema\/person\/7037e769f9515aa58493d1b5852c4c50\",\"name\":\"jenca\",\"image\":{\"@type\":\"ImageObject\",\"inLanguage\":\"sk-SK\",\"@id\":\"https:\/\/www.vkpbratislava.sk\/#\/schema\/person\/image\/\",\"url\":\"https:\/\/secure.gravatar.com\/avatar\/67aa89e9aab2911bbd0c6fbf0a891ea8d80c207c9b6a6e2c96e13fc2f16e536d?s=96&d=mm&r=g\",\"contentUrl\":\"https:\/\/secure.gravatar.com\/avatar\/67aa89e9aab2911bbd0c6fbf0a891ea8d80c207c9b6a6e2c96e13fc2f16e536d?s=96&d=mm&r=g\",\"caption\":\"jenca\"},\"url\":\"https:\/\/www.vkpbratislava.sk\/?author=3\"}]}<\/script>\n<!-- \/ Yoast SEO plugin. -->","yoast_head_json":{"title":"V Kom\u00e1rne druh\u00e1 prehra v sez\u00f3ne - VK SLOVAN Bratislava","description":"Na v\u00fdhru vo Svidn\u00edku mu\u017ei VKP Bratislava v Kom\u00e1rne nenadviazali a prehrali 3:1.","robots":{"index":"index","follow":"follow","max-snippet":"max-snippet:-1","max-image-preview":"max-image-preview:large","max-video-preview":"max-video-preview:-1"},"canonical":"https:\/\/www.vkpbratislava.sk\/?p=16788","og_locale":"sk_SK","og_type":"article","og_title":"V Kom\u00e1rne druh\u00e1 prehra v sez\u00f3ne - VK SLOVAN Bratislava","og_description":"Na v\u00fdhru vo Svidn\u00edku mu\u017ei VKP Bratislava v Kom\u00e1rne nenadviazali a prehrali 3:1.","og_url":"https:\/\/www.vkpbratislava.sk\/?p=16788","og_site_name":"VK SLOVAN Bratislava","article_published_time":"2022-11-20T20:51:44+00:00","og_image":[{"width":2048,"height":1365,"url":"https:\/\/www.vkpbratislava.sk\/wp-content\/uploads\/2022\/11\/DF1A8237.jpg","type":"image\/jpeg"}],"author":"jenca","twitter_card":"summary_large_image","twitter_misc":{"Autor":"jenca","Predpokladan\u00fd \u010das \u010d\u00edtania":"2 min\u00faty"},"schema":{"@context":"https:\/\/schema.org","@graph":[{"@type":"Article","@id":"https:\/\/www.vkpbratislava.sk\/?p=16788#article","isPartOf":{"@id":"https:\/\/www.vkpbratislava.sk\/?p=16788"},"author":{"name":"jenca","@id":"https:\/\/www.vkpbratislava.sk\/#\/schema\/person\/7037e769f9515aa58493d1b5852c4c50"},"headline":"V Kom\u00e1rne druh\u00e1 prehra v sez\u00f3ne","datePublished":"2022-11-20T20:51:44+00:00","mainEntityOfPage":{"@id":"https:\/\/www.vkpbratislava.sk\/?p=16788"},"wordCount":269,"publisher":{"@id":"https:\/\/www.vkpbratislava.sk\/#organization"},"image":{"@id":"https:\/\/www.vkpbratislava.sk\/?p=16788#primaryimage"},"thumbnailUrl":"https:\/\/www.vkpbratislava.sk\/wp-content\/uploads\/2022\/11\/DF1A8237.jpg","articleSection":["Mu\u017ei"],"inLanguage":"sk-SK"},{"@type":"WebPage","@id":"https:\/\/www.vkpbratislava.sk\/?p=16788","url":"https:\/\/www.vkpbratislava.sk\/?p=16788","name":"V Kom\u00e1rne druh\u00e1 prehra v sez\u00f3ne - VK SLOVAN Bratislava","isPartOf":{"@id":"https:\/\/www.vkpbratislava.sk\/#website"},"primaryImageOfPage":{"@id":"https:\/\/www.vkpbratislava.sk\/?p=16788#primaryimage"},"image":{"@id":"https:\/\/www.vkpbratislava.sk\/?p=16788#primaryimage"},"thumbnailUrl":"https:\/\/www.vkpbratislava.sk\/wp-content\/uploads\/2022\/11\/DF1A8237.jpg","datePublished":"2022-11-20T20:51:44+00:00","description":"Na v\u00fdhru vo Svidn\u00edku mu\u017ei VKP Bratislava v Kom\u00e1rne nenadviazali a prehrali 3:1.","breadcrumb":{"@id":"https:\/\/www.vkpbratislava.sk\/?p=16788#breadcrumb"},"inLanguage":"sk-SK","potentialAction":[{"@type":"ReadAction","target":["https:\/\/www.vkpbratislava.sk\/?p=16788"]}]},{"@type":"ImageObject","inLanguage":"sk-SK","@id":"https:\/\/www.vkpbratislava.sk\/?p=16788#primaryimage","url":"https:\/\/www.vkpbratislava.sk\/wp-content\/uploads\/2022\/11\/DF1A8237.jpg","contentUrl":"https:\/\/www.vkpbratislava.sk\/wp-content\/uploads\/2022\/11\/DF1A8237.jpg","width":2048,"height":1365},{"@type":"BreadcrumbList","@id":"https:\/\/www.vkpbratislava.sk\/?p=16788#breadcrumb","itemListElement":[{"@type":"ListItem","position":1,"name":"Domov","item":"https:\/\/www.vkpbratislava.sk\/"},{"@type":"ListItem","position":2,"name":"V Kom\u00e1rne druh\u00e1 prehra v sez\u00f3ne"}]},{"@type":"WebSite","@id":"https:\/\/www.vkpbratislava.sk\/#website","url":"https:\/\/www.vkpbratislava.sk\/","name":"VK SLOVAN Bratislava","description":"Volejbalov\u00fd klub","publisher":{"@id":"https:\/\/www.vkpbratislava.sk\/#organization"},"potentialAction":[{"@type":"SearchAction","target":{"@type":"EntryPoint","urlTemplate":"https:\/\/www.vkpbratislava.sk\/?s={search_term_string}"},"query-input":{"@type":"PropertyValueSpecification","valueRequired":true,"valueName":"search_term_string"}}],"inLanguage":"sk-SK"},{"@type":"Organization","@id":"https:\/\/www.vkpbratislava.sk\/#organization","name":"VKP Bratislava","url":"https:\/\/www.vkpbratislava.sk\/","logo":{"@type":"ImageObject","inLanguage":"sk-SK","@id":"https:\/\/www.vkpbratislava.sk\/#\/schema\/logo\/image\/","url":"https:\/\/www.vkpbratislava.sk\/wp-content\/uploads\/2020\/10\/vkpBA.png","contentUrl":"https:\/\/www.vkpbratislava.sk\/wp-content\/uploads\/2020\/10\/vkpBA.png","width":600,"height":600,"caption":"VKP Bratislava"},"image":{"@id":"https:\/\/www.vkpbratislava.sk\/#\/schema\/logo\/image\/"}},{"@type":"Person","@id":"https:\/\/www.vkpbratislava.sk\/#\/schema\/person\/7037e769f9515aa58493d1b5852c4c50","name":"jenca","image":{"@type":"ImageObject","inLanguage":"sk-SK","@id":"https:\/\/www.vkpbratislava.sk\/#\/schema\/person\/image\/","url":"https:\/\/secure.gravatar.com\/avatar\/67aa89e9aab2911bbd0c6fbf0a891ea8d80c207c9b6a6e2c96e13fc2f16e536d?s=96&d=mm&r=g","contentUrl":"https:\/\/secure.gravatar.com\/avatar\/67aa89e9aab2911bbd0c6fbf0a891ea8d80c207c9b6a6e2c96e13fc2f16e536d?s=96&d=mm&r=g","caption":"jenca"},"url":"https:\/\/www.vkpbratislava.sk\/?author=3"}]}},"_links":{"self":[{"href":"https:\/\/www.vkpbratislava.sk\/index.php?rest_route=\/wp\/v2\/posts\/16788","targetHints":{"allow":["GET"]}}],"collection":[{"href":"https:\/\/www.vkpbratislava.sk\/index.php?rest_route=\/wp\/v2\/posts"}],"about":[{"href":"https:\/\/www.vkpbratislava.sk\/index.php?rest_route=\/wp\/v2\/types\/post"}],"author":[{"embeddable":true,"href":"https:\/\/www.vkpbratislava.sk\/index.php?rest_route=\/wp\/v2\/users\/3"}],"replies":[{"embeddable":true,"href":"https:\/\/www.vkpbratislava.sk\/index.php?rest_route=%2Fwp%2Fv2%2Fcomments&post=16788"}],"version-history":[{"count":1,"href":"https:\/\/www.vkpbratislava.sk\/index.php?rest_route=\/wp\/v2\/posts\/16788\/revisions"}],"predecessor-version":[{"id":16790,"href":"https:\/\/www.vkpbratislava.sk\/index.php?rest_route=\/wp\/v2\/posts\/16788\/revisions\/16790"}],"wp:featuredmedia":[{"embeddable":true,"href":"https:\/\/www.vkpbratislava.sk\/index.php?rest_route=\/wp\/v2\/media\/16789"}],"wp:attachment":[{"href":"https:\/\/www.vkpbratislava.sk\/index.php?rest_route=%2Fwp%2Fv2%2Fmedia&parent=16788"}],"wp:term":[{"taxonomy":"category","embeddable":true,"href":"https:\/\/www.vkpbratislava.sk\/index.php?rest_route=%2Fwp%2Fv2%2Fcategories&post=16788"},{"taxonomy":"post_tag","embeddable":true,"href":"https:\/\/www.vkpbratislava.sk\/index.php?rest_route=%2Fwp%2Fv2%2Ftags&post=16788"}],"curies":[{"name":"wp","href":"https:\/\/api.w.org\/{rel}","templated":true}]}}