{"id":16908,"date":"2022-11-22T11:07:40","date_gmt":"2022-11-22T10:07:40","guid":{"rendered":"https:\/\/www.vkpbratislava.sk\/?p=16908"},"modified":"2022-11-22T11:07:40","modified_gmt":"2022-11-22T10:07:40","slug":"trener-bernath-po-zrebe-pohara-zelal-som-si-slaviu-beriem-aj-nove-mesto","status":"publish","type":"post","link":"https:\/\/www.vkpbratislava.sk\/?p=16908","title":{"rendered":"Tr\u00e9ner Bern\u00e1th po \u017erebe poh\u00e1ra: \u017delal som si Sl\u00e1viu, beriem aj Nov\u00e9 Mesto"},"content":{"rendered":"<p><strong>\u017deny VKP Bratislava spoznali s\u00faperky v\u00a0semifin\u00e1le Nik\u00e9 Slovensk\u00e9ho poh\u00e1ra, ktor\u00e9 sa odohr\u00e1 v\u00a0r\u00e1mci superfin\u00e1lov\u00e9ho v\u00edkendu v\u00a0Ar\u00e9ne Poprad. \u017dreb sa uskuto\u010dnil v\u00a0s\u00eddle Slovenskej volejbalovej feder\u00e1cie.<\/strong><\/p>\n<p>Pod Tatrami sa zverenkyne Pavla Bern\u00e1tha predstavia v\u00a0sobotu 11. febru\u00e1ra 2023 proti VK Nov\u00e9 Mesto nad V\u00e1hom. \u201eNa rovinu &#8211; \u017eelal som si Sl\u00e1viu, dostali sme Nov\u00e9 Mesto nad V\u00e1hom, mus\u00edme sa s\u00a0nimi popasova\u0165. V\u00a0poh\u00e1ri sa po\u010d\u00edta len v\u00ed\u0165azstvo a\u00a0mus\u00edme porazi\u0165 ka\u017ed\u00e9ho, kto sa n\u00e1m postav\u00ed do cesty. Ur\u010dite sa maxim\u00e1lne priprav\u00edme, aby sme pote\u0161ili na\u0161ich fan\u00fa\u0161ikov,\u201c povedal po \u017erebe tr\u00e9ner Pavel Bern\u00e1th.<\/p>\n<p>Po \u017een\u00e1ch maj\u00fa amb\u00edciu dosta\u0165 sa na superfin\u00e1lov\u00fd v\u00edkend do Popradu aj mu\u017ei, ktor\u00fdch \u010dak\u00e1 \u0161tvr\u0165fin\u00e1lov\u00fd turnaj v\u00a0Prievidzi, kde okrem dom\u00e1cich bude ich s\u00faperom tie\u017e Kom\u00e1rno (hr\u00e1 sa 16, 17, 18. decembra). Do semifin\u00e1le post\u00fapia prv\u00e9 dva t\u00edmy z\u00a0dvoch troj\u010dlenn\u00fdch skup\u00edn. \u201eVer\u00edm, \u017ee budeme ma\u0165 v\u00a0Poprade dvojn\u00e1sobn\u00e9 zast\u00fapenie, teda okrem \u017eien aj mu\u017eov. To by bola najkraj\u0161ia pozv\u00e1nka pre na\u0161ich fan\u00fa\u0161ikov spravi\u0165 si v\u00fdlet na sever Slovenska. Som presved\u010den\u00fd, \u017ee pod Tatrami to bude kr\u00e1sny sviatok volejbalu, v\u00a0n\u00e1dhernej hale a\u00a0urob\u00edme maximum, aby sme dosiahli v\u00fdborn\u00e9 umiestnenie,\u201c prezradil gener\u00e1lny mana\u017e\u00e9r VKP Tom\u00e1\u0161 Jen\u010da.<\/p>\n<p>&nbsp;<\/p>\n<div class=\"bt-video-container\"><iframe loading=\"lazy\" title=\"\u017dreb semifin\u00e1le Nik\u00e9 Slovensk\u00e9ho poh\u00e1ra \u017eien 2022\/2023\" width=\"1200\" height=\"675\" src=\"https:\/\/www.youtube.com\/embed\/28oVsB6bpwY?feature=oembed\" frameborder=\"0\" allow=\"accelerometer; autoplay; clipboard-write; encrypted-media; gyroscope; picture-in-picture\" allowfullscreen><\/iframe><\/div>\n","protected":false},"excerpt":{"rendered":"<p>V semifin\u00e1le Nik\u00e9 Slovensk\u00e9ho poh\u00e1ra sa \u017eeny VKP predstavia v Poprade proti VK Nov\u00e9 Mesto nad V\u00e1hom (hr\u00e1 sa 11. 2. 2002).<\/p>\n","protected":false},"author":3,"featured_media":16745,"comment_status":"closed","ping_status":"closed","sticky":false,"template":"","format":"standard","meta":{"_monsterinsights_skip_tracking":false,"_monsterinsights_sitenote_active":false,"_monsterinsights_sitenote_note":"","_monsterinsights_sitenote_category":0,"footnotes":""},"categories":[48],"tags":[],"class_list":["post-16908","post","type-post","status-publish","format-standard","has-post-thumbnail","hentry","category-zeny"],"yoast_head":"<!-- This site is optimized with the Yoast SEO plugin v25.6 - https:\/\/yoast.com\/wordpress\/plugins\/seo\/ -->\n<title>Tr\u00e9ner Bern\u00e1th po \u017erebe poh\u00e1ra: \u017delal som si Sl\u00e1viu, beriem aj Nov\u00e9 Mesto - VK SLOVAN Bratislava<\/title>\n<meta name=\"description\" content=\"V semifin\u00e1le Nik\u00e9 Slovensk\u00e9ho poh\u00e1ra sa \u017eeny VKP predstavia v Poprade proti VK Nov\u00e9 Mesto nad V\u00e1hom (hr\u00e1 sa 11. 2. 2002).\" \/>\n<meta name=\"robots\" content=\"index, follow, max-snippet:-1, max-image-preview:large, max-video-preview:-1\" \/>\n<link rel=\"canonical\" href=\"https:\/\/www.vkpbratislava.sk\/?p=16908\" \/>\n<meta property=\"og:locale\" content=\"sk_SK\" \/>\n<meta property=\"og:type\" content=\"article\" \/>\n<meta property=\"og:title\" content=\"Tr\u00e9ner Bern\u00e1th po \u017erebe poh\u00e1ra: \u017delal som si Sl\u00e1viu, beriem aj Nov\u00e9 Mesto - VK SLOVAN Bratislava\" \/>\n<meta property=\"og:description\" content=\"V semifin\u00e1le Nik\u00e9 Slovensk\u00e9ho poh\u00e1ra sa \u017eeny VKP predstavia v Poprade proti VK Nov\u00e9 Mesto nad V\u00e1hom (hr\u00e1 sa 11. 2. 2002).\" \/>\n<meta property=\"og:url\" content=\"https:\/\/www.vkpbratislava.sk\/?p=16908\" \/>\n<meta property=\"og:site_name\" content=\"VK SLOVAN Bratislava\" \/>\n<meta property=\"article:published_time\" content=\"2022-11-22T10:07:40+00:00\" \/>\n<meta property=\"og:image\" content=\"https:\/\/www.vkpbratislava.sk\/wp-content\/uploads\/2022\/11\/20221119_iurban79_VKP-BA-Z-vs-Pezinok_DSC00844-1280x854.jpg\" \/>\n\t<meta property=\"og:image:width\" content=\"1280\" \/>\n\t<meta property=\"og:image:height\" content=\"854\" \/>\n\t<meta property=\"og:image:type\" content=\"image\/jpeg\" \/>\n<meta name=\"author\" content=\"jenca\" \/>\n<meta name=\"twitter:card\" content=\"summary_large_image\" \/>\n<meta name=\"twitter:label1\" content=\"Autor\" \/>\n\t<meta name=\"twitter:data1\" content=\"jenca\" \/>\n\t<meta name=\"twitter:label2\" content=\"Predpokladan\u00fd \u010das \u010d\u00edtania\" \/>\n\t<meta name=\"twitter:data2\" content=\"2 min\u00faty\" \/>\n<script type=\"application\/ld+json\" class=\"yoast-schema-graph\">{\"@context\":\"https:\/\/schema.org\",\"@graph\":[{\"@type\":\"Article\",\"@id\":\"https:\/\/www.vkpbratislava.sk\/?p=16908#article\",\"isPartOf\":{\"@id\":\"https:\/\/www.vkpbratislava.sk\/?p=16908\"},\"author\":{\"name\":\"jenca\",\"@id\":\"https:\/\/www.vkpbratislava.sk\/#\/schema\/person\/7037e769f9515aa58493d1b5852c4c50\"},\"headline\":\"Tr\u00e9ner Bern\u00e1th po \u017erebe poh\u00e1ra: \u017delal som si Sl\u00e1viu, beriem aj Nov\u00e9 Mesto\",\"datePublished\":\"2022-11-22T10:07:40+00:00\",\"mainEntityOfPage\":{\"@id\":\"https:\/\/www.vkpbratislava.sk\/?p=16908\"},\"wordCount\":280,\"publisher\":{\"@id\":\"https:\/\/www.vkpbratislava.sk\/#organization\"},\"image\":{\"@id\":\"https:\/\/www.vkpbratislava.sk\/?p=16908#primaryimage\"},\"thumbnailUrl\":\"https:\/\/www.vkpbratislava.sk\/wp-content\/uploads\/2022\/11\/20221119_iurban79_VKP-BA-Z-vs-Pezinok_DSC00844.jpg\",\"articleSection\":[\"\u017deny\"],\"inLanguage\":\"sk-SK\"},{\"@type\":\"WebPage\",\"@id\":\"https:\/\/www.vkpbratislava.sk\/?p=16908\",\"url\":\"https:\/\/www.vkpbratislava.sk\/?p=16908\",\"name\":\"Tr\u00e9ner Bern\u00e1th po \u017erebe poh\u00e1ra: \u017delal som si Sl\u00e1viu, beriem aj Nov\u00e9 Mesto - VK SLOVAN Bratislava\",\"isPartOf\":{\"@id\":\"https:\/\/www.vkpbratislava.sk\/#website\"},\"primaryImageOfPage\":{\"@id\":\"https:\/\/www.vkpbratislava.sk\/?p=16908#primaryimage\"},\"image\":{\"@id\":\"https:\/\/www.vkpbratislava.sk\/?p=16908#primaryimage\"},\"thumbnailUrl\":\"https:\/\/www.vkpbratislava.sk\/wp-content\/uploads\/2022\/11\/20221119_iurban79_VKP-BA-Z-vs-Pezinok_DSC00844.jpg\",\"datePublished\":\"2022-11-22T10:07:40+00:00\",\"description\":\"V semifin\u00e1le Nik\u00e9 Slovensk\u00e9ho poh\u00e1ra sa \u017eeny VKP predstavia v Poprade proti VK Nov\u00e9 Mesto nad V\u00e1hom (hr\u00e1 sa 11. 2. 2002).\",\"breadcrumb\":{\"@id\":\"https:\/\/www.vkpbratislava.sk\/?p=16908#breadcrumb\"},\"inLanguage\":\"sk-SK\",\"potentialAction\":[{\"@type\":\"ReadAction\",\"target\":[\"https:\/\/www.vkpbratislava.sk\/?p=16908\"]}]},{\"@type\":\"ImageObject\",\"inLanguage\":\"sk-SK\",\"@id\":\"https:\/\/www.vkpbratislava.sk\/?p=16908#primaryimage\",\"url\":\"https:\/\/www.vkpbratislava.sk\/wp-content\/uploads\/2022\/11\/20221119_iurban79_VKP-BA-Z-vs-Pezinok_DSC00844.jpg\",\"contentUrl\":\"https:\/\/www.vkpbratislava.sk\/wp-content\/uploads\/2022\/11\/20221119_iurban79_VKP-BA-Z-vs-Pezinok_DSC00844.jpg\",\"width\":2500,\"height\":1667},{\"@type\":\"BreadcrumbList\",\"@id\":\"https:\/\/www.vkpbratislava.sk\/?p=16908#breadcrumb\",\"itemListElement\":[{\"@type\":\"ListItem\",\"position\":1,\"name\":\"Domov\",\"item\":\"https:\/\/www.vkpbratislava.sk\/\"},{\"@type\":\"ListItem\",\"position\":2,\"name\":\"Tr\u00e9ner Bern\u00e1th po \u017erebe poh\u00e1ra: \u017delal som si Sl\u00e1viu, beriem aj Nov\u00e9 Mesto\"}]},{\"@type\":\"WebSite\",\"@id\":\"https:\/\/www.vkpbratislava.sk\/#website\",\"url\":\"https:\/\/www.vkpbratislava.sk\/\",\"name\":\"VK SLOVAN Bratislava\",\"description\":\"Volejbalov\u00fd klub\",\"publisher\":{\"@id\":\"https:\/\/www.vkpbratislava.sk\/#organization\"},\"potentialAction\":[{\"@type\":\"SearchAction\",\"target\":{\"@type\":\"EntryPoint\",\"urlTemplate\":\"https:\/\/www.vkpbratislava.sk\/?s={search_term_string}\"},\"query-input\":{\"@type\":\"PropertyValueSpecification\",\"valueRequired\":true,\"valueName\":\"search_term_string\"}}],\"inLanguage\":\"sk-SK\"},{\"@type\":\"Organization\",\"@id\":\"https:\/\/www.vkpbratislava.sk\/#organization\",\"name\":\"VKP Bratislava\",\"url\":\"https:\/\/www.vkpbratislava.sk\/\",\"logo\":{\"@type\":\"ImageObject\",\"inLanguage\":\"sk-SK\",\"@id\":\"https:\/\/www.vkpbratislava.sk\/#\/schema\/logo\/image\/\",\"url\":\"https:\/\/www.vkpbratislava.sk\/wp-content\/uploads\/2020\/10\/vkpBA.png\",\"contentUrl\":\"https:\/\/www.vkpbratislava.sk\/wp-content\/uploads\/2020\/10\/vkpBA.png\",\"width\":600,\"height\":600,\"caption\":\"VKP Bratislava\"},\"image\":{\"@id\":\"https:\/\/www.vkpbratislava.sk\/#\/schema\/logo\/image\/\"}},{\"@type\":\"Person\",\"@id\":\"https:\/\/www.vkpbratislava.sk\/#\/schema\/person\/7037e769f9515aa58493d1b5852c4c50\",\"name\":\"jenca\",\"image\":{\"@type\":\"ImageObject\",\"inLanguage\":\"sk-SK\",\"@id\":\"https:\/\/www.vkpbratislava.sk\/#\/schema\/person\/image\/\",\"url\":\"https:\/\/secure.gravatar.com\/avatar\/67aa89e9aab2911bbd0c6fbf0a891ea8d80c207c9b6a6e2c96e13fc2f16e536d?s=96&d=mm&r=g\",\"contentUrl\":\"https:\/\/secure.gravatar.com\/avatar\/67aa89e9aab2911bbd0c6fbf0a891ea8d80c207c9b6a6e2c96e13fc2f16e536d?s=96&d=mm&r=g\",\"caption\":\"jenca\"},\"url\":\"https:\/\/www.vkpbratislava.sk\/?author=3\"}]}<\/script>\n<!-- \/ Yoast SEO plugin. -->","yoast_head_json":{"title":"Tr\u00e9ner Bern\u00e1th po \u017erebe poh\u00e1ra: \u017delal som si Sl\u00e1viu, beriem aj Nov\u00e9 Mesto - VK SLOVAN Bratislava","description":"V semifin\u00e1le Nik\u00e9 Slovensk\u00e9ho poh\u00e1ra sa \u017eeny VKP predstavia v Poprade proti VK Nov\u00e9 Mesto nad V\u00e1hom (hr\u00e1 sa 11. 2. 2002).","robots":{"index":"index","follow":"follow","max-snippet":"max-snippet:-1","max-image-preview":"max-image-preview:large","max-video-preview":"max-video-preview:-1"},"canonical":"https:\/\/www.vkpbratislava.sk\/?p=16908","og_locale":"sk_SK","og_type":"article","og_title":"Tr\u00e9ner Bern\u00e1th po \u017erebe poh\u00e1ra: \u017delal som si Sl\u00e1viu, beriem aj Nov\u00e9 Mesto - VK SLOVAN Bratislava","og_description":"V semifin\u00e1le Nik\u00e9 Slovensk\u00e9ho poh\u00e1ra sa \u017eeny VKP predstavia v Poprade proti VK Nov\u00e9 Mesto nad V\u00e1hom (hr\u00e1 sa 11. 2. 2002).","og_url":"https:\/\/www.vkpbratislava.sk\/?p=16908","og_site_name":"VK SLOVAN Bratislava","article_published_time":"2022-11-22T10:07:40+00:00","og_image":[{"width":1280,"height":854,"url":"https:\/\/www.vkpbratislava.sk\/wp-content\/uploads\/2022\/11\/20221119_iurban79_VKP-BA-Z-vs-Pezinok_DSC00844-1280x854.jpg","type":"image\/jpeg"}],"author":"jenca","twitter_card":"summary_large_image","twitter_misc":{"Autor":"jenca","Predpokladan\u00fd \u010das \u010d\u00edtania":"2 min\u00faty"},"schema":{"@context":"https:\/\/schema.org","@graph":[{"@type":"Article","@id":"https:\/\/www.vkpbratislava.sk\/?p=16908#article","isPartOf":{"@id":"https:\/\/www.vkpbratislava.sk\/?p=16908"},"author":{"name":"jenca","@id":"https:\/\/www.vkpbratislava.sk\/#\/schema\/person\/7037e769f9515aa58493d1b5852c4c50"},"headline":"Tr\u00e9ner Bern\u00e1th po \u017erebe poh\u00e1ra: \u017delal som si Sl\u00e1viu, beriem aj Nov\u00e9 Mesto","datePublished":"2022-11-22T10:07:40+00:00","mainEntityOfPage":{"@id":"https:\/\/www.vkpbratislava.sk\/?p=16908"},"wordCount":280,"publisher":{"@id":"https:\/\/www.vkpbratislava.sk\/#organization"},"image":{"@id":"https:\/\/www.vkpbratislava.sk\/?p=16908#primaryimage"},"thumbnailUrl":"https:\/\/www.vkpbratislava.sk\/wp-content\/uploads\/2022\/11\/20221119_iurban79_VKP-BA-Z-vs-Pezinok_DSC00844.jpg","articleSection":["\u017deny"],"inLanguage":"sk-SK"},{"@type":"WebPage","@id":"https:\/\/www.vkpbratislava.sk\/?p=16908","url":"https:\/\/www.vkpbratislava.sk\/?p=16908","name":"Tr\u00e9ner Bern\u00e1th po \u017erebe poh\u00e1ra: \u017delal som si Sl\u00e1viu, beriem aj Nov\u00e9 Mesto - VK SLOVAN Bratislava","isPartOf":{"@id":"https:\/\/www.vkpbratislava.sk\/#website"},"primaryImageOfPage":{"@id":"https:\/\/www.vkpbratislava.sk\/?p=16908#primaryimage"},"image":{"@id":"https:\/\/www.vkpbratislava.sk\/?p=16908#primaryimage"},"thumbnailUrl":"https:\/\/www.vkpbratislava.sk\/wp-content\/uploads\/2022\/11\/20221119_iurban79_VKP-BA-Z-vs-Pezinok_DSC00844.jpg","datePublished":"2022-11-22T10:07:40+00:00","description":"V semifin\u00e1le Nik\u00e9 Slovensk\u00e9ho poh\u00e1ra sa \u017eeny VKP predstavia v Poprade proti VK Nov\u00e9 Mesto nad V\u00e1hom (hr\u00e1 sa 11. 2. 2002).","breadcrumb":{"@id":"https:\/\/www.vkpbratislava.sk\/?p=16908#breadcrumb"},"inLanguage":"sk-SK","potentialAction":[{"@type":"ReadAction","target":["https:\/\/www.vkpbratislava.sk\/?p=16908"]}]},{"@type":"ImageObject","inLanguage":"sk-SK","@id":"https:\/\/www.vkpbratislava.sk\/?p=16908#primaryimage","url":"https:\/\/www.vkpbratislava.sk\/wp-content\/uploads\/2022\/11\/20221119_iurban79_VKP-BA-Z-vs-Pezinok_DSC00844.jpg","contentUrl":"https:\/\/www.vkpbratislava.sk\/wp-content\/uploads\/2022\/11\/20221119_iurban79_VKP-BA-Z-vs-Pezinok_DSC00844.jpg","width":2500,"height":1667},{"@type":"BreadcrumbList","@id":"https:\/\/www.vkpbratislava.sk\/?p=16908#breadcrumb","itemListElement":[{"@type":"ListItem","position":1,"name":"Domov","item":"https:\/\/www.vkpbratislava.sk\/"},{"@type":"ListItem","position":2,"name":"Tr\u00e9ner Bern\u00e1th po \u017erebe poh\u00e1ra: \u017delal som si Sl\u00e1viu, beriem aj Nov\u00e9 Mesto"}]},{"@type":"WebSite","@id":"https:\/\/www.vkpbratislava.sk\/#website","url":"https:\/\/www.vkpbratislava.sk\/","name":"VK SLOVAN Bratislava","description":"Volejbalov\u00fd klub","publisher":{"@id":"https:\/\/www.vkpbratislava.sk\/#organization"},"potentialAction":[{"@type":"SearchAction","target":{"@type":"EntryPoint","urlTemplate":"https:\/\/www.vkpbratislava.sk\/?s={search_term_string}"},"query-input":{"@type":"PropertyValueSpecification","valueRequired":true,"valueName":"search_term_string"}}],"inLanguage":"sk-SK"},{"@type":"Organization","@id":"https:\/\/www.vkpbratislava.sk\/#organization","name":"VKP Bratislava","url":"https:\/\/www.vkpbratislava.sk\/","logo":{"@type":"ImageObject","inLanguage":"sk-SK","@id":"https:\/\/www.vkpbratislava.sk\/#\/schema\/logo\/image\/","url":"https:\/\/www.vkpbratislava.sk\/wp-content\/uploads\/2020\/10\/vkpBA.png","contentUrl":"https:\/\/www.vkpbratislava.sk\/wp-content\/uploads\/2020\/10\/vkpBA.png","width":600,"height":600,"caption":"VKP Bratislava"},"image":{"@id":"https:\/\/www.vkpbratislava.sk\/#\/schema\/logo\/image\/"}},{"@type":"Person","@id":"https:\/\/www.vkpbratislava.sk\/#\/schema\/person\/7037e769f9515aa58493d1b5852c4c50","name":"jenca","image":{"@type":"ImageObject","inLanguage":"sk-SK","@id":"https:\/\/www.vkpbratislava.sk\/#\/schema\/person\/image\/","url":"https:\/\/secure.gravatar.com\/avatar\/67aa89e9aab2911bbd0c6fbf0a891ea8d80c207c9b6a6e2c96e13fc2f16e536d?s=96&d=mm&r=g","contentUrl":"https:\/\/secure.gravatar.com\/avatar\/67aa89e9aab2911bbd0c6fbf0a891ea8d80c207c9b6a6e2c96e13fc2f16e536d?s=96&d=mm&r=g","caption":"jenca"},"url":"https:\/\/www.vkpbratislava.sk\/?author=3"}]}},"_links":{"self":[{"href":"https:\/\/www.vkpbratislava.sk\/index.php?rest_route=\/wp\/v2\/posts\/16908","targetHints":{"allow":["GET"]}}],"collection":[{"href":"https:\/\/www.vkpbratislava.sk\/index.php?rest_route=\/wp\/v2\/posts"}],"about":[{"href":"https:\/\/www.vkpbratislava.sk\/index.php?rest_route=\/wp\/v2\/types\/post"}],"author":[{"embeddable":true,"href":"https:\/\/www.vkpbratislava.sk\/index.php?rest_route=\/wp\/v2\/users\/3"}],"replies":[{"embeddable":true,"href":"https:\/\/www.vkpbratislava.sk\/index.php?rest_route=%2Fwp%2Fv2%2Fcomments&post=16908"}],"version-history":[{"count":1,"href":"https:\/\/www.vkpbratislava.sk\/index.php?rest_route=\/wp\/v2\/posts\/16908\/revisions"}],"predecessor-version":[{"id":16909,"href":"https:\/\/www.vkpbratislava.sk\/index.php?rest_route=\/wp\/v2\/posts\/16908\/revisions\/16909"}],"wp:featuredmedia":[{"embeddable":true,"href":"https:\/\/www.vkpbratislava.sk\/index.php?rest_route=\/wp\/v2\/media\/16745"}],"wp:attachment":[{"href":"https:\/\/www.vkpbratislava.sk\/index.php?rest_route=%2Fwp%2Fv2%2Fmedia&parent=16908"}],"wp:term":[{"taxonomy":"category","embeddable":true,"href":"https:\/\/www.vkpbratislava.sk\/index.php?rest_route=%2Fwp%2Fv2%2Fcategories&post=16908"},{"taxonomy":"post_tag","embeddable":true,"href":"https:\/\/www.vkpbratislava.sk\/index.php?rest_route=%2Fwp%2Fv2%2Ftags&post=16908"}],"curies":[{"name":"wp","href":"https:\/\/api.w.org\/{rel}","templated":true}]}}