{"id":17223,"date":"2022-11-27T18:00:28","date_gmt":"2022-11-27T17:00:28","guid":{"rendered":"https:\/\/www.vkpbratislava.sk\/?p=17223"},"modified":"2022-11-27T18:00:28","modified_gmt":"2022-11-27T17:00:28","slug":"v-presove-druha-prehra-v-rade","status":"publish","type":"post","link":"https:\/\/www.vkpbratislava.sk\/?p=17223","title":{"rendered":"V Pre\u0161ove druh\u00e1 prehra v rade"},"content":{"rendered":"<p><strong>Volejbalisti VKP Bratislava prehrali druh\u00fd z\u00e1pas v rade, tentoraz na palubovke Pre\u0161ova.<\/strong><\/p>\n<p><b>VK MIRAD UNIPO PRE\u0160OV \u2013 VKP BRATISLAVA 3:0 (16, 23, 17)<\/b><\/p>\n<p><b>Rozhodovali:<\/b> Smolko a H\u00f6ger, 289 div\u00e1kov.<\/p>\n<p><b>VK MIRAD UNIPO:<\/b> Gul\u00e1k, \u0160\u010derba, Jendrej\u010d\u00e1k, Go\u010d, Smolej, Mikov\u010d\u00edk, libero Turis (Suchani\u010d). Tr\u00e9ner: E. Diga\u0148a.<\/p>\n<p><b>VKP: <\/b>Za\u0165ko, Truba\u010d, Billich, Van\u010do, Rak, Marjov, libero \u013d. Nemec (Jur\u00edk, Fekete). Tr\u00e9ner: R. P\u011blucha.<\/p>\n<p><b>Hr\u00e1\u010di z\u00e1pasu: <\/b>Samuel Go\u010d (VK MIRAD UNIPO Pre\u0161ov) \u2013 Patrik Marjov (VKP Bratislava)<\/p>\n<p><b>Erik Diga\u0148a, tr\u00e9ner VK MIRAD UNIPO: <\/b><i>\u201e<\/i><i>Z\u00e1pas rozhodli na\u0161e siln\u00e9 str\u00e1nky, servis a\u00a0z\u00e1rove\u0148 sme mali dobr\u00fd side-out a\u00a0obranu na sieti. Takto si to predstavujem. Na druhej strane, mus\u00edm poveda\u0165, \u017ee aj servis v\u00a0druhom sete skoro zvr\u00e1til priebeh z\u00e1pasu. Na tomto mus\u00edme popracova\u0165. Nem\u00e1m \u010do chlapcom vy\u010d\u00edta\u0165. To, \u010do sme si povedali, to sme splnili. Bola tam zmena u\u00a0s\u00fapera na poz\u00edcii nahr\u00e1va\u010da, ale pr\u00e1ve servisom sme to odtiahli od siete a\u00a0o\u00a0to \u013eah\u0161ie sa n\u00e1m to br\u00e1nilo<\/i><i>.\u201c<\/i><\/p>\n<p><b>Robin P\u011blucha, tr\u00e9ner VKP: <\/b><i>\u201eDnes to bol ve\u013emi zl\u00fd v\u00fdkon. Tak ako sme doma hrali ve\u013emi dobre, tu to bolo v\u00a0opa\u010dnom garde. Hrali sme katastrofu, dom\u00e1ci hrali ve\u013emi pekne, odv\u00e1\u017ene a\u00a0vych\u00e1dzali im veci<\/i><i>.\u201c<\/i><\/p>\n","protected":false},"excerpt":{"rendered":"<p>Volejbalisti VKP Bratislava prehrali druh\u00fd z\u00e1pas v rade, tentoraz na palubovke Pre\u0161ova.<\/p>\n","protected":false},"author":3,"featured_media":17180,"comment_status":"closed","ping_status":"closed","sticky":false,"template":"","format":"standard","meta":{"_monsterinsights_skip_tracking":false,"_monsterinsights_sitenote_active":false,"_monsterinsights_sitenote_note":"","_monsterinsights_sitenote_category":0,"footnotes":""},"categories":[47],"tags":[],"class_list":["post-17223","post","type-post","status-publish","format-standard","has-post-thumbnail","hentry","category-muzi"],"yoast_head":"<!-- This site is optimized with the Yoast SEO plugin v25.6 - https:\/\/yoast.com\/wordpress\/plugins\/seo\/ -->\n<title>V Pre\u0161ove druh\u00e1 prehra v rade - VK SLOVAN Bratislava<\/title>\n<meta name=\"description\" content=\"Volejbalisti VKP Bratislava prehrali druh\u00fd z\u00e1pas v rade, tentoraz na palubovke Pre\u0161ova.\" \/>\n<meta name=\"robots\" content=\"index, follow, max-snippet:-1, max-image-preview:large, max-video-preview:-1\" \/>\n<link rel=\"canonical\" href=\"https:\/\/www.vkpbratislava.sk\/?p=17223\" \/>\n<meta property=\"og:locale\" content=\"sk_SK\" \/>\n<meta property=\"og:type\" content=\"article\" \/>\n<meta property=\"og:title\" content=\"V Pre\u0161ove druh\u00e1 prehra v rade - VK SLOVAN Bratislava\" \/>\n<meta property=\"og:description\" content=\"Volejbalisti VKP Bratislava prehrali druh\u00fd z\u00e1pas v rade, tentoraz na palubovke Pre\u0161ova.\" \/>\n<meta property=\"og:url\" content=\"https:\/\/www.vkpbratislava.sk\/?p=17223\" \/>\n<meta property=\"og:site_name\" content=\"VK SLOVAN Bratislava\" \/>\n<meta property=\"article:published_time\" content=\"2022-11-27T17:00:28+00:00\" \/>\n<meta property=\"og:image\" content=\"https:\/\/www.vkpbratislava.sk\/wp-content\/uploads\/2022\/11\/DF1A9041.jpg\" \/>\n\t<meta property=\"og:image:width\" content=\"2048\" \/>\n\t<meta property=\"og:image:height\" content=\"1365\" \/>\n\t<meta property=\"og:image:type\" content=\"image\/jpeg\" \/>\n<meta name=\"author\" content=\"jenca\" \/>\n<meta name=\"twitter:card\" content=\"summary_large_image\" \/>\n<meta name=\"twitter:label1\" content=\"Autor\" \/>\n\t<meta name=\"twitter:data1\" content=\"jenca\" \/>\n\t<meta name=\"twitter:label2\" content=\"Predpokladan\u00fd \u010das \u010d\u00edtania\" \/>\n\t<meta name=\"twitter:data2\" content=\"2 min\u00faty\" \/>\n<script type=\"application\/ld+json\" class=\"yoast-schema-graph\">{\"@context\":\"https:\/\/schema.org\",\"@graph\":[{\"@type\":\"Article\",\"@id\":\"https:\/\/www.vkpbratislava.sk\/?p=17223#article\",\"isPartOf\":{\"@id\":\"https:\/\/www.vkpbratislava.sk\/?p=17223\"},\"author\":{\"name\":\"jenca\",\"@id\":\"https:\/\/www.vkpbratislava.sk\/#\/schema\/person\/7037e769f9515aa58493d1b5852c4c50\"},\"headline\":\"V Pre\u0161ove druh\u00e1 prehra v rade\",\"datePublished\":\"2022-11-27T17:00:28+00:00\",\"mainEntityOfPage\":{\"@id\":\"https:\/\/www.vkpbratislava.sk\/?p=17223\"},\"wordCount\":235,\"publisher\":{\"@id\":\"https:\/\/www.vkpbratislava.sk\/#organization\"},\"image\":{\"@id\":\"https:\/\/www.vkpbratislava.sk\/?p=17223#primaryimage\"},\"thumbnailUrl\":\"https:\/\/www.vkpbratislava.sk\/wp-content\/uploads\/2022\/11\/DF1A9041.jpg\",\"articleSection\":[\"Mu\u017ei\"],\"inLanguage\":\"sk-SK\"},{\"@type\":\"WebPage\",\"@id\":\"https:\/\/www.vkpbratislava.sk\/?p=17223\",\"url\":\"https:\/\/www.vkpbratislava.sk\/?p=17223\",\"name\":\"V Pre\u0161ove druh\u00e1 prehra v rade - VK SLOVAN Bratislava\",\"isPartOf\":{\"@id\":\"https:\/\/www.vkpbratislava.sk\/#website\"},\"primaryImageOfPage\":{\"@id\":\"https:\/\/www.vkpbratislava.sk\/?p=17223#primaryimage\"},\"image\":{\"@id\":\"https:\/\/www.vkpbratislava.sk\/?p=17223#primaryimage\"},\"thumbnailUrl\":\"https:\/\/www.vkpbratislava.sk\/wp-content\/uploads\/2022\/11\/DF1A9041.jpg\",\"datePublished\":\"2022-11-27T17:00:28+00:00\",\"description\":\"Volejbalisti VKP Bratislava prehrali druh\u00fd z\u00e1pas v rade, tentoraz na palubovke Pre\u0161ova.\",\"breadcrumb\":{\"@id\":\"https:\/\/www.vkpbratislava.sk\/?p=17223#breadcrumb\"},\"inLanguage\":\"sk-SK\",\"potentialAction\":[{\"@type\":\"ReadAction\",\"target\":[\"https:\/\/www.vkpbratislava.sk\/?p=17223\"]}]},{\"@type\":\"ImageObject\",\"inLanguage\":\"sk-SK\",\"@id\":\"https:\/\/www.vkpbratislava.sk\/?p=17223#primaryimage\",\"url\":\"https:\/\/www.vkpbratislava.sk\/wp-content\/uploads\/2022\/11\/DF1A9041.jpg\",\"contentUrl\":\"https:\/\/www.vkpbratislava.sk\/wp-content\/uploads\/2022\/11\/DF1A9041.jpg\",\"width\":2048,\"height\":1365},{\"@type\":\"BreadcrumbList\",\"@id\":\"https:\/\/www.vkpbratislava.sk\/?p=17223#breadcrumb\",\"itemListElement\":[{\"@type\":\"ListItem\",\"position\":1,\"name\":\"Domov\",\"item\":\"https:\/\/www.vkpbratislava.sk\/\"},{\"@type\":\"ListItem\",\"position\":2,\"name\":\"V Pre\u0161ove druh\u00e1 prehra v rade\"}]},{\"@type\":\"WebSite\",\"@id\":\"https:\/\/www.vkpbratislava.sk\/#website\",\"url\":\"https:\/\/www.vkpbratislava.sk\/\",\"name\":\"VK SLOVAN Bratislava\",\"description\":\"Volejbalov\u00fd klub\",\"publisher\":{\"@id\":\"https:\/\/www.vkpbratislava.sk\/#organization\"},\"potentialAction\":[{\"@type\":\"SearchAction\",\"target\":{\"@type\":\"EntryPoint\",\"urlTemplate\":\"https:\/\/www.vkpbratislava.sk\/?s={search_term_string}\"},\"query-input\":{\"@type\":\"PropertyValueSpecification\",\"valueRequired\":true,\"valueName\":\"search_term_string\"}}],\"inLanguage\":\"sk-SK\"},{\"@type\":\"Organization\",\"@id\":\"https:\/\/www.vkpbratislava.sk\/#organization\",\"name\":\"VKP Bratislava\",\"url\":\"https:\/\/www.vkpbratislava.sk\/\",\"logo\":{\"@type\":\"ImageObject\",\"inLanguage\":\"sk-SK\",\"@id\":\"https:\/\/www.vkpbratislava.sk\/#\/schema\/logo\/image\/\",\"url\":\"https:\/\/www.vkpbratislava.sk\/wp-content\/uploads\/2020\/10\/vkpBA.png\",\"contentUrl\":\"https:\/\/www.vkpbratislava.sk\/wp-content\/uploads\/2020\/10\/vkpBA.png\",\"width\":600,\"height\":600,\"caption\":\"VKP Bratislava\"},\"image\":{\"@id\":\"https:\/\/www.vkpbratislava.sk\/#\/schema\/logo\/image\/\"}},{\"@type\":\"Person\",\"@id\":\"https:\/\/www.vkpbratislava.sk\/#\/schema\/person\/7037e769f9515aa58493d1b5852c4c50\",\"name\":\"jenca\",\"image\":{\"@type\":\"ImageObject\",\"inLanguage\":\"sk-SK\",\"@id\":\"https:\/\/www.vkpbratislava.sk\/#\/schema\/person\/image\/\",\"url\":\"https:\/\/secure.gravatar.com\/avatar\/67aa89e9aab2911bbd0c6fbf0a891ea8d80c207c9b6a6e2c96e13fc2f16e536d?s=96&d=mm&r=g\",\"contentUrl\":\"https:\/\/secure.gravatar.com\/avatar\/67aa89e9aab2911bbd0c6fbf0a891ea8d80c207c9b6a6e2c96e13fc2f16e536d?s=96&d=mm&r=g\",\"caption\":\"jenca\"},\"url\":\"https:\/\/www.vkpbratislava.sk\/?author=3\"}]}<\/script>\n<!-- \/ Yoast SEO plugin. -->","yoast_head_json":{"title":"V Pre\u0161ove druh\u00e1 prehra v rade - VK SLOVAN Bratislava","description":"Volejbalisti VKP Bratislava prehrali druh\u00fd z\u00e1pas v rade, tentoraz na palubovke Pre\u0161ova.","robots":{"index":"index","follow":"follow","max-snippet":"max-snippet:-1","max-image-preview":"max-image-preview:large","max-video-preview":"max-video-preview:-1"},"canonical":"https:\/\/www.vkpbratislava.sk\/?p=17223","og_locale":"sk_SK","og_type":"article","og_title":"V Pre\u0161ove druh\u00e1 prehra v rade - VK SLOVAN Bratislava","og_description":"Volejbalisti VKP Bratislava prehrali druh\u00fd z\u00e1pas v rade, tentoraz na palubovke Pre\u0161ova.","og_url":"https:\/\/www.vkpbratislava.sk\/?p=17223","og_site_name":"VK SLOVAN Bratislava","article_published_time":"2022-11-27T17:00:28+00:00","og_image":[{"width":2048,"height":1365,"url":"https:\/\/www.vkpbratislava.sk\/wp-content\/uploads\/2022\/11\/DF1A9041.jpg","type":"image\/jpeg"}],"author":"jenca","twitter_card":"summary_large_image","twitter_misc":{"Autor":"jenca","Predpokladan\u00fd \u010das \u010d\u00edtania":"2 min\u00faty"},"schema":{"@context":"https:\/\/schema.org","@graph":[{"@type":"Article","@id":"https:\/\/www.vkpbratislava.sk\/?p=17223#article","isPartOf":{"@id":"https:\/\/www.vkpbratislava.sk\/?p=17223"},"author":{"name":"jenca","@id":"https:\/\/www.vkpbratislava.sk\/#\/schema\/person\/7037e769f9515aa58493d1b5852c4c50"},"headline":"V Pre\u0161ove druh\u00e1 prehra v rade","datePublished":"2022-11-27T17:00:28+00:00","mainEntityOfPage":{"@id":"https:\/\/www.vkpbratislava.sk\/?p=17223"},"wordCount":235,"publisher":{"@id":"https:\/\/www.vkpbratislava.sk\/#organization"},"image":{"@id":"https:\/\/www.vkpbratislava.sk\/?p=17223#primaryimage"},"thumbnailUrl":"https:\/\/www.vkpbratislava.sk\/wp-content\/uploads\/2022\/11\/DF1A9041.jpg","articleSection":["Mu\u017ei"],"inLanguage":"sk-SK"},{"@type":"WebPage","@id":"https:\/\/www.vkpbratislava.sk\/?p=17223","url":"https:\/\/www.vkpbratislava.sk\/?p=17223","name":"V Pre\u0161ove druh\u00e1 prehra v rade - VK SLOVAN Bratislava","isPartOf":{"@id":"https:\/\/www.vkpbratislava.sk\/#website"},"primaryImageOfPage":{"@id":"https:\/\/www.vkpbratislava.sk\/?p=17223#primaryimage"},"image":{"@id":"https:\/\/www.vkpbratislava.sk\/?p=17223#primaryimage"},"thumbnailUrl":"https:\/\/www.vkpbratislava.sk\/wp-content\/uploads\/2022\/11\/DF1A9041.jpg","datePublished":"2022-11-27T17:00:28+00:00","description":"Volejbalisti VKP Bratislava prehrali druh\u00fd z\u00e1pas v rade, tentoraz na palubovke Pre\u0161ova.","breadcrumb":{"@id":"https:\/\/www.vkpbratislava.sk\/?p=17223#breadcrumb"},"inLanguage":"sk-SK","potentialAction":[{"@type":"ReadAction","target":["https:\/\/www.vkpbratislava.sk\/?p=17223"]}]},{"@type":"ImageObject","inLanguage":"sk-SK","@id":"https:\/\/www.vkpbratislava.sk\/?p=17223#primaryimage","url":"https:\/\/www.vkpbratislava.sk\/wp-content\/uploads\/2022\/11\/DF1A9041.jpg","contentUrl":"https:\/\/www.vkpbratislava.sk\/wp-content\/uploads\/2022\/11\/DF1A9041.jpg","width":2048,"height":1365},{"@type":"BreadcrumbList","@id":"https:\/\/www.vkpbratislava.sk\/?p=17223#breadcrumb","itemListElement":[{"@type":"ListItem","position":1,"name":"Domov","item":"https:\/\/www.vkpbratislava.sk\/"},{"@type":"ListItem","position":2,"name":"V Pre\u0161ove druh\u00e1 prehra v rade"}]},{"@type":"WebSite","@id":"https:\/\/www.vkpbratislava.sk\/#website","url":"https:\/\/www.vkpbratislava.sk\/","name":"VK SLOVAN Bratislava","description":"Volejbalov\u00fd klub","publisher":{"@id":"https:\/\/www.vkpbratislava.sk\/#organization"},"potentialAction":[{"@type":"SearchAction","target":{"@type":"EntryPoint","urlTemplate":"https:\/\/www.vkpbratislava.sk\/?s={search_term_string}"},"query-input":{"@type":"PropertyValueSpecification","valueRequired":true,"valueName":"search_term_string"}}],"inLanguage":"sk-SK"},{"@type":"Organization","@id":"https:\/\/www.vkpbratislava.sk\/#organization","name":"VKP Bratislava","url":"https:\/\/www.vkpbratislava.sk\/","logo":{"@type":"ImageObject","inLanguage":"sk-SK","@id":"https:\/\/www.vkpbratislava.sk\/#\/schema\/logo\/image\/","url":"https:\/\/www.vkpbratislava.sk\/wp-content\/uploads\/2020\/10\/vkpBA.png","contentUrl":"https:\/\/www.vkpbratislava.sk\/wp-content\/uploads\/2020\/10\/vkpBA.png","width":600,"height":600,"caption":"VKP Bratislava"},"image":{"@id":"https:\/\/www.vkpbratislava.sk\/#\/schema\/logo\/image\/"}},{"@type":"Person","@id":"https:\/\/www.vkpbratislava.sk\/#\/schema\/person\/7037e769f9515aa58493d1b5852c4c50","name":"jenca","image":{"@type":"ImageObject","inLanguage":"sk-SK","@id":"https:\/\/www.vkpbratislava.sk\/#\/schema\/person\/image\/","url":"https:\/\/secure.gravatar.com\/avatar\/67aa89e9aab2911bbd0c6fbf0a891ea8d80c207c9b6a6e2c96e13fc2f16e536d?s=96&d=mm&r=g","contentUrl":"https:\/\/secure.gravatar.com\/avatar\/67aa89e9aab2911bbd0c6fbf0a891ea8d80c207c9b6a6e2c96e13fc2f16e536d?s=96&d=mm&r=g","caption":"jenca"},"url":"https:\/\/www.vkpbratislava.sk\/?author=3"}]}},"_links":{"self":[{"href":"https:\/\/www.vkpbratislava.sk\/index.php?rest_route=\/wp\/v2\/posts\/17223","targetHints":{"allow":["GET"]}}],"collection":[{"href":"https:\/\/www.vkpbratislava.sk\/index.php?rest_route=\/wp\/v2\/posts"}],"about":[{"href":"https:\/\/www.vkpbratislava.sk\/index.php?rest_route=\/wp\/v2\/types\/post"}],"author":[{"embeddable":true,"href":"https:\/\/www.vkpbratislava.sk\/index.php?rest_route=\/wp\/v2\/users\/3"}],"replies":[{"embeddable":true,"href":"https:\/\/www.vkpbratislava.sk\/index.php?rest_route=%2Fwp%2Fv2%2Fcomments&post=17223"}],"version-history":[{"count":1,"href":"https:\/\/www.vkpbratislava.sk\/index.php?rest_route=\/wp\/v2\/posts\/17223\/revisions"}],"predecessor-version":[{"id":17224,"href":"https:\/\/www.vkpbratislava.sk\/index.php?rest_route=\/wp\/v2\/posts\/17223\/revisions\/17224"}],"wp:featuredmedia":[{"embeddable":true,"href":"https:\/\/www.vkpbratislava.sk\/index.php?rest_route=\/wp\/v2\/media\/17180"}],"wp:attachment":[{"href":"https:\/\/www.vkpbratislava.sk\/index.php?rest_route=%2Fwp%2Fv2%2Fmedia&parent=17223"}],"wp:term":[{"taxonomy":"category","embeddable":true,"href":"https:\/\/www.vkpbratislava.sk\/index.php?rest_route=%2Fwp%2Fv2%2Fcategories&post=17223"},{"taxonomy":"post_tag","embeddable":true,"href":"https:\/\/www.vkpbratislava.sk\/index.php?rest_route=%2Fwp%2Fv2%2Ftags&post=17223"}],"curies":[{"name":"wp","href":"https:\/\/api.w.org\/{rel}","templated":true}]}}