{"id":17230,"date":"2022-12-03T19:27:35","date_gmt":"2022-12-03T18:27:35","guid":{"rendered":"https:\/\/www.vkpbratislava.sk\/?p=17230"},"modified":"2022-12-03T19:27:35","modified_gmt":"2022-12-03T18:27:35","slug":"jasne-vitazstvo-na-palubovke-mladych-reprezentantiek","status":"publish","type":"post","link":"https:\/\/www.vkpbratislava.sk\/?p=17230","title":{"rendered":"Jasn\u00e9 v\u00ed\u0165azstvo na palubovke mlad\u00fdch reprezentantiek"},"content":{"rendered":"<p><strong>\u017deny VKP Bratislava zv\u00ed\u0165azili na palubovke mlad\u00fdch reprezentantiek z Projekt RD SVF v Nitre 3:0 a minim\u00e1lne do nedele sa stali l\u00edderkami v tabu\u013eke extraligy.<\/strong><\/p>\n<p><b>RD PROJEKT SVF &#8211; VKP BRATISLAVA\u00a0\u00a0 0:3 (-12, -16, -11)<\/b><\/p>\n<p><b>Rozhodovali:<\/b> Jur\u00e1\u010dek a Hud\u00e1k.<\/p>\n<p><b>PROJEKT RD SVF: <\/b>Jozekov\u00e1 0, Dobrotov\u00e1 4, Sil\u00e1diov\u00e1 3, Valentov\u00e1 9, Kart\u00edkov\u00e1 4, Hvozdov\u00e1 2, liberka Mikov\u00e1 (Petr\u00e1\u0161ov\u00e1 1). Tr\u00e9ner: M. Mali\u010dk\u00fd.<\/p>\n<p><b>VKP:<\/b> Koh\u00fatov\u00e1 4, Ta. Hru\u0161eck\u00e1 6, Spev\u00e1r 13, Z. P\u00edse\u010dn\u00e1 11, Murillo 6, Smie\u0161kov\u00e1 7, liberka Pelozo (\u0160termensk\u00e1 0, M\u00fcllerov\u00e1 0, Paz\u00farikov\u00e1 3).<b> <\/b>Tr\u00e9ner: P. Bern\u00e1th.<\/p>\n<p><b>Hr\u00e1\u010dky z\u00e1pasu: <\/b>Krist\u00edna Kart\u00edkov\u00e1 (Projekt RD SVF) \u2013 Anna Koh\u00fatov\u00e1 (VKP Bratislava)<\/p>\n<p><b>Marek Mali\u010dk\u00fd, tr\u00e9ner Projekt RD: <\/b><i>\u201e<\/i><i>Postihli n\u00e1s choroby a\u00a0zranenia, a tak proti VKP nast\u00fapilo len osem stato\u010dn\u00fdch, z toho len jedna blok\u00e1rka a\u00a0chceli sme bojova\u0165 favorizovan\u00e9mu VKP. Aj napriek improvizovanej zostave, sme sa sna\u017eili plni\u0165 a robi\u0165 dobr\u00e9 veci z tr\u00e9ningu. Viazla n\u00e1m prihr\u00e1vka a niektor\u00e9 syst\u00e9mov\u00e9 veci. Napriek jasnej prehre sme v niektor\u00fdch situ\u00e1ci\u00e1ch reagovali pod\u013ea mojich predstav<\/i><i>.\u201c<\/i><i><\/i><\/p>\n<p><b>Pavel Bern\u00e1th, tr\u00e9ner VKP: <\/b><i>\u201eZ\u00e1pas dopadol nad o\u010dak\u00e1vanie. Zo s\u00fapera sme mali re\u0161pekt, ale bolo c\u00edti\u0165, \u017ee hr\u00e1\u010dky Projektu RD neboli v kompletnej zostave. My sme udr\u017eali koncentr\u00e1ciu po\u010das cel\u00e9ho z\u00e1pasu, ve\u013ea sme nekazili, a to sta\u010dilo<\/i><i>.<\/i><i>\u201c<\/i><\/p>\n","protected":false},"excerpt":{"rendered":"<p>\u017deny VKP Bratislava zv\u00ed\u0165azili na palubovke mlad\u00fdch reprezentantiek z Projekt RD SVF v Nitre 3:0 a minim\u00e1lne do nedele sa stali l\u00edderkami v tabu\u013eke extraligy.<\/p>\n","protected":false},"author":3,"featured_media":17090,"comment_status":"closed","ping_status":"closed","sticky":false,"template":"","format":"standard","meta":{"_monsterinsights_skip_tracking":false,"_monsterinsights_sitenote_active":false,"_monsterinsights_sitenote_note":"","_monsterinsights_sitenote_category":0,"footnotes":""},"categories":[48],"tags":[],"class_list":["post-17230","post","type-post","status-publish","format-standard","has-post-thumbnail","hentry","category-zeny"],"yoast_head":"<!-- This site is optimized with the Yoast SEO plugin v25.6 - https:\/\/yoast.com\/wordpress\/plugins\/seo\/ -->\n<title>Jasn\u00e9 v\u00ed\u0165azstvo na palubovke mlad\u00fdch reprezentantiek - VK SLOVAN Bratislava<\/title>\n<meta name=\"description\" content=\"\u017deny VKP Bratislava zv\u00ed\u0165azili na palubovke mlad\u00fdch reprezentantiek z Projekt RD SVF v Nitre 3:0 a minim\u00e1lne do nedele sa stali l\u00edderkami v tabu\u013eke extraligy.\" \/>\n<meta name=\"robots\" content=\"index, follow, max-snippet:-1, max-image-preview:large, max-video-preview:-1\" \/>\n<link rel=\"canonical\" href=\"https:\/\/www.vkpbratislava.sk\/?p=17230\" \/>\n<meta property=\"og:locale\" content=\"sk_SK\" \/>\n<meta property=\"og:type\" content=\"article\" \/>\n<meta property=\"og:title\" content=\"Jasn\u00e9 v\u00ed\u0165azstvo na palubovke mlad\u00fdch reprezentantiek - VK SLOVAN Bratislava\" \/>\n<meta property=\"og:description\" content=\"\u017deny VKP Bratislava zv\u00ed\u0165azili na palubovke mlad\u00fdch reprezentantiek z Projekt RD SVF v Nitre 3:0 a minim\u00e1lne do nedele sa stali l\u00edderkami v tabu\u013eke extraligy.\" \/>\n<meta property=\"og:url\" content=\"https:\/\/www.vkpbratislava.sk\/?p=17230\" \/>\n<meta property=\"og:site_name\" content=\"VK SLOVAN Bratislava\" \/>\n<meta property=\"article:published_time\" content=\"2022-12-03T18:27:35+00:00\" \/>\n<meta property=\"og:image\" content=\"https:\/\/www.vkpbratislava.sk\/wp-content\/uploads\/2022\/11\/20221126_iurban79_VKP-BA-Z-vs-Brusno_DSC00550-1280x854.jpg\" \/>\n\t<meta property=\"og:image:width\" content=\"1280\" \/>\n\t<meta property=\"og:image:height\" content=\"854\" \/>\n\t<meta property=\"og:image:type\" content=\"image\/jpeg\" \/>\n<meta name=\"author\" content=\"jenca\" \/>\n<meta name=\"twitter:card\" content=\"summary_large_image\" \/>\n<meta name=\"twitter:label1\" content=\"Autor\" \/>\n\t<meta name=\"twitter:data1\" content=\"jenca\" \/>\n\t<meta name=\"twitter:label2\" content=\"Predpokladan\u00fd \u010das \u010d\u00edtania\" \/>\n\t<meta name=\"twitter:data2\" content=\"2 min\u00faty\" \/>\n<script type=\"application\/ld+json\" class=\"yoast-schema-graph\">{\"@context\":\"https:\/\/schema.org\",\"@graph\":[{\"@type\":\"Article\",\"@id\":\"https:\/\/www.vkpbratislava.sk\/?p=17230#article\",\"isPartOf\":{\"@id\":\"https:\/\/www.vkpbratislava.sk\/?p=17230\"},\"author\":{\"name\":\"jenca\",\"@id\":\"https:\/\/www.vkpbratislava.sk\/#\/schema\/person\/7037e769f9515aa58493d1b5852c4c50\"},\"headline\":\"Jasn\u00e9 v\u00ed\u0165azstvo na palubovke mlad\u00fdch reprezentantiek\",\"datePublished\":\"2022-12-03T18:27:35+00:00\",\"mainEntityOfPage\":{\"@id\":\"https:\/\/www.vkpbratislava.sk\/?p=17230\"},\"wordCount\":246,\"publisher\":{\"@id\":\"https:\/\/www.vkpbratislava.sk\/#organization\"},\"image\":{\"@id\":\"https:\/\/www.vkpbratislava.sk\/?p=17230#primaryimage\"},\"thumbnailUrl\":\"https:\/\/www.vkpbratislava.sk\/wp-content\/uploads\/2022\/11\/20221126_iurban79_VKP-BA-Z-vs-Brusno_DSC00550.jpg\",\"articleSection\":[\"\u017deny\"],\"inLanguage\":\"sk-SK\"},{\"@type\":\"WebPage\",\"@id\":\"https:\/\/www.vkpbratislava.sk\/?p=17230\",\"url\":\"https:\/\/www.vkpbratislava.sk\/?p=17230\",\"name\":\"Jasn\u00e9 v\u00ed\u0165azstvo na palubovke mlad\u00fdch reprezentantiek - VK SLOVAN Bratislava\",\"isPartOf\":{\"@id\":\"https:\/\/www.vkpbratislava.sk\/#website\"},\"primaryImageOfPage\":{\"@id\":\"https:\/\/www.vkpbratislava.sk\/?p=17230#primaryimage\"},\"image\":{\"@id\":\"https:\/\/www.vkpbratislava.sk\/?p=17230#primaryimage\"},\"thumbnailUrl\":\"https:\/\/www.vkpbratislava.sk\/wp-content\/uploads\/2022\/11\/20221126_iurban79_VKP-BA-Z-vs-Brusno_DSC00550.jpg\",\"datePublished\":\"2022-12-03T18:27:35+00:00\",\"description\":\"\u017deny VKP Bratislava zv\u00ed\u0165azili na palubovke mlad\u00fdch reprezentantiek z Projekt RD SVF v Nitre 3:0 a minim\u00e1lne do nedele sa stali l\u00edderkami v tabu\u013eke extraligy.\",\"breadcrumb\":{\"@id\":\"https:\/\/www.vkpbratislava.sk\/?p=17230#breadcrumb\"},\"inLanguage\":\"sk-SK\",\"potentialAction\":[{\"@type\":\"ReadAction\",\"target\":[\"https:\/\/www.vkpbratislava.sk\/?p=17230\"]}]},{\"@type\":\"ImageObject\",\"inLanguage\":\"sk-SK\",\"@id\":\"https:\/\/www.vkpbratislava.sk\/?p=17230#primaryimage\",\"url\":\"https:\/\/www.vkpbratislava.sk\/wp-content\/uploads\/2022\/11\/20221126_iurban79_VKP-BA-Z-vs-Brusno_DSC00550.jpg\",\"contentUrl\":\"https:\/\/www.vkpbratislava.sk\/wp-content\/uploads\/2022\/11\/20221126_iurban79_VKP-BA-Z-vs-Brusno_DSC00550.jpg\",\"width\":2500,\"height\":1667},{\"@type\":\"BreadcrumbList\",\"@id\":\"https:\/\/www.vkpbratislava.sk\/?p=17230#breadcrumb\",\"itemListElement\":[{\"@type\":\"ListItem\",\"position\":1,\"name\":\"Domov\",\"item\":\"https:\/\/www.vkpbratislava.sk\/\"},{\"@type\":\"ListItem\",\"position\":2,\"name\":\"Jasn\u00e9 v\u00ed\u0165azstvo na palubovke mlad\u00fdch reprezentantiek\"}]},{\"@type\":\"WebSite\",\"@id\":\"https:\/\/www.vkpbratislava.sk\/#website\",\"url\":\"https:\/\/www.vkpbratislava.sk\/\",\"name\":\"VK SLOVAN Bratislava\",\"description\":\"Volejbalov\u00fd klub\",\"publisher\":{\"@id\":\"https:\/\/www.vkpbratislava.sk\/#organization\"},\"potentialAction\":[{\"@type\":\"SearchAction\",\"target\":{\"@type\":\"EntryPoint\",\"urlTemplate\":\"https:\/\/www.vkpbratislava.sk\/?s={search_term_string}\"},\"query-input\":{\"@type\":\"PropertyValueSpecification\",\"valueRequired\":true,\"valueName\":\"search_term_string\"}}],\"inLanguage\":\"sk-SK\"},{\"@type\":\"Organization\",\"@id\":\"https:\/\/www.vkpbratislava.sk\/#organization\",\"name\":\"VKP Bratislava\",\"url\":\"https:\/\/www.vkpbratislava.sk\/\",\"logo\":{\"@type\":\"ImageObject\",\"inLanguage\":\"sk-SK\",\"@id\":\"https:\/\/www.vkpbratislava.sk\/#\/schema\/logo\/image\/\",\"url\":\"https:\/\/www.vkpbratislava.sk\/wp-content\/uploads\/2020\/10\/vkpBA.png\",\"contentUrl\":\"https:\/\/www.vkpbratislava.sk\/wp-content\/uploads\/2020\/10\/vkpBA.png\",\"width\":600,\"height\":600,\"caption\":\"VKP Bratislava\"},\"image\":{\"@id\":\"https:\/\/www.vkpbratislava.sk\/#\/schema\/logo\/image\/\"}},{\"@type\":\"Person\",\"@id\":\"https:\/\/www.vkpbratislava.sk\/#\/schema\/person\/7037e769f9515aa58493d1b5852c4c50\",\"name\":\"jenca\",\"image\":{\"@type\":\"ImageObject\",\"inLanguage\":\"sk-SK\",\"@id\":\"https:\/\/www.vkpbratislava.sk\/#\/schema\/person\/image\/\",\"url\":\"https:\/\/secure.gravatar.com\/avatar\/67aa89e9aab2911bbd0c6fbf0a891ea8d80c207c9b6a6e2c96e13fc2f16e536d?s=96&d=mm&r=g\",\"contentUrl\":\"https:\/\/secure.gravatar.com\/avatar\/67aa89e9aab2911bbd0c6fbf0a891ea8d80c207c9b6a6e2c96e13fc2f16e536d?s=96&d=mm&r=g\",\"caption\":\"jenca\"},\"url\":\"https:\/\/www.vkpbratislava.sk\/?author=3\"}]}<\/script>\n<!-- \/ Yoast SEO plugin. -->","yoast_head_json":{"title":"Jasn\u00e9 v\u00ed\u0165azstvo na palubovke mlad\u00fdch reprezentantiek - VK SLOVAN Bratislava","description":"\u017deny VKP Bratislava zv\u00ed\u0165azili na palubovke mlad\u00fdch reprezentantiek z Projekt RD SVF v Nitre 3:0 a minim\u00e1lne do nedele sa stali l\u00edderkami v tabu\u013eke extraligy.","robots":{"index":"index","follow":"follow","max-snippet":"max-snippet:-1","max-image-preview":"max-image-preview:large","max-video-preview":"max-video-preview:-1"},"canonical":"https:\/\/www.vkpbratislava.sk\/?p=17230","og_locale":"sk_SK","og_type":"article","og_title":"Jasn\u00e9 v\u00ed\u0165azstvo na palubovke mlad\u00fdch reprezentantiek - VK SLOVAN Bratislava","og_description":"\u017deny VKP Bratislava zv\u00ed\u0165azili na palubovke mlad\u00fdch reprezentantiek z Projekt RD SVF v Nitre 3:0 a minim\u00e1lne do nedele sa stali l\u00edderkami v tabu\u013eke extraligy.","og_url":"https:\/\/www.vkpbratislava.sk\/?p=17230","og_site_name":"VK SLOVAN Bratislava","article_published_time":"2022-12-03T18:27:35+00:00","og_image":[{"width":1280,"height":854,"url":"https:\/\/www.vkpbratislava.sk\/wp-content\/uploads\/2022\/11\/20221126_iurban79_VKP-BA-Z-vs-Brusno_DSC00550-1280x854.jpg","type":"image\/jpeg"}],"author":"jenca","twitter_card":"summary_large_image","twitter_misc":{"Autor":"jenca","Predpokladan\u00fd \u010das \u010d\u00edtania":"2 min\u00faty"},"schema":{"@context":"https:\/\/schema.org","@graph":[{"@type":"Article","@id":"https:\/\/www.vkpbratislava.sk\/?p=17230#article","isPartOf":{"@id":"https:\/\/www.vkpbratislava.sk\/?p=17230"},"author":{"name":"jenca","@id":"https:\/\/www.vkpbratislava.sk\/#\/schema\/person\/7037e769f9515aa58493d1b5852c4c50"},"headline":"Jasn\u00e9 v\u00ed\u0165azstvo na palubovke mlad\u00fdch reprezentantiek","datePublished":"2022-12-03T18:27:35+00:00","mainEntityOfPage":{"@id":"https:\/\/www.vkpbratislava.sk\/?p=17230"},"wordCount":246,"publisher":{"@id":"https:\/\/www.vkpbratislava.sk\/#organization"},"image":{"@id":"https:\/\/www.vkpbratislava.sk\/?p=17230#primaryimage"},"thumbnailUrl":"https:\/\/www.vkpbratislava.sk\/wp-content\/uploads\/2022\/11\/20221126_iurban79_VKP-BA-Z-vs-Brusno_DSC00550.jpg","articleSection":["\u017deny"],"inLanguage":"sk-SK"},{"@type":"WebPage","@id":"https:\/\/www.vkpbratislava.sk\/?p=17230","url":"https:\/\/www.vkpbratislava.sk\/?p=17230","name":"Jasn\u00e9 v\u00ed\u0165azstvo na palubovke mlad\u00fdch reprezentantiek - VK SLOVAN Bratislava","isPartOf":{"@id":"https:\/\/www.vkpbratislava.sk\/#website"},"primaryImageOfPage":{"@id":"https:\/\/www.vkpbratislava.sk\/?p=17230#primaryimage"},"image":{"@id":"https:\/\/www.vkpbratislava.sk\/?p=17230#primaryimage"},"thumbnailUrl":"https:\/\/www.vkpbratislava.sk\/wp-content\/uploads\/2022\/11\/20221126_iurban79_VKP-BA-Z-vs-Brusno_DSC00550.jpg","datePublished":"2022-12-03T18:27:35+00:00","description":"\u017deny VKP Bratislava zv\u00ed\u0165azili na palubovke mlad\u00fdch reprezentantiek z Projekt RD SVF v Nitre 3:0 a minim\u00e1lne do nedele sa stali l\u00edderkami v tabu\u013eke extraligy.","breadcrumb":{"@id":"https:\/\/www.vkpbratislava.sk\/?p=17230#breadcrumb"},"inLanguage":"sk-SK","potentialAction":[{"@type":"ReadAction","target":["https:\/\/www.vkpbratislava.sk\/?p=17230"]}]},{"@type":"ImageObject","inLanguage":"sk-SK","@id":"https:\/\/www.vkpbratislava.sk\/?p=17230#primaryimage","url":"https:\/\/www.vkpbratislava.sk\/wp-content\/uploads\/2022\/11\/20221126_iurban79_VKP-BA-Z-vs-Brusno_DSC00550.jpg","contentUrl":"https:\/\/www.vkpbratislava.sk\/wp-content\/uploads\/2022\/11\/20221126_iurban79_VKP-BA-Z-vs-Brusno_DSC00550.jpg","width":2500,"height":1667},{"@type":"BreadcrumbList","@id":"https:\/\/www.vkpbratislava.sk\/?p=17230#breadcrumb","itemListElement":[{"@type":"ListItem","position":1,"name":"Domov","item":"https:\/\/www.vkpbratislava.sk\/"},{"@type":"ListItem","position":2,"name":"Jasn\u00e9 v\u00ed\u0165azstvo na palubovke mlad\u00fdch reprezentantiek"}]},{"@type":"WebSite","@id":"https:\/\/www.vkpbratislava.sk\/#website","url":"https:\/\/www.vkpbratislava.sk\/","name":"VK SLOVAN Bratislava","description":"Volejbalov\u00fd klub","publisher":{"@id":"https:\/\/www.vkpbratislava.sk\/#organization"},"potentialAction":[{"@type":"SearchAction","target":{"@type":"EntryPoint","urlTemplate":"https:\/\/www.vkpbratislava.sk\/?s={search_term_string}"},"query-input":{"@type":"PropertyValueSpecification","valueRequired":true,"valueName":"search_term_string"}}],"inLanguage":"sk-SK"},{"@type":"Organization","@id":"https:\/\/www.vkpbratislava.sk\/#organization","name":"VKP Bratislava","url":"https:\/\/www.vkpbratislava.sk\/","logo":{"@type":"ImageObject","inLanguage":"sk-SK","@id":"https:\/\/www.vkpbratislava.sk\/#\/schema\/logo\/image\/","url":"https:\/\/www.vkpbratislava.sk\/wp-content\/uploads\/2020\/10\/vkpBA.png","contentUrl":"https:\/\/www.vkpbratislava.sk\/wp-content\/uploads\/2020\/10\/vkpBA.png","width":600,"height":600,"caption":"VKP Bratislava"},"image":{"@id":"https:\/\/www.vkpbratislava.sk\/#\/schema\/logo\/image\/"}},{"@type":"Person","@id":"https:\/\/www.vkpbratislava.sk\/#\/schema\/person\/7037e769f9515aa58493d1b5852c4c50","name":"jenca","image":{"@type":"ImageObject","inLanguage":"sk-SK","@id":"https:\/\/www.vkpbratislava.sk\/#\/schema\/person\/image\/","url":"https:\/\/secure.gravatar.com\/avatar\/67aa89e9aab2911bbd0c6fbf0a891ea8d80c207c9b6a6e2c96e13fc2f16e536d?s=96&d=mm&r=g","contentUrl":"https:\/\/secure.gravatar.com\/avatar\/67aa89e9aab2911bbd0c6fbf0a891ea8d80c207c9b6a6e2c96e13fc2f16e536d?s=96&d=mm&r=g","caption":"jenca"},"url":"https:\/\/www.vkpbratislava.sk\/?author=3"}]}},"_links":{"self":[{"href":"https:\/\/www.vkpbratislava.sk\/index.php?rest_route=\/wp\/v2\/posts\/17230","targetHints":{"allow":["GET"]}}],"collection":[{"href":"https:\/\/www.vkpbratislava.sk\/index.php?rest_route=\/wp\/v2\/posts"}],"about":[{"href":"https:\/\/www.vkpbratislava.sk\/index.php?rest_route=\/wp\/v2\/types\/post"}],"author":[{"embeddable":true,"href":"https:\/\/www.vkpbratislava.sk\/index.php?rest_route=\/wp\/v2\/users\/3"}],"replies":[{"embeddable":true,"href":"https:\/\/www.vkpbratislava.sk\/index.php?rest_route=%2Fwp%2Fv2%2Fcomments&post=17230"}],"version-history":[{"count":1,"href":"https:\/\/www.vkpbratislava.sk\/index.php?rest_route=\/wp\/v2\/posts\/17230\/revisions"}],"predecessor-version":[{"id":17231,"href":"https:\/\/www.vkpbratislava.sk\/index.php?rest_route=\/wp\/v2\/posts\/17230\/revisions\/17231"}],"wp:featuredmedia":[{"embeddable":true,"href":"https:\/\/www.vkpbratislava.sk\/index.php?rest_route=\/wp\/v2\/media\/17090"}],"wp:attachment":[{"href":"https:\/\/www.vkpbratislava.sk\/index.php?rest_route=%2Fwp%2Fv2%2Fmedia&parent=17230"}],"wp:term":[{"taxonomy":"category","embeddable":true,"href":"https:\/\/www.vkpbratislava.sk\/index.php?rest_route=%2Fwp%2Fv2%2Fcategories&post=17230"},{"taxonomy":"post_tag","embeddable":true,"href":"https:\/\/www.vkpbratislava.sk\/index.php?rest_route=%2Fwp%2Fv2%2Ftags&post=17230"}],"curies":[{"name":"wp","href":"https:\/\/api.w.org\/{rel}","templated":true}]}}