{"id":17335,"date":"2022-12-07T23:18:07","date_gmt":"2022-12-07T22:18:07","guid":{"rendered":"https:\/\/www.vkpbratislava.sk\/?p=17335"},"modified":"2022-12-07T23:18:07","modified_gmt":"2022-12-07T22:18:07","slug":"v-pozmenenej-zostave-s-troma-bodmi","status":"publish","type":"post","link":"https:\/\/www.vkpbratislava.sk\/?p=17335","title":{"rendered":"V pozmenenej zostave s troma bodmi"},"content":{"rendered":"<p><strong>Po mikul\u00e1\u0161skej n\u00e1dielke nast\u00fapili zverenkyne Pavla Bern\u00e1tha na s\u00faboj proti VK Pre\u0161ov a napriek strate setu dok\u00e1zali v pozmenenej zostave z\u00edska\u0165 tri body.<\/strong><\/p>\n<p><b>VKP BRATISLAVA \u2013 VK PRE\u0160OV 3:1 (15, 17, -24, 21)<\/b><\/p>\n<p><b>Rozhodovali: <\/b>Dovi\u010dovi\u010d a\u00a0Morav\u010d\u00edk, 70 div\u00e1kov.<\/p>\n<p><b>VKP: <\/b>Smie\u0161kov\u00e1 0, \u0160termensk\u00e1 3, Ta. Hru\u0161eck\u00e1 12, Spev\u00e1r 13, N\u00e1vratov\u00e1 17, Fartelov\u00e1 9, liberky Tak\u00e1\u010dov\u00e1 a\u00a0Pelozo (Murillo 2, \u010cin\u010durov\u00e1 1, Koh\u00fatov\u00e1 2). Tr\u00e9ner: P. Bern\u00e1th.<\/p>\n<p><b>VK: <\/b>Pisar\u010d\u00edkov\u00e1 14, Schniererov\u00e1 7, Novotn\u00e1 12, Paul\u00ednyov\u00e1 9, Luk\u00e1\u010dov\u00e1 16, G\u00e9cziov\u00e1 4, liberka \u0160romovsk\u00e1 (\u0160tefan\u00edkov\u00e1 0, I. Grock\u00e1 0). Tr\u00e9ner: M. Sopko.<\/p>\n<p><b>Hr\u00e1\u010dky z\u00e1pasu: <\/b>Diana N\u00e1vratov\u00e1 (VKP Bratislava) \u2013 Vikt\u00f3ria Novotn\u00e1 (VK Pre\u0161ov)<\/p>\n<p><b>Pavel Bern\u00e1th, tr\u00e9ner VKP: <\/b><i>\u201eNast\u00fapili sme v\u00a0pozmenenej zostave, \u010do n\u00e1m dr\u017ealo dva a\u00a0tri \u0161tvrtiny setu. Potom n\u00e1m u\u0161lo nieko\u013eko l\u00f4pt. S\u00faper sa rozohral a\u00a0to n\u00e1m urobilo probl\u00e9m. Celkovo z\u00e1pas ale hodnot\u00edm pozit\u00edvne.\u201c<\/i><\/p>\n<p><b>Martin Sopko, tr\u00e9ner VK: <\/b><i>\u201eZ na\u0161ej aj strany VKP boli v\u00a0z\u00e1pase dobr\u00e9 pas\u00e1\u017ee, tak\u017ee tento duel mal svoje parametre. V\u017edy, ke\u010f pri\u0161lo na l\u00e1manie chleba, sme spanik\u00e1rili a\u00a0zbrklo rie\u0161ili hlavne koncovku \u0161tvrt\u00e9ho setu, ktor\u00fd sme mali rozohran\u00fd na v\u00ed\u0165azstvo. Neviem, \u010di je to nesk\u00fasenos\u0165ou, alebo slab\u0161ou ment\u00e1lnou odolnos\u0165ou, lebo sme mali VKP na lopate. Netvrd\u00edm, \u017ee by sme tajbrejk vyhrali, ale minim\u00e1lne do piateho setu sme tento z\u00e1pas dotiahnu\u0165 mali. Bol to kvalitn\u00fd volejbal, dalo sa na\u0148 pozera\u0165 predov\u0161etk\u00fdm v\u00a0tre\u0165om a\u00a0\u0161tvrtom sete. Do Bratislavy sme pricestovali v\u00a0men\u0161om po\u010dte hr\u00e1\u010dok, a\u00a0pr\u00e1ve preto som na svoje diev\u010dat\u00e1 hrd\u00fd, \u017ee to nezabalili a\u00a0neprehrali za hodinu 0:3&#8230;\u201c<b> <\/b><\/i><\/p>\n","protected":false},"excerpt":{"rendered":"<p>Po mikul\u00e1\u0161skej n\u00e1dielke nast\u00fapili zverenkyne Pavla Bern\u00e1tha na s\u00faboj proti VK Pre\u0161ov a napriek strate setu dok\u00e1zali v pozmenenej zostave z\u00edska\u0165 tri body.<\/p>\n","protected":false},"author":3,"featured_media":17336,"comment_status":"closed","ping_status":"closed","sticky":false,"template":"","format":"standard","meta":{"_monsterinsights_skip_tracking":false,"_monsterinsights_sitenote_active":false,"_monsterinsights_sitenote_note":"","_monsterinsights_sitenote_category":0,"footnotes":""},"categories":[48],"tags":[],"class_list":["post-17335","post","type-post","status-publish","format-standard","has-post-thumbnail","hentry","category-zeny"],"yoast_head":"<!-- This site is optimized with the Yoast SEO plugin v25.6 - https:\/\/yoast.com\/wordpress\/plugins\/seo\/ -->\n<title>V pozmenenej zostave s troma bodmi - VK SLOVAN Bratislava<\/title>\n<meta name=\"description\" content=\"Po mikul\u00e1\u0161skej n\u00e1dielke nast\u00fapili zverenkyne Pavla Bern\u00e1tha na s\u00faboj proti VK Pre\u0161ov a napriek strate setu dok\u00e1zali v pozmenenej zostave z\u00edska\u0165 tri body.\" \/>\n<meta name=\"robots\" content=\"index, follow, max-snippet:-1, max-image-preview:large, max-video-preview:-1\" \/>\n<link rel=\"canonical\" href=\"https:\/\/www.vkpbratislava.sk\/?p=17335\" \/>\n<meta property=\"og:locale\" content=\"sk_SK\" \/>\n<meta property=\"og:type\" content=\"article\" \/>\n<meta property=\"og:title\" content=\"V pozmenenej zostave s troma bodmi - VK SLOVAN Bratislava\" \/>\n<meta property=\"og:description\" content=\"Po mikul\u00e1\u0161skej n\u00e1dielke nast\u00fapili zverenkyne Pavla Bern\u00e1tha na s\u00faboj proti VK Pre\u0161ov a napriek strate setu dok\u00e1zali v pozmenenej zostave z\u00edska\u0165 tri body.\" \/>\n<meta property=\"og:url\" content=\"https:\/\/www.vkpbratislava.sk\/?p=17335\" \/>\n<meta property=\"og:site_name\" content=\"VK SLOVAN Bratislava\" \/>\n<meta property=\"article:published_time\" content=\"2022-12-07T22:18:07+00:00\" \/>\n<meta property=\"og:image\" content=\"https:\/\/www.vkpbratislava.sk\/wp-content\/uploads\/2022\/12\/DSC00452-scaled-e1670451465610.jpg\" \/>\n\t<meta property=\"og:image:width\" content=\"1707\" \/>\n\t<meta property=\"og:image:height\" content=\"1100\" \/>\n\t<meta property=\"og:image:type\" content=\"image\/jpeg\" \/>\n<meta name=\"author\" content=\"jenca\" \/>\n<meta name=\"twitter:card\" content=\"summary_large_image\" \/>\n<meta name=\"twitter:label1\" content=\"Autor\" \/>\n\t<meta name=\"twitter:data1\" content=\"jenca\" \/>\n\t<meta name=\"twitter:label2\" content=\"Predpokladan\u00fd \u010das \u010d\u00edtania\" \/>\n\t<meta name=\"twitter:data2\" content=\"2 min\u00faty\" \/>\n<script type=\"application\/ld+json\" class=\"yoast-schema-graph\">{\"@context\":\"https:\/\/schema.org\",\"@graph\":[{\"@type\":\"Article\",\"@id\":\"https:\/\/www.vkpbratislava.sk\/?p=17335#article\",\"isPartOf\":{\"@id\":\"https:\/\/www.vkpbratislava.sk\/?p=17335\"},\"author\":{\"name\":\"jenca\",\"@id\":\"https:\/\/www.vkpbratislava.sk\/#\/schema\/person\/7037e769f9515aa58493d1b5852c4c50\"},\"headline\":\"V pozmenenej zostave s troma bodmi\",\"datePublished\":\"2022-12-07T22:18:07+00:00\",\"mainEntityOfPage\":{\"@id\":\"https:\/\/www.vkpbratislava.sk\/?p=17335\"},\"wordCount\":301,\"publisher\":{\"@id\":\"https:\/\/www.vkpbratislava.sk\/#organization\"},\"image\":{\"@id\":\"https:\/\/www.vkpbratislava.sk\/?p=17335#primaryimage\"},\"thumbnailUrl\":\"https:\/\/www.vkpbratislava.sk\/wp-content\/uploads\/2022\/12\/DSC00452-scaled-e1670451465610.jpg\",\"articleSection\":[\"\u017deny\"],\"inLanguage\":\"sk-SK\"},{\"@type\":\"WebPage\",\"@id\":\"https:\/\/www.vkpbratislava.sk\/?p=17335\",\"url\":\"https:\/\/www.vkpbratislava.sk\/?p=17335\",\"name\":\"V pozmenenej zostave s troma bodmi - VK SLOVAN Bratislava\",\"isPartOf\":{\"@id\":\"https:\/\/www.vkpbratislava.sk\/#website\"},\"primaryImageOfPage\":{\"@id\":\"https:\/\/www.vkpbratislava.sk\/?p=17335#primaryimage\"},\"image\":{\"@id\":\"https:\/\/www.vkpbratislava.sk\/?p=17335#primaryimage\"},\"thumbnailUrl\":\"https:\/\/www.vkpbratislava.sk\/wp-content\/uploads\/2022\/12\/DSC00452-scaled-e1670451465610.jpg\",\"datePublished\":\"2022-12-07T22:18:07+00:00\",\"description\":\"Po mikul\u00e1\u0161skej n\u00e1dielke nast\u00fapili zverenkyne Pavla Bern\u00e1tha na s\u00faboj proti VK Pre\u0161ov a napriek strate setu dok\u00e1zali v pozmenenej zostave z\u00edska\u0165 tri body.\",\"breadcrumb\":{\"@id\":\"https:\/\/www.vkpbratislava.sk\/?p=17335#breadcrumb\"},\"inLanguage\":\"sk-SK\",\"potentialAction\":[{\"@type\":\"ReadAction\",\"target\":[\"https:\/\/www.vkpbratislava.sk\/?p=17335\"]}]},{\"@type\":\"ImageObject\",\"inLanguage\":\"sk-SK\",\"@id\":\"https:\/\/www.vkpbratislava.sk\/?p=17335#primaryimage\",\"url\":\"https:\/\/www.vkpbratislava.sk\/wp-content\/uploads\/2022\/12\/DSC00452-scaled-e1670451465610.jpg\",\"contentUrl\":\"https:\/\/www.vkpbratislava.sk\/wp-content\/uploads\/2022\/12\/DSC00452-scaled-e1670451465610.jpg\",\"width\":1707,\"height\":1100},{\"@type\":\"BreadcrumbList\",\"@id\":\"https:\/\/www.vkpbratislava.sk\/?p=17335#breadcrumb\",\"itemListElement\":[{\"@type\":\"ListItem\",\"position\":1,\"name\":\"Domov\",\"item\":\"https:\/\/www.vkpbratislava.sk\/\"},{\"@type\":\"ListItem\",\"position\":2,\"name\":\"V pozmenenej zostave s troma bodmi\"}]},{\"@type\":\"WebSite\",\"@id\":\"https:\/\/www.vkpbratislava.sk\/#website\",\"url\":\"https:\/\/www.vkpbratislava.sk\/\",\"name\":\"VK SLOVAN Bratislava\",\"description\":\"Volejbalov\u00fd klub\",\"publisher\":{\"@id\":\"https:\/\/www.vkpbratislava.sk\/#organization\"},\"potentialAction\":[{\"@type\":\"SearchAction\",\"target\":{\"@type\":\"EntryPoint\",\"urlTemplate\":\"https:\/\/www.vkpbratislava.sk\/?s={search_term_string}\"},\"query-input\":{\"@type\":\"PropertyValueSpecification\",\"valueRequired\":true,\"valueName\":\"search_term_string\"}}],\"inLanguage\":\"sk-SK\"},{\"@type\":\"Organization\",\"@id\":\"https:\/\/www.vkpbratislava.sk\/#organization\",\"name\":\"VKP Bratislava\",\"url\":\"https:\/\/www.vkpbratislava.sk\/\",\"logo\":{\"@type\":\"ImageObject\",\"inLanguage\":\"sk-SK\",\"@id\":\"https:\/\/www.vkpbratislava.sk\/#\/schema\/logo\/image\/\",\"url\":\"https:\/\/www.vkpbratislava.sk\/wp-content\/uploads\/2020\/10\/vkpBA.png\",\"contentUrl\":\"https:\/\/www.vkpbratislava.sk\/wp-content\/uploads\/2020\/10\/vkpBA.png\",\"width\":600,\"height\":600,\"caption\":\"VKP Bratislava\"},\"image\":{\"@id\":\"https:\/\/www.vkpbratislava.sk\/#\/schema\/logo\/image\/\"}},{\"@type\":\"Person\",\"@id\":\"https:\/\/www.vkpbratislava.sk\/#\/schema\/person\/7037e769f9515aa58493d1b5852c4c50\",\"name\":\"jenca\",\"image\":{\"@type\":\"ImageObject\",\"inLanguage\":\"sk-SK\",\"@id\":\"https:\/\/www.vkpbratislava.sk\/#\/schema\/person\/image\/\",\"url\":\"https:\/\/secure.gravatar.com\/avatar\/67aa89e9aab2911bbd0c6fbf0a891ea8d80c207c9b6a6e2c96e13fc2f16e536d?s=96&d=mm&r=g\",\"contentUrl\":\"https:\/\/secure.gravatar.com\/avatar\/67aa89e9aab2911bbd0c6fbf0a891ea8d80c207c9b6a6e2c96e13fc2f16e536d?s=96&d=mm&r=g\",\"caption\":\"jenca\"},\"url\":\"https:\/\/www.vkpbratislava.sk\/?author=3\"}]}<\/script>\n<!-- \/ Yoast SEO plugin. -->","yoast_head_json":{"title":"V pozmenenej zostave s troma bodmi - VK SLOVAN Bratislava","description":"Po mikul\u00e1\u0161skej n\u00e1dielke nast\u00fapili zverenkyne Pavla Bern\u00e1tha na s\u00faboj proti VK Pre\u0161ov a napriek strate setu dok\u00e1zali v pozmenenej zostave z\u00edska\u0165 tri body.","robots":{"index":"index","follow":"follow","max-snippet":"max-snippet:-1","max-image-preview":"max-image-preview:large","max-video-preview":"max-video-preview:-1"},"canonical":"https:\/\/www.vkpbratislava.sk\/?p=17335","og_locale":"sk_SK","og_type":"article","og_title":"V pozmenenej zostave s troma bodmi - VK SLOVAN Bratislava","og_description":"Po mikul\u00e1\u0161skej n\u00e1dielke nast\u00fapili zverenkyne Pavla Bern\u00e1tha na s\u00faboj proti VK Pre\u0161ov a napriek strate setu dok\u00e1zali v pozmenenej zostave z\u00edska\u0165 tri body.","og_url":"https:\/\/www.vkpbratislava.sk\/?p=17335","og_site_name":"VK SLOVAN Bratislava","article_published_time":"2022-12-07T22:18:07+00:00","og_image":[{"width":1707,"height":1100,"url":"https:\/\/www.vkpbratislava.sk\/wp-content\/uploads\/2022\/12\/DSC00452-scaled-e1670451465610.jpg","type":"image\/jpeg"}],"author":"jenca","twitter_card":"summary_large_image","twitter_misc":{"Autor":"jenca","Predpokladan\u00fd \u010das \u010d\u00edtania":"2 min\u00faty"},"schema":{"@context":"https:\/\/schema.org","@graph":[{"@type":"Article","@id":"https:\/\/www.vkpbratislava.sk\/?p=17335#article","isPartOf":{"@id":"https:\/\/www.vkpbratislava.sk\/?p=17335"},"author":{"name":"jenca","@id":"https:\/\/www.vkpbratislava.sk\/#\/schema\/person\/7037e769f9515aa58493d1b5852c4c50"},"headline":"V pozmenenej zostave s troma bodmi","datePublished":"2022-12-07T22:18:07+00:00","mainEntityOfPage":{"@id":"https:\/\/www.vkpbratislava.sk\/?p=17335"},"wordCount":301,"publisher":{"@id":"https:\/\/www.vkpbratislava.sk\/#organization"},"image":{"@id":"https:\/\/www.vkpbratislava.sk\/?p=17335#primaryimage"},"thumbnailUrl":"https:\/\/www.vkpbratislava.sk\/wp-content\/uploads\/2022\/12\/DSC00452-scaled-e1670451465610.jpg","articleSection":["\u017deny"],"inLanguage":"sk-SK"},{"@type":"WebPage","@id":"https:\/\/www.vkpbratislava.sk\/?p=17335","url":"https:\/\/www.vkpbratislava.sk\/?p=17335","name":"V pozmenenej zostave s troma bodmi - VK SLOVAN Bratislava","isPartOf":{"@id":"https:\/\/www.vkpbratislava.sk\/#website"},"primaryImageOfPage":{"@id":"https:\/\/www.vkpbratislava.sk\/?p=17335#primaryimage"},"image":{"@id":"https:\/\/www.vkpbratislava.sk\/?p=17335#primaryimage"},"thumbnailUrl":"https:\/\/www.vkpbratislava.sk\/wp-content\/uploads\/2022\/12\/DSC00452-scaled-e1670451465610.jpg","datePublished":"2022-12-07T22:18:07+00:00","description":"Po mikul\u00e1\u0161skej n\u00e1dielke nast\u00fapili zverenkyne Pavla Bern\u00e1tha na s\u00faboj proti VK Pre\u0161ov a napriek strate setu dok\u00e1zali v pozmenenej zostave z\u00edska\u0165 tri body.","breadcrumb":{"@id":"https:\/\/www.vkpbratislava.sk\/?p=17335#breadcrumb"},"inLanguage":"sk-SK","potentialAction":[{"@type":"ReadAction","target":["https:\/\/www.vkpbratislava.sk\/?p=17335"]}]},{"@type":"ImageObject","inLanguage":"sk-SK","@id":"https:\/\/www.vkpbratislava.sk\/?p=17335#primaryimage","url":"https:\/\/www.vkpbratislava.sk\/wp-content\/uploads\/2022\/12\/DSC00452-scaled-e1670451465610.jpg","contentUrl":"https:\/\/www.vkpbratislava.sk\/wp-content\/uploads\/2022\/12\/DSC00452-scaled-e1670451465610.jpg","width":1707,"height":1100},{"@type":"BreadcrumbList","@id":"https:\/\/www.vkpbratislava.sk\/?p=17335#breadcrumb","itemListElement":[{"@type":"ListItem","position":1,"name":"Domov","item":"https:\/\/www.vkpbratislava.sk\/"},{"@type":"ListItem","position":2,"name":"V pozmenenej zostave s troma bodmi"}]},{"@type":"WebSite","@id":"https:\/\/www.vkpbratislava.sk\/#website","url":"https:\/\/www.vkpbratislava.sk\/","name":"VK SLOVAN Bratislava","description":"Volejbalov\u00fd klub","publisher":{"@id":"https:\/\/www.vkpbratislava.sk\/#organization"},"potentialAction":[{"@type":"SearchAction","target":{"@type":"EntryPoint","urlTemplate":"https:\/\/www.vkpbratislava.sk\/?s={search_term_string}"},"query-input":{"@type":"PropertyValueSpecification","valueRequired":true,"valueName":"search_term_string"}}],"inLanguage":"sk-SK"},{"@type":"Organization","@id":"https:\/\/www.vkpbratislava.sk\/#organization","name":"VKP Bratislava","url":"https:\/\/www.vkpbratislava.sk\/","logo":{"@type":"ImageObject","inLanguage":"sk-SK","@id":"https:\/\/www.vkpbratislava.sk\/#\/schema\/logo\/image\/","url":"https:\/\/www.vkpbratislava.sk\/wp-content\/uploads\/2020\/10\/vkpBA.png","contentUrl":"https:\/\/www.vkpbratislava.sk\/wp-content\/uploads\/2020\/10\/vkpBA.png","width":600,"height":600,"caption":"VKP Bratislava"},"image":{"@id":"https:\/\/www.vkpbratislava.sk\/#\/schema\/logo\/image\/"}},{"@type":"Person","@id":"https:\/\/www.vkpbratislava.sk\/#\/schema\/person\/7037e769f9515aa58493d1b5852c4c50","name":"jenca","image":{"@type":"ImageObject","inLanguage":"sk-SK","@id":"https:\/\/www.vkpbratislava.sk\/#\/schema\/person\/image\/","url":"https:\/\/secure.gravatar.com\/avatar\/67aa89e9aab2911bbd0c6fbf0a891ea8d80c207c9b6a6e2c96e13fc2f16e536d?s=96&d=mm&r=g","contentUrl":"https:\/\/secure.gravatar.com\/avatar\/67aa89e9aab2911bbd0c6fbf0a891ea8d80c207c9b6a6e2c96e13fc2f16e536d?s=96&d=mm&r=g","caption":"jenca"},"url":"https:\/\/www.vkpbratislava.sk\/?author=3"}]}},"_links":{"self":[{"href":"https:\/\/www.vkpbratislava.sk\/index.php?rest_route=\/wp\/v2\/posts\/17335","targetHints":{"allow":["GET"]}}],"collection":[{"href":"https:\/\/www.vkpbratislava.sk\/index.php?rest_route=\/wp\/v2\/posts"}],"about":[{"href":"https:\/\/www.vkpbratislava.sk\/index.php?rest_route=\/wp\/v2\/types\/post"}],"author":[{"embeddable":true,"href":"https:\/\/www.vkpbratislava.sk\/index.php?rest_route=\/wp\/v2\/users\/3"}],"replies":[{"embeddable":true,"href":"https:\/\/www.vkpbratislava.sk\/index.php?rest_route=%2Fwp%2Fv2%2Fcomments&post=17335"}],"version-history":[{"count":1,"href":"https:\/\/www.vkpbratislava.sk\/index.php?rest_route=\/wp\/v2\/posts\/17335\/revisions"}],"predecessor-version":[{"id":17338,"href":"https:\/\/www.vkpbratislava.sk\/index.php?rest_route=\/wp\/v2\/posts\/17335\/revisions\/17338"}],"wp:featuredmedia":[{"embeddable":true,"href":"https:\/\/www.vkpbratislava.sk\/index.php?rest_route=\/wp\/v2\/media\/17336"}],"wp:attachment":[{"href":"https:\/\/www.vkpbratislava.sk\/index.php?rest_route=%2Fwp%2Fv2%2Fmedia&parent=17335"}],"wp:term":[{"taxonomy":"category","embeddable":true,"href":"https:\/\/www.vkpbratislava.sk\/index.php?rest_route=%2Fwp%2Fv2%2Fcategories&post=17335"},{"taxonomy":"post_tag","embeddable":true,"href":"https:\/\/www.vkpbratislava.sk\/index.php?rest_route=%2Fwp%2Fv2%2Ftags&post=17335"}],"curies":[{"name":"wp","href":"https:\/\/api.w.org\/{rel}","templated":true}]}}