{"id":17526,"date":"2022-12-09T10:12:40","date_gmt":"2022-12-09T09:12:40","guid":{"rendered":"https:\/\/www.vkpbratislava.sk\/?p=17526"},"modified":"2022-12-09T10:12:40","modified_gmt":"2022-12-09T09:12:40","slug":"v-zapase-s-trnavou-povieme-nahlas-nie-rakovine-pluc","status":"publish","type":"post","link":"https:\/\/www.vkpbratislava.sk\/?p=17526","title":{"rendered":"V z\u00e1pase s Trnavou povieme nahlas NIE RAKOVINE P\u013d\u00daC"},"content":{"rendered":"<p><strong><em>Volejbalov\u00fd klub VKP Bratislava sa v\u00a0spolupr\u00e1ci s\u00a0pacientskou alianciou NIE RAKOVINE rozhodli pripravi\u0165 v\u00fdnimo\u010dn\u00fa osvetov\u00fa a\u00a0benefi\u010dn\u00fa \u0161portov\u00fa udalos\u0165 v\u00a0r\u00e1mci z\u00e1pasu 13. kola Nik\u00e9 Extraligy \u017eien medzi VKP Bratislava a\u00a0Hit UCM Trnava, ktor\u00fd sa odohr\u00e1 10. decembra 2022 o\u00a020.30 hod. v\u00a0novej \u0161portovej hale pri Dome \u0161portu na Jun\u00e1ckej ulici. <\/em><\/strong><\/p>\n<p><strong>Vyhr\u00e1va ka\u017ed\u00fd<\/strong><\/p>\n<p>Hr\u00e1\u010dky obidvoch dru\u017estiev nast\u00fapia na \u00favodn\u00e9 predstavenie v\u00a0sprievode dvoch ambas\u00e1doriek, ktor\u00fdm vst\u00fapila do \u017eivota rakovina p\u013e\u00fac a zakladate\u013eov <strong>OZ NIE RAKOVINE<\/strong> Jany Pifflovej \u0160pankovej, Patrika Hermana a\u00a0Bibiany Ondrejkovej. <em>\u201eSme ve\u013emi radi, \u017ee budeme s\u00fa\u010das\u0165ou hry, v\u00a0ktorej vyhr\u00e1va ka\u017ed\u00fd. \u017del\u00e1me si, aby tomu tak bolo aj v\u00a0re\u00e1lnych \u017eivotoch na\u0161ich pacientov,\u201c<\/em> povedala prezidentka NIE RAKOVINE, Jana Pifflov\u00e1 \u0160pankov\u00e1.<\/p>\n<p>Volejbalistky sa v\u00a0\u0161l\u00e1gri kola pri n\u00e1stupe na palubovku predstavia v\u00a0tri\u010dk\u00e1ch, ktor\u00fdmi pouk\u00e1\u017eu na <strong>potrebu prevencie a\u00a0lie\u010dby rakoviny p\u013e\u00fac.<\/strong> V\u00fd\u0165a\u017eok z\u00a0benefi\u010dn\u00e9ho z\u00e1pasu poputuje na chod pacientskych poradn\u00ed NIE RAKOVINE v Bratislave a\u00a0Trnave.<\/p>\n<p><em>\u201eProbl\u00e9m karcin\u00f3mu p\u013e\u00fac sa n\u00e1\u0161ho volejbalov\u00e9ho klubu priamo dot\u00fdka. Na\u0161a\u00a0kapit\u00e1nka t\u00edmu Zuzka P\u00edse\u010dn\u00e1 pri\u0161la pre rakovinu o\u00a0oboch rodi\u010dov a\u00a0stala sa ambas\u00e1dorkou osvety zdrav\u00fdch p\u013e\u00fac. Ak m\u00e1me aj my mo\u017enosti a\u00a0priestor akoko\u013evek pom\u00f4c\u0165 v\u00a0prevencii pred touto z\u00e1kernou chorobou, radi to urob\u00edme. <strong>Na \u0161l\u00e1ger s\u00a0Trnavou sme teda stanovili dobrovo\u013en\u00e9 vstupn\u00e9 a\u00a0cel\u00fd v\u00fd\u0165a\u017eok p\u00f4jde na dobr\u00fa vec.<\/strong> Ver\u00edm, \u017ee do haly pr\u00edde \u010do najviac \u013eud\u00ed a\u00a0spolo\u010dne povieme NIE RAKOVINE,\u201c<\/em> prezradil medi\u00e1lny mana\u017e\u00e9r VKP Bratislava Michal Bachrat\u00fd.<\/p>\n<p><strong>Tis\u00edcky \u017eivotov ro\u010dne<\/strong><\/p>\n<p>Slovensko potrebuje ve\u013ea osvety a\u00a0zmien, \u017eia\u013e v s\u00fa\u010dasnosti m\u00e1me najhor\u0161ie v\u00fdsledky v\u00a0Eur\u00f3pe v oblasti\u00a0 rakoviny p\u013e\u00fac. Je to o to \u0161okuj\u00facej\u0161ie, \u017ee \u017eijeme v \u010dase, ke\u010f sa celosvetovo men\u00ed poh\u013ead na toto ochorenie, ako na lie\u010dite\u013en\u00e9 a\u00a0vylie\u010dite\u013en\u00e9<em>. \u201eIde o\u00a0najzanedbanej\u0161\u00ed\u0301 segment z poh\u013eadu dostupnosti onkologickej diagnostiky aj lie\u010dby, ktor\u00ed priprav\u00ed o\u00a0\u017eivot takmer 3000 Slov\u00e1kov ro\u010dne. Pom\u00f4\u017ete n\u00e1m to zmeni\u0165,\u201c<\/em> vyz\u00fdva \u0160pankov\u00e1<em>. \u201e\u010eakujeme, \u017ee v sobotu pr\u00eddete a\u00a0podpor\u00edte hlas zodpovednej prevencie,\u00a0v\u010dasnej diagnostiky a\u00a0dostupnej modernej lie\u010dby \u2013 svojou \u00fa\u010das\u0165ou aj hlasn\u00fdm skandovan\u00edm.\u201c<\/em><\/p>\n<p><em>Z\u00e1pas bude v\u00a0priamom prenose vysiela\u0165 aj \u0161portov\u00fd telev\u00edzny kan\u00e1l JOJ \u0160port so za\u010diatkom o\u00a020.25 hod.<\/em><\/p>\n<p><em>Spolu povedzme NIE RAKOVINE P\u013d\u00daC.<\/em><\/p>\n","protected":false},"excerpt":{"rendered":"<p>Volejbalov\u00fd klub VKP Bratislava sa v\u00a0spolupr\u00e1ci s\u00a0pacientskou alianciou NIE RAKOVINE rozhodli pripravi\u0165 v\u00fdnimo\u010dn\u00fa osvetov\u00fa a\u00a0benefi\u010dn\u00fa \u0161portov\u00fa udalos\u0165 v\u00a0r\u00e1mci z\u00e1pasu 13. kola Nik\u00e9 Extraligy \u017eien medzi VKP Bratislava a\u00a0Hit UCM Trnava.<\/p>\n","protected":false},"author":3,"featured_media":17527,"comment_status":"closed","ping_status":"closed","sticky":false,"template":"","format":"standard","meta":{"_monsterinsights_skip_tracking":false,"_monsterinsights_sitenote_active":false,"_monsterinsights_sitenote_note":"","_monsterinsights_sitenote_category":0,"footnotes":""},"categories":[48],"tags":[],"class_list":["post-17526","post","type-post","status-publish","format-standard","has-post-thumbnail","hentry","category-zeny"],"yoast_head":"<!-- This site is optimized with the Yoast SEO plugin v25.6 - https:\/\/yoast.com\/wordpress\/plugins\/seo\/ -->\n<title>V z\u00e1pase s Trnavou povieme nahlas NIE RAKOVINE P\u013d\u00daC - VK SLOVAN Bratislava<\/title>\n<meta name=\"description\" content=\"Volejbalov\u00fd klub VKP Bratislava sa v\u00a0spolupr\u00e1ci s\u00a0pacientskou alianciou NIE RAKOVINE rozhodli pripravi\u0165 v\u00fdnimo\u010dn\u00fa osvetov\u00fa a\u00a0benefi\u010dn\u00fa \u0161portov\u00fa udalos\u0165 v\u00a0r\u00e1mci z\u00e1pasu 13. kola Nik\u00e9 Extraligy \u017eien medzi VKP Bratislava a\u00a0Hit UCM Trnava.\" \/>\n<meta name=\"robots\" content=\"index, follow, max-snippet:-1, max-image-preview:large, max-video-preview:-1\" \/>\n<link rel=\"canonical\" href=\"https:\/\/www.vkpbratislava.sk\/?p=17526\" \/>\n<meta property=\"og:locale\" content=\"sk_SK\" \/>\n<meta property=\"og:type\" content=\"article\" \/>\n<meta property=\"og:title\" content=\"V z\u00e1pase s Trnavou povieme nahlas NIE RAKOVINE P\u013d\u00daC - VK SLOVAN Bratislava\" \/>\n<meta property=\"og:description\" content=\"Volejbalov\u00fd klub VKP Bratislava sa v\u00a0spolupr\u00e1ci s\u00a0pacientskou alianciou NIE RAKOVINE rozhodli pripravi\u0165 v\u00fdnimo\u010dn\u00fa osvetov\u00fa a\u00a0benefi\u010dn\u00fa \u0161portov\u00fa udalos\u0165 v\u00a0r\u00e1mci z\u00e1pasu 13. kola Nik\u00e9 Extraligy \u017eien medzi VKP Bratislava a\u00a0Hit UCM Trnava.\" \/>\n<meta property=\"og:url\" content=\"https:\/\/www.vkpbratislava.sk\/?p=17526\" \/>\n<meta property=\"og:site_name\" content=\"VK SLOVAN Bratislava\" \/>\n<meta property=\"article:published_time\" content=\"2022-12-09T09:12:40+00:00\" \/>\n<meta property=\"og:image\" content=\"https:\/\/www.vkpbratislava.sk\/wp-content\/uploads\/2022\/12\/FBcover.jpg\" \/>\n\t<meta property=\"og:image:width\" content=\"2250\" \/>\n\t<meta property=\"og:image:height\" content=\"830\" \/>\n\t<meta property=\"og:image:type\" content=\"image\/jpeg\" \/>\n<meta name=\"author\" content=\"jenca\" \/>\n<meta name=\"twitter:card\" content=\"summary_large_image\" \/>\n<meta name=\"twitter:label1\" content=\"Autor\" \/>\n\t<meta name=\"twitter:data1\" content=\"jenca\" \/>\n\t<meta name=\"twitter:label2\" content=\"Predpokladan\u00fd \u010das \u010d\u00edtania\" \/>\n\t<meta name=\"twitter:data2\" content=\"2 min\u00faty\" \/>\n<script type=\"application\/ld+json\" class=\"yoast-schema-graph\">{\"@context\":\"https:\/\/schema.org\",\"@graph\":[{\"@type\":\"Article\",\"@id\":\"https:\/\/www.vkpbratislava.sk\/?p=17526#article\",\"isPartOf\":{\"@id\":\"https:\/\/www.vkpbratislava.sk\/?p=17526\"},\"author\":{\"name\":\"jenca\",\"@id\":\"https:\/\/www.vkpbratislava.sk\/#\/schema\/person\/7037e769f9515aa58493d1b5852c4c50\"},\"headline\":\"V z\u00e1pase s Trnavou povieme nahlas NIE RAKOVINE P\u013d\u00daC\",\"datePublished\":\"2022-12-09T09:12:40+00:00\",\"mainEntityOfPage\":{\"@id\":\"https:\/\/www.vkpbratislava.sk\/?p=17526\"},\"wordCount\":454,\"publisher\":{\"@id\":\"https:\/\/www.vkpbratislava.sk\/#organization\"},\"image\":{\"@id\":\"https:\/\/www.vkpbratislava.sk\/?p=17526#primaryimage\"},\"thumbnailUrl\":\"https:\/\/www.vkpbratislava.sk\/wp-content\/uploads\/2022\/12\/FBcover.jpg\",\"articleSection\":[\"\u017deny\"],\"inLanguage\":\"sk-SK\"},{\"@type\":\"WebPage\",\"@id\":\"https:\/\/www.vkpbratislava.sk\/?p=17526\",\"url\":\"https:\/\/www.vkpbratislava.sk\/?p=17526\",\"name\":\"V z\u00e1pase s Trnavou povieme nahlas NIE RAKOVINE P\u013d\u00daC - VK SLOVAN Bratislava\",\"isPartOf\":{\"@id\":\"https:\/\/www.vkpbratislava.sk\/#website\"},\"primaryImageOfPage\":{\"@id\":\"https:\/\/www.vkpbratislava.sk\/?p=17526#primaryimage\"},\"image\":{\"@id\":\"https:\/\/www.vkpbratislava.sk\/?p=17526#primaryimage\"},\"thumbnailUrl\":\"https:\/\/www.vkpbratislava.sk\/wp-content\/uploads\/2022\/12\/FBcover.jpg\",\"datePublished\":\"2022-12-09T09:12:40+00:00\",\"description\":\"Volejbalov\u00fd klub VKP Bratislava sa v\u00a0spolupr\u00e1ci s\u00a0pacientskou alianciou NIE RAKOVINE rozhodli pripravi\u0165 v\u00fdnimo\u010dn\u00fa osvetov\u00fa a\u00a0benefi\u010dn\u00fa \u0161portov\u00fa udalos\u0165 v\u00a0r\u00e1mci z\u00e1pasu 13. kola Nik\u00e9 Extraligy \u017eien medzi VKP Bratislava a\u00a0Hit UCM Trnava.\",\"breadcrumb\":{\"@id\":\"https:\/\/www.vkpbratislava.sk\/?p=17526#breadcrumb\"},\"inLanguage\":\"sk-SK\",\"potentialAction\":[{\"@type\":\"ReadAction\",\"target\":[\"https:\/\/www.vkpbratislava.sk\/?p=17526\"]}]},{\"@type\":\"ImageObject\",\"inLanguage\":\"sk-SK\",\"@id\":\"https:\/\/www.vkpbratislava.sk\/?p=17526#primaryimage\",\"url\":\"https:\/\/www.vkpbratislava.sk\/wp-content\/uploads\/2022\/12\/FBcover.jpg\",\"contentUrl\":\"https:\/\/www.vkpbratislava.sk\/wp-content\/uploads\/2022\/12\/FBcover.jpg\",\"width\":2250,\"height\":830},{\"@type\":\"BreadcrumbList\",\"@id\":\"https:\/\/www.vkpbratislava.sk\/?p=17526#breadcrumb\",\"itemListElement\":[{\"@type\":\"ListItem\",\"position\":1,\"name\":\"Domov\",\"item\":\"https:\/\/www.vkpbratislava.sk\/\"},{\"@type\":\"ListItem\",\"position\":2,\"name\":\"V z\u00e1pase s Trnavou povieme nahlas NIE RAKOVINE P\u013d\u00daC\"}]},{\"@type\":\"WebSite\",\"@id\":\"https:\/\/www.vkpbratislava.sk\/#website\",\"url\":\"https:\/\/www.vkpbratislava.sk\/\",\"name\":\"VK SLOVAN Bratislava\",\"description\":\"Volejbalov\u00fd klub\",\"publisher\":{\"@id\":\"https:\/\/www.vkpbratislava.sk\/#organization\"},\"potentialAction\":[{\"@type\":\"SearchAction\",\"target\":{\"@type\":\"EntryPoint\",\"urlTemplate\":\"https:\/\/www.vkpbratislava.sk\/?s={search_term_string}\"},\"query-input\":{\"@type\":\"PropertyValueSpecification\",\"valueRequired\":true,\"valueName\":\"search_term_string\"}}],\"inLanguage\":\"sk-SK\"},{\"@type\":\"Organization\",\"@id\":\"https:\/\/www.vkpbratislava.sk\/#organization\",\"name\":\"VKP Bratislava\",\"url\":\"https:\/\/www.vkpbratislava.sk\/\",\"logo\":{\"@type\":\"ImageObject\",\"inLanguage\":\"sk-SK\",\"@id\":\"https:\/\/www.vkpbratislava.sk\/#\/schema\/logo\/image\/\",\"url\":\"https:\/\/www.vkpbratislava.sk\/wp-content\/uploads\/2020\/10\/vkpBA.png\",\"contentUrl\":\"https:\/\/www.vkpbratislava.sk\/wp-content\/uploads\/2020\/10\/vkpBA.png\",\"width\":600,\"height\":600,\"caption\":\"VKP Bratislava\"},\"image\":{\"@id\":\"https:\/\/www.vkpbratislava.sk\/#\/schema\/logo\/image\/\"}},{\"@type\":\"Person\",\"@id\":\"https:\/\/www.vkpbratislava.sk\/#\/schema\/person\/7037e769f9515aa58493d1b5852c4c50\",\"name\":\"jenca\",\"image\":{\"@type\":\"ImageObject\",\"inLanguage\":\"sk-SK\",\"@id\":\"https:\/\/www.vkpbratislava.sk\/#\/schema\/person\/image\/\",\"url\":\"https:\/\/secure.gravatar.com\/avatar\/67aa89e9aab2911bbd0c6fbf0a891ea8d80c207c9b6a6e2c96e13fc2f16e536d?s=96&d=mm&r=g\",\"contentUrl\":\"https:\/\/secure.gravatar.com\/avatar\/67aa89e9aab2911bbd0c6fbf0a891ea8d80c207c9b6a6e2c96e13fc2f16e536d?s=96&d=mm&r=g\",\"caption\":\"jenca\"},\"url\":\"https:\/\/www.vkpbratislava.sk\/?author=3\"}]}<\/script>\n<!-- \/ Yoast SEO plugin. -->","yoast_head_json":{"title":"V z\u00e1pase s Trnavou povieme nahlas NIE RAKOVINE P\u013d\u00daC - VK SLOVAN Bratislava","description":"Volejbalov\u00fd klub VKP Bratislava sa v\u00a0spolupr\u00e1ci s\u00a0pacientskou alianciou NIE RAKOVINE rozhodli pripravi\u0165 v\u00fdnimo\u010dn\u00fa osvetov\u00fa a\u00a0benefi\u010dn\u00fa \u0161portov\u00fa udalos\u0165 v\u00a0r\u00e1mci z\u00e1pasu 13. kola Nik\u00e9 Extraligy \u017eien medzi VKP Bratislava a\u00a0Hit UCM Trnava.","robots":{"index":"index","follow":"follow","max-snippet":"max-snippet:-1","max-image-preview":"max-image-preview:large","max-video-preview":"max-video-preview:-1"},"canonical":"https:\/\/www.vkpbratislava.sk\/?p=17526","og_locale":"sk_SK","og_type":"article","og_title":"V z\u00e1pase s Trnavou povieme nahlas NIE RAKOVINE P\u013d\u00daC - VK SLOVAN Bratislava","og_description":"Volejbalov\u00fd klub VKP Bratislava sa v\u00a0spolupr\u00e1ci s\u00a0pacientskou alianciou NIE RAKOVINE rozhodli pripravi\u0165 v\u00fdnimo\u010dn\u00fa osvetov\u00fa a\u00a0benefi\u010dn\u00fa \u0161portov\u00fa udalos\u0165 v\u00a0r\u00e1mci z\u00e1pasu 13. kola Nik\u00e9 Extraligy \u017eien medzi VKP Bratislava a\u00a0Hit UCM Trnava.","og_url":"https:\/\/www.vkpbratislava.sk\/?p=17526","og_site_name":"VK SLOVAN Bratislava","article_published_time":"2022-12-09T09:12:40+00:00","og_image":[{"width":2250,"height":830,"url":"https:\/\/www.vkpbratislava.sk\/wp-content\/uploads\/2022\/12\/FBcover.jpg","type":"image\/jpeg"}],"author":"jenca","twitter_card":"summary_large_image","twitter_misc":{"Autor":"jenca","Predpokladan\u00fd \u010das \u010d\u00edtania":"2 min\u00faty"},"schema":{"@context":"https:\/\/schema.org","@graph":[{"@type":"Article","@id":"https:\/\/www.vkpbratislava.sk\/?p=17526#article","isPartOf":{"@id":"https:\/\/www.vkpbratislava.sk\/?p=17526"},"author":{"name":"jenca","@id":"https:\/\/www.vkpbratislava.sk\/#\/schema\/person\/7037e769f9515aa58493d1b5852c4c50"},"headline":"V z\u00e1pase s Trnavou povieme nahlas NIE RAKOVINE P\u013d\u00daC","datePublished":"2022-12-09T09:12:40+00:00","mainEntityOfPage":{"@id":"https:\/\/www.vkpbratislava.sk\/?p=17526"},"wordCount":454,"publisher":{"@id":"https:\/\/www.vkpbratislava.sk\/#organization"},"image":{"@id":"https:\/\/www.vkpbratislava.sk\/?p=17526#primaryimage"},"thumbnailUrl":"https:\/\/www.vkpbratislava.sk\/wp-content\/uploads\/2022\/12\/FBcover.jpg","articleSection":["\u017deny"],"inLanguage":"sk-SK"},{"@type":"WebPage","@id":"https:\/\/www.vkpbratislava.sk\/?p=17526","url":"https:\/\/www.vkpbratislava.sk\/?p=17526","name":"V z\u00e1pase s Trnavou povieme nahlas NIE RAKOVINE P\u013d\u00daC - VK SLOVAN Bratislava","isPartOf":{"@id":"https:\/\/www.vkpbratislava.sk\/#website"},"primaryImageOfPage":{"@id":"https:\/\/www.vkpbratislava.sk\/?p=17526#primaryimage"},"image":{"@id":"https:\/\/www.vkpbratislava.sk\/?p=17526#primaryimage"},"thumbnailUrl":"https:\/\/www.vkpbratislava.sk\/wp-content\/uploads\/2022\/12\/FBcover.jpg","datePublished":"2022-12-09T09:12:40+00:00","description":"Volejbalov\u00fd klub VKP Bratislava sa v\u00a0spolupr\u00e1ci s\u00a0pacientskou alianciou NIE RAKOVINE rozhodli pripravi\u0165 v\u00fdnimo\u010dn\u00fa osvetov\u00fa a\u00a0benefi\u010dn\u00fa \u0161portov\u00fa udalos\u0165 v\u00a0r\u00e1mci z\u00e1pasu 13. kola Nik\u00e9 Extraligy \u017eien medzi VKP Bratislava a\u00a0Hit UCM Trnava.","breadcrumb":{"@id":"https:\/\/www.vkpbratislava.sk\/?p=17526#breadcrumb"},"inLanguage":"sk-SK","potentialAction":[{"@type":"ReadAction","target":["https:\/\/www.vkpbratislava.sk\/?p=17526"]}]},{"@type":"ImageObject","inLanguage":"sk-SK","@id":"https:\/\/www.vkpbratislava.sk\/?p=17526#primaryimage","url":"https:\/\/www.vkpbratislava.sk\/wp-content\/uploads\/2022\/12\/FBcover.jpg","contentUrl":"https:\/\/www.vkpbratislava.sk\/wp-content\/uploads\/2022\/12\/FBcover.jpg","width":2250,"height":830},{"@type":"BreadcrumbList","@id":"https:\/\/www.vkpbratislava.sk\/?p=17526#breadcrumb","itemListElement":[{"@type":"ListItem","position":1,"name":"Domov","item":"https:\/\/www.vkpbratislava.sk\/"},{"@type":"ListItem","position":2,"name":"V z\u00e1pase s Trnavou povieme nahlas NIE RAKOVINE P\u013d\u00daC"}]},{"@type":"WebSite","@id":"https:\/\/www.vkpbratislava.sk\/#website","url":"https:\/\/www.vkpbratislava.sk\/","name":"VK SLOVAN Bratislava","description":"Volejbalov\u00fd klub","publisher":{"@id":"https:\/\/www.vkpbratislava.sk\/#organization"},"potentialAction":[{"@type":"SearchAction","target":{"@type":"EntryPoint","urlTemplate":"https:\/\/www.vkpbratislava.sk\/?s={search_term_string}"},"query-input":{"@type":"PropertyValueSpecification","valueRequired":true,"valueName":"search_term_string"}}],"inLanguage":"sk-SK"},{"@type":"Organization","@id":"https:\/\/www.vkpbratislava.sk\/#organization","name":"VKP Bratislava","url":"https:\/\/www.vkpbratislava.sk\/","logo":{"@type":"ImageObject","inLanguage":"sk-SK","@id":"https:\/\/www.vkpbratislava.sk\/#\/schema\/logo\/image\/","url":"https:\/\/www.vkpbratislava.sk\/wp-content\/uploads\/2020\/10\/vkpBA.png","contentUrl":"https:\/\/www.vkpbratislava.sk\/wp-content\/uploads\/2020\/10\/vkpBA.png","width":600,"height":600,"caption":"VKP Bratislava"},"image":{"@id":"https:\/\/www.vkpbratislava.sk\/#\/schema\/logo\/image\/"}},{"@type":"Person","@id":"https:\/\/www.vkpbratislava.sk\/#\/schema\/person\/7037e769f9515aa58493d1b5852c4c50","name":"jenca","image":{"@type":"ImageObject","inLanguage":"sk-SK","@id":"https:\/\/www.vkpbratislava.sk\/#\/schema\/person\/image\/","url":"https:\/\/secure.gravatar.com\/avatar\/67aa89e9aab2911bbd0c6fbf0a891ea8d80c207c9b6a6e2c96e13fc2f16e536d?s=96&d=mm&r=g","contentUrl":"https:\/\/secure.gravatar.com\/avatar\/67aa89e9aab2911bbd0c6fbf0a891ea8d80c207c9b6a6e2c96e13fc2f16e536d?s=96&d=mm&r=g","caption":"jenca"},"url":"https:\/\/www.vkpbratislava.sk\/?author=3"}]}},"_links":{"self":[{"href":"https:\/\/www.vkpbratislava.sk\/index.php?rest_route=\/wp\/v2\/posts\/17526","targetHints":{"allow":["GET"]}}],"collection":[{"href":"https:\/\/www.vkpbratislava.sk\/index.php?rest_route=\/wp\/v2\/posts"}],"about":[{"href":"https:\/\/www.vkpbratislava.sk\/index.php?rest_route=\/wp\/v2\/types\/post"}],"author":[{"embeddable":true,"href":"https:\/\/www.vkpbratislava.sk\/index.php?rest_route=\/wp\/v2\/users\/3"}],"replies":[{"embeddable":true,"href":"https:\/\/www.vkpbratislava.sk\/index.php?rest_route=%2Fwp%2Fv2%2Fcomments&post=17526"}],"version-history":[{"count":1,"href":"https:\/\/www.vkpbratislava.sk\/index.php?rest_route=\/wp\/v2\/posts\/17526\/revisions"}],"predecessor-version":[{"id":17528,"href":"https:\/\/www.vkpbratislava.sk\/index.php?rest_route=\/wp\/v2\/posts\/17526\/revisions\/17528"}],"wp:featuredmedia":[{"embeddable":true,"href":"https:\/\/www.vkpbratislava.sk\/index.php?rest_route=\/wp\/v2\/media\/17527"}],"wp:attachment":[{"href":"https:\/\/www.vkpbratislava.sk\/index.php?rest_route=%2Fwp%2Fv2%2Fmedia&parent=17526"}],"wp:term":[{"taxonomy":"category","embeddable":true,"href":"https:\/\/www.vkpbratislava.sk\/index.php?rest_route=%2Fwp%2Fv2%2Fcategories&post=17526"},{"taxonomy":"post_tag","embeddable":true,"href":"https:\/\/www.vkpbratislava.sk\/index.php?rest_route=%2Fwp%2Fv2%2Ftags&post=17526"}],"curies":[{"name":"wp","href":"https:\/\/api.w.org\/{rel}","templated":true}]}}