{"id":17535,"date":"2022-12-11T01:30:28","date_gmt":"2022-12-11T00:30:28","guid":{"rendered":"https:\/\/www.vkpbratislava.sk\/?p=17535"},"modified":"2022-12-11T01:30:28","modified_gmt":"2022-12-11T00:30:28","slug":"zapas-plny-emocii-jasne-pre-vkp","status":"publish","type":"post","link":"https:\/\/www.vkpbratislava.sk\/?p=17535","title":{"rendered":"Z\u00e1pas pln\u00fd em\u00f3ci\u00ed jasne pre VKP"},"content":{"rendered":"<p><strong>V z\u00e1pase, ktor\u00fd mal aj charitat\u00edvny podt\u00f3n sa \u017eeny VKP dok\u00e1zali presadi\u0165 a v \u0161l\u00e1gri kola si poradili s Trnavou jednozna\u010dne 3:0. Pre alianciu NIE RAKOVINE sa podarilo vyzbiera\u0165 vy\u0161e 700 eur. Peniaze poputuj\u00fa na pacientsk\u00e9 poradne v nemocniciach v Bratislave a Trnave.<\/strong><\/p>\n<p><b>VKP BRATISLAVA \u2013 HIT UCM TRNAVA 3:0 (16, 17, 23)<\/b><\/p>\n<p><b>Rozhodovali: <\/b>Morav\u010d\u00edk a\u00a0Sarka, 400 div\u00e1kov.<\/p>\n<p><b>VKP: <\/b>Smie\u0161kov\u00e1 8, Koh\u00fatov\u00e1 2, Ta. Hru\u0161eck\u00e1 7, Spev\u00e1r 15, Z. P\u00edse\u010dn\u00e1 9, Murillo 11, liberka Pelozo (\u0160termensk\u00e1 0, Fartelov\u00e1 1). Tr\u00e9ner: P. Bern\u00e1th.<\/p>\n<p><b>HIT UCM: <\/b>Sivi\u010dekov\u00e1 0, Rosinsk\u00e1 13, L\u00edmov\u00e1 6, Povrazn\u00edkov\u00e1 9, J\u00e1no\u0161\u00edkov\u00e1 2, Kotuli\u010dov\u00e1 2, liberka Pag\u00e1\u010dov\u00e1 (Pol\u00e1\u010dkov\u00e1 3, Ritterov\u00e1 0). Tr\u00e9ner: R. Fil\u00edpek.<\/p>\n<p><b>Hr\u00e1\u010dky z\u00e1pasu: <\/b>Zuzana P\u00edse\u010dn\u00e1 (VKP Bratislava) \u2013 Petra Ritterov\u00e1 (Hit UCM Trnava)<\/p>\n<p><b>Pavel Bern\u00e1th, tr\u00e9ner VKP: <\/b><i>\u201eSom ve\u013emi spokojn\u00fd, ke\u010f\u017ee sme zv\u00ed\u0165azili 3:0 a\u00a0vr\u00e1tili Trnave po\u017ei\u010dan\u00e9. Trnav\u010dank\u00e1m ch\u00fdbala d\u00f4le\u017eit\u00e1 hr\u00e1\u010dka a\u00a0bolo na nich vidno, \u017ee nemaj\u00fa \u201e\u0161\u0165avu\u201c. V\u00a0z\u00e1pase sme museli rie\u0161i\u0165 nieko\u013eko ne\u0161tandardn\u00fdch vec\u00ed, ale svojou trpezlivos\u0165ou sme to zvl\u00e1dli a\u00a0za to som r\u00e1d.\u201c<\/i><\/p>\n<p><b>Rastislav Fil\u00edpek, tr\u00e9ner Hit UCM: <\/b><i>\u201ePre n\u00e1s bol VKP n\u00e1ro\u010dn\u00fd s\u00faper. Od \u00favodu sme si nedok\u00e1zali poradi\u0165 ani s jednoduch\u00fdmi situ\u00e1ciami, rie\u0161i\u0165 n\u00e1sledne zlo\u017eitej\u0161ie bolo vlastne nerie\u0161ite\u013en\u00e9<\/i><i>.\u201c \u00a0<\/i><\/p>\n","protected":false},"excerpt":{"rendered":"<p>V z\u00e1pase, ktor\u00fd mal aj charitat\u00edvny podt\u00f3n sa \u017eeny VKP dok\u00e1zali presadi\u0165 a v \u0161l\u00e1gri kola si poradili s Trnavou jednozna\u010dne 3:0. Pre alianciu NIE RAKOVINE sa podarilo vyzbiera\u0165 vy\u0161e 700 eur. Peniaze poputuj\u00fa na pacientsk\u00e9 poradne v nemocniciach v Bratislave a Trnave.<\/p>\n","protected":false},"author":3,"featured_media":17536,"comment_status":"closed","ping_status":"closed","sticky":false,"template":"","format":"standard","meta":{"_monsterinsights_skip_tracking":false,"_monsterinsights_sitenote_active":false,"_monsterinsights_sitenote_note":"","_monsterinsights_sitenote_category":0,"footnotes":""},"categories":[48],"tags":[],"class_list":["post-17535","post","type-post","status-publish","format-standard","has-post-thumbnail","hentry","category-zeny"],"yoast_head":"<!-- This site is optimized with the Yoast SEO plugin v25.6 - https:\/\/yoast.com\/wordpress\/plugins\/seo\/ -->\n<title>Z\u00e1pas pln\u00fd em\u00f3ci\u00ed jasne pre VKP - VK SLOVAN Bratislava<\/title>\n<meta name=\"description\" content=\"V z\u00e1pase, ktor\u00fd mal aj charitat\u00edvny podt\u00f3n sa \u017eeny VKP dok\u00e1zali presadi\u0165 a v \u0161l\u00e1gri kola si poradili s Trnavou jednozna\u010dne 3:0. Pre alianciu NIE RAKOVINE sa podarilo vyzbiera\u0165 vy\u0161e 700 eur. Peniaze poputuj\u00fa na pacientsk\u00e9 poradne v nemocniciach v Bratislave a Trnave.\" \/>\n<meta name=\"robots\" content=\"index, follow, max-snippet:-1, max-image-preview:large, max-video-preview:-1\" \/>\n<link rel=\"canonical\" href=\"https:\/\/www.vkpbratislava.sk\/?p=17535\" \/>\n<meta property=\"og:locale\" content=\"sk_SK\" \/>\n<meta property=\"og:type\" content=\"article\" \/>\n<meta property=\"og:title\" content=\"Z\u00e1pas pln\u00fd em\u00f3ci\u00ed jasne pre VKP - VK SLOVAN Bratislava\" \/>\n<meta property=\"og:description\" content=\"V z\u00e1pase, ktor\u00fd mal aj charitat\u00edvny podt\u00f3n sa \u017eeny VKP dok\u00e1zali presadi\u0165 a v \u0161l\u00e1gri kola si poradili s Trnavou jednozna\u010dne 3:0. Pre alianciu NIE RAKOVINE sa podarilo vyzbiera\u0165 vy\u0161e 700 eur. Peniaze poputuj\u00fa na pacientsk\u00e9 poradne v nemocniciach v Bratislave a Trnave.\" \/>\n<meta property=\"og:url\" content=\"https:\/\/www.vkpbratislava.sk\/?p=17535\" \/>\n<meta property=\"og:site_name\" content=\"VK SLOVAN Bratislava\" \/>\n<meta property=\"article:published_time\" content=\"2022-12-11T00:30:28+00:00\" \/>\n<meta property=\"og:image\" content=\"https:\/\/www.vkpbratislava.sk\/wp-content\/uploads\/2022\/12\/DSC00063-scaled.jpg\" \/>\n\t<meta property=\"og:image:width\" content=\"2560\" \/>\n\t<meta property=\"og:image:height\" content=\"1707\" \/>\n\t<meta property=\"og:image:type\" content=\"image\/jpeg\" \/>\n<meta name=\"author\" content=\"jenca\" \/>\n<meta name=\"twitter:card\" content=\"summary_large_image\" \/>\n<meta name=\"twitter:label1\" content=\"Autor\" \/>\n\t<meta name=\"twitter:data1\" content=\"jenca\" \/>\n\t<meta name=\"twitter:label2\" content=\"Predpokladan\u00fd \u010das \u010d\u00edtania\" \/>\n\t<meta name=\"twitter:data2\" content=\"2 min\u00faty\" \/>\n<script type=\"application\/ld+json\" class=\"yoast-schema-graph\">{\"@context\":\"https:\/\/schema.org\",\"@graph\":[{\"@type\":\"Article\",\"@id\":\"https:\/\/www.vkpbratislava.sk\/?p=17535#article\",\"isPartOf\":{\"@id\":\"https:\/\/www.vkpbratislava.sk\/?p=17535\"},\"author\":{\"name\":\"jenca\",\"@id\":\"https:\/\/www.vkpbratislava.sk\/#\/schema\/person\/7037e769f9515aa58493d1b5852c4c50\"},\"headline\":\"Z\u00e1pas pln\u00fd em\u00f3ci\u00ed jasne pre VKP\",\"datePublished\":\"2022-12-11T00:30:28+00:00\",\"mainEntityOfPage\":{\"@id\":\"https:\/\/www.vkpbratislava.sk\/?p=17535\"},\"wordCount\":241,\"publisher\":{\"@id\":\"https:\/\/www.vkpbratislava.sk\/#organization\"},\"image\":{\"@id\":\"https:\/\/www.vkpbratislava.sk\/?p=17535#primaryimage\"},\"thumbnailUrl\":\"https:\/\/www.vkpbratislava.sk\/wp-content\/uploads\/2022\/12\/DSC00063-scaled.jpg\",\"articleSection\":[\"\u017deny\"],\"inLanguage\":\"sk-SK\"},{\"@type\":\"WebPage\",\"@id\":\"https:\/\/www.vkpbratislava.sk\/?p=17535\",\"url\":\"https:\/\/www.vkpbratislava.sk\/?p=17535\",\"name\":\"Z\u00e1pas pln\u00fd em\u00f3ci\u00ed jasne pre VKP - VK SLOVAN Bratislava\",\"isPartOf\":{\"@id\":\"https:\/\/www.vkpbratislava.sk\/#website\"},\"primaryImageOfPage\":{\"@id\":\"https:\/\/www.vkpbratislava.sk\/?p=17535#primaryimage\"},\"image\":{\"@id\":\"https:\/\/www.vkpbratislava.sk\/?p=17535#primaryimage\"},\"thumbnailUrl\":\"https:\/\/www.vkpbratislava.sk\/wp-content\/uploads\/2022\/12\/DSC00063-scaled.jpg\",\"datePublished\":\"2022-12-11T00:30:28+00:00\",\"description\":\"V z\u00e1pase, ktor\u00fd mal aj charitat\u00edvny podt\u00f3n sa \u017eeny VKP dok\u00e1zali presadi\u0165 a v \u0161l\u00e1gri kola si poradili s Trnavou jednozna\u010dne 3:0. Pre alianciu NIE RAKOVINE sa podarilo vyzbiera\u0165 vy\u0161e 700 eur. Peniaze poputuj\u00fa na pacientsk\u00e9 poradne v nemocniciach v Bratislave a Trnave.\",\"breadcrumb\":{\"@id\":\"https:\/\/www.vkpbratislava.sk\/?p=17535#breadcrumb\"},\"inLanguage\":\"sk-SK\",\"potentialAction\":[{\"@type\":\"ReadAction\",\"target\":[\"https:\/\/www.vkpbratislava.sk\/?p=17535\"]}]},{\"@type\":\"ImageObject\",\"inLanguage\":\"sk-SK\",\"@id\":\"https:\/\/www.vkpbratislava.sk\/?p=17535#primaryimage\",\"url\":\"https:\/\/www.vkpbratislava.sk\/wp-content\/uploads\/2022\/12\/DSC00063-scaled.jpg\",\"contentUrl\":\"https:\/\/www.vkpbratislava.sk\/wp-content\/uploads\/2022\/12\/DSC00063-scaled.jpg\",\"width\":2560,\"height\":1707},{\"@type\":\"BreadcrumbList\",\"@id\":\"https:\/\/www.vkpbratislava.sk\/?p=17535#breadcrumb\",\"itemListElement\":[{\"@type\":\"ListItem\",\"position\":1,\"name\":\"Domov\",\"item\":\"https:\/\/www.vkpbratislava.sk\/\"},{\"@type\":\"ListItem\",\"position\":2,\"name\":\"Z\u00e1pas pln\u00fd em\u00f3ci\u00ed jasne pre VKP\"}]},{\"@type\":\"WebSite\",\"@id\":\"https:\/\/www.vkpbratislava.sk\/#website\",\"url\":\"https:\/\/www.vkpbratislava.sk\/\",\"name\":\"VK SLOVAN Bratislava\",\"description\":\"Volejbalov\u00fd klub\",\"publisher\":{\"@id\":\"https:\/\/www.vkpbratislava.sk\/#organization\"},\"potentialAction\":[{\"@type\":\"SearchAction\",\"target\":{\"@type\":\"EntryPoint\",\"urlTemplate\":\"https:\/\/www.vkpbratislava.sk\/?s={search_term_string}\"},\"query-input\":{\"@type\":\"PropertyValueSpecification\",\"valueRequired\":true,\"valueName\":\"search_term_string\"}}],\"inLanguage\":\"sk-SK\"},{\"@type\":\"Organization\",\"@id\":\"https:\/\/www.vkpbratislava.sk\/#organization\",\"name\":\"VKP Bratislava\",\"url\":\"https:\/\/www.vkpbratislava.sk\/\",\"logo\":{\"@type\":\"ImageObject\",\"inLanguage\":\"sk-SK\",\"@id\":\"https:\/\/www.vkpbratislava.sk\/#\/schema\/logo\/image\/\",\"url\":\"https:\/\/www.vkpbratislava.sk\/wp-content\/uploads\/2020\/10\/vkpBA.png\",\"contentUrl\":\"https:\/\/www.vkpbratislava.sk\/wp-content\/uploads\/2020\/10\/vkpBA.png\",\"width\":600,\"height\":600,\"caption\":\"VKP Bratislava\"},\"image\":{\"@id\":\"https:\/\/www.vkpbratislava.sk\/#\/schema\/logo\/image\/\"}},{\"@type\":\"Person\",\"@id\":\"https:\/\/www.vkpbratislava.sk\/#\/schema\/person\/7037e769f9515aa58493d1b5852c4c50\",\"name\":\"jenca\",\"image\":{\"@type\":\"ImageObject\",\"inLanguage\":\"sk-SK\",\"@id\":\"https:\/\/www.vkpbratislava.sk\/#\/schema\/person\/image\/\",\"url\":\"https:\/\/secure.gravatar.com\/avatar\/67aa89e9aab2911bbd0c6fbf0a891ea8d80c207c9b6a6e2c96e13fc2f16e536d?s=96&d=mm&r=g\",\"contentUrl\":\"https:\/\/secure.gravatar.com\/avatar\/67aa89e9aab2911bbd0c6fbf0a891ea8d80c207c9b6a6e2c96e13fc2f16e536d?s=96&d=mm&r=g\",\"caption\":\"jenca\"},\"url\":\"https:\/\/www.vkpbratislava.sk\/?author=3\"}]}<\/script>\n<!-- \/ Yoast SEO plugin. -->","yoast_head_json":{"title":"Z\u00e1pas pln\u00fd em\u00f3ci\u00ed jasne pre VKP - VK SLOVAN Bratislava","description":"V z\u00e1pase, ktor\u00fd mal aj charitat\u00edvny podt\u00f3n sa \u017eeny VKP dok\u00e1zali presadi\u0165 a v \u0161l\u00e1gri kola si poradili s Trnavou jednozna\u010dne 3:0. Pre alianciu NIE RAKOVINE sa podarilo vyzbiera\u0165 vy\u0161e 700 eur. Peniaze poputuj\u00fa na pacientsk\u00e9 poradne v nemocniciach v Bratislave a Trnave.","robots":{"index":"index","follow":"follow","max-snippet":"max-snippet:-1","max-image-preview":"max-image-preview:large","max-video-preview":"max-video-preview:-1"},"canonical":"https:\/\/www.vkpbratislava.sk\/?p=17535","og_locale":"sk_SK","og_type":"article","og_title":"Z\u00e1pas pln\u00fd em\u00f3ci\u00ed jasne pre VKP - VK SLOVAN Bratislava","og_description":"V z\u00e1pase, ktor\u00fd mal aj charitat\u00edvny podt\u00f3n sa \u017eeny VKP dok\u00e1zali presadi\u0165 a v \u0161l\u00e1gri kola si poradili s Trnavou jednozna\u010dne 3:0. Pre alianciu NIE RAKOVINE sa podarilo vyzbiera\u0165 vy\u0161e 700 eur. Peniaze poputuj\u00fa na pacientsk\u00e9 poradne v nemocniciach v Bratislave a Trnave.","og_url":"https:\/\/www.vkpbratislava.sk\/?p=17535","og_site_name":"VK SLOVAN Bratislava","article_published_time":"2022-12-11T00:30:28+00:00","og_image":[{"width":2560,"height":1707,"url":"https:\/\/www.vkpbratislava.sk\/wp-content\/uploads\/2022\/12\/DSC00063-scaled.jpg","type":"image\/jpeg"}],"author":"jenca","twitter_card":"summary_large_image","twitter_misc":{"Autor":"jenca","Predpokladan\u00fd \u010das \u010d\u00edtania":"2 min\u00faty"},"schema":{"@context":"https:\/\/schema.org","@graph":[{"@type":"Article","@id":"https:\/\/www.vkpbratislava.sk\/?p=17535#article","isPartOf":{"@id":"https:\/\/www.vkpbratislava.sk\/?p=17535"},"author":{"name":"jenca","@id":"https:\/\/www.vkpbratislava.sk\/#\/schema\/person\/7037e769f9515aa58493d1b5852c4c50"},"headline":"Z\u00e1pas pln\u00fd em\u00f3ci\u00ed jasne pre VKP","datePublished":"2022-12-11T00:30:28+00:00","mainEntityOfPage":{"@id":"https:\/\/www.vkpbratislava.sk\/?p=17535"},"wordCount":241,"publisher":{"@id":"https:\/\/www.vkpbratislava.sk\/#organization"},"image":{"@id":"https:\/\/www.vkpbratislava.sk\/?p=17535#primaryimage"},"thumbnailUrl":"https:\/\/www.vkpbratislava.sk\/wp-content\/uploads\/2022\/12\/DSC00063-scaled.jpg","articleSection":["\u017deny"],"inLanguage":"sk-SK"},{"@type":"WebPage","@id":"https:\/\/www.vkpbratislava.sk\/?p=17535","url":"https:\/\/www.vkpbratislava.sk\/?p=17535","name":"Z\u00e1pas pln\u00fd em\u00f3ci\u00ed jasne pre VKP - VK SLOVAN Bratislava","isPartOf":{"@id":"https:\/\/www.vkpbratislava.sk\/#website"},"primaryImageOfPage":{"@id":"https:\/\/www.vkpbratislava.sk\/?p=17535#primaryimage"},"image":{"@id":"https:\/\/www.vkpbratislava.sk\/?p=17535#primaryimage"},"thumbnailUrl":"https:\/\/www.vkpbratislava.sk\/wp-content\/uploads\/2022\/12\/DSC00063-scaled.jpg","datePublished":"2022-12-11T00:30:28+00:00","description":"V z\u00e1pase, ktor\u00fd mal aj charitat\u00edvny podt\u00f3n sa \u017eeny VKP dok\u00e1zali presadi\u0165 a v \u0161l\u00e1gri kola si poradili s Trnavou jednozna\u010dne 3:0. Pre alianciu NIE RAKOVINE sa podarilo vyzbiera\u0165 vy\u0161e 700 eur. Peniaze poputuj\u00fa na pacientsk\u00e9 poradne v nemocniciach v Bratislave a Trnave.","breadcrumb":{"@id":"https:\/\/www.vkpbratislava.sk\/?p=17535#breadcrumb"},"inLanguage":"sk-SK","potentialAction":[{"@type":"ReadAction","target":["https:\/\/www.vkpbratislava.sk\/?p=17535"]}]},{"@type":"ImageObject","inLanguage":"sk-SK","@id":"https:\/\/www.vkpbratislava.sk\/?p=17535#primaryimage","url":"https:\/\/www.vkpbratislava.sk\/wp-content\/uploads\/2022\/12\/DSC00063-scaled.jpg","contentUrl":"https:\/\/www.vkpbratislava.sk\/wp-content\/uploads\/2022\/12\/DSC00063-scaled.jpg","width":2560,"height":1707},{"@type":"BreadcrumbList","@id":"https:\/\/www.vkpbratislava.sk\/?p=17535#breadcrumb","itemListElement":[{"@type":"ListItem","position":1,"name":"Domov","item":"https:\/\/www.vkpbratislava.sk\/"},{"@type":"ListItem","position":2,"name":"Z\u00e1pas pln\u00fd em\u00f3ci\u00ed jasne pre VKP"}]},{"@type":"WebSite","@id":"https:\/\/www.vkpbratislava.sk\/#website","url":"https:\/\/www.vkpbratislava.sk\/","name":"VK SLOVAN Bratislava","description":"Volejbalov\u00fd klub","publisher":{"@id":"https:\/\/www.vkpbratislava.sk\/#organization"},"potentialAction":[{"@type":"SearchAction","target":{"@type":"EntryPoint","urlTemplate":"https:\/\/www.vkpbratislava.sk\/?s={search_term_string}"},"query-input":{"@type":"PropertyValueSpecification","valueRequired":true,"valueName":"search_term_string"}}],"inLanguage":"sk-SK"},{"@type":"Organization","@id":"https:\/\/www.vkpbratislava.sk\/#organization","name":"VKP Bratislava","url":"https:\/\/www.vkpbratislava.sk\/","logo":{"@type":"ImageObject","inLanguage":"sk-SK","@id":"https:\/\/www.vkpbratislava.sk\/#\/schema\/logo\/image\/","url":"https:\/\/www.vkpbratislava.sk\/wp-content\/uploads\/2020\/10\/vkpBA.png","contentUrl":"https:\/\/www.vkpbratislava.sk\/wp-content\/uploads\/2020\/10\/vkpBA.png","width":600,"height":600,"caption":"VKP Bratislava"},"image":{"@id":"https:\/\/www.vkpbratislava.sk\/#\/schema\/logo\/image\/"}},{"@type":"Person","@id":"https:\/\/www.vkpbratislava.sk\/#\/schema\/person\/7037e769f9515aa58493d1b5852c4c50","name":"jenca","image":{"@type":"ImageObject","inLanguage":"sk-SK","@id":"https:\/\/www.vkpbratislava.sk\/#\/schema\/person\/image\/","url":"https:\/\/secure.gravatar.com\/avatar\/67aa89e9aab2911bbd0c6fbf0a891ea8d80c207c9b6a6e2c96e13fc2f16e536d?s=96&d=mm&r=g","contentUrl":"https:\/\/secure.gravatar.com\/avatar\/67aa89e9aab2911bbd0c6fbf0a891ea8d80c207c9b6a6e2c96e13fc2f16e536d?s=96&d=mm&r=g","caption":"jenca"},"url":"https:\/\/www.vkpbratislava.sk\/?author=3"}]}},"_links":{"self":[{"href":"https:\/\/www.vkpbratislava.sk\/index.php?rest_route=\/wp\/v2\/posts\/17535","targetHints":{"allow":["GET"]}}],"collection":[{"href":"https:\/\/www.vkpbratislava.sk\/index.php?rest_route=\/wp\/v2\/posts"}],"about":[{"href":"https:\/\/www.vkpbratislava.sk\/index.php?rest_route=\/wp\/v2\/types\/post"}],"author":[{"embeddable":true,"href":"https:\/\/www.vkpbratislava.sk\/index.php?rest_route=\/wp\/v2\/users\/3"}],"replies":[{"embeddable":true,"href":"https:\/\/www.vkpbratislava.sk\/index.php?rest_route=%2Fwp%2Fv2%2Fcomments&post=17535"}],"version-history":[{"count":1,"href":"https:\/\/www.vkpbratislava.sk\/index.php?rest_route=\/wp\/v2\/posts\/17535\/revisions"}],"predecessor-version":[{"id":17537,"href":"https:\/\/www.vkpbratislava.sk\/index.php?rest_route=\/wp\/v2\/posts\/17535\/revisions\/17537"}],"wp:featuredmedia":[{"embeddable":true,"href":"https:\/\/www.vkpbratislava.sk\/index.php?rest_route=\/wp\/v2\/media\/17536"}],"wp:attachment":[{"href":"https:\/\/www.vkpbratislava.sk\/index.php?rest_route=%2Fwp%2Fv2%2Fmedia&parent=17535"}],"wp:term":[{"taxonomy":"category","embeddable":true,"href":"https:\/\/www.vkpbratislava.sk\/index.php?rest_route=%2Fwp%2Fv2%2Fcategories&post=17535"},{"taxonomy":"post_tag","embeddable":true,"href":"https:\/\/www.vkpbratislava.sk\/index.php?rest_route=%2Fwp%2Fv2%2Ftags&post=17535"}],"curies":[{"name":"wp","href":"https:\/\/api.w.org\/{rel}","templated":true}]}}