{"id":17994,"date":"2022-12-18T00:37:32","date_gmt":"2022-12-17T23:37:32","guid":{"rendered":"https:\/\/www.vkpbratislava.sk\/?p=17994"},"modified":"2022-12-18T00:37:32","modified_gmt":"2022-12-17T23:37:32","slug":"dve-vitazstva-bez-straty-setu-a-postup-do-superfinale","status":"publish","type":"post","link":"https:\/\/www.vkpbratislava.sk\/?p=17994","title":{"rendered":"Dve v\u00ed\u0165azstv\u00e1 bez straty setu a postup do Superfin\u00e1le"},"content":{"rendered":"<h6><strong>Mu\u017ei VKP Bratislava napodobnili svoje \u017eensk\u00e9 kolegyne a post\u00fapili do semifin\u00e1le Nik\u00e9 Slovensk\u00e9ho poh\u00e1ra, ktor\u00e9 sa v r\u00e1mci Superfin\u00e1le odohr\u00e1 v Poprade (11. &#8211; 12. 2. 2023). V r\u00e1mci turnaja v Prievidzi si najsk\u00f4r poradili s dom\u00e1cimi 3:0 a rovnak\u00fdm v\u00fdsledkom aj v sobotu zdolali Kom\u00e1rno.\u00a0<\/strong><\/h6>\n<p><span style=\"text-decoration: underline;\">SOBOTA:\u00a0<\/span><\/p>\n<p><b>VKP BRATISLAVA \u2013 RIEKER UJS KOM\u00c1RNO 3:0 (19, 20, 25)<\/b><\/p>\n<p><b>Rozhodovali:\u00a0<\/b>Andrej\u010d\u00e1k a Mal\u00edk, 80 div\u00e1kov.<\/p>\n<p><b>VKP:\u00a0<\/b>Marjov, Jaloveck\u00fd, Truba\u010d, Billich, Van\u010do, Rak, libero \u013d. Nemec (\u010cerven\u00e1k). Tr\u00e9ner: R. P\u011blucha.<\/p>\n<p><b>RIEKER UJS:\u00a0<\/b>Ogur\u010d\u00e1k, Forr\u00f3, Sz\u00e1zvai, Gergely, Ma\u010duha, Kasperkevi\u010d, libero Pati-Nagy (S\u00e1nta, Szarek).<b>\u00a0<\/b>Tr\u00e9ner: G. Chocho\u013eak.<\/p>\n<p><b>Hr\u00e1\u010di z\u00e1pasu:\u00a0<\/b>Mat\u00fa\u0161 Jaloveck\u00fd (VKP Bratislava) \u2013 Filip Ma\u010duha (Rieker UJS Kom\u00e1rno)<\/p>\n<p><b>Robin P\u011blucha, tr\u00e9ner VKP:\u00a0<\/b><i>\u201eBol to v\u00fdborn\u00fd z\u00e1pas proti kvalitn\u00e9mu s\u00faperovi. Som r\u00e1d, \u017ee sme dok\u00e1zali vyhra\u0165 bez straty setu. Ver\u00edm, \u017ee n\u00e1s to nakopne. Te\u0161\u00edme sa na Superfin\u00e1le do Popradu.\u201c<\/i><\/p>\n<p><b>Gabriel Chocho\u013eak, tr\u00e9ner Rieker UJS:\u00a0<\/b><i>\u201eNa tento z\u00e1pas by som najrad\u0161ej\u00a0zabudol. Nast\u00fapili\u00a0sme s tot\u00e1lne zlou mentalitou. Mysleli sme si, \u017ee n\u00e1m VKP ten z\u00e1pas daruje. Nem\u00f4\u017eeme\u00a0si dovoli\u0165 takto\u00a0hra\u0165, aj ke\u010f sme nejak\u00e9 z\u00e1pasy vyhrali. Boli sme o dve triedy slab\u0161\u00ed ako VKP, aj ke\u010f sme sa s\u00a0t\u00fdm sna\u017eili nie\u010do urobi\u0165, nesta\u010dilo\u00a0to. Nem\u00f4\u017eeme ma\u0165 tak\u00fdto zl\u00fd pr\u00edstup k\u00a0z\u00e1pasom, lebo takto sa volejbal nem\u00f4\u017ee hra\u0165.\u201c<\/i><\/p>\n<p><span style=\"text-decoration: underline;\">PIATOK:<\/span><\/p>\n<p><b>MITA VOLLEYTEAM PRIEVIDZA \u2013 VKP BRATISLAVA 0:3 (-21, -18, -21)<\/b><\/p>\n<p><b>Rozhodovali:\u00a0<\/b>Hr\u010dka a\u00a0Yurlov, 150 div\u00e1kov.<\/p>\n<p><b>MITA VOLLEYTEAM:\u00a0<\/b>Kurej 2, M. Macko 1, M. Kudra 9, Javor\u010d\u00edk 19, \u0160imko 5, Gombar\u010d\u00edk 0, libero Ondr\u010dka (Vargic 1, Brz\u00e1\u010d 4). Tr\u00e9ner: M. Javor\u010d\u00edk.<\/p>\n<p><b>VKP:\u00a0<\/b>Rak 3, Marjov 9, Jaloveck\u00fd 3, Truba\u010d 5, Billich 7, Van\u010do 15, libero \u013d. Nemec (Belas 0, Fekete 8, Jur\u00edk 2, \u010cerven\u00e1k 2, Str\u00ed\u017e 0). Tr\u00e9ner: R. P\u011blucha.<\/p>\n<p><b>Hr\u00e1\u010di z\u00e1pasu:\u00a0<\/b>Milan Javor\u010d\u00edk<b>\u00a0<\/b>(MITA VolleyTeam Prievidza) \u2013 Patrik Marjov (VKP Bratislava)<\/p>\n<p><b>Milan Javor\u010d\u00edk, hraj\u00faci tr\u00e9ner MITA VolleyTeam:\u00a0<\/b><i>\u201eZ na\u0161ej strany to bol pekn\u00fd z\u00e1pas. P\u00e1r lacn\u00fdch ch\u00fdb n\u00e1s pripravilo o v\u00ed\u0165azstvo v prvom sete. VKP sa dobre pripravilo t\u00fdmto z\u00e1pasom na sobot\u0148aj\u0161ie stretnutie s Kom\u00e1rnom, tak\u017ee tr\u00e9ner P\u011blucha dal \u0161ancu aj in\u00fdm hr\u00e1\u010dom. Mrz\u00ed ma tro\u0161ku prv\u00fd set, lebo VKP vystriedalo zostavu a my sme to nevyu\u017eili, pr\u00e1ve naopak. Tak\u017ee pozrieme si v sobotu z\u00e1pas VKP proti Kom\u00e1rnu a v nede\u013eu sa te\u0161\u00edme na n\u00e1\u0161 z\u00e1pas s Kom\u00e1rnom. Poz\u00fdvame div\u00e1kov n\u00e1s podpori\u0165 a urobi\u0165 dobr\u00fa atmosf\u00e9ru.\u201c<\/i><\/p>\n<p><b>Robin P\u011blucha, tr\u00e9ner VKP:\u00a0<\/b><i>\u201eAj ke\u010f to nebol oslniv\u00fd v\u00fdkon, splnili sme to, \u010do sme si predsavzali a to je v\u00ed\u0165azstvo, ktor\u00e9 n\u00e1m pod\u013ea v\u0161etk\u00e9ho zaru\u010dilo postup do semifin\u00e1le poh\u00e1ra. \u010cak\u00e1 n\u00e1s s\u00faboj s Kom\u00e1rnom a pobijeme sa o prv\u00e9 miesto na turnaji, aby sme mali lep\u0161iu v\u00fdchodiskov\u00fa poz\u00edciu.\u201c<\/i><\/p>\n","protected":false},"excerpt":{"rendered":"<p>Mu\u017ei VKP Bratisla va napodobnili svoje \u017eensk\u00e9 kolegyne a post\u00fapili do semifin\u00e1le Nik\u00e9 Slovensk\u00e9ho poh\u00e1ra, ktor\u00e9 sa v r\u00e1mci Superfin\u00e1le odohr\u00e1 v Poprade (11. &#8211; 12. 2. 2023).\u00a0<\/p>\n","protected":false},"author":3,"featured_media":17987,"comment_status":"closed","ping_status":"closed","sticky":false,"template":"","format":"standard","meta":{"_monsterinsights_skip_tracking":false,"_monsterinsights_sitenote_active":false,"_monsterinsights_sitenote_note":"","_monsterinsights_sitenote_category":0,"footnotes":""},"categories":[1],"tags":[],"class_list":["post-17994","post","type-post","status-publish","format-standard","has-post-thumbnail","hentry","category-nezaradene"],"yoast_head":"<!-- This site is optimized with the Yoast SEO plugin v25.6 - https:\/\/yoast.com\/wordpress\/plugins\/seo\/ -->\n<title>Dve v\u00ed\u0165azstv\u00e1 bez straty setu a postup do Superfin\u00e1le - VK SLOVAN Bratislava<\/title>\n<meta name=\"robots\" content=\"index, follow, max-snippet:-1, max-image-preview:large, max-video-preview:-1\" \/>\n<link rel=\"canonical\" href=\"https:\/\/www.vkpbratislava.sk\/?p=17994\" \/>\n<meta property=\"og:locale\" content=\"sk_SK\" \/>\n<meta property=\"og:type\" content=\"article\" \/>\n<meta property=\"og:title\" content=\"Dve v\u00ed\u0165azstv\u00e1 bez straty setu a postup do Superfin\u00e1le - VK SLOVAN Bratislava\" \/>\n<meta property=\"og:description\" content=\"Mu\u017ei VKP Bratisla va napodobnili svoje \u017eensk\u00e9 kolegyne a post\u00fapili do semifin\u00e1le Nik\u00e9 Slovensk\u00e9ho poh\u00e1ra, ktor\u00e9 sa v r\u00e1mci Superfin\u00e1le odohr\u00e1 v Poprade (11. - 12. 2. 2023).\u00a0\" \/>\n<meta property=\"og:url\" content=\"https:\/\/www.vkpbratislava.sk\/?p=17994\" \/>\n<meta property=\"og:site_name\" content=\"VK SLOVAN Bratislava\" \/>\n<meta property=\"article:published_time\" content=\"2022-12-17T23:37:32+00:00\" \/>\n<meta property=\"og:image\" content=\"https:\/\/www.vkpbratislava.sk\/wp-content\/uploads\/2022\/12\/DF1A2552-1280x853.jpg\" \/>\n\t<meta property=\"og:image:width\" content=\"1280\" \/>\n\t<meta property=\"og:image:height\" content=\"853\" \/>\n\t<meta property=\"og:image:type\" content=\"image\/jpeg\" \/>\n<meta name=\"author\" content=\"jenca\" \/>\n<meta name=\"twitter:card\" content=\"summary_large_image\" \/>\n<meta name=\"twitter:label1\" content=\"Autor\" \/>\n\t<meta name=\"twitter:data1\" content=\"jenca\" \/>\n\t<meta name=\"twitter:label2\" content=\"Predpokladan\u00fd \u010das \u010d\u00edtania\" \/>\n\t<meta name=\"twitter:data2\" content=\"3 min\u00faty\" \/>\n<script type=\"application\/ld+json\" class=\"yoast-schema-graph\">{\"@context\":\"https:\/\/schema.org\",\"@graph\":[{\"@type\":\"Article\",\"@id\":\"https:\/\/www.vkpbratislava.sk\/?p=17994#article\",\"isPartOf\":{\"@id\":\"https:\/\/www.vkpbratislava.sk\/?p=17994\"},\"author\":{\"name\":\"jenca\",\"@id\":\"https:\/\/www.vkpbratislava.sk\/#\/schema\/person\/7037e769f9515aa58493d1b5852c4c50\"},\"headline\":\"Dve v\u00ed\u0165azstv\u00e1 bez straty setu a postup do Superfin\u00e1le\",\"datePublished\":\"2022-12-17T23:37:32+00:00\",\"mainEntityOfPage\":{\"@id\":\"https:\/\/www.vkpbratislava.sk\/?p=17994\"},\"wordCount\":524,\"publisher\":{\"@id\":\"https:\/\/www.vkpbratislava.sk\/#organization\"},\"image\":{\"@id\":\"https:\/\/www.vkpbratislava.sk\/?p=17994#primaryimage\"},\"thumbnailUrl\":\"https:\/\/www.vkpbratislava.sk\/wp-content\/uploads\/2022\/12\/DF1A2552.jpg\",\"inLanguage\":\"sk-SK\"},{\"@type\":\"WebPage\",\"@id\":\"https:\/\/www.vkpbratislava.sk\/?p=17994\",\"url\":\"https:\/\/www.vkpbratislava.sk\/?p=17994\",\"name\":\"Dve v\u00ed\u0165azstv\u00e1 bez straty setu a postup do Superfin\u00e1le - VK SLOVAN Bratislava\",\"isPartOf\":{\"@id\":\"https:\/\/www.vkpbratislava.sk\/#website\"},\"primaryImageOfPage\":{\"@id\":\"https:\/\/www.vkpbratislava.sk\/?p=17994#primaryimage\"},\"image\":{\"@id\":\"https:\/\/www.vkpbratislava.sk\/?p=17994#primaryimage\"},\"thumbnailUrl\":\"https:\/\/www.vkpbratislava.sk\/wp-content\/uploads\/2022\/12\/DF1A2552.jpg\",\"datePublished\":\"2022-12-17T23:37:32+00:00\",\"breadcrumb\":{\"@id\":\"https:\/\/www.vkpbratislava.sk\/?p=17994#breadcrumb\"},\"inLanguage\":\"sk-SK\",\"potentialAction\":[{\"@type\":\"ReadAction\",\"target\":[\"https:\/\/www.vkpbratislava.sk\/?p=17994\"]}]},{\"@type\":\"ImageObject\",\"inLanguage\":\"sk-SK\",\"@id\":\"https:\/\/www.vkpbratislava.sk\/?p=17994#primaryimage\",\"url\":\"https:\/\/www.vkpbratislava.sk\/wp-content\/uploads\/2022\/12\/DF1A2552.jpg\",\"contentUrl\":\"https:\/\/www.vkpbratislava.sk\/wp-content\/uploads\/2022\/12\/DF1A2552.jpg\",\"width\":2048,\"height\":1365},{\"@type\":\"BreadcrumbList\",\"@id\":\"https:\/\/www.vkpbratislava.sk\/?p=17994#breadcrumb\",\"itemListElement\":[{\"@type\":\"ListItem\",\"position\":1,\"name\":\"Domov\",\"item\":\"https:\/\/www.vkpbratislava.sk\/\"},{\"@type\":\"ListItem\",\"position\":2,\"name\":\"Dve v\u00ed\u0165azstv\u00e1 bez straty setu a postup do Superfin\u00e1le\"}]},{\"@type\":\"WebSite\",\"@id\":\"https:\/\/www.vkpbratislava.sk\/#website\",\"url\":\"https:\/\/www.vkpbratislava.sk\/\",\"name\":\"VK SLOVAN Bratislava\",\"description\":\"Volejbalov\u00fd klub\",\"publisher\":{\"@id\":\"https:\/\/www.vkpbratislava.sk\/#organization\"},\"potentialAction\":[{\"@type\":\"SearchAction\",\"target\":{\"@type\":\"EntryPoint\",\"urlTemplate\":\"https:\/\/www.vkpbratislava.sk\/?s={search_term_string}\"},\"query-input\":{\"@type\":\"PropertyValueSpecification\",\"valueRequired\":true,\"valueName\":\"search_term_string\"}}],\"inLanguage\":\"sk-SK\"},{\"@type\":\"Organization\",\"@id\":\"https:\/\/www.vkpbratislava.sk\/#organization\",\"name\":\"VKP Bratislava\",\"url\":\"https:\/\/www.vkpbratislava.sk\/\",\"logo\":{\"@type\":\"ImageObject\",\"inLanguage\":\"sk-SK\",\"@id\":\"https:\/\/www.vkpbratislava.sk\/#\/schema\/logo\/image\/\",\"url\":\"https:\/\/www.vkpbratislava.sk\/wp-content\/uploads\/2020\/10\/vkpBA.png\",\"contentUrl\":\"https:\/\/www.vkpbratislava.sk\/wp-content\/uploads\/2020\/10\/vkpBA.png\",\"width\":600,\"height\":600,\"caption\":\"VKP Bratislava\"},\"image\":{\"@id\":\"https:\/\/www.vkpbratislava.sk\/#\/schema\/logo\/image\/\"}},{\"@type\":\"Person\",\"@id\":\"https:\/\/www.vkpbratislava.sk\/#\/schema\/person\/7037e769f9515aa58493d1b5852c4c50\",\"name\":\"jenca\",\"image\":{\"@type\":\"ImageObject\",\"inLanguage\":\"sk-SK\",\"@id\":\"https:\/\/www.vkpbratislava.sk\/#\/schema\/person\/image\/\",\"url\":\"https:\/\/secure.gravatar.com\/avatar\/67aa89e9aab2911bbd0c6fbf0a891ea8d80c207c9b6a6e2c96e13fc2f16e536d?s=96&d=mm&r=g\",\"contentUrl\":\"https:\/\/secure.gravatar.com\/avatar\/67aa89e9aab2911bbd0c6fbf0a891ea8d80c207c9b6a6e2c96e13fc2f16e536d?s=96&d=mm&r=g\",\"caption\":\"jenca\"},\"url\":\"https:\/\/www.vkpbratislava.sk\/?author=3\"}]}<\/script>\n<!-- \/ Yoast SEO plugin. -->","yoast_head_json":{"title":"Dve v\u00ed\u0165azstv\u00e1 bez straty setu a postup do Superfin\u00e1le - VK SLOVAN Bratislava","robots":{"index":"index","follow":"follow","max-snippet":"max-snippet:-1","max-image-preview":"max-image-preview:large","max-video-preview":"max-video-preview:-1"},"canonical":"https:\/\/www.vkpbratislava.sk\/?p=17994","og_locale":"sk_SK","og_type":"article","og_title":"Dve v\u00ed\u0165azstv\u00e1 bez straty setu a postup do Superfin\u00e1le - VK SLOVAN Bratislava","og_description":"Mu\u017ei VKP Bratisla va napodobnili svoje \u017eensk\u00e9 kolegyne a post\u00fapili do semifin\u00e1le Nik\u00e9 Slovensk\u00e9ho poh\u00e1ra, ktor\u00e9 sa v r\u00e1mci Superfin\u00e1le odohr\u00e1 v Poprade (11. - 12. 2. 2023).\u00a0","og_url":"https:\/\/www.vkpbratislava.sk\/?p=17994","og_site_name":"VK SLOVAN Bratislava","article_published_time":"2022-12-17T23:37:32+00:00","og_image":[{"width":1280,"height":853,"url":"https:\/\/www.vkpbratislava.sk\/wp-content\/uploads\/2022\/12\/DF1A2552-1280x853.jpg","type":"image\/jpeg"}],"author":"jenca","twitter_card":"summary_large_image","twitter_misc":{"Autor":"jenca","Predpokladan\u00fd \u010das \u010d\u00edtania":"3 min\u00faty"},"schema":{"@context":"https:\/\/schema.org","@graph":[{"@type":"Article","@id":"https:\/\/www.vkpbratislava.sk\/?p=17994#article","isPartOf":{"@id":"https:\/\/www.vkpbratislava.sk\/?p=17994"},"author":{"name":"jenca","@id":"https:\/\/www.vkpbratislava.sk\/#\/schema\/person\/7037e769f9515aa58493d1b5852c4c50"},"headline":"Dve v\u00ed\u0165azstv\u00e1 bez straty setu a postup do Superfin\u00e1le","datePublished":"2022-12-17T23:37:32+00:00","mainEntityOfPage":{"@id":"https:\/\/www.vkpbratislava.sk\/?p=17994"},"wordCount":524,"publisher":{"@id":"https:\/\/www.vkpbratislava.sk\/#organization"},"image":{"@id":"https:\/\/www.vkpbratislava.sk\/?p=17994#primaryimage"},"thumbnailUrl":"https:\/\/www.vkpbratislava.sk\/wp-content\/uploads\/2022\/12\/DF1A2552.jpg","inLanguage":"sk-SK"},{"@type":"WebPage","@id":"https:\/\/www.vkpbratislava.sk\/?p=17994","url":"https:\/\/www.vkpbratislava.sk\/?p=17994","name":"Dve v\u00ed\u0165azstv\u00e1 bez straty setu a postup do Superfin\u00e1le - VK SLOVAN Bratislava","isPartOf":{"@id":"https:\/\/www.vkpbratislava.sk\/#website"},"primaryImageOfPage":{"@id":"https:\/\/www.vkpbratislava.sk\/?p=17994#primaryimage"},"image":{"@id":"https:\/\/www.vkpbratislava.sk\/?p=17994#primaryimage"},"thumbnailUrl":"https:\/\/www.vkpbratislava.sk\/wp-content\/uploads\/2022\/12\/DF1A2552.jpg","datePublished":"2022-12-17T23:37:32+00:00","breadcrumb":{"@id":"https:\/\/www.vkpbratislava.sk\/?p=17994#breadcrumb"},"inLanguage":"sk-SK","potentialAction":[{"@type":"ReadAction","target":["https:\/\/www.vkpbratislava.sk\/?p=17994"]}]},{"@type":"ImageObject","inLanguage":"sk-SK","@id":"https:\/\/www.vkpbratislava.sk\/?p=17994#primaryimage","url":"https:\/\/www.vkpbratislava.sk\/wp-content\/uploads\/2022\/12\/DF1A2552.jpg","contentUrl":"https:\/\/www.vkpbratislava.sk\/wp-content\/uploads\/2022\/12\/DF1A2552.jpg","width":2048,"height":1365},{"@type":"BreadcrumbList","@id":"https:\/\/www.vkpbratislava.sk\/?p=17994#breadcrumb","itemListElement":[{"@type":"ListItem","position":1,"name":"Domov","item":"https:\/\/www.vkpbratislava.sk\/"},{"@type":"ListItem","position":2,"name":"Dve v\u00ed\u0165azstv\u00e1 bez straty setu a postup do Superfin\u00e1le"}]},{"@type":"WebSite","@id":"https:\/\/www.vkpbratislava.sk\/#website","url":"https:\/\/www.vkpbratislava.sk\/","name":"VK SLOVAN Bratislava","description":"Volejbalov\u00fd klub","publisher":{"@id":"https:\/\/www.vkpbratislava.sk\/#organization"},"potentialAction":[{"@type":"SearchAction","target":{"@type":"EntryPoint","urlTemplate":"https:\/\/www.vkpbratislava.sk\/?s={search_term_string}"},"query-input":{"@type":"PropertyValueSpecification","valueRequired":true,"valueName":"search_term_string"}}],"inLanguage":"sk-SK"},{"@type":"Organization","@id":"https:\/\/www.vkpbratislava.sk\/#organization","name":"VKP Bratislava","url":"https:\/\/www.vkpbratislava.sk\/","logo":{"@type":"ImageObject","inLanguage":"sk-SK","@id":"https:\/\/www.vkpbratislava.sk\/#\/schema\/logo\/image\/","url":"https:\/\/www.vkpbratislava.sk\/wp-content\/uploads\/2020\/10\/vkpBA.png","contentUrl":"https:\/\/www.vkpbratislava.sk\/wp-content\/uploads\/2020\/10\/vkpBA.png","width":600,"height":600,"caption":"VKP Bratislava"},"image":{"@id":"https:\/\/www.vkpbratislava.sk\/#\/schema\/logo\/image\/"}},{"@type":"Person","@id":"https:\/\/www.vkpbratislava.sk\/#\/schema\/person\/7037e769f9515aa58493d1b5852c4c50","name":"jenca","image":{"@type":"ImageObject","inLanguage":"sk-SK","@id":"https:\/\/www.vkpbratislava.sk\/#\/schema\/person\/image\/","url":"https:\/\/secure.gravatar.com\/avatar\/67aa89e9aab2911bbd0c6fbf0a891ea8d80c207c9b6a6e2c96e13fc2f16e536d?s=96&d=mm&r=g","contentUrl":"https:\/\/secure.gravatar.com\/avatar\/67aa89e9aab2911bbd0c6fbf0a891ea8d80c207c9b6a6e2c96e13fc2f16e536d?s=96&d=mm&r=g","caption":"jenca"},"url":"https:\/\/www.vkpbratislava.sk\/?author=3"}]}},"_links":{"self":[{"href":"https:\/\/www.vkpbratislava.sk\/index.php?rest_route=\/wp\/v2\/posts\/17994","targetHints":{"allow":["GET"]}}],"collection":[{"href":"https:\/\/www.vkpbratislava.sk\/index.php?rest_route=\/wp\/v2\/posts"}],"about":[{"href":"https:\/\/www.vkpbratislava.sk\/index.php?rest_route=\/wp\/v2\/types\/post"}],"author":[{"embeddable":true,"href":"https:\/\/www.vkpbratislava.sk\/index.php?rest_route=\/wp\/v2\/users\/3"}],"replies":[{"embeddable":true,"href":"https:\/\/www.vkpbratislava.sk\/index.php?rest_route=%2Fwp%2Fv2%2Fcomments&post=17994"}],"version-history":[{"count":1,"href":"https:\/\/www.vkpbratislava.sk\/index.php?rest_route=\/wp\/v2\/posts\/17994\/revisions"}],"predecessor-version":[{"id":17995,"href":"https:\/\/www.vkpbratislava.sk\/index.php?rest_route=\/wp\/v2\/posts\/17994\/revisions\/17995"}],"wp:featuredmedia":[{"embeddable":true,"href":"https:\/\/www.vkpbratislava.sk\/index.php?rest_route=\/wp\/v2\/media\/17987"}],"wp:attachment":[{"href":"https:\/\/www.vkpbratislava.sk\/index.php?rest_route=%2Fwp%2Fv2%2Fmedia&parent=17994"}],"wp:term":[{"taxonomy":"category","embeddable":true,"href":"https:\/\/www.vkpbratislava.sk\/index.php?rest_route=%2Fwp%2Fv2%2Fcategories&post=17994"},{"taxonomy":"post_tag","embeddable":true,"href":"https:\/\/www.vkpbratislava.sk\/index.php?rest_route=%2Fwp%2Fv2%2Ftags&post=17994"}],"curies":[{"name":"wp","href":"https:\/\/api.w.org\/{rel}","templated":true}]}}