{"id":18105,"date":"2022-12-18T11:34:56","date_gmt":"2022-12-18T10:34:56","guid":{"rendered":"https:\/\/www.vkpbratislava.sk\/?p=18105"},"modified":"2022-12-18T11:34:56","modified_gmt":"2022-12-18T10:34:56","slug":"z-povazia-s-troma-bodmi","status":"publish","type":"post","link":"https:\/\/www.vkpbratislava.sk\/?p=18105","title":{"rendered":"Z Pova\u017eia s troma bodmi"},"content":{"rendered":"<p><strong>\u017deny VKP Bratislava jednozna\u010dne zv\u00ed\u0165azili na palubovke Nov\u00e9ho Mesta nad V\u00e1hom a na\u010falej sa dr\u017eia na druhej prie\u010dke v tabu\u013eke, v tesnom z\u00e1vese za Sl\u00e1viou, s ktorou ich \u010dak\u00e1 posledn\u00fd s\u00faboj v tomto roku (streda 21.12.2022 o 17.00 h).<\/strong><\/p>\n<p><b>VK NOV\u00c9 MESTO NAD V\u00c1HOM \u2013 VKP BRATISLAVA 0:3 (-10, -19, -15)<\/b><\/p>\n<p><b>Rozhodovali:\u00a0<\/b>\u010cuntala a \u0160t\u011bp\u00e1nek, 175 div\u00e1kov.<\/p>\n<p><b>VK:\u00a0<\/b>\u010cierna 3, Viedensk\u00e1 3, Velik\u00e1 6, Mart\u00e1kov\u00e1 6, H\u00e1berov\u00e1 4, Vassov\u00e1 7, liberka Boj\u0148ansk\u00e1 (Mon\u00edkov\u00e1 0, Koval\u010d\u00edkov\u00e1 2). Tr\u00e9ner: J. \u0160ujan.<\/p>\n<p><b>VKP:\u00a0<\/b>N\u00e1vratov\u00e1 14, Murillo 12, Smie\u0161kov\u00e1 8, Koh\u00fatov\u00e1 5, Fartelov\u00e1 11, Spev\u00e1r 9, liberka Pelozo (\u0160termensk\u00e1 0, Tak\u00e1\u010dov\u00e1 0). Tr\u00e9ner. P. Bern\u00e1th.<\/p>\n<p><b>Hr\u00e1\u010dky z\u00e1pasu:\u00a0<\/b>Tatiana Boj\u0148ansk\u00e1 (VK Nov\u00e9 Mesto nad V\u00e1hom) \u2013 Anna Koh\u00fatov\u00e1 (VKP Bratislava)<\/p>\n<p><b>Michal \u0160utovsk\u00fd, asistent tr\u00e9nera VK:\u00a0<\/b><i>\u201eDo z\u00e1pasu sme nast\u00fapili s dobrou n\u00e1ladou a takticky pripraven\u00e9. Bohu\u017eia\u013e to tak nevyzeralo, ke\u010f\u017ee VKP n\u00e1s dok\u00e1zalo ve\u013emi dobre tla\u010di\u0165 ich dobr\u00fdm servisom. Nedok\u00e1zali sme si prihra\u0165, a t\u00fdm p\u00e1dom sme boli v \u00fato\u010dnej f\u00e1ze hry absol\u00fatne neefekt\u00edvni. Nab\u00e1dali sme hr\u00e1\u010dky k odv\u00e1\u017enym \u00faderom, \u010do sa n\u00e1m podarilo a\u017e v tre\u0165om sete, ale nesta\u010dilo to na v\u00ed\u0165azstvo. \u010eakujeme na\u0161im fan\u00fa\u0161ikom, ktor\u00ed s\u00fa na\u0161im hnac\u00edm motorom vpred. \u010eakujem v\u00e1m za cel\u00fd kolekt\u00edv. Bud\u00facu stredu odohr\u00e1me posledn\u00fd dom\u00e1ci z\u00e1pas v tomto roku, na ktor\u00fd v\u00e1s srde\u010dne v\u0161etk\u00fdch poz\u00fdvame.\u201c<\/i><\/p>\n<p><b>Pavel Bern\u00e1th, tr\u00e9ner VKP:\u00a0<\/b><i>\u201eZ\u00e1pas sme kontrolovali, hrali sme \u00fa\u010delne a efekt\u00edvne. Na Novom Meste bolo vidno, \u017ee nie je v najlep\u0161ej forme, ale napriek v\u0161etk\u00e9mu, ja osobne m\u00e1m z nich v\u017edy re\u0161pekt.\u201c<\/i><\/p>\n","protected":false},"excerpt":{"rendered":"<p>\u017deny VKP Bratislava jednozna\u010dne zv\u00ed\u0165azili na palubovke Nov\u00e9ho Mesta nad V\u00e1hom a na\u010falej sa dr\u017eia na druhej prie\u010dke v tabu\u013eke, v tesnom z\u00e1vese za Sl\u00e1viou, s ktorou ich \u010dak\u00e1 posledn\u00fd s\u00faboj v tomto roku (streda 21.12.2022 o 17.00 h).<\/p>\n","protected":false},"author":3,"featured_media":17857,"comment_status":"closed","ping_status":"closed","sticky":false,"template":"","format":"standard","meta":{"_monsterinsights_skip_tracking":false,"_monsterinsights_sitenote_active":false,"_monsterinsights_sitenote_note":"","_monsterinsights_sitenote_category":0,"footnotes":""},"categories":[1],"tags":[],"class_list":["post-18105","post","type-post","status-publish","format-standard","has-post-thumbnail","hentry","category-nezaradene"],"yoast_head":"<!-- This site is optimized with the Yoast SEO plugin v25.6 - https:\/\/yoast.com\/wordpress\/plugins\/seo\/ -->\n<title>Z Pova\u017eia s troma bodmi - VK SLOVAN Bratislava<\/title>\n<meta name=\"description\" content=\"\u017deny VKP Bratislava jednozna\u010dne zv\u00ed\u0165azili na palubovke Nov\u00e9ho Mesta nad V\u00e1hom a na\u010falej sa dr\u017eia na druhej prie\u010dke v tabu\u013eke, v tesnom z\u00e1vese za Sl\u00e1viou, s ktorou ich \u010dak\u00e1 posledn\u00fd s\u00faboj v tomto roku (streda 21.12.2022 o 17.00 h).\" \/>\n<meta name=\"robots\" content=\"index, follow, max-snippet:-1, max-image-preview:large, max-video-preview:-1\" \/>\n<link rel=\"canonical\" href=\"https:\/\/www.vkpbratislava.sk\/?p=18105\" \/>\n<meta property=\"og:locale\" content=\"sk_SK\" \/>\n<meta property=\"og:type\" content=\"article\" \/>\n<meta property=\"og:title\" content=\"Z Pova\u017eia s troma bodmi - VK SLOVAN Bratislava\" \/>\n<meta property=\"og:description\" content=\"\u017deny VKP Bratislava jednozna\u010dne zv\u00ed\u0165azili na palubovke Nov\u00e9ho Mesta nad V\u00e1hom a na\u010falej sa dr\u017eia na druhej prie\u010dke v tabu\u013eke, v tesnom z\u00e1vese za Sl\u00e1viou, s ktorou ich \u010dak\u00e1 posledn\u00fd s\u00faboj v tomto roku (streda 21.12.2022 o 17.00 h).\" \/>\n<meta property=\"og:url\" content=\"https:\/\/www.vkpbratislava.sk\/?p=18105\" \/>\n<meta property=\"og:site_name\" content=\"VK SLOVAN Bratislava\" \/>\n<meta property=\"article:published_time\" content=\"2022-12-18T10:34:56+00:00\" \/>\n<meta property=\"og:image\" content=\"https:\/\/www.vkpbratislava.sk\/wp-content\/uploads\/2022\/12\/20221210_iurban79_VKP-BA-Z-vs-Trnava_DSC00706-1280x854.jpg\" \/>\n\t<meta property=\"og:image:width\" content=\"1280\" \/>\n\t<meta property=\"og:image:height\" content=\"854\" \/>\n\t<meta property=\"og:image:type\" content=\"image\/jpeg\" \/>\n<meta name=\"author\" content=\"jenca\" \/>\n<meta name=\"twitter:card\" content=\"summary_large_image\" \/>\n<meta name=\"twitter:label1\" content=\"Autor\" \/>\n\t<meta name=\"twitter:data1\" content=\"jenca\" \/>\n\t<meta name=\"twitter:label2\" content=\"Predpokladan\u00fd \u010das \u010d\u00edtania\" \/>\n\t<meta name=\"twitter:data2\" content=\"2 min\u00faty\" \/>\n<script type=\"application\/ld+json\" class=\"yoast-schema-graph\">{\"@context\":\"https:\/\/schema.org\",\"@graph\":[{\"@type\":\"Article\",\"@id\":\"https:\/\/www.vkpbratislava.sk\/?p=18105#article\",\"isPartOf\":{\"@id\":\"https:\/\/www.vkpbratislava.sk\/?p=18105\"},\"author\":{\"name\":\"jenca\",\"@id\":\"https:\/\/www.vkpbratislava.sk\/#\/schema\/person\/7037e769f9515aa58493d1b5852c4c50\"},\"headline\":\"Z Pova\u017eia s troma bodmi\",\"datePublished\":\"2022-12-18T10:34:56+00:00\",\"mainEntityOfPage\":{\"@id\":\"https:\/\/www.vkpbratislava.sk\/?p=18105\"},\"wordCount\":307,\"publisher\":{\"@id\":\"https:\/\/www.vkpbratislava.sk\/#organization\"},\"image\":{\"@id\":\"https:\/\/www.vkpbratislava.sk\/?p=18105#primaryimage\"},\"thumbnailUrl\":\"https:\/\/www.vkpbratislava.sk\/wp-content\/uploads\/2022\/12\/20221210_iurban79_VKP-BA-Z-vs-Trnava_DSC00706.jpg\",\"inLanguage\":\"sk-SK\"},{\"@type\":\"WebPage\",\"@id\":\"https:\/\/www.vkpbratislava.sk\/?p=18105\",\"url\":\"https:\/\/www.vkpbratislava.sk\/?p=18105\",\"name\":\"Z Pova\u017eia s troma bodmi - VK SLOVAN Bratislava\",\"isPartOf\":{\"@id\":\"https:\/\/www.vkpbratislava.sk\/#website\"},\"primaryImageOfPage\":{\"@id\":\"https:\/\/www.vkpbratislava.sk\/?p=18105#primaryimage\"},\"image\":{\"@id\":\"https:\/\/www.vkpbratislava.sk\/?p=18105#primaryimage\"},\"thumbnailUrl\":\"https:\/\/www.vkpbratislava.sk\/wp-content\/uploads\/2022\/12\/20221210_iurban79_VKP-BA-Z-vs-Trnava_DSC00706.jpg\",\"datePublished\":\"2022-12-18T10:34:56+00:00\",\"description\":\"\u017deny VKP Bratislava jednozna\u010dne zv\u00ed\u0165azili na palubovke Nov\u00e9ho Mesta nad V\u00e1hom a na\u010falej sa dr\u017eia na druhej prie\u010dke v tabu\u013eke, v tesnom z\u00e1vese za Sl\u00e1viou, s ktorou ich \u010dak\u00e1 posledn\u00fd s\u00faboj v tomto roku (streda 21.12.2022 o 17.00 h).\",\"breadcrumb\":{\"@id\":\"https:\/\/www.vkpbratislava.sk\/?p=18105#breadcrumb\"},\"inLanguage\":\"sk-SK\",\"potentialAction\":[{\"@type\":\"ReadAction\",\"target\":[\"https:\/\/www.vkpbratislava.sk\/?p=18105\"]}]},{\"@type\":\"ImageObject\",\"inLanguage\":\"sk-SK\",\"@id\":\"https:\/\/www.vkpbratislava.sk\/?p=18105#primaryimage\",\"url\":\"https:\/\/www.vkpbratislava.sk\/wp-content\/uploads\/2022\/12\/20221210_iurban79_VKP-BA-Z-vs-Trnava_DSC00706.jpg\",\"contentUrl\":\"https:\/\/www.vkpbratislava.sk\/wp-content\/uploads\/2022\/12\/20221210_iurban79_VKP-BA-Z-vs-Trnava_DSC00706.jpg\",\"width\":2500,\"height\":1667},{\"@type\":\"BreadcrumbList\",\"@id\":\"https:\/\/www.vkpbratislava.sk\/?p=18105#breadcrumb\",\"itemListElement\":[{\"@type\":\"ListItem\",\"position\":1,\"name\":\"Domov\",\"item\":\"https:\/\/www.vkpbratislava.sk\/\"},{\"@type\":\"ListItem\",\"position\":2,\"name\":\"Z Pova\u017eia s troma bodmi\"}]},{\"@type\":\"WebSite\",\"@id\":\"https:\/\/www.vkpbratislava.sk\/#website\",\"url\":\"https:\/\/www.vkpbratislava.sk\/\",\"name\":\"VK SLOVAN Bratislava\",\"description\":\"Volejbalov\u00fd klub\",\"publisher\":{\"@id\":\"https:\/\/www.vkpbratislava.sk\/#organization\"},\"potentialAction\":[{\"@type\":\"SearchAction\",\"target\":{\"@type\":\"EntryPoint\",\"urlTemplate\":\"https:\/\/www.vkpbratislava.sk\/?s={search_term_string}\"},\"query-input\":{\"@type\":\"PropertyValueSpecification\",\"valueRequired\":true,\"valueName\":\"search_term_string\"}}],\"inLanguage\":\"sk-SK\"},{\"@type\":\"Organization\",\"@id\":\"https:\/\/www.vkpbratislava.sk\/#organization\",\"name\":\"VKP Bratislava\",\"url\":\"https:\/\/www.vkpbratislava.sk\/\",\"logo\":{\"@type\":\"ImageObject\",\"inLanguage\":\"sk-SK\",\"@id\":\"https:\/\/www.vkpbratislava.sk\/#\/schema\/logo\/image\/\",\"url\":\"https:\/\/www.vkpbratislava.sk\/wp-content\/uploads\/2020\/10\/vkpBA.png\",\"contentUrl\":\"https:\/\/www.vkpbratislava.sk\/wp-content\/uploads\/2020\/10\/vkpBA.png\",\"width\":600,\"height\":600,\"caption\":\"VKP Bratislava\"},\"image\":{\"@id\":\"https:\/\/www.vkpbratislava.sk\/#\/schema\/logo\/image\/\"}},{\"@type\":\"Person\",\"@id\":\"https:\/\/www.vkpbratislava.sk\/#\/schema\/person\/7037e769f9515aa58493d1b5852c4c50\",\"name\":\"jenca\",\"image\":{\"@type\":\"ImageObject\",\"inLanguage\":\"sk-SK\",\"@id\":\"https:\/\/www.vkpbratislava.sk\/#\/schema\/person\/image\/\",\"url\":\"https:\/\/secure.gravatar.com\/avatar\/67aa89e9aab2911bbd0c6fbf0a891ea8d80c207c9b6a6e2c96e13fc2f16e536d?s=96&d=mm&r=g\",\"contentUrl\":\"https:\/\/secure.gravatar.com\/avatar\/67aa89e9aab2911bbd0c6fbf0a891ea8d80c207c9b6a6e2c96e13fc2f16e536d?s=96&d=mm&r=g\",\"caption\":\"jenca\"},\"url\":\"https:\/\/www.vkpbratislava.sk\/?author=3\"}]}<\/script>\n<!-- \/ Yoast SEO plugin. -->","yoast_head_json":{"title":"Z Pova\u017eia s troma bodmi - VK SLOVAN Bratislava","description":"\u017deny VKP Bratislava jednozna\u010dne zv\u00ed\u0165azili na palubovke Nov\u00e9ho Mesta nad V\u00e1hom a na\u010falej sa dr\u017eia na druhej prie\u010dke v tabu\u013eke, v tesnom z\u00e1vese za Sl\u00e1viou, s ktorou ich \u010dak\u00e1 posledn\u00fd s\u00faboj v tomto roku (streda 21.12.2022 o 17.00 h).","robots":{"index":"index","follow":"follow","max-snippet":"max-snippet:-1","max-image-preview":"max-image-preview:large","max-video-preview":"max-video-preview:-1"},"canonical":"https:\/\/www.vkpbratislava.sk\/?p=18105","og_locale":"sk_SK","og_type":"article","og_title":"Z Pova\u017eia s troma bodmi - VK SLOVAN Bratislava","og_description":"\u017deny VKP Bratislava jednozna\u010dne zv\u00ed\u0165azili na palubovke Nov\u00e9ho Mesta nad V\u00e1hom a na\u010falej sa dr\u017eia na druhej prie\u010dke v tabu\u013eke, v tesnom z\u00e1vese za Sl\u00e1viou, s ktorou ich \u010dak\u00e1 posledn\u00fd s\u00faboj v tomto roku (streda 21.12.2022 o 17.00 h).","og_url":"https:\/\/www.vkpbratislava.sk\/?p=18105","og_site_name":"VK SLOVAN Bratislava","article_published_time":"2022-12-18T10:34:56+00:00","og_image":[{"width":1280,"height":854,"url":"https:\/\/www.vkpbratislava.sk\/wp-content\/uploads\/2022\/12\/20221210_iurban79_VKP-BA-Z-vs-Trnava_DSC00706-1280x854.jpg","type":"image\/jpeg"}],"author":"jenca","twitter_card":"summary_large_image","twitter_misc":{"Autor":"jenca","Predpokladan\u00fd \u010das \u010d\u00edtania":"2 min\u00faty"},"schema":{"@context":"https:\/\/schema.org","@graph":[{"@type":"Article","@id":"https:\/\/www.vkpbratislava.sk\/?p=18105#article","isPartOf":{"@id":"https:\/\/www.vkpbratislava.sk\/?p=18105"},"author":{"name":"jenca","@id":"https:\/\/www.vkpbratislava.sk\/#\/schema\/person\/7037e769f9515aa58493d1b5852c4c50"},"headline":"Z Pova\u017eia s troma bodmi","datePublished":"2022-12-18T10:34:56+00:00","mainEntityOfPage":{"@id":"https:\/\/www.vkpbratislava.sk\/?p=18105"},"wordCount":307,"publisher":{"@id":"https:\/\/www.vkpbratislava.sk\/#organization"},"image":{"@id":"https:\/\/www.vkpbratislava.sk\/?p=18105#primaryimage"},"thumbnailUrl":"https:\/\/www.vkpbratislava.sk\/wp-content\/uploads\/2022\/12\/20221210_iurban79_VKP-BA-Z-vs-Trnava_DSC00706.jpg","inLanguage":"sk-SK"},{"@type":"WebPage","@id":"https:\/\/www.vkpbratislava.sk\/?p=18105","url":"https:\/\/www.vkpbratislava.sk\/?p=18105","name":"Z Pova\u017eia s troma bodmi - VK SLOVAN Bratislava","isPartOf":{"@id":"https:\/\/www.vkpbratislava.sk\/#website"},"primaryImageOfPage":{"@id":"https:\/\/www.vkpbratislava.sk\/?p=18105#primaryimage"},"image":{"@id":"https:\/\/www.vkpbratislava.sk\/?p=18105#primaryimage"},"thumbnailUrl":"https:\/\/www.vkpbratislava.sk\/wp-content\/uploads\/2022\/12\/20221210_iurban79_VKP-BA-Z-vs-Trnava_DSC00706.jpg","datePublished":"2022-12-18T10:34:56+00:00","description":"\u017deny VKP Bratislava jednozna\u010dne zv\u00ed\u0165azili na palubovke Nov\u00e9ho Mesta nad V\u00e1hom a na\u010falej sa dr\u017eia na druhej prie\u010dke v tabu\u013eke, v tesnom z\u00e1vese za Sl\u00e1viou, s ktorou ich \u010dak\u00e1 posledn\u00fd s\u00faboj v tomto roku (streda 21.12.2022 o 17.00 h).","breadcrumb":{"@id":"https:\/\/www.vkpbratislava.sk\/?p=18105#breadcrumb"},"inLanguage":"sk-SK","potentialAction":[{"@type":"ReadAction","target":["https:\/\/www.vkpbratislava.sk\/?p=18105"]}]},{"@type":"ImageObject","inLanguage":"sk-SK","@id":"https:\/\/www.vkpbratislava.sk\/?p=18105#primaryimage","url":"https:\/\/www.vkpbratislava.sk\/wp-content\/uploads\/2022\/12\/20221210_iurban79_VKP-BA-Z-vs-Trnava_DSC00706.jpg","contentUrl":"https:\/\/www.vkpbratislava.sk\/wp-content\/uploads\/2022\/12\/20221210_iurban79_VKP-BA-Z-vs-Trnava_DSC00706.jpg","width":2500,"height":1667},{"@type":"BreadcrumbList","@id":"https:\/\/www.vkpbratislava.sk\/?p=18105#breadcrumb","itemListElement":[{"@type":"ListItem","position":1,"name":"Domov","item":"https:\/\/www.vkpbratislava.sk\/"},{"@type":"ListItem","position":2,"name":"Z Pova\u017eia s troma bodmi"}]},{"@type":"WebSite","@id":"https:\/\/www.vkpbratislava.sk\/#website","url":"https:\/\/www.vkpbratislava.sk\/","name":"VK SLOVAN Bratislava","description":"Volejbalov\u00fd klub","publisher":{"@id":"https:\/\/www.vkpbratislava.sk\/#organization"},"potentialAction":[{"@type":"SearchAction","target":{"@type":"EntryPoint","urlTemplate":"https:\/\/www.vkpbratislava.sk\/?s={search_term_string}"},"query-input":{"@type":"PropertyValueSpecification","valueRequired":true,"valueName":"search_term_string"}}],"inLanguage":"sk-SK"},{"@type":"Organization","@id":"https:\/\/www.vkpbratislava.sk\/#organization","name":"VKP Bratislava","url":"https:\/\/www.vkpbratislava.sk\/","logo":{"@type":"ImageObject","inLanguage":"sk-SK","@id":"https:\/\/www.vkpbratislava.sk\/#\/schema\/logo\/image\/","url":"https:\/\/www.vkpbratislava.sk\/wp-content\/uploads\/2020\/10\/vkpBA.png","contentUrl":"https:\/\/www.vkpbratislava.sk\/wp-content\/uploads\/2020\/10\/vkpBA.png","width":600,"height":600,"caption":"VKP Bratislava"},"image":{"@id":"https:\/\/www.vkpbratislava.sk\/#\/schema\/logo\/image\/"}},{"@type":"Person","@id":"https:\/\/www.vkpbratislava.sk\/#\/schema\/person\/7037e769f9515aa58493d1b5852c4c50","name":"jenca","image":{"@type":"ImageObject","inLanguage":"sk-SK","@id":"https:\/\/www.vkpbratislava.sk\/#\/schema\/person\/image\/","url":"https:\/\/secure.gravatar.com\/avatar\/67aa89e9aab2911bbd0c6fbf0a891ea8d80c207c9b6a6e2c96e13fc2f16e536d?s=96&d=mm&r=g","contentUrl":"https:\/\/secure.gravatar.com\/avatar\/67aa89e9aab2911bbd0c6fbf0a891ea8d80c207c9b6a6e2c96e13fc2f16e536d?s=96&d=mm&r=g","caption":"jenca"},"url":"https:\/\/www.vkpbratislava.sk\/?author=3"}]}},"_links":{"self":[{"href":"https:\/\/www.vkpbratislava.sk\/index.php?rest_route=\/wp\/v2\/posts\/18105","targetHints":{"allow":["GET"]}}],"collection":[{"href":"https:\/\/www.vkpbratislava.sk\/index.php?rest_route=\/wp\/v2\/posts"}],"about":[{"href":"https:\/\/www.vkpbratislava.sk\/index.php?rest_route=\/wp\/v2\/types\/post"}],"author":[{"embeddable":true,"href":"https:\/\/www.vkpbratislava.sk\/index.php?rest_route=\/wp\/v2\/users\/3"}],"replies":[{"embeddable":true,"href":"https:\/\/www.vkpbratislava.sk\/index.php?rest_route=%2Fwp%2Fv2%2Fcomments&post=18105"}],"version-history":[{"count":1,"href":"https:\/\/www.vkpbratislava.sk\/index.php?rest_route=\/wp\/v2\/posts\/18105\/revisions"}],"predecessor-version":[{"id":18106,"href":"https:\/\/www.vkpbratislava.sk\/index.php?rest_route=\/wp\/v2\/posts\/18105\/revisions\/18106"}],"wp:featuredmedia":[{"embeddable":true,"href":"https:\/\/www.vkpbratislava.sk\/index.php?rest_route=\/wp\/v2\/media\/17857"}],"wp:attachment":[{"href":"https:\/\/www.vkpbratislava.sk\/index.php?rest_route=%2Fwp%2Fv2%2Fmedia&parent=18105"}],"wp:term":[{"taxonomy":"category","embeddable":true,"href":"https:\/\/www.vkpbratislava.sk\/index.php?rest_route=%2Fwp%2Fv2%2Fcategories&post=18105"},{"taxonomy":"post_tag","embeddable":true,"href":"https:\/\/www.vkpbratislava.sk\/index.php?rest_route=%2Fwp%2Fv2%2Ftags&post=18105"}],"curies":[{"name":"wp","href":"https:\/\/api.w.org\/{rel}","templated":true}]}}