{"id":18109,"date":"2022-12-22T11:37:20","date_gmt":"2022-12-22T10:37:20","guid":{"rendered":"https:\/\/www.vkpbratislava.sk\/?p=18109"},"modified":"2022-12-22T11:37:20","modified_gmt":"2022-12-22T10:37:20","slug":"v-derby-s-prehrou","status":"publish","type":"post","link":"https:\/\/www.vkpbratislava.sk\/?p=18109","title":{"rendered":"V derby s prehrou"},"content":{"rendered":"<p><strong>V bratislavskom derby pred kr\u00e1snou div\u00e1ckou n\u00e1v\u0161tevou prehrali \u017eeny VKP Bratislava so Sl\u00e1viou EU Bratislava 1:3.<\/strong><\/p>\n<p><b>VKP BRATISLAVA \u2013 VK SL\u00c1VIA EU BRATISLAVA 1:3 (-23, 23, -21, -15)<\/b><\/p>\n<p><b>Rozhodovali: <\/b>Sarka a\u00a0Svoren\u010d\u00edk, 240 div\u00e1kov.<\/p>\n<p><b>VKP: <\/b>Ta. Hru\u0161eck\u00e1 13, Spev\u00e1r 7, Z. P\u00edse\u010dn\u00e1 10, Murillo 13, Smie\u0161kov\u00e1 9, Koh\u00fatov\u00e1 3, liberka Pelozo (Boledovi\u010dov\u00e1 0, Tak\u00e1\u010dov\u00e1 0, N\u00e1vratov\u00e1 7, Fartelov\u00e1 1). Tr\u00e9ner: P. Bern\u00e1th.<\/p>\n<p><b>VK SL\u00c1VIA EU: <\/b>P\u00e1nekov\u00e1 3, Cibulov\u00e1 1, A. Fri\u010dov\u00e1 11, Podhradsk\u00e1 12, Doluda 8, K\u00e1nov\u00e1 19, liberka Magdinov\u00e1 (Ha\u0161kov\u00e1 3, K. Slivkov\u00e1 4, Pavl\u00edkov\u00e1 2). Tr\u00e9ner: M. Matu\u0161ov.<\/p>\n<p><b>Hr\u00e1\u010dky z\u00e1pasu: <\/b>Tamara Hru\u0161eck\u00e1 (VKP Bratislava) \u2013 Michaela K\u00e1nov\u00e1 (VK Sl\u00e1via EU Bratislava)<\/p>\n<p><b>Pavel Bern\u00e1th, tr\u00e9ner VKP: <\/b><i>\u201eOd za\u010diatku sme aj napriek tomu, \u017ee sme viedli, hrali ustr\u00e1chane. B\u00e1li sme sa vedenia. Ovplyvnila ho prehra v\u00a0prvom sete a\u00a0nie ka\u017ed\u00fd s\u00faper n\u00e1s dostane pod tlak a\u00a0s\u00a0t\u00fdm sa mus\u00edme nau\u010di\u0165 vyrovn\u00e1va\u0165.\u201c<\/i><\/p>\n<p><b>Michal Matu\u0161ov, tr\u00e9ner VK Sl\u00e1via EU: <\/b><i>\u201eDo z\u00e1pasu sme nevst\u00fapili pod\u013ea mojich predst\u00e1v a neboli sme d\u00f4razn\u00ed najm\u00e4 v \u00fato\u010dnej f\u00e1ze hry v situ\u00e1ci\u00e1ch, ke\u010f sme mohli. A v momentoch, ktor\u00e9 si vy\u017eadovali spr\u00e1vnej\u0161ie rie\u0161enia, sme miestami odovzd\u00e1vali dom\u00e1cemu dru\u017estvu loptu. No napriek tomu sme zvl\u00e1dli koncovku a ujali sa vedenia. V druhom sete \u0161koda zle rozhodenej distrib\u00facie, kde sme sa zasekli v rot\u00e1cii a v strednej pas\u00e1\u017ei vysoko prehr\u00e1vali. Rozdiel sme zmazali, ale koncovku druh\u00e9ho setu sme si u\u017e neuhrali. Od tretieho setu sme p\u00f4sobili kompaktnej\u0161ie, sebavedomej\u0161ie a boli sme v\u00fdborn\u00ed v obrannej \u010dinnosti. Pri\u0161li dobr\u00e9 pas\u00e1\u017ee na podan\u00ed. Spravili sme si mno\u017estvo pozit\u00edvnych blokov a s minimom ch\u00fdb na \u00fatoku a prihr\u00e1vke z\u00e1pas dotiahli do konca. Aj touto cestou prajem celej volejbalovej komunite \u0161\u0165astn\u00e9 a vesel\u00e9 Vianoce.\u201c<\/i><\/p>\n","protected":false},"excerpt":{"rendered":"<p>V bratislavskom derby pred kr\u00e1snou div\u00e1ckou n\u00e1v\u0161tevou prehrali \u017eeny VKP Bratislava so Sl\u00e1viou EU Bratislava 1:3.<\/p>\n","protected":false},"author":3,"featured_media":18110,"comment_status":"closed","ping_status":"closed","sticky":false,"template":"","format":"standard","meta":{"_monsterinsights_skip_tracking":false,"_monsterinsights_sitenote_active":false,"_monsterinsights_sitenote_note":"","_monsterinsights_sitenote_category":0,"footnotes":""},"categories":[48],"tags":[],"class_list":["post-18109","post","type-post","status-publish","format-standard","has-post-thumbnail","hentry","category-zeny"],"yoast_head":"<!-- This site is optimized with the Yoast SEO plugin v25.6 - https:\/\/yoast.com\/wordpress\/plugins\/seo\/ -->\n<title>V derby s prehrou - VK SLOVAN Bratislava<\/title>\n<meta name=\"description\" content=\"V bratislavskom derby pred kr\u00e1snou div\u00e1ckou n\u00e1v\u0161tevou prehrali \u017eeny VKP Bratislava so Sl\u00e1viou EU Bratislava 1:3.\" \/>\n<meta name=\"robots\" content=\"index, follow, max-snippet:-1, max-image-preview:large, max-video-preview:-1\" \/>\n<link rel=\"canonical\" href=\"https:\/\/www.vkpbratislava.sk\/?p=18109\" \/>\n<meta property=\"og:locale\" content=\"sk_SK\" \/>\n<meta property=\"og:type\" content=\"article\" \/>\n<meta property=\"og:title\" content=\"V derby s prehrou - VK SLOVAN Bratislava\" \/>\n<meta property=\"og:description\" content=\"V bratislavskom derby pred kr\u00e1snou div\u00e1ckou n\u00e1v\u0161tevou prehrali \u017eeny VKP Bratislava so Sl\u00e1viou EU Bratislava 1:3.\" \/>\n<meta property=\"og:url\" content=\"https:\/\/www.vkpbratislava.sk\/?p=18109\" \/>\n<meta property=\"og:site_name\" content=\"VK SLOVAN Bratislava\" \/>\n<meta property=\"article:published_time\" content=\"2022-12-22T10:37:20+00:00\" \/>\n<meta property=\"og:image\" content=\"https:\/\/www.vkpbratislava.sk\/wp-content\/uploads\/2022\/12\/WhatsApp-Image-2022-12-21-at-19.01.07-1.jpeg\" \/>\n\t<meta property=\"og:image:width\" content=\"2048\" \/>\n\t<meta property=\"og:image:height\" content=\"1366\" \/>\n\t<meta property=\"og:image:type\" content=\"image\/jpeg\" \/>\n<meta name=\"author\" content=\"jenca\" \/>\n<meta name=\"twitter:card\" content=\"summary_large_image\" \/>\n<meta name=\"twitter:label1\" content=\"Autor\" \/>\n\t<meta name=\"twitter:data1\" content=\"jenca\" \/>\n\t<meta name=\"twitter:label2\" content=\"Predpokladan\u00fd \u010das \u010d\u00edtania\" \/>\n\t<meta name=\"twitter:data2\" content=\"2 min\u00faty\" \/>\n<script type=\"application\/ld+json\" class=\"yoast-schema-graph\">{\"@context\":\"https:\/\/schema.org\",\"@graph\":[{\"@type\":\"Article\",\"@id\":\"https:\/\/www.vkpbratislava.sk\/?p=18109#article\",\"isPartOf\":{\"@id\":\"https:\/\/www.vkpbratislava.sk\/?p=18109\"},\"author\":{\"name\":\"jenca\",\"@id\":\"https:\/\/www.vkpbratislava.sk\/#\/schema\/person\/7037e769f9515aa58493d1b5852c4c50\"},\"headline\":\"V derby s prehrou\",\"datePublished\":\"2022-12-22T10:37:20+00:00\",\"mainEntityOfPage\":{\"@id\":\"https:\/\/www.vkpbratislava.sk\/?p=18109\"},\"wordCount\":331,\"publisher\":{\"@id\":\"https:\/\/www.vkpbratislava.sk\/#organization\"},\"image\":{\"@id\":\"https:\/\/www.vkpbratislava.sk\/?p=18109#primaryimage\"},\"thumbnailUrl\":\"https:\/\/www.vkpbratislava.sk\/wp-content\/uploads\/2022\/12\/WhatsApp-Image-2022-12-21-at-19.01.07-1.jpeg\",\"articleSection\":[\"\u017deny\"],\"inLanguage\":\"sk-SK\"},{\"@type\":\"WebPage\",\"@id\":\"https:\/\/www.vkpbratislava.sk\/?p=18109\",\"url\":\"https:\/\/www.vkpbratislava.sk\/?p=18109\",\"name\":\"V derby s prehrou - VK SLOVAN Bratislava\",\"isPartOf\":{\"@id\":\"https:\/\/www.vkpbratislava.sk\/#website\"},\"primaryImageOfPage\":{\"@id\":\"https:\/\/www.vkpbratislava.sk\/?p=18109#primaryimage\"},\"image\":{\"@id\":\"https:\/\/www.vkpbratislava.sk\/?p=18109#primaryimage\"},\"thumbnailUrl\":\"https:\/\/www.vkpbratislava.sk\/wp-content\/uploads\/2022\/12\/WhatsApp-Image-2022-12-21-at-19.01.07-1.jpeg\",\"datePublished\":\"2022-12-22T10:37:20+00:00\",\"description\":\"V bratislavskom derby pred kr\u00e1snou div\u00e1ckou n\u00e1v\u0161tevou prehrali \u017eeny VKP Bratislava so Sl\u00e1viou EU Bratislava 1:3.\",\"breadcrumb\":{\"@id\":\"https:\/\/www.vkpbratislava.sk\/?p=18109#breadcrumb\"},\"inLanguage\":\"sk-SK\",\"potentialAction\":[{\"@type\":\"ReadAction\",\"target\":[\"https:\/\/www.vkpbratislava.sk\/?p=18109\"]}]},{\"@type\":\"ImageObject\",\"inLanguage\":\"sk-SK\",\"@id\":\"https:\/\/www.vkpbratislava.sk\/?p=18109#primaryimage\",\"url\":\"https:\/\/www.vkpbratislava.sk\/wp-content\/uploads\/2022\/12\/WhatsApp-Image-2022-12-21-at-19.01.07-1.jpeg\",\"contentUrl\":\"https:\/\/www.vkpbratislava.sk\/wp-content\/uploads\/2022\/12\/WhatsApp-Image-2022-12-21-at-19.01.07-1.jpeg\",\"width\":2048,\"height\":1366},{\"@type\":\"BreadcrumbList\",\"@id\":\"https:\/\/www.vkpbratislava.sk\/?p=18109#breadcrumb\",\"itemListElement\":[{\"@type\":\"ListItem\",\"position\":1,\"name\":\"Domov\",\"item\":\"https:\/\/www.vkpbratislava.sk\/\"},{\"@type\":\"ListItem\",\"position\":2,\"name\":\"V derby s prehrou\"}]},{\"@type\":\"WebSite\",\"@id\":\"https:\/\/www.vkpbratislava.sk\/#website\",\"url\":\"https:\/\/www.vkpbratislava.sk\/\",\"name\":\"VK SLOVAN Bratislava\",\"description\":\"Volejbalov\u00fd klub\",\"publisher\":{\"@id\":\"https:\/\/www.vkpbratislava.sk\/#organization\"},\"potentialAction\":[{\"@type\":\"SearchAction\",\"target\":{\"@type\":\"EntryPoint\",\"urlTemplate\":\"https:\/\/www.vkpbratislava.sk\/?s={search_term_string}\"},\"query-input\":{\"@type\":\"PropertyValueSpecification\",\"valueRequired\":true,\"valueName\":\"search_term_string\"}}],\"inLanguage\":\"sk-SK\"},{\"@type\":\"Organization\",\"@id\":\"https:\/\/www.vkpbratislava.sk\/#organization\",\"name\":\"VKP Bratislava\",\"url\":\"https:\/\/www.vkpbratislava.sk\/\",\"logo\":{\"@type\":\"ImageObject\",\"inLanguage\":\"sk-SK\",\"@id\":\"https:\/\/www.vkpbratislava.sk\/#\/schema\/logo\/image\/\",\"url\":\"https:\/\/www.vkpbratislava.sk\/wp-content\/uploads\/2020\/10\/vkpBA.png\",\"contentUrl\":\"https:\/\/www.vkpbratislava.sk\/wp-content\/uploads\/2020\/10\/vkpBA.png\",\"width\":600,\"height\":600,\"caption\":\"VKP Bratislava\"},\"image\":{\"@id\":\"https:\/\/www.vkpbratislava.sk\/#\/schema\/logo\/image\/\"}},{\"@type\":\"Person\",\"@id\":\"https:\/\/www.vkpbratislava.sk\/#\/schema\/person\/7037e769f9515aa58493d1b5852c4c50\",\"name\":\"jenca\",\"image\":{\"@type\":\"ImageObject\",\"inLanguage\":\"sk-SK\",\"@id\":\"https:\/\/www.vkpbratislava.sk\/#\/schema\/person\/image\/\",\"url\":\"https:\/\/secure.gravatar.com\/avatar\/67aa89e9aab2911bbd0c6fbf0a891ea8d80c207c9b6a6e2c96e13fc2f16e536d?s=96&d=mm&r=g\",\"contentUrl\":\"https:\/\/secure.gravatar.com\/avatar\/67aa89e9aab2911bbd0c6fbf0a891ea8d80c207c9b6a6e2c96e13fc2f16e536d?s=96&d=mm&r=g\",\"caption\":\"jenca\"},\"url\":\"https:\/\/www.vkpbratislava.sk\/?author=3\"}]}<\/script>\n<!-- \/ Yoast SEO plugin. -->","yoast_head_json":{"title":"V derby s prehrou - VK SLOVAN Bratislava","description":"V bratislavskom derby pred kr\u00e1snou div\u00e1ckou n\u00e1v\u0161tevou prehrali \u017eeny VKP Bratislava so Sl\u00e1viou EU Bratislava 1:3.","robots":{"index":"index","follow":"follow","max-snippet":"max-snippet:-1","max-image-preview":"max-image-preview:large","max-video-preview":"max-video-preview:-1"},"canonical":"https:\/\/www.vkpbratislava.sk\/?p=18109","og_locale":"sk_SK","og_type":"article","og_title":"V derby s prehrou - VK SLOVAN Bratislava","og_description":"V bratislavskom derby pred kr\u00e1snou div\u00e1ckou n\u00e1v\u0161tevou prehrali \u017eeny VKP Bratislava so Sl\u00e1viou EU Bratislava 1:3.","og_url":"https:\/\/www.vkpbratislava.sk\/?p=18109","og_site_name":"VK SLOVAN Bratislava","article_published_time":"2022-12-22T10:37:20+00:00","og_image":[{"width":2048,"height":1366,"url":"https:\/\/www.vkpbratislava.sk\/wp-content\/uploads\/2022\/12\/WhatsApp-Image-2022-12-21-at-19.01.07-1.jpeg","type":"image\/jpeg"}],"author":"jenca","twitter_card":"summary_large_image","twitter_misc":{"Autor":"jenca","Predpokladan\u00fd \u010das \u010d\u00edtania":"2 min\u00faty"},"schema":{"@context":"https:\/\/schema.org","@graph":[{"@type":"Article","@id":"https:\/\/www.vkpbratislava.sk\/?p=18109#article","isPartOf":{"@id":"https:\/\/www.vkpbratislava.sk\/?p=18109"},"author":{"name":"jenca","@id":"https:\/\/www.vkpbratislava.sk\/#\/schema\/person\/7037e769f9515aa58493d1b5852c4c50"},"headline":"V derby s prehrou","datePublished":"2022-12-22T10:37:20+00:00","mainEntityOfPage":{"@id":"https:\/\/www.vkpbratislava.sk\/?p=18109"},"wordCount":331,"publisher":{"@id":"https:\/\/www.vkpbratislava.sk\/#organization"},"image":{"@id":"https:\/\/www.vkpbratislava.sk\/?p=18109#primaryimage"},"thumbnailUrl":"https:\/\/www.vkpbratislava.sk\/wp-content\/uploads\/2022\/12\/WhatsApp-Image-2022-12-21-at-19.01.07-1.jpeg","articleSection":["\u017deny"],"inLanguage":"sk-SK"},{"@type":"WebPage","@id":"https:\/\/www.vkpbratislava.sk\/?p=18109","url":"https:\/\/www.vkpbratislava.sk\/?p=18109","name":"V derby s prehrou - VK SLOVAN Bratislava","isPartOf":{"@id":"https:\/\/www.vkpbratislava.sk\/#website"},"primaryImageOfPage":{"@id":"https:\/\/www.vkpbratislava.sk\/?p=18109#primaryimage"},"image":{"@id":"https:\/\/www.vkpbratislava.sk\/?p=18109#primaryimage"},"thumbnailUrl":"https:\/\/www.vkpbratislava.sk\/wp-content\/uploads\/2022\/12\/WhatsApp-Image-2022-12-21-at-19.01.07-1.jpeg","datePublished":"2022-12-22T10:37:20+00:00","description":"V bratislavskom derby pred kr\u00e1snou div\u00e1ckou n\u00e1v\u0161tevou prehrali \u017eeny VKP Bratislava so Sl\u00e1viou EU Bratislava 1:3.","breadcrumb":{"@id":"https:\/\/www.vkpbratislava.sk\/?p=18109#breadcrumb"},"inLanguage":"sk-SK","potentialAction":[{"@type":"ReadAction","target":["https:\/\/www.vkpbratislava.sk\/?p=18109"]}]},{"@type":"ImageObject","inLanguage":"sk-SK","@id":"https:\/\/www.vkpbratislava.sk\/?p=18109#primaryimage","url":"https:\/\/www.vkpbratislava.sk\/wp-content\/uploads\/2022\/12\/WhatsApp-Image-2022-12-21-at-19.01.07-1.jpeg","contentUrl":"https:\/\/www.vkpbratislava.sk\/wp-content\/uploads\/2022\/12\/WhatsApp-Image-2022-12-21-at-19.01.07-1.jpeg","width":2048,"height":1366},{"@type":"BreadcrumbList","@id":"https:\/\/www.vkpbratislava.sk\/?p=18109#breadcrumb","itemListElement":[{"@type":"ListItem","position":1,"name":"Domov","item":"https:\/\/www.vkpbratislava.sk\/"},{"@type":"ListItem","position":2,"name":"V derby s prehrou"}]},{"@type":"WebSite","@id":"https:\/\/www.vkpbratislava.sk\/#website","url":"https:\/\/www.vkpbratislava.sk\/","name":"VK SLOVAN Bratislava","description":"Volejbalov\u00fd klub","publisher":{"@id":"https:\/\/www.vkpbratislava.sk\/#organization"},"potentialAction":[{"@type":"SearchAction","target":{"@type":"EntryPoint","urlTemplate":"https:\/\/www.vkpbratislava.sk\/?s={search_term_string}"},"query-input":{"@type":"PropertyValueSpecification","valueRequired":true,"valueName":"search_term_string"}}],"inLanguage":"sk-SK"},{"@type":"Organization","@id":"https:\/\/www.vkpbratislava.sk\/#organization","name":"VKP Bratislava","url":"https:\/\/www.vkpbratislava.sk\/","logo":{"@type":"ImageObject","inLanguage":"sk-SK","@id":"https:\/\/www.vkpbratislava.sk\/#\/schema\/logo\/image\/","url":"https:\/\/www.vkpbratislava.sk\/wp-content\/uploads\/2020\/10\/vkpBA.png","contentUrl":"https:\/\/www.vkpbratislava.sk\/wp-content\/uploads\/2020\/10\/vkpBA.png","width":600,"height":600,"caption":"VKP Bratislava"},"image":{"@id":"https:\/\/www.vkpbratislava.sk\/#\/schema\/logo\/image\/"}},{"@type":"Person","@id":"https:\/\/www.vkpbratislava.sk\/#\/schema\/person\/7037e769f9515aa58493d1b5852c4c50","name":"jenca","image":{"@type":"ImageObject","inLanguage":"sk-SK","@id":"https:\/\/www.vkpbratislava.sk\/#\/schema\/person\/image\/","url":"https:\/\/secure.gravatar.com\/avatar\/67aa89e9aab2911bbd0c6fbf0a891ea8d80c207c9b6a6e2c96e13fc2f16e536d?s=96&d=mm&r=g","contentUrl":"https:\/\/secure.gravatar.com\/avatar\/67aa89e9aab2911bbd0c6fbf0a891ea8d80c207c9b6a6e2c96e13fc2f16e536d?s=96&d=mm&r=g","caption":"jenca"},"url":"https:\/\/www.vkpbratislava.sk\/?author=3"}]}},"_links":{"self":[{"href":"https:\/\/www.vkpbratislava.sk\/index.php?rest_route=\/wp\/v2\/posts\/18109","targetHints":{"allow":["GET"]}}],"collection":[{"href":"https:\/\/www.vkpbratislava.sk\/index.php?rest_route=\/wp\/v2\/posts"}],"about":[{"href":"https:\/\/www.vkpbratislava.sk\/index.php?rest_route=\/wp\/v2\/types\/post"}],"author":[{"embeddable":true,"href":"https:\/\/www.vkpbratislava.sk\/index.php?rest_route=\/wp\/v2\/users\/3"}],"replies":[{"embeddable":true,"href":"https:\/\/www.vkpbratislava.sk\/index.php?rest_route=%2Fwp%2Fv2%2Fcomments&post=18109"}],"version-history":[{"count":1,"href":"https:\/\/www.vkpbratislava.sk\/index.php?rest_route=\/wp\/v2\/posts\/18109\/revisions"}],"predecessor-version":[{"id":18111,"href":"https:\/\/www.vkpbratislava.sk\/index.php?rest_route=\/wp\/v2\/posts\/18109\/revisions\/18111"}],"wp:featuredmedia":[{"embeddable":true,"href":"https:\/\/www.vkpbratislava.sk\/index.php?rest_route=\/wp\/v2\/media\/18110"}],"wp:attachment":[{"href":"https:\/\/www.vkpbratislava.sk\/index.php?rest_route=%2Fwp%2Fv2%2Fmedia&parent=18109"}],"wp:term":[{"taxonomy":"category","embeddable":true,"href":"https:\/\/www.vkpbratislava.sk\/index.php?rest_route=%2Fwp%2Fv2%2Fcategories&post=18109"},{"taxonomy":"post_tag","embeddable":true,"href":"https:\/\/www.vkpbratislava.sk\/index.php?rest_route=%2Fwp%2Fv2%2Ftags&post=18109"}],"curies":[{"name":"wp","href":"https:\/\/api.w.org\/{rel}","templated":true}]}}