{"id":18452,"date":"2023-01-08T09:08:08","date_gmt":"2023-01-08T08:08:08","guid":{"rendered":"https:\/\/www.vkpbratislava.sk\/?p=18452"},"modified":"2023-01-08T09:08:08","modified_gmt":"2023-01-08T08:08:08","slug":"v-novom-roku-povinny-skalp-ziliny","status":"publish","type":"post","link":"https:\/\/www.vkpbratislava.sk\/?p=18452","title":{"rendered":"V novom roku povinn\u00fd skalp \u017diliny"},"content":{"rendered":"<p><strong>Do roku 2023 vst\u00fapili v\u00ed\u0165azstvom aj \u017eeny VKP Bratislava, ke\u010f zvo\u00e1dli z\u00e1pasm v \u017diline a prip\u00edsali si tri body do tabu\u013eky, \u010d\u00edm si upevnili priebe\u017en\u00fa druh\u00fa poz\u00edciu.<\/strong><\/p>\n<p><b>VA UNIZA \u017dILINA \u2013 VKP BRATISLAVA 0:3 (-24, -17, -11)<\/b><\/p>\n<p><b>Rozhodovali: <\/b>Mal\u00edk a Yurlov.<\/p>\n<p><b>VA UNIZA: <\/b>Kandal\u00edkov\u00e1 3, Gl\u00f3rikov\u00e1 1, M. Kov\u00e1\u010dikov\u00e1 13, Kafkov\u00e1 7, Juri\u0161ov\u00e1 5, Kur\u0165\u00e1kov\u00e1 3, liberka Min\u00e1rikov\u00e1 (Vr\u00e1blov\u00e1 0, Angu\u0161ov\u00e1 2, Ryb\u00e1rikov\u00e1 0, M. Kubov\u00e1 1). Tr\u00e9ner: D. Andris\u00edk.<\/p>\n<p><b>VKP:<\/b> \u0160termensk\u00e1 3, Ta. Hru\u0161eck\u00e1 7, Smie\u0161kov\u00e1 8, N\u00e1vratov\u00e1 13, Murillo 13, Boledovi\u010dov\u00e1 7, liberka Pelozo (Fartelov\u00e1 7). Tr\u00e9ner: P. Bern\u00e1th.<\/p>\n<p><b>Hr\u00e1\u010dky z\u00e1pasu: <\/b>J\u00falia Kafkov\u00e1 (VA UNIZA \u017dilina) \u2013 Diana N\u00e1vratov\u00e1 (VKP Bratislava)<\/p>\n<p><b>Dalibor Andris\u00edk, tr\u00e9ner VA UNIZA: <\/b><i>\u201eOdohrali sme dobr\u00fd z\u00e1pas s adeptom na titul. V dvoch setoch sme dr\u017eali krok, v tre\u0165om n\u00e1m &#8222;do\u0161la para&#8220;. S v\u00fdkonom som spokojn\u00fd, mak\u00e1me \u010falej.\u201c<\/i><\/p>\n<p><b>Pavel Bern\u00e1th, tr\u00e9ner VKP: <\/b><i>\u201eNebol to zrovna ide\u00e1lny v\u00fdkon, hlavne nie v prvom sete. Bolo c\u00edti\u0165, \u017ee sme mali hern\u00fa prest\u00e1vku, \u0165a\u017ek\u00fd tr\u00e9ning a sme po chorob\u00e1ch. Postupne sme sa dostali do tempa a bolo to fajn. Na druhej strane, \u017dilina bojovala, bavila sa z\u00e1pasom a hrala nepr\u00edjemne. Tak\u017ee, som r\u00e1d, \u017ee sme to nakoniec zvl\u00e1dli 3:0.\u201c<\/i><\/p>\n","protected":false},"excerpt":{"rendered":"<p>Do roku 2023 vst\u00fapili v\u00ed\u0165azstvom aj \u017eeny VKP Bratislava, ke\u010f zvo\u00e1dli z\u00e1pasm v \u017diline a prip\u00edsali si tri body do tabu\u013eky, \u010d\u00edm si upevnili priebe\u017en\u00fa druh\u00fa poz\u00edciu.<\/p>\n","protected":false},"author":3,"featured_media":18330,"comment_status":"closed","ping_status":"closed","sticky":false,"template":"","format":"standard","meta":{"_monsterinsights_skip_tracking":false,"_monsterinsights_sitenote_active":false,"_monsterinsights_sitenote_note":"","_monsterinsights_sitenote_category":0,"footnotes":""},"categories":[48],"tags":[],"class_list":["post-18452","post","type-post","status-publish","format-standard","has-post-thumbnail","hentry","category-zeny"],"yoast_head":"<!-- This site is optimized with the Yoast SEO plugin v25.6 - https:\/\/yoast.com\/wordpress\/plugins\/seo\/ -->\n<title>V novom roku povinn\u00fd skalp \u017diliny - VK SLOVAN Bratislava<\/title>\n<meta name=\"description\" content=\"Do roku 2023 vst\u00fapili v\u00ed\u0165azstvom aj \u017eeny VKP Bratislava, ke\u010f zvo\u00e1dli z\u00e1pasm v \u017diline a prip\u00edsali si tri body do tabu\u013eky, \u010d\u00edm si upevnili priebe\u017en\u00fa druh\u00fa poz\u00edciu.\" \/>\n<meta name=\"robots\" content=\"index, follow, max-snippet:-1, max-image-preview:large, max-video-preview:-1\" \/>\n<link rel=\"canonical\" href=\"https:\/\/www.vkpbratislava.sk\/?p=18452\" \/>\n<meta property=\"og:locale\" content=\"sk_SK\" \/>\n<meta property=\"og:type\" content=\"article\" \/>\n<meta property=\"og:title\" content=\"V novom roku povinn\u00fd skalp \u017diliny - VK SLOVAN Bratislava\" \/>\n<meta property=\"og:description\" content=\"Do roku 2023 vst\u00fapili v\u00ed\u0165azstvom aj \u017eeny VKP Bratislava, ke\u010f zvo\u00e1dli z\u00e1pasm v \u017diline a prip\u00edsali si tri body do tabu\u013eky, \u010d\u00edm si upevnili priebe\u017en\u00fa druh\u00fa poz\u00edciu.\" \/>\n<meta property=\"og:url\" content=\"https:\/\/www.vkpbratislava.sk\/?p=18452\" \/>\n<meta property=\"og:site_name\" content=\"VK SLOVAN Bratislava\" \/>\n<meta property=\"article:published_time\" content=\"2023-01-08T08:08:08+00:00\" \/>\n<meta property=\"og:image\" content=\"https:\/\/www.vkpbratislava.sk\/wp-content\/uploads\/2022\/12\/20221221_iurban79_VKP-BA-Z-vs-Slavia-BA_DSC00667-1280x854.jpg\" \/>\n\t<meta property=\"og:image:width\" content=\"1280\" \/>\n\t<meta property=\"og:image:height\" content=\"854\" \/>\n\t<meta property=\"og:image:type\" content=\"image\/jpeg\" \/>\n<meta name=\"author\" content=\"jenca\" \/>\n<meta name=\"twitter:card\" content=\"summary_large_image\" \/>\n<meta name=\"twitter:label1\" content=\"Autor\" \/>\n\t<meta name=\"twitter:data1\" content=\"jenca\" \/>\n\t<meta name=\"twitter:label2\" content=\"Predpokladan\u00fd \u010das \u010d\u00edtania\" \/>\n\t<meta name=\"twitter:data2\" content=\"2 min\u00faty\" \/>\n<script type=\"application\/ld+json\" class=\"yoast-schema-graph\">{\"@context\":\"https:\/\/schema.org\",\"@graph\":[{\"@type\":\"Article\",\"@id\":\"https:\/\/www.vkpbratislava.sk\/?p=18452#article\",\"isPartOf\":{\"@id\":\"https:\/\/www.vkpbratislava.sk\/?p=18452\"},\"author\":{\"name\":\"jenca\",\"@id\":\"https:\/\/www.vkpbratislava.sk\/#\/schema\/person\/7037e769f9515aa58493d1b5852c4c50\"},\"headline\":\"V novom roku povinn\u00fd skalp \u017diliny\",\"datePublished\":\"2023-01-08T08:08:08+00:00\",\"mainEntityOfPage\":{\"@id\":\"https:\/\/www.vkpbratislava.sk\/?p=18452\"},\"wordCount\":227,\"publisher\":{\"@id\":\"https:\/\/www.vkpbratislava.sk\/#organization\"},\"image\":{\"@id\":\"https:\/\/www.vkpbratislava.sk\/?p=18452#primaryimage\"},\"thumbnailUrl\":\"https:\/\/www.vkpbratislava.sk\/wp-content\/uploads\/2022\/12\/20221221_iurban79_VKP-BA-Z-vs-Slavia-BA_DSC00667.jpg\",\"articleSection\":[\"\u017deny\"],\"inLanguage\":\"sk-SK\"},{\"@type\":\"WebPage\",\"@id\":\"https:\/\/www.vkpbratislava.sk\/?p=18452\",\"url\":\"https:\/\/www.vkpbratislava.sk\/?p=18452\",\"name\":\"V novom roku povinn\u00fd skalp \u017diliny - VK SLOVAN Bratislava\",\"isPartOf\":{\"@id\":\"https:\/\/www.vkpbratislava.sk\/#website\"},\"primaryImageOfPage\":{\"@id\":\"https:\/\/www.vkpbratislava.sk\/?p=18452#primaryimage\"},\"image\":{\"@id\":\"https:\/\/www.vkpbratislava.sk\/?p=18452#primaryimage\"},\"thumbnailUrl\":\"https:\/\/www.vkpbratislava.sk\/wp-content\/uploads\/2022\/12\/20221221_iurban79_VKP-BA-Z-vs-Slavia-BA_DSC00667.jpg\",\"datePublished\":\"2023-01-08T08:08:08+00:00\",\"description\":\"Do roku 2023 vst\u00fapili v\u00ed\u0165azstvom aj \u017eeny VKP Bratislava, ke\u010f zvo\u00e1dli z\u00e1pasm v \u017diline a prip\u00edsali si tri body do tabu\u013eky, \u010d\u00edm si upevnili priebe\u017en\u00fa druh\u00fa poz\u00edciu.\",\"breadcrumb\":{\"@id\":\"https:\/\/www.vkpbratislava.sk\/?p=18452#breadcrumb\"},\"inLanguage\":\"sk-SK\",\"potentialAction\":[{\"@type\":\"ReadAction\",\"target\":[\"https:\/\/www.vkpbratislava.sk\/?p=18452\"]}]},{\"@type\":\"ImageObject\",\"inLanguage\":\"sk-SK\",\"@id\":\"https:\/\/www.vkpbratislava.sk\/?p=18452#primaryimage\",\"url\":\"https:\/\/www.vkpbratislava.sk\/wp-content\/uploads\/2022\/12\/20221221_iurban79_VKP-BA-Z-vs-Slavia-BA_DSC00667.jpg\",\"contentUrl\":\"https:\/\/www.vkpbratislava.sk\/wp-content\/uploads\/2022\/12\/20221221_iurban79_VKP-BA-Z-vs-Slavia-BA_DSC00667.jpg\",\"width\":2500,\"height\":1667},{\"@type\":\"BreadcrumbList\",\"@id\":\"https:\/\/www.vkpbratislava.sk\/?p=18452#breadcrumb\",\"itemListElement\":[{\"@type\":\"ListItem\",\"position\":1,\"name\":\"Domov\",\"item\":\"https:\/\/www.vkpbratislava.sk\/\"},{\"@type\":\"ListItem\",\"position\":2,\"name\":\"V novom roku povinn\u00fd skalp \u017diliny\"}]},{\"@type\":\"WebSite\",\"@id\":\"https:\/\/www.vkpbratislava.sk\/#website\",\"url\":\"https:\/\/www.vkpbratislava.sk\/\",\"name\":\"VK SLOVAN Bratislava\",\"description\":\"Volejbalov\u00fd klub\",\"publisher\":{\"@id\":\"https:\/\/www.vkpbratislava.sk\/#organization\"},\"potentialAction\":[{\"@type\":\"SearchAction\",\"target\":{\"@type\":\"EntryPoint\",\"urlTemplate\":\"https:\/\/www.vkpbratislava.sk\/?s={search_term_string}\"},\"query-input\":{\"@type\":\"PropertyValueSpecification\",\"valueRequired\":true,\"valueName\":\"search_term_string\"}}],\"inLanguage\":\"sk-SK\"},{\"@type\":\"Organization\",\"@id\":\"https:\/\/www.vkpbratislava.sk\/#organization\",\"name\":\"VKP Bratislava\",\"url\":\"https:\/\/www.vkpbratislava.sk\/\",\"logo\":{\"@type\":\"ImageObject\",\"inLanguage\":\"sk-SK\",\"@id\":\"https:\/\/www.vkpbratislava.sk\/#\/schema\/logo\/image\/\",\"url\":\"https:\/\/www.vkpbratislava.sk\/wp-content\/uploads\/2020\/10\/vkpBA.png\",\"contentUrl\":\"https:\/\/www.vkpbratislava.sk\/wp-content\/uploads\/2020\/10\/vkpBA.png\",\"width\":600,\"height\":600,\"caption\":\"VKP Bratislava\"},\"image\":{\"@id\":\"https:\/\/www.vkpbratislava.sk\/#\/schema\/logo\/image\/\"}},{\"@type\":\"Person\",\"@id\":\"https:\/\/www.vkpbratislava.sk\/#\/schema\/person\/7037e769f9515aa58493d1b5852c4c50\",\"name\":\"jenca\",\"image\":{\"@type\":\"ImageObject\",\"inLanguage\":\"sk-SK\",\"@id\":\"https:\/\/www.vkpbratislava.sk\/#\/schema\/person\/image\/\",\"url\":\"https:\/\/secure.gravatar.com\/avatar\/67aa89e9aab2911bbd0c6fbf0a891ea8d80c207c9b6a6e2c96e13fc2f16e536d?s=96&d=mm&r=g\",\"contentUrl\":\"https:\/\/secure.gravatar.com\/avatar\/67aa89e9aab2911bbd0c6fbf0a891ea8d80c207c9b6a6e2c96e13fc2f16e536d?s=96&d=mm&r=g\",\"caption\":\"jenca\"},\"url\":\"https:\/\/www.vkpbratislava.sk\/?author=3\"}]}<\/script>\n<!-- \/ Yoast SEO plugin. -->","yoast_head_json":{"title":"V novom roku povinn\u00fd skalp \u017diliny - VK SLOVAN Bratislava","description":"Do roku 2023 vst\u00fapili v\u00ed\u0165azstvom aj \u017eeny VKP Bratislava, ke\u010f zvo\u00e1dli z\u00e1pasm v \u017diline a prip\u00edsali si tri body do tabu\u013eky, \u010d\u00edm si upevnili priebe\u017en\u00fa druh\u00fa poz\u00edciu.","robots":{"index":"index","follow":"follow","max-snippet":"max-snippet:-1","max-image-preview":"max-image-preview:large","max-video-preview":"max-video-preview:-1"},"canonical":"https:\/\/www.vkpbratislava.sk\/?p=18452","og_locale":"sk_SK","og_type":"article","og_title":"V novom roku povinn\u00fd skalp \u017diliny - VK SLOVAN Bratislava","og_description":"Do roku 2023 vst\u00fapili v\u00ed\u0165azstvom aj \u017eeny VKP Bratislava, ke\u010f zvo\u00e1dli z\u00e1pasm v \u017diline a prip\u00edsali si tri body do tabu\u013eky, \u010d\u00edm si upevnili priebe\u017en\u00fa druh\u00fa poz\u00edciu.","og_url":"https:\/\/www.vkpbratislava.sk\/?p=18452","og_site_name":"VK SLOVAN Bratislava","article_published_time":"2023-01-08T08:08:08+00:00","og_image":[{"width":1280,"height":854,"url":"https:\/\/www.vkpbratislava.sk\/wp-content\/uploads\/2022\/12\/20221221_iurban79_VKP-BA-Z-vs-Slavia-BA_DSC00667-1280x854.jpg","type":"image\/jpeg"}],"author":"jenca","twitter_card":"summary_large_image","twitter_misc":{"Autor":"jenca","Predpokladan\u00fd \u010das \u010d\u00edtania":"2 min\u00faty"},"schema":{"@context":"https:\/\/schema.org","@graph":[{"@type":"Article","@id":"https:\/\/www.vkpbratislava.sk\/?p=18452#article","isPartOf":{"@id":"https:\/\/www.vkpbratislava.sk\/?p=18452"},"author":{"name":"jenca","@id":"https:\/\/www.vkpbratislava.sk\/#\/schema\/person\/7037e769f9515aa58493d1b5852c4c50"},"headline":"V novom roku povinn\u00fd skalp \u017diliny","datePublished":"2023-01-08T08:08:08+00:00","mainEntityOfPage":{"@id":"https:\/\/www.vkpbratislava.sk\/?p=18452"},"wordCount":227,"publisher":{"@id":"https:\/\/www.vkpbratislava.sk\/#organization"},"image":{"@id":"https:\/\/www.vkpbratislava.sk\/?p=18452#primaryimage"},"thumbnailUrl":"https:\/\/www.vkpbratislava.sk\/wp-content\/uploads\/2022\/12\/20221221_iurban79_VKP-BA-Z-vs-Slavia-BA_DSC00667.jpg","articleSection":["\u017deny"],"inLanguage":"sk-SK"},{"@type":"WebPage","@id":"https:\/\/www.vkpbratislava.sk\/?p=18452","url":"https:\/\/www.vkpbratislava.sk\/?p=18452","name":"V novom roku povinn\u00fd skalp \u017diliny - VK SLOVAN Bratislava","isPartOf":{"@id":"https:\/\/www.vkpbratislava.sk\/#website"},"primaryImageOfPage":{"@id":"https:\/\/www.vkpbratislava.sk\/?p=18452#primaryimage"},"image":{"@id":"https:\/\/www.vkpbratislava.sk\/?p=18452#primaryimage"},"thumbnailUrl":"https:\/\/www.vkpbratislava.sk\/wp-content\/uploads\/2022\/12\/20221221_iurban79_VKP-BA-Z-vs-Slavia-BA_DSC00667.jpg","datePublished":"2023-01-08T08:08:08+00:00","description":"Do roku 2023 vst\u00fapili v\u00ed\u0165azstvom aj \u017eeny VKP Bratislava, ke\u010f zvo\u00e1dli z\u00e1pasm v \u017diline a prip\u00edsali si tri body do tabu\u013eky, \u010d\u00edm si upevnili priebe\u017en\u00fa druh\u00fa poz\u00edciu.","breadcrumb":{"@id":"https:\/\/www.vkpbratislava.sk\/?p=18452#breadcrumb"},"inLanguage":"sk-SK","potentialAction":[{"@type":"ReadAction","target":["https:\/\/www.vkpbratislava.sk\/?p=18452"]}]},{"@type":"ImageObject","inLanguage":"sk-SK","@id":"https:\/\/www.vkpbratislava.sk\/?p=18452#primaryimage","url":"https:\/\/www.vkpbratislava.sk\/wp-content\/uploads\/2022\/12\/20221221_iurban79_VKP-BA-Z-vs-Slavia-BA_DSC00667.jpg","contentUrl":"https:\/\/www.vkpbratislava.sk\/wp-content\/uploads\/2022\/12\/20221221_iurban79_VKP-BA-Z-vs-Slavia-BA_DSC00667.jpg","width":2500,"height":1667},{"@type":"BreadcrumbList","@id":"https:\/\/www.vkpbratislava.sk\/?p=18452#breadcrumb","itemListElement":[{"@type":"ListItem","position":1,"name":"Domov","item":"https:\/\/www.vkpbratislava.sk\/"},{"@type":"ListItem","position":2,"name":"V novom roku povinn\u00fd skalp \u017diliny"}]},{"@type":"WebSite","@id":"https:\/\/www.vkpbratislava.sk\/#website","url":"https:\/\/www.vkpbratislava.sk\/","name":"VK SLOVAN Bratislava","description":"Volejbalov\u00fd klub","publisher":{"@id":"https:\/\/www.vkpbratislava.sk\/#organization"},"potentialAction":[{"@type":"SearchAction","target":{"@type":"EntryPoint","urlTemplate":"https:\/\/www.vkpbratislava.sk\/?s={search_term_string}"},"query-input":{"@type":"PropertyValueSpecification","valueRequired":true,"valueName":"search_term_string"}}],"inLanguage":"sk-SK"},{"@type":"Organization","@id":"https:\/\/www.vkpbratislava.sk\/#organization","name":"VKP Bratislava","url":"https:\/\/www.vkpbratislava.sk\/","logo":{"@type":"ImageObject","inLanguage":"sk-SK","@id":"https:\/\/www.vkpbratislava.sk\/#\/schema\/logo\/image\/","url":"https:\/\/www.vkpbratislava.sk\/wp-content\/uploads\/2020\/10\/vkpBA.png","contentUrl":"https:\/\/www.vkpbratislava.sk\/wp-content\/uploads\/2020\/10\/vkpBA.png","width":600,"height":600,"caption":"VKP Bratislava"},"image":{"@id":"https:\/\/www.vkpbratislava.sk\/#\/schema\/logo\/image\/"}},{"@type":"Person","@id":"https:\/\/www.vkpbratislava.sk\/#\/schema\/person\/7037e769f9515aa58493d1b5852c4c50","name":"jenca","image":{"@type":"ImageObject","inLanguage":"sk-SK","@id":"https:\/\/www.vkpbratislava.sk\/#\/schema\/person\/image\/","url":"https:\/\/secure.gravatar.com\/avatar\/67aa89e9aab2911bbd0c6fbf0a891ea8d80c207c9b6a6e2c96e13fc2f16e536d?s=96&d=mm&r=g","contentUrl":"https:\/\/secure.gravatar.com\/avatar\/67aa89e9aab2911bbd0c6fbf0a891ea8d80c207c9b6a6e2c96e13fc2f16e536d?s=96&d=mm&r=g","caption":"jenca"},"url":"https:\/\/www.vkpbratislava.sk\/?author=3"}]}},"_links":{"self":[{"href":"https:\/\/www.vkpbratislava.sk\/index.php?rest_route=\/wp\/v2\/posts\/18452","targetHints":{"allow":["GET"]}}],"collection":[{"href":"https:\/\/www.vkpbratislava.sk\/index.php?rest_route=\/wp\/v2\/posts"}],"about":[{"href":"https:\/\/www.vkpbratislava.sk\/index.php?rest_route=\/wp\/v2\/types\/post"}],"author":[{"embeddable":true,"href":"https:\/\/www.vkpbratislava.sk\/index.php?rest_route=\/wp\/v2\/users\/3"}],"replies":[{"embeddable":true,"href":"https:\/\/www.vkpbratislava.sk\/index.php?rest_route=%2Fwp%2Fv2%2Fcomments&post=18452"}],"version-history":[{"count":1,"href":"https:\/\/www.vkpbratislava.sk\/index.php?rest_route=\/wp\/v2\/posts\/18452\/revisions"}],"predecessor-version":[{"id":18453,"href":"https:\/\/www.vkpbratislava.sk\/index.php?rest_route=\/wp\/v2\/posts\/18452\/revisions\/18453"}],"wp:featuredmedia":[{"embeddable":true,"href":"https:\/\/www.vkpbratislava.sk\/index.php?rest_route=\/wp\/v2\/media\/18330"}],"wp:attachment":[{"href":"https:\/\/www.vkpbratislava.sk\/index.php?rest_route=%2Fwp%2Fv2%2Fmedia&parent=18452"}],"wp:term":[{"taxonomy":"category","embeddable":true,"href":"https:\/\/www.vkpbratislava.sk\/index.php?rest_route=%2Fwp%2Fv2%2Fcategories&post=18452"},{"taxonomy":"post_tag","embeddable":true,"href":"https:\/\/www.vkpbratislava.sk\/index.php?rest_route=%2Fwp%2Fv2%2Ftags&post=18452"}],"curies":[{"name":"wp","href":"https:\/\/api.w.org\/{rel}","templated":true}]}}